{"id":12019,"date":"2018-08-21T20:59:40","date_gmt":"2018-08-21T18:59:40","guid":{"rendered":"http:\/\/www.altercampagne.net\/?p=12019"},"modified":"2018-09-05T15:57:38","modified_gmt":"2018-09-05T13:57:38","slug":"contre-le-gco-mais-plus-seulement-le-troisieme-festival-du-bishnoi-espere-ne-pas-etre-le-dernier","status":"publish","type":"post","link":"https:\/\/www.altercampagne.net\/?p=12019","title":{"rendered":"Contre le GCO mais plus seulement, le troisi\u00e8me festival du Bishno\u00ef esp\u00e8re ne pas \u00eatre le dernier"},"content":{"rendered":"<p><strong>La troisi\u00e8me \u00e9dition du festival politique et festif des Bishno\u00ef, vendredi 24 et samedi 25 ao\u00fbt, s\u2019inscrit dans le contexte de l\u2019AlterTour et des journ\u00e9es d\u2019\u00e9t\u00e9 des \u00e9cologistes. Mais surtout, l\u2019association oppos\u00e9e au Grand contournement ouest (GCO) de Strasbourg, saisit l\u2019occasion pour proposer des alternatives \u00e0 ancrer dans les villages du Kochersberg, au-del\u00e0 du projet d\u2019autoroute, alors que la pression sur la Zone \u00e0 d\u00e9fendre du Moulin entre Kolbsheim et Ernolsheim-Bruche s\u2019accro\u00eet.<\/strong><\/p>\n<p>Apr\u00e8s deux <a href=\"https:\/\/www.rue89strasbourg.com\/festival-bishnoi-trace-gco-week-end-2-3-avril-103761\" target=\"_blank\" rel=\"noopener\">\u00e9ditions printani\u00e8res<\/a>\u00a0en 2016 et 2017, le troisi\u00e8me festival du Bishno\u00ef revient cette fois-ci \u00e0 la fin de l\u2019\u00e9t\u00e9. Cet \u00e9v\u00e9nement politique et festif d\u2019opposition au Grand contournement ouest (<a href=\"https:\/\/www.rue89strasbourg.com\/tag\/gco\" target=\"_blank\" rel=\"noopener\">GCO \u2013 voir tous nos articles<\/a>) arrive dans un contexte particulier vendredi 24 et samedi 25 ao\u00fbt.<\/p>\n<p>La <a href=\"https:\/\/reporterre.net\/Le-tour-de-France-des-Zad-A-Kolbsheim-villageois-et-zadistes-sont-solidaires\" target=\"_blank\" rel=\"noopener\">Zone \u00e0 d\u00e9fendre (Zad) du Moulin<\/a>, o\u00f9 se tenaient les deux premiers rendez-vous, <a href=\"https:\/\/www.rue89strasbourg.com\/decision-tribunal-administratif-gco-zad-138495\" target=\"_blank\" rel=\"noopener\">est d\u00e9sormais expulsable<\/a>\u00a0par le constructeur Arcos (groupe Vinci) et les travaux pr\u00e9paratoires de d\u00e9boisement sont \u00e0 nouveau autoris\u00e9s du 1er septembre au 15 octobre.<\/p>\n<h4>Une r\u00e9union cl\u00e9 pr\u00e9vue fin ao\u00fbt<\/h4>\n<p>Depuis le printemps, le projet d\u2019autoroute payante de 24 kilom\u00e8tres a encha\u00een\u00e9 plusieurs avis n\u00e9gatifs, notamment de\u00a0<a href=\"https:\/\/www.rue89strasbourg.com\/avis-negatif-ultime-enquete-publique-gco-138916\" target=\"_blank\" rel=\"noopener\">l\u2019enqu\u00eate publique sur les compensations<\/a> environnementales. Mais pour le moment, des discussions discr\u00e8tes se poursuivent pour \u00ab\u00a0exploiter de fa\u00e7on compl\u00e8te\u00a0\u00bb ces avis, sans pour autant qu\u2019une suspension, voire une annulation ne soient \u00e0 l\u2019ordre du jour. Au contraire, une r\u00e9union comit\u00e9 d\u00e9partemental d\u2019\u00e9valuation des risques sanitaires et technologiques (Coderst) pr\u00e9alable \u00e0 l\u2019autorisation des travaux d\u00e9finitifs est pr\u00e9vue le 28 ao\u00fbt.<\/p>\n<p>Ces r\u00e9flexions ont du moins <a href=\"https:\/\/www.rue89strasbourg.com\/report-coderst-gco-139885\" target=\"_blank\" rel=\"noopener\">d\u00e9cal\u00e9 l\u2019autorisation pour les premiers coups de pelleteuse<\/a>, pr\u00e9vus initialement en ao\u00fbt. Elles pourraient entra\u00eener un retard de presqu\u2019un an, soit une mise en service mi-2021.<\/p>\n<p><img loading=\"lazy\" decoding=\"async\" class=\"aligncenter size-full wp-image-12023\" src=\"http:\/\/www.altercampagne.net\/wp-content\/uploads\/2018\/09\/bishnoi-2016.jpg\" alt=\"\" width=\"1000\" height=\"561\" srcset=\"https:\/\/www.altercampagne.net\/wp-content\/uploads\/2018\/09\/bishnoi-2016.jpg 1000w, https:\/\/www.altercampagne.net\/wp-content\/uploads\/2018\/09\/bishnoi-2016-300x168.jpg 300w, https:\/\/www.altercampagne.net\/wp-content\/uploads\/2018\/09\/bishnoi-2016-768x431.jpg 768w, https:\/\/www.altercampagne.net\/wp-content\/uploads\/2018\/09\/bishnoi-2016-610x342.jpg 610w, https:\/\/www.altercampagne.net\/wp-content\/uploads\/2018\/09\/bishnoi-2016-100x56.jpg 100w, https:\/\/www.altercampagne.net\/wp-content\/uploads\/2018\/09\/bishnoi-2016-862x484.jpg 862w\" sizes=\"auto, (max-width: 1000px) 100vw, 1000px\" \/><\/p>\n<h4>\u00ab\u00a0Ne pas \u00eatre dans la posture de l\u2019\u00e9ternel opposant\u00a0\u00bb<\/h4>\n<p>Conscient de cette \u00e9p\u00e9e de Damocl\u00e8s, les organisateurs n\u2019ont \u00ab\u00a0m\u00eame pas essay\u00e9\u00a0\u00bb de refaire une \u00e9dition du festival dans l\u2019enceinte de la Zad, ils\u00a0l\u2019ont d\u00e9plac\u00e9 en lisi\u00e8re d\u2019Ernolsheim-Bruche, \u00e0 quelques centaines de m\u00e8tres. Le rendez-vous est fix\u00e9 <a href=\"https:\/\/goo.gl\/maps\/xg3pDac1rGn\" target=\"_blank\" rel=\"noopener\">derri\u00e8re le stade, rue du Moulin<\/a>.<\/p>\n<p>Le pr\u00e9sident de l\u2019association fond\u00e9e en 2016, Guillaume Bourlier, explique les changements pratiques, mais aussi politiques\u00a0:<\/p>\n<p>\u00ab\u00a0Le combat contre le GCO a mis le pied \u00e0 l\u2019\u00e9trier \u00e0 beaucoup de personnes qui n\u2019\u00e9taient pas militants dans l\u2019\u00e2me. En discutant, on se rend compte qu\u2019il ne faut pas seulement s\u2019opposer, mais aussi pouvoir proposer. Comme l\u2019association existait, le plus simple a \u00e9t\u00e9 de changer les statuts pour \u00e9largir ses objectifs, afin de proposer des alternatives au niveau local. Notre exemple, c\u2019est la <a href=\"https:\/\/reporterre.net\/Ungersheim-le-village-alsacien-qui-prepare-l-apres-petrole\" target=\"_blank\" rel=\"noopener\">transition \u00e9nerg\u00e9tique \u00e0 Ungersheim<\/a>, m\u00eame si tout n\u2019est pas parfait et qu\u2019il ne faut pas id\u00e9aliser. C\u2019est \u00e0 la soci\u00e9t\u00e9 civile d\u2019initier des choses, car on a vu avec avec le dossier du GCO qu\u2019on ne pouvait pas compter sur le sens des responsabilit\u00e9s de nos dirigeants.\u00a0\u00bb<\/p>\n<p>L\u2019association se d\u00e9clare d\u00e9sormais aussi \u00ab\u00a0Pour le changement de nos modes de vie\u00a0\u00bb. Le nouveau lieu fait partie de ce changement de position :<\/p>\n<p>\u00ab\u00a0En \u00e9tant sur le terrain derri\u00e8re le stade, on sera plus visible et ce sera plus simple d\u2019acc\u00e9der au festival. Le village ne pourra pas ignorer qu\u2019il se passe quelque chose\u2026 Et puis je ne voulais pas \u00eatre dans le r\u00f4le de l\u2019\u00e9ternel opposant, au GCO ou au maire du village (qui d\u00e8s le d\u00e9but a toujours n\u00e9goci\u00e9 des compensations avec Vinci, plut\u00f4t que de s\u2019opposer comme \u00e0 Kolbsheim ndlr). Nous allons par exemple proposer le <a href=\"https:\/\/www.rue89strasbourg.com\/un-an-sans-achat-ni-dechet-cest-parti-124771\" target=\"_blank\" rel=\"noopener\">d\u00e9fi Famille Z\u00e9ro D\u00e9chet<\/a>, soutenu\u00a0par les municipalit\u00e9s d\u2019Ernolsheim-Bruche et de Kolbsheim qui nous aident pour la communication ou pour avoir des locaux.\u00a0\u00bb<\/p>\n<p><strong>L\u2019\u00e9tape finale de l\u2019AlterTour et les journ\u00e9es d\u2019\u00e9t\u00e9 des \u00e9colos<\/strong><\/p>\n<p>Le festival d\u00e9butera vendredi en fin d\u2019apr\u00e8s-midi avec l\u2019arriv\u00e9e finale du 11\u00e8me AlterTour, <a href=\"http:\/\/www.altercampagne.net\/\" target=\"_blank\" rel=\"noopener\">un circuit \u00e0 v\u00e9lo parti d\u2019Amiens<\/a> le 14 juillet pour aller \u00e0 la rencontre et promouvoir les alternatives (\u00e0 ne pas confondre avec Alternatiba, <a href=\"https:\/\/www.rue89strasbourg.com\/tour-alternatiba-etape-strasbourg-140443\">qui a d\u00e9j\u00e0 fait \u00e9tape \u00e0 la Zad mi-ao\u00fbt<\/a>). La soixantaine de cyclistes arriv\u00e9s la veille \u00e0 la Maison Mimir \u00e0 Strasbourg sont attendus vers 17h, apr\u00e8s \u00eatre partis \u00e0 14h30 du mus\u00e9e d\u2019art moderne de Strasbourg. \u00catre certain de recevoir ces participants dans de bonnes conditions a aussi pes\u00e9 dans le choix du lieu.<\/p>\n<p>Sur place, des concerts sur deux sc\u00e8nes assurent l\u2019aspect festif, autour d\u2019une petite restauration. Trois visites \u00ab\u00a0naturalistes\u00a0\u00bb et une visite \u00ab\u00a0gourmande\u00a0\u00bb jusqu\u2019au samedi soir visent \u00e0 mieux connaitre ce site naturel. Enfin, un cin\u00e9ma en plein air proposera des contes, des projections de documentaires et m\u00eame une <a href=\"https:\/\/www.rue89strasbourg.com\/caroline-la-pasteure-anti-gco-133823\" target=\"_blank\" rel=\"noopener\">c\u00e9r\u00e9monie religieuse<\/a>. Comme lors des \u00e9ditions pr\u00e9c\u00e9dentes, il est possible de camper sur place.<\/p>\n<p>Le festival se d\u00e9roule en m\u00eame temps que les<a href=\"https:\/\/wp.me\/p3iUFT-AGl\" target=\"_blank\" rel=\"noopener\"> journ\u00e9es d\u2019\u00e9t\u00e9 du Parti \u00e9cologiste europ\u00e9en<\/a> et d\u2019Europe \u00c9cologie \u2013 Les Verts (EELV) \u00e0 Strasbourg. Cette concordance permettra d\u2019assurer le volet le plus politique du festival.<\/p>\n<p>Le samedi 25 \u00e0 11h30, les eurod\u00e9put\u00e9s \u00e9cologistes sont attendus pour des prises de parole de soutien. Dans la foul\u00e9e, vers 13h, d\u2019autres orateurs sont attendus, notamment par le vice-pr\u00e9sident de l\u2019Eurom\u00e9tropole et adjoint au maire de Strasbourg, Alain Jund (EELV) et peut-\u00eatre la d\u00e9put\u00e9e de la circonscription Martine Wonner (LREM) qui a <a href=\"https:\/\/www.rue89strasbourg.com\/alternatives-gco-grenelle-mobilites-139206\">r\u00e9cemment rendu publique son opposition<\/a> au projet.<\/p>\n<p style=\"text-align: right;\"><strong style=\"text-align: right;\"><span class=\"article-meta__authors\">Jean-Fran\u00e7ois G\u00e9rard, <a href=\"https:\/\/www.rue89strasbourg.com\/festival-bishnoi-gco-ernolsheim-2018-141001\" target=\"_blank\" rel=\"noopener\">Rue 89<\/a>, le 21\/08\/2018<\/span><\/strong><\/p>\n","protected":false},"excerpt":{"rendered":"<p>La troisi\u00e8me \u00e9dition du festival politique et festif des Bishno\u00ef, vendredi 24 et samedi 25 ao\u00fbt, s\u2019inscrit dans le contexte de l\u2019AlterTour et des journ\u00e9es d\u2019\u00e9t\u00e9 des \u00e9cologistes. Mais surtout, l\u2019association oppos\u00e9e au Grand contournement ouest (GCO) de Strasbourg, saisit l\u2019occasion pour proposer des alternatives \u00e0 ancrer dans les villages &#8230; <\/p>\n<div><a href=\"https:\/\/www.altercampagne.net\/?p=12019\" class=\"more-link\">Read More<\/a><\/div>\n","protected":false},"author":214,"featured_media":12024,"comment_status":"closed","ping_status":"closed","sticky":false,"template":"","format":"standard","meta":{"footnotes":""},"categories":[3475,239,3470,3542],"tags":[3233,3352,3379,3380,3592,3629,3717,3719,3722,3733,3734,3735],"class_list":["post-12019","post","type-post","status-publish","format-standard","has-post-thumbnail","hentry","category-grand-est","category-revue-de-presse","category-edition-2018","category-lutte","tag-bas-rhin","tag-zad-du-moulin","tag-strasbourg","tag-kolbsheim","tag-alsace","tag-bishnoi","tag-festival-du-bishnoi","tag-ernolsheim-bruche","tag-gco","tag-rue-89","tag-rue-89-strabourg","tag-jean-francois-gerard"],"yoast_head":"<!-- This site is optimized with the Yoast SEO plugin v27.3 - https:\/\/yoast.com\/product\/yoast-seo-wordpress\/ -->\n<title>Contre le GCO mais plus seulement, le troisi\u00e8me festival du Bishno\u00ef esp\u00e8re ne pas \u00eatre le dernier - AlterTour<\/title>\n<meta name=\"robots\" content=\"index, follow, max-snippet:-1, max-image-preview:large, max-video-preview:-1\" \/>\n<link rel=\"canonical\" href=\"https:\/\/www.altercampagne.net\/?p=12019\" \/>\n<meta property=\"og:locale\" content=\"fr_FR\" \/>\n<meta property=\"og:type\" content=\"article\" \/>\n<meta property=\"og:title\" content=\"Contre le GCO mais plus seulement, le troisi\u00e8me festival du Bishno\u00ef esp\u00e8re ne pas \u00eatre le dernier - AlterTour\" \/>\n<meta property=\"og:description\" content=\"La troisi\u00e8me \u00e9dition du festival politique et festif des Bishno\u00ef, vendredi 24 et samedi 25 ao\u00fbt, s\u2019inscrit dans le contexte de l\u2019AlterTour et des journ\u00e9es d\u2019\u00e9t\u00e9 des \u00e9cologistes. Mais surtout, l\u2019association oppos\u00e9e au Grand contournement ouest (GCO) de Strasbourg, saisit l\u2019occasion pour proposer des alternatives \u00e0 ancrer dans les villages ... Read More\" \/>\n<meta property=\"og:url\" content=\"https:\/\/www.altercampagne.net\/?p=12019\" \/>\n<meta property=\"og:site_name\" content=\"AlterTour\" \/>\n<meta property=\"article:published_time\" content=\"2018-08-21T18:59:40+00:00\" \/>\n<meta property=\"article:modified_time\" content=\"2018-09-05T13:57:38+00:00\" \/>\n<meta property=\"og:image\" content=\"https:\/\/www.altercampagne.net\/wp-content\/uploads\/2018\/09\/Bishnoi-P1090728.jpg\" \/>\n\t<meta property=\"og:image:width\" content=\"1000\" \/>\n\t<meta property=\"og:image:height\" content=\"522\" \/>\n\t<meta property=\"og:image:type\" content=\"image\/jpeg\" \/>\n<meta name=\"author\" content=\"Mathieu\" \/>\n<meta name=\"twitter:card\" content=\"summary_large_image\" \/>\n<meta name=\"twitter:label1\" content=\"\u00c9crit par\" \/>\n\t<meta name=\"twitter:data1\" content=\"Mathieu\" \/>\n\t<meta name=\"twitter:label2\" content=\"Dur\u00e9e de lecture estim\u00e9e\" \/>\n\t<meta name=\"twitter:data2\" content=\"5 minutes\" \/>\n<script type=\"application\/ld+json\" class=\"yoast-schema-graph\">{\"@context\":\"https:\\\/\\\/schema.org\",\"@graph\":[{\"@type\":\"Article\",\"@id\":\"https:\\\/\\\/www.altercampagne.net\\\/?p=12019#article\",\"isPartOf\":{\"@id\":\"https:\\\/\\\/www.altercampagne.net\\\/?p=12019\"},\"author\":{\"name\":\"Mathieu\",\"@id\":\"https:\\\/\\\/www.altercampagne.net\\\/#\\\/schema\\\/person\\\/0f261460c09e430caa0f9bcffa319109\"},\"headline\":\"Contre le GCO mais plus seulement, le troisi\u00e8me festival du Bishno\u00ef esp\u00e8re ne pas \u00eatre le dernier\",\"datePublished\":\"2018-08-21T18:59:40+00:00\",\"dateModified\":\"2018-09-05T13:57:38+00:00\",\"mainEntityOfPage\":{\"@id\":\"https:\\\/\\\/www.altercampagne.net\\\/?p=12019\"},\"wordCount\":972,\"image\":{\"@id\":\"https:\\\/\\\/www.altercampagne.net\\\/?p=12019#primaryimage\"},\"thumbnailUrl\":\"https:\\\/\\\/www.altercampagne.net\\\/wp-content\\\/uploads\\\/2018\\\/09\\\/Bishnoi-P1090728.jpg\",\"keywords\":[\"Bas-Rhin\",\"ZAD du Moulin\",\"Strasbourg\",\"Kolbsheim\",\"Alsace\",\"Bishnoi\",\"Festival du Bishno\u00ef\",\"Ernolsheim-Bruche\",\"GCO\",\"Rue 89\",\"Rue 89 Strabourg\",\"Jean-Fran\u00e7ois G\u00e9rard\"],\"articleSection\":[\"Grand Est\",\"Revue de presse\",\"\u00c9dition 2018\",\"Lutte\"],\"inLanguage\":\"fr-FR\"},{\"@type\":\"WebPage\",\"@id\":\"https:\\\/\\\/www.altercampagne.net\\\/?p=12019\",\"url\":\"https:\\\/\\\/www.altercampagne.net\\\/?p=12019\",\"name\":\"Contre le GCO mais plus seulement, le troisi\u00e8me festival du Bishno\u00ef esp\u00e8re ne pas \u00eatre le dernier - AlterTour\",\"isPartOf\":{\"@id\":\"https:\\\/\\\/www.altercampagne.net\\\/#website\"},\"primaryImageOfPage\":{\"@id\":\"https:\\\/\\\/www.altercampagne.net\\\/?p=12019#primaryimage\"},\"image\":{\"@id\":\"https:\\\/\\\/www.altercampagne.net\\\/?p=12019#primaryimage\"},\"thumbnailUrl\":\"https:\\\/\\\/www.altercampagne.net\\\/wp-content\\\/uploads\\\/2018\\\/09\\\/Bishnoi-P1090728.jpg\",\"datePublished\":\"2018-08-21T18:59:40+00:00\",\"dateModified\":\"2018-09-05T13:57:38+00:00\",\"author\":{\"@id\":\"https:\\\/\\\/www.altercampagne.net\\\/#\\\/schema\\\/person\\\/0f261460c09e430caa0f9bcffa319109\"},\"breadcrumb\":{\"@id\":\"https:\\\/\\\/www.altercampagne.net\\\/?p=12019#breadcrumb\"},\"inLanguage\":\"fr-FR\",\"potentialAction\":[{\"@type\":\"ReadAction\",\"target\":[\"https:\\\/\\\/www.altercampagne.net\\\/?p=12019\"]}]},{\"@type\":\"ImageObject\",\"inLanguage\":\"fr-FR\",\"@id\":\"https:\\\/\\\/www.altercampagne.net\\\/?p=12019#primaryimage\",\"url\":\"https:\\\/\\\/www.altercampagne.net\\\/wp-content\\\/uploads\\\/2018\\\/09\\\/Bishnoi-P1090728.jpg\",\"contentUrl\":\"https:\\\/\\\/www.altercampagne.net\\\/wp-content\\\/uploads\\\/2018\\\/09\\\/Bishnoi-P1090728.jpg\",\"width\":1000,\"height\":522},{\"@type\":\"BreadcrumbList\",\"@id\":\"https:\\\/\\\/www.altercampagne.net\\\/?p=12019#breadcrumb\",\"itemListElement\":[{\"@type\":\"ListItem\",\"position\":1,\"name\":\"Accueil\",\"item\":\"https:\\\/\\\/www.altercampagne.net\\\/\"},{\"@type\":\"ListItem\",\"position\":2,\"name\":\"Contre le GCO mais plus seulement, le troisi\u00e8me festival du Bishno\u00ef esp\u00e8re ne pas \u00eatre le dernier\"}]},{\"@type\":\"WebSite\",\"@id\":\"https:\\\/\\\/www.altercampagne.net\\\/#website\",\"url\":\"https:\\\/\\\/www.altercampagne.net\\\/\",\"name\":\"AlterTour\",\"description\":\"Reliez les Alternatives \u00e0 v\u00e9lo\",\"potentialAction\":[{\"@type\":\"SearchAction\",\"target\":{\"@type\":\"EntryPoint\",\"urlTemplate\":\"https:\\\/\\\/www.altercampagne.net\\\/?s={search_term_string}\"},\"query-input\":{\"@type\":\"PropertyValueSpecification\",\"valueRequired\":true,\"valueName\":\"search_term_string\"}}],\"inLanguage\":\"fr-FR\"},{\"@type\":\"Person\",\"@id\":\"https:\\\/\\\/www.altercampagne.net\\\/#\\\/schema\\\/person\\\/0f261460c09e430caa0f9bcffa319109\",\"name\":\"Mathieu\",\"image\":{\"@type\":\"ImageObject\",\"inLanguage\":\"fr-FR\",\"@id\":\"https:\\\/\\\/secure.gravatar.com\\\/avatar\\\/aa9d3d24c83f2141e5e2709d0f63d09a99f6be6bb7a50abc4915838d9f54501a?s=96&d=mm&r=g\",\"url\":\"https:\\\/\\\/secure.gravatar.com\\\/avatar\\\/aa9d3d24c83f2141e5e2709d0f63d09a99f6be6bb7a50abc4915838d9f54501a?s=96&d=mm&r=g\",\"contentUrl\":\"https:\\\/\\\/secure.gravatar.com\\\/avatar\\\/aa9d3d24c83f2141e5e2709d0f63d09a99f6be6bb7a50abc4915838d9f54501a?s=96&d=mm&r=g\",\"caption\":\"Mathieu\"},\"url\":\"https:\\\/\\\/www.altercampagne.net\\\/?author=214\"}]}<\/script>\n<!-- \/ Yoast SEO plugin. -->","yoast_head_json":{"title":"Contre le GCO mais plus seulement, le troisi\u00e8me festival du Bishno\u00ef esp\u00e8re ne pas \u00eatre le dernier - AlterTour","robots":{"index":"index","follow":"follow","max-snippet":"max-snippet:-1","max-image-preview":"max-image-preview:large","max-video-preview":"max-video-preview:-1"},"canonical":"https:\/\/www.altercampagne.net\/?p=12019","og_locale":"fr_FR","og_type":"article","og_title":"Contre le GCO mais plus seulement, le troisi\u00e8me festival du Bishno\u00ef esp\u00e8re ne pas \u00eatre le dernier - AlterTour","og_description":"La troisi\u00e8me \u00e9dition du festival politique et festif des Bishno\u00ef, vendredi 24 et samedi 25 ao\u00fbt, s\u2019inscrit dans le contexte de l\u2019AlterTour et des journ\u00e9es d\u2019\u00e9t\u00e9 des \u00e9cologistes. Mais surtout, l\u2019association oppos\u00e9e au Grand contournement ouest (GCO) de Strasbourg, saisit l\u2019occasion pour proposer des alternatives \u00e0 ancrer dans les villages ... Read More","og_url":"https:\/\/www.altercampagne.net\/?p=12019","og_site_name":"AlterTour","article_published_time":"2018-08-21T18:59:40+00:00","article_modified_time":"2018-09-05T13:57:38+00:00","og_image":[{"width":1000,"height":522,"url":"https:\/\/www.altercampagne.net\/wp-content\/uploads\/2018\/09\/Bishnoi-P1090728.jpg","type":"image\/jpeg"}],"author":"Mathieu","twitter_card":"summary_large_image","twitter_misc":{"\u00c9crit par":"Mathieu","Dur\u00e9e de lecture estim\u00e9e":"5 minutes"},"schema":{"@context":"https:\/\/schema.org","@graph":[{"@type":"Article","@id":"https:\/\/www.altercampagne.net\/?p=12019#article","isPartOf":{"@id":"https:\/\/www.altercampagne.net\/?p=12019"},"author":{"name":"Mathieu","@id":"https:\/\/www.altercampagne.net\/#\/schema\/person\/0f261460c09e430caa0f9bcffa319109"},"headline":"Contre le GCO mais plus seulement, le troisi\u00e8me festival du Bishno\u00ef esp\u00e8re ne pas \u00eatre le dernier","datePublished":"2018-08-21T18:59:40+00:00","dateModified":"2018-09-05T13:57:38+00:00","mainEntityOfPage":{"@id":"https:\/\/www.altercampagne.net\/?p=12019"},"wordCount":972,"image":{"@id":"https:\/\/www.altercampagne.net\/?p=12019#primaryimage"},"thumbnailUrl":"https:\/\/www.altercampagne.net\/wp-content\/uploads\/2018\/09\/Bishnoi-P1090728.jpg","keywords":["Bas-Rhin","ZAD du Moulin","Strasbourg","Kolbsheim","Alsace","Bishnoi","Festival du Bishno\u00ef","Ernolsheim-Bruche","GCO","Rue 89","Rue 89 Strabourg","Jean-Fran\u00e7ois G\u00e9rard"],"articleSection":["Grand Est","Revue de presse","\u00c9dition 2018","Lutte"],"inLanguage":"fr-FR"},{"@type":"WebPage","@id":"https:\/\/www.altercampagne.net\/?p=12019","url":"https:\/\/www.altercampagne.net\/?p=12019","name":"Contre le GCO mais plus seulement, le troisi\u00e8me festival du Bishno\u00ef esp\u00e8re ne pas \u00eatre le dernier - AlterTour","isPartOf":{"@id":"https:\/\/www.altercampagne.net\/#website"},"primaryImageOfPage":{"@id":"https:\/\/www.altercampagne.net\/?p=12019#primaryimage"},"image":{"@id":"https:\/\/www.altercampagne.net\/?p=12019#primaryimage"},"thumbnailUrl":"https:\/\/www.altercampagne.net\/wp-content\/uploads\/2018\/09\/Bishnoi-P1090728.jpg","datePublished":"2018-08-21T18:59:40+00:00","dateModified":"2018-09-05T13:57:38+00:00","author":{"@id":"https:\/\/www.altercampagne.net\/#\/schema\/person\/0f261460c09e430caa0f9bcffa319109"},"breadcrumb":{"@id":"https:\/\/www.altercampagne.net\/?p=12019#breadcrumb"},"inLanguage":"fr-FR","potentialAction":[{"@type":"ReadAction","target":["https:\/\/www.altercampagne.net\/?p=12019"]}]},{"@type":"ImageObject","inLanguage":"fr-FR","@id":"https:\/\/www.altercampagne.net\/?p=12019#primaryimage","url":"https:\/\/www.altercampagne.net\/wp-content\/uploads\/2018\/09\/Bishnoi-P1090728.jpg","contentUrl":"https:\/\/www.altercampagne.net\/wp-content\/uploads\/2018\/09\/Bishnoi-P1090728.jpg","width":1000,"height":522},{"@type":"BreadcrumbList","@id":"https:\/\/www.altercampagne.net\/?p=12019#breadcrumb","itemListElement":[{"@type":"ListItem","position":1,"name":"Accueil","item":"https:\/\/www.altercampagne.net\/"},{"@type":"ListItem","position":2,"name":"Contre le GCO mais plus seulement, le troisi\u00e8me festival du Bishno\u00ef esp\u00e8re ne pas \u00eatre le dernier"}]},{"@type":"WebSite","@id":"https:\/\/www.altercampagne.net\/#website","url":"https:\/\/www.altercampagne.net\/","name":"AlterTour","description":"Reliez les Alternatives \u00e0 v\u00e9lo","potentialAction":[{"@type":"SearchAction","target":{"@type":"EntryPoint","urlTemplate":"https:\/\/www.altercampagne.net\/?s={search_term_string}"},"query-input":{"@type":"PropertyValueSpecification","valueRequired":true,"valueName":"search_term_string"}}],"inLanguage":"fr-FR"},{"@type":"Person","@id":"https:\/\/www.altercampagne.net\/#\/schema\/person\/0f261460c09e430caa0f9bcffa319109","name":"Mathieu","image":{"@type":"ImageObject","inLanguage":"fr-FR","@id":"https:\/\/secure.gravatar.com\/avatar\/aa9d3d24c83f2141e5e2709d0f63d09a99f6be6bb7a50abc4915838d9f54501a?s=96&d=mm&r=g","url":"https:\/\/secure.gravatar.com\/avatar\/aa9d3d24c83f2141e5e2709d0f63d09a99f6be6bb7a50abc4915838d9f54501a?s=96&d=mm&r=g","contentUrl":"https:\/\/secure.gravatar.com\/avatar\/aa9d3d24c83f2141e5e2709d0f63d09a99f6be6bb7a50abc4915838d9f54501a?s=96&d=mm&r=g","caption":"Mathieu"},"url":"https:\/\/www.altercampagne.net\/?author=214"}]}},"_links":{"self":[{"href":"https:\/\/www.altercampagne.net\/index.php?rest_route=\/wp\/v2\/posts\/12019","targetHints":{"allow":["GET"]}}],"collection":[{"href":"https:\/\/www.altercampagne.net\/index.php?rest_route=\/wp\/v2\/posts"}],"about":[{"href":"https:\/\/www.altercampagne.net\/index.php?rest_route=\/wp\/v2\/types\/post"}],"author":[{"embeddable":true,"href":"https:\/\/www.altercampagne.net\/index.php?rest_route=\/wp\/v2\/users\/214"}],"replies":[{"embeddable":true,"href":"https:\/\/www.altercampagne.net\/index.php?rest_route=%2Fwp%2Fv2%2Fcomments&post=12019"}],"version-history":[{"count":0,"href":"https:\/\/www.altercampagne.net\/index.php?rest_route=\/wp\/v2\/posts\/12019\/revisions"}],"wp:featuredmedia":[{"embeddable":true,"href":"https:\/\/www.altercampagne.net\/index.php?rest_route=\/wp\/v2\/media\/12024"}],"wp:attachment":[{"href":"https:\/\/www.altercampagne.net\/index.php?rest_route=%2Fwp%2Fv2%2Fmedia&parent=12019"}],"wp:term":[{"taxonomy":"category","embeddable":true,"href":"https:\/\/www.altercampagne.net\/index.php?rest_route=%2Fwp%2Fv2%2Fcategories&post=12019"},{"taxonomy":"post_tag","embeddable":true,"href":"https:\/\/www.altercampagne.net\/index.php?rest_route=%2Fwp%2Fv2%2Ftags&post=12019"}],"curies":[{"name":"wp","href":"https:\/\/api.w.org\/{rel}","templated":true}]}}