{"id":12026,"date":"2018-07-19T20:43:13","date_gmt":"2018-07-19T18:43:13","guid":{"rendered":"http:\/\/www.altercampagne.net\/?p=12026"},"modified":"2018-09-04T11:53:13","modified_gmt":"2018-09-04T09:53:13","slug":"des-vacances-autrement-rejoignez-le-tour-de-france-des-alternatives","status":"publish","type":"post","link":"https:\/\/www.altercampagne.net\/?p=12026","title":{"rendered":"Des vacances autrement ? Rejoignez le Tour de France des alternatives"},"content":{"rendered":"<div class=\"crayon article-chapo-6865 chapo surlignable\">\n<p><strong>Parti d\u2019Amiens le 14 juillet, l\u2019AlterTour 2018 poursuit sa route jusqu\u2019\u00e0 Strasbourg avec une arriv\u00e9e pr\u00e9vue le 26 ao\u00fbt. L\u2019id\u00e9e de cette manifestation itin\u00e9rante \u00e0 v\u00e9lo\u00a0? Partir \u00e0 la rencontre des initiatives porteuses de solutions pour la transition \u00e9cologique et sociale, soutenir des lieux de r\u00e9sistance, promouvoir le v\u00e9lo accessible \u00e0 tous, exp\u00e9rimenter la simplicit\u00e9 volontaire et l\u2019autogestion au quotidien&#8230; Nous relayons leur programme.<\/strong><\/p>\n<\/div>\n<div class=\"crayon article-texte-6865 texte surlignable\">\n<p>L\u2019AlterTour\u00a0? C\u2019est une joyeuse bande de citoyens qui part \u00e0 la rencontre de ceux qui font le monde de demain.<\/p>\n<p>De 0 \u00e0 99 ans, ils prennent leur v\u00e9lo pour 3 \u00e0 4 heures chaque jour et s\u2019arr\u00eatent pour visiter des alternatives, des projets porteurs de solutions pour la transition\u00a0: permaculture, monnaies locales, \u00e9co-lieux, habitat partag\u00e9, \u00e9nergies renouvelables&#8230; Parfois ils mettent la main \u00e0 la p\u00e2te pour un chantier participatif (mara\u00eechage, \u00e9coconstruction) ou profitent de leur passage pour soutenir un collectif local (action de d\u00e9sob\u00e9issance anti-pub, mobilisation contre un grand projet inutile, manifestation \u00e0 v\u00e9lo&#8230;).<\/p>\n<p>En arrivant, chacun pose sa tente pendant qu\u2019une petite \u00e9quipe pr\u00e9pare le repas dans la bonne humeur. Dans cette vie quotidienne partag\u00e9e, chacun participe\u00a0: on apprend \u00e0 cuisiner v\u00e9g\u00e9tarien, \u00e0 consommer z\u00e9ro d\u00e9chets, \u00e0 vivre dans la nature &#8230; On go\u00fbte la simplicit\u00e9\u00a0!<\/p>\n<p>Pour la soir\u00e9e, c\u2019est concert, conf\u00e9rence-d\u00e9bat, projection de film ou soir\u00e9e contes\u00a0! Chacun est invit\u00e9 \u00e0 partager ses savoirs-faire&#8230; On assiste parfois \u00e0 un r\u00e9cital ou un cours de danse improvis\u00e9\u00a0!<\/p>\n<p>Dans le groupe, on croise des sourires d\u2019enfants et des barbus qui ont roul\u00e9 leur bosse. Un joyeux m\u00e9lange qui fait la po\u00e9sie de l\u2019AlterTour. Ecolo du dimanche ou militant jusqu\u2019au bout des ongles, c\u2019est dans la rencontre que la magie op\u00e8re\u00a0!<\/p>\n<p>L\u2019AlterTour, des vacances autrement\u00a0? Oui mais pas seulement. Il serait bien \u00e9tonnant que vous rentriez chez vous comme avant. \u00ab\u00a0On vous attend\u00a0!\u00a0\u00bb<br class=\"autobr\" \/>Du 14 juillet au 26 ao\u00fbt, l\u2019AlterTour roulera d\u2019Amiens \u00e0 Strasbourg<\/p>\n<p style=\"text-align: right;\"><strong>Le Collectif, <a href=\"https:\/\/www.bastamag.net\/Alter-Tour\" target=\"_blank\" rel=\"noopener\">Bastamag<\/a>, Le 19\/08\/2018<\/strong><\/p>\n<\/div>\n","protected":false},"excerpt":{"rendered":"<p>Parti d\u2019Amiens le 14 juillet, l\u2019AlterTour 2018 poursuit sa route jusqu\u2019\u00e0 Strasbourg avec une arriv\u00e9e pr\u00e9vue le 26 ao\u00fbt. L\u2019id\u00e9e de cette manifestation itin\u00e9rante \u00e0 v\u00e9lo\u00a0? Partir \u00e0 la rencontre des initiatives porteuses de solutions pour la transition \u00e9cologique et sociale, soutenir des lieux de r\u00e9sistance, promouvoir le v\u00e9lo accessible &#8230; <\/p>\n<div><a href=\"https:\/\/www.altercampagne.net\/?p=12026\" class=\"more-link\">Read More<\/a><\/div>\n","protected":false},"author":214,"featured_media":12027,"comment_status":"closed","ping_status":"closed","sticky":false,"template":"","format":"standard","meta":{"footnotes":""},"categories":[239,3470],"tags":[14,3047],"class_list":["post-12026","post","type-post","status-publish","format-standard","has-post-thumbnail","hentry","category-revue-de-presse","category-edition-2018","tag-bastamag","tag-basta"],"yoast_head":"<!-- This site is optimized with the Yoast SEO plugin v27.3 - https:\/\/yoast.com\/product\/yoast-seo-wordpress\/ -->\n<title>Des vacances autrement ? Rejoignez le Tour de France des alternatives - AlterTour<\/title>\n<meta name=\"robots\" content=\"index, follow, max-snippet:-1, max-image-preview:large, max-video-preview:-1\" \/>\n<link rel=\"canonical\" href=\"https:\/\/www.altercampagne.net\/?p=12026\" \/>\n<meta property=\"og:locale\" content=\"fr_FR\" \/>\n<meta property=\"og:type\" content=\"article\" \/>\n<meta property=\"og:title\" content=\"Des vacances autrement ? Rejoignez le Tour de France des alternatives - AlterTour\" \/>\n<meta property=\"og:description\" content=\"Parti d\u2019Amiens le 14 juillet, l\u2019AlterTour 2018 poursuit sa route jusqu\u2019\u00e0 Strasbourg avec une arriv\u00e9e pr\u00e9vue le 26 ao\u00fbt. L\u2019id\u00e9e de cette manifestation itin\u00e9rante \u00e0 v\u00e9lo\u00a0? Partir \u00e0 la rencontre des initiatives porteuses de solutions pour la transition \u00e9cologique et sociale, soutenir des lieux de r\u00e9sistance, promouvoir le v\u00e9lo accessible ... Read More\" \/>\n<meta property=\"og:url\" content=\"https:\/\/www.altercampagne.net\/?p=12026\" \/>\n<meta property=\"og:site_name\" content=\"AlterTour\" \/>\n<meta property=\"article:published_time\" content=\"2018-07-19T18:43:13+00:00\" \/>\n<meta property=\"article:modified_time\" content=\"2018-09-04T09:53:13+00:00\" \/>\n<meta property=\"og:image\" content=\"https:\/\/www.altercampagne.net\/wp-content\/uploads\/2018\/09\/2012-08-15_10.59-bastamag.jpg\" \/>\n\t<meta property=\"og:image:width\" content=\"1000\" \/>\n\t<meta property=\"og:image:height\" content=\"523\" \/>\n\t<meta property=\"og:image:type\" content=\"image\/jpeg\" \/>\n<meta name=\"author\" content=\"Mathieu\" \/>\n<meta name=\"twitter:card\" content=\"summary_large_image\" \/>\n<meta name=\"twitter:label1\" content=\"\u00c9crit par\" \/>\n\t<meta name=\"twitter:data1\" content=\"Mathieu\" \/>\n\t<meta name=\"twitter:label2\" content=\"Dur\u00e9e de lecture estim\u00e9e\" \/>\n\t<meta name=\"twitter:data2\" content=\"2 minutes\" \/>\n<script type=\"application\/ld+json\" class=\"yoast-schema-graph\">{\"@context\":\"https:\\\/\\\/schema.org\",\"@graph\":[{\"@type\":\"Article\",\"@id\":\"https:\\\/\\\/www.altercampagne.net\\\/?p=12026#article\",\"isPartOf\":{\"@id\":\"https:\\\/\\\/www.altercampagne.net\\\/?p=12026\"},\"author\":{\"name\":\"Mathieu\",\"@id\":\"https:\\\/\\\/www.altercampagne.net\\\/#\\\/schema\\\/person\\\/0f261460c09e430caa0f9bcffa319109\"},\"headline\":\"Des vacances autrement ? Rejoignez le Tour de France des alternatives\",\"datePublished\":\"2018-07-19T18:43:13+00:00\",\"dateModified\":\"2018-09-04T09:53:13+00:00\",\"mainEntityOfPage\":{\"@id\":\"https:\\\/\\\/www.altercampagne.net\\\/?p=12026\"},\"wordCount\":346,\"image\":{\"@id\":\"https:\\\/\\\/www.altercampagne.net\\\/?p=12026#primaryimage\"},\"thumbnailUrl\":\"https:\\\/\\\/www.altercampagne.net\\\/wp-content\\\/uploads\\\/2018\\\/09\\\/2012-08-15_10.59-bastamag.jpg\",\"keywords\":[\"bastamag\",\"Basta\"],\"articleSection\":[\"Revue de presse\",\"\u00c9dition 2018\"],\"inLanguage\":\"fr-FR\"},{\"@type\":\"WebPage\",\"@id\":\"https:\\\/\\\/www.altercampagne.net\\\/?p=12026\",\"url\":\"https:\\\/\\\/www.altercampagne.net\\\/?p=12026\",\"name\":\"Des vacances autrement ? Rejoignez le Tour de France des alternatives - AlterTour\",\"isPartOf\":{\"@id\":\"https:\\\/\\\/www.altercampagne.net\\\/#website\"},\"primaryImageOfPage\":{\"@id\":\"https:\\\/\\\/www.altercampagne.net\\\/?p=12026#primaryimage\"},\"image\":{\"@id\":\"https:\\\/\\\/www.altercampagne.net\\\/?p=12026#primaryimage\"},\"thumbnailUrl\":\"https:\\\/\\\/www.altercampagne.net\\\/wp-content\\\/uploads\\\/2018\\\/09\\\/2012-08-15_10.59-bastamag.jpg\",\"datePublished\":\"2018-07-19T18:43:13+00:00\",\"dateModified\":\"2018-09-04T09:53:13+00:00\",\"author\":{\"@id\":\"https:\\\/\\\/www.altercampagne.net\\\/#\\\/schema\\\/person\\\/0f261460c09e430caa0f9bcffa319109\"},\"breadcrumb\":{\"@id\":\"https:\\\/\\\/www.altercampagne.net\\\/?p=12026#breadcrumb\"},\"inLanguage\":\"fr-FR\",\"potentialAction\":[{\"@type\":\"ReadAction\",\"target\":[\"https:\\\/\\\/www.altercampagne.net\\\/?p=12026\"]}]},{\"@type\":\"ImageObject\",\"inLanguage\":\"fr-FR\",\"@id\":\"https:\\\/\\\/www.altercampagne.net\\\/?p=12026#primaryimage\",\"url\":\"https:\\\/\\\/www.altercampagne.net\\\/wp-content\\\/uploads\\\/2018\\\/09\\\/2012-08-15_10.59-bastamag.jpg\",\"contentUrl\":\"https:\\\/\\\/www.altercampagne.net\\\/wp-content\\\/uploads\\\/2018\\\/09\\\/2012-08-15_10.59-bastamag.jpg\",\"width\":1000,\"height\":523},{\"@type\":\"BreadcrumbList\",\"@id\":\"https:\\\/\\\/www.altercampagne.net\\\/?p=12026#breadcrumb\",\"itemListElement\":[{\"@type\":\"ListItem\",\"position\":1,\"name\":\"Accueil\",\"item\":\"https:\\\/\\\/www.altercampagne.net\\\/\"},{\"@type\":\"ListItem\",\"position\":2,\"name\":\"Des vacances autrement ? Rejoignez le Tour de France des alternatives\"}]},{\"@type\":\"WebSite\",\"@id\":\"https:\\\/\\\/www.altercampagne.net\\\/#website\",\"url\":\"https:\\\/\\\/www.altercampagne.net\\\/\",\"name\":\"AlterTour\",\"description\":\"Reliez les Alternatives \u00e0 v\u00e9lo\",\"potentialAction\":[{\"@type\":\"SearchAction\",\"target\":{\"@type\":\"EntryPoint\",\"urlTemplate\":\"https:\\\/\\\/www.altercampagne.net\\\/?s={search_term_string}\"},\"query-input\":{\"@type\":\"PropertyValueSpecification\",\"valueRequired\":true,\"valueName\":\"search_term_string\"}}],\"inLanguage\":\"fr-FR\"},{\"@type\":\"Person\",\"@id\":\"https:\\\/\\\/www.altercampagne.net\\\/#\\\/schema\\\/person\\\/0f261460c09e430caa0f9bcffa319109\",\"name\":\"Mathieu\",\"image\":{\"@type\":\"ImageObject\",\"inLanguage\":\"fr-FR\",\"@id\":\"https:\\\/\\\/secure.gravatar.com\\\/avatar\\\/aa9d3d24c83f2141e5e2709d0f63d09a99f6be6bb7a50abc4915838d9f54501a?s=96&d=mm&r=g\",\"url\":\"https:\\\/\\\/secure.gravatar.com\\\/avatar\\\/aa9d3d24c83f2141e5e2709d0f63d09a99f6be6bb7a50abc4915838d9f54501a?s=96&d=mm&r=g\",\"contentUrl\":\"https:\\\/\\\/secure.gravatar.com\\\/avatar\\\/aa9d3d24c83f2141e5e2709d0f63d09a99f6be6bb7a50abc4915838d9f54501a?s=96&d=mm&r=g\",\"caption\":\"Mathieu\"},\"url\":\"https:\\\/\\\/www.altercampagne.net\\\/?author=214\"}]}<\/script>\n<!-- \/ Yoast SEO plugin. -->","yoast_head_json":{"title":"Des vacances autrement ? Rejoignez le Tour de France des alternatives - AlterTour","robots":{"index":"index","follow":"follow","max-snippet":"max-snippet:-1","max-image-preview":"max-image-preview:large","max-video-preview":"max-video-preview:-1"},"canonical":"https:\/\/www.altercampagne.net\/?p=12026","og_locale":"fr_FR","og_type":"article","og_title":"Des vacances autrement ? Rejoignez le Tour de France des alternatives - AlterTour","og_description":"Parti d\u2019Amiens le 14 juillet, l\u2019AlterTour 2018 poursuit sa route jusqu\u2019\u00e0 Strasbourg avec une arriv\u00e9e pr\u00e9vue le 26 ao\u00fbt. L\u2019id\u00e9e de cette manifestation itin\u00e9rante \u00e0 v\u00e9lo\u00a0? Partir \u00e0 la rencontre des initiatives porteuses de solutions pour la transition \u00e9cologique et sociale, soutenir des lieux de r\u00e9sistance, promouvoir le v\u00e9lo accessible ... Read More","og_url":"https:\/\/www.altercampagne.net\/?p=12026","og_site_name":"AlterTour","article_published_time":"2018-07-19T18:43:13+00:00","article_modified_time":"2018-09-04T09:53:13+00:00","og_image":[{"width":1000,"height":523,"url":"https:\/\/www.altercampagne.net\/wp-content\/uploads\/2018\/09\/2012-08-15_10.59-bastamag.jpg","type":"image\/jpeg"}],"author":"Mathieu","twitter_card":"summary_large_image","twitter_misc":{"\u00c9crit par":"Mathieu","Dur\u00e9e de lecture estim\u00e9e":"2 minutes"},"schema":{"@context":"https:\/\/schema.org","@graph":[{"@type":"Article","@id":"https:\/\/www.altercampagne.net\/?p=12026#article","isPartOf":{"@id":"https:\/\/www.altercampagne.net\/?p=12026"},"author":{"name":"Mathieu","@id":"https:\/\/www.altercampagne.net\/#\/schema\/person\/0f261460c09e430caa0f9bcffa319109"},"headline":"Des vacances autrement ? Rejoignez le Tour de France des alternatives","datePublished":"2018-07-19T18:43:13+00:00","dateModified":"2018-09-04T09:53:13+00:00","mainEntityOfPage":{"@id":"https:\/\/www.altercampagne.net\/?p=12026"},"wordCount":346,"image":{"@id":"https:\/\/www.altercampagne.net\/?p=12026#primaryimage"},"thumbnailUrl":"https:\/\/www.altercampagne.net\/wp-content\/uploads\/2018\/09\/2012-08-15_10.59-bastamag.jpg","keywords":["bastamag","Basta"],"articleSection":["Revue de presse","\u00c9dition 2018"],"inLanguage":"fr-FR"},{"@type":"WebPage","@id":"https:\/\/www.altercampagne.net\/?p=12026","url":"https:\/\/www.altercampagne.net\/?p=12026","name":"Des vacances autrement ? Rejoignez le Tour de France des alternatives - AlterTour","isPartOf":{"@id":"https:\/\/www.altercampagne.net\/#website"},"primaryImageOfPage":{"@id":"https:\/\/www.altercampagne.net\/?p=12026#primaryimage"},"image":{"@id":"https:\/\/www.altercampagne.net\/?p=12026#primaryimage"},"thumbnailUrl":"https:\/\/www.altercampagne.net\/wp-content\/uploads\/2018\/09\/2012-08-15_10.59-bastamag.jpg","datePublished":"2018-07-19T18:43:13+00:00","dateModified":"2018-09-04T09:53:13+00:00","author":{"@id":"https:\/\/www.altercampagne.net\/#\/schema\/person\/0f261460c09e430caa0f9bcffa319109"},"breadcrumb":{"@id":"https:\/\/www.altercampagne.net\/?p=12026#breadcrumb"},"inLanguage":"fr-FR","potentialAction":[{"@type":"ReadAction","target":["https:\/\/www.altercampagne.net\/?p=12026"]}]},{"@type":"ImageObject","inLanguage":"fr-FR","@id":"https:\/\/www.altercampagne.net\/?p=12026#primaryimage","url":"https:\/\/www.altercampagne.net\/wp-content\/uploads\/2018\/09\/2012-08-15_10.59-bastamag.jpg","contentUrl":"https:\/\/www.altercampagne.net\/wp-content\/uploads\/2018\/09\/2012-08-15_10.59-bastamag.jpg","width":1000,"height":523},{"@type":"BreadcrumbList","@id":"https:\/\/www.altercampagne.net\/?p=12026#breadcrumb","itemListElement":[{"@type":"ListItem","position":1,"name":"Accueil","item":"https:\/\/www.altercampagne.net\/"},{"@type":"ListItem","position":2,"name":"Des vacances autrement ? Rejoignez le Tour de France des alternatives"}]},{"@type":"WebSite","@id":"https:\/\/www.altercampagne.net\/#website","url":"https:\/\/www.altercampagne.net\/","name":"AlterTour","description":"Reliez les Alternatives \u00e0 v\u00e9lo","potentialAction":[{"@type":"SearchAction","target":{"@type":"EntryPoint","urlTemplate":"https:\/\/www.altercampagne.net\/?s={search_term_string}"},"query-input":{"@type":"PropertyValueSpecification","valueRequired":true,"valueName":"search_term_string"}}],"inLanguage":"fr-FR"},{"@type":"Person","@id":"https:\/\/www.altercampagne.net\/#\/schema\/person\/0f261460c09e430caa0f9bcffa319109","name":"Mathieu","image":{"@type":"ImageObject","inLanguage":"fr-FR","@id":"https:\/\/secure.gravatar.com\/avatar\/aa9d3d24c83f2141e5e2709d0f63d09a99f6be6bb7a50abc4915838d9f54501a?s=96&d=mm&r=g","url":"https:\/\/secure.gravatar.com\/avatar\/aa9d3d24c83f2141e5e2709d0f63d09a99f6be6bb7a50abc4915838d9f54501a?s=96&d=mm&r=g","contentUrl":"https:\/\/secure.gravatar.com\/avatar\/aa9d3d24c83f2141e5e2709d0f63d09a99f6be6bb7a50abc4915838d9f54501a?s=96&d=mm&r=g","caption":"Mathieu"},"url":"https:\/\/www.altercampagne.net\/?author=214"}]}},"_links":{"self":[{"href":"https:\/\/www.altercampagne.net\/index.php?rest_route=\/wp\/v2\/posts\/12026","targetHints":{"allow":["GET"]}}],"collection":[{"href":"https:\/\/www.altercampagne.net\/index.php?rest_route=\/wp\/v2\/posts"}],"about":[{"href":"https:\/\/www.altercampagne.net\/index.php?rest_route=\/wp\/v2\/types\/post"}],"author":[{"embeddable":true,"href":"https:\/\/www.altercampagne.net\/index.php?rest_route=\/wp\/v2\/users\/214"}],"replies":[{"embeddable":true,"href":"https:\/\/www.altercampagne.net\/index.php?rest_route=%2Fwp%2Fv2%2Fcomments&post=12026"}],"version-history":[{"count":0,"href":"https:\/\/www.altercampagne.net\/index.php?rest_route=\/wp\/v2\/posts\/12026\/revisions"}],"wp:featuredmedia":[{"embeddable":true,"href":"https:\/\/www.altercampagne.net\/index.php?rest_route=\/wp\/v2\/media\/12027"}],"wp:attachment":[{"href":"https:\/\/www.altercampagne.net\/index.php?rest_route=%2Fwp%2Fv2%2Fmedia&parent=12026"}],"wp:term":[{"taxonomy":"category","embeddable":true,"href":"https:\/\/www.altercampagne.net\/index.php?rest_route=%2Fwp%2Fv2%2Fcategories&post=12026"},{"taxonomy":"post_tag","embeddable":true,"href":"https:\/\/www.altercampagne.net\/index.php?rest_route=%2Fwp%2Fv2%2Ftags&post=12026"}],"curies":[{"name":"wp","href":"https:\/\/api.w.org\/{rel}","templated":true}]}}