{"id":12030,"date":"2018-07-19T20:00:31","date_gmt":"2018-07-19T18:00:31","guid":{"rendered":"http:\/\/www.altercampagne.net\/?p=12030"},"modified":"2018-09-05T16:12:47","modified_gmt":"2018-09-05T14:12:47","slug":"ouistreham-le-camo-accueille-lechappee-normande-de-laltertour","status":"publish","type":"post","link":"https:\/\/www.altercampagne.net\/?p=12030","title":{"rendered":"Ouistreham. Le Camo accueille l\u2019\u00c9chapp\u00e9e normande de l&rsquo;AlterTour"},"content":{"rendered":"<p class=\"chapeau\"><strong>L\u2019\u00c9chapp\u00e9e belle normande est un parcours parall\u00e8le de l\u2019AlterTour, sorte de Tour de France des initiatives en faveur de la transition \u00e9cologique et sociale. La quinzaine de cyclistes de l\u2019\u00c9chapp\u00e9e a fait halte jeudi 19\u00a0juillet 2018, \u00e0 Ouistreham. Le temps d\u2019un repas partag\u00e9 avec les migrants, organis\u00e9 par le Camo (Collectif d\u2019aide aux migrants \u00e0 Ouistreham).<\/strong><\/p>\n<h5>L\u2019initiative<\/h5>\n<p>Depuis onze \u00e9ditions, l\u2019AlterTour se propose d\u2019aller \u00e0 la rencontre de porteurs de solutions pour la transition \u00e9cologique et sociale. Une op\u00e9ration qui dispose d\u2019une certaine logistique (camions, pr\u00eats de v\u00e9los, etc.), et r\u00e9unit environ une soixantaine d\u2019altercyclistes. Il existe une d\u00e9clinaison \u00ab\u2009light\u2009\u00bb de cette initiative\u2009: les \u00c9chapp\u00e9es belles, durant lesquelles les participants viennent avec leurs v\u00e9los personnels et assurent le transport de leurs bagages. Mais le principe est le m\u00eame\u2009: aller au-devant d\u2019associations ou d\u2019acteurs locaux, <strong> \u00ab\u2009mais aussi soutenir des luttes et des r\u00e9sistances\u2009\u00bb,<\/strong> explique Dominique, l\u2019une de ces altercyclistes.<\/p>\n<p>Partie le m\u00eame week-end du 14\u00a0juillet 2018 que l\u2019AlterTour (qui reliera Amiens \u00e0 Strasbourg), l\u2019\u00c9chapp\u00e9e belle normande a d\u00e9marr\u00e9 son p\u00e9riple \u00e0 Cherbourg,<strong> \u00ab\u2009<\/strong>sur le th\u00e8me de la place des v\u00e9los dans la ville, indique Dominique. Nous avons organis\u00e9 un v\u00e9lorution, contraction de v\u00e9lo et r\u00e9volution\u2009!<strong>\u2009\u00bb <\/strong> L\u2019autre message que souhaitent (em) porter les participants \u00e0 cette \u00c9chapp\u00e9e, originaires de toute la France, et m\u00eame de Belgique, <strong> \u00ab<\/strong>\u2009c\u2019est de s\u2019interroger sur la solution \u00e0 trouver pour les d\u00e9chets nucl\u00e9aires, poursuit Emmanuel, venu de Granville. <strong> Les piscines de La Hague et de Flamanville d\u00e9bordent, un centre d\u2019enfouissement est en projet \u00e0 Bure. Nous, nous disons que la meilleure solution est de ne pas en produire.\u2009\u00bb<\/strong> Ainsi ces cyclistes ont mis sur leur v\u00e9lo des r\u00e9pliques de f\u00fbts de transports, ou des housses jaunes flanqu\u00e9s du fameux sigle de la radioactivit\u00e9.<\/p>\n<h5>Vari\u00e9t\u00e9 des initiatives<\/h5>\n<p>Ouistreham figurait parmi les \u00e9tapes de ce parcours\u2009: le Camo (Collectif d\u2019aide aux migrants \u00e0 Ouistreham) les a accueillis pour un repas partag\u00e9 avec environ 80\u2009migrants.<strong> \u00ab\u2009<\/strong>La veille, nous \u00e9tions \u00e0 Barbeville pour parler monnaie locale, indique Philippe, venu lui de l\u2019Ari\u00e8ge. Ce soir, nous serons dans une ferme de culture de la spiruline et nous pourrons \u00e9changer avec l\u2019entreprise Dans ma culotte.<strong>\u2009\u00bb<\/strong><\/p>\n<p>Ce week-end, les participants iront visiter la r\u00e9serve des volontaires du marais Verdier, pr\u00e8s du Havre, <strong> \u00ab<\/strong>\u2009et nous irons ensuite rencontrer des cheminots et du personnel de l\u2019h\u00f4pital psychiatrique de Saint-\u00c9tienne-du-Rouvray (Seine-Maritime), indique Dominique. Depuis le d\u00e9but de notre parcours, nous avons pu d\u00e9couvrir une grande vari\u00e9t\u00e9 d\u2019initiatives, et un besoin de mise en lien de leurs porteurs\u2009\u00bb.<\/p>\n<p>L\u2019\u00c9chapp\u00e9e belle normande s\u2019ach\u00e8vera en faisant jonction avec <a href=\"http:\/\/www.altercampagne.net\/?page_id=10029\" target=\"_blank\" rel=\"noopener\">l\u2019AlterTour<\/a> jeudi 26\u00a0juillet 2018 \u00e0 Gonnesse (Val-d\u2019Oise), o\u00f9 est pr\u00e9vue la construction d\u2019un centre\u00a0commercial<strong> \u00ab<\/strong>\u2009sur des terres agricoles\u2009<strong>\u00bb.<\/strong><\/p>\n<p style=\"text-align: right;\"><strong><a href=\"https:\/\/www.ouest-france.fr\/normandie\/ouistreham-14150\/ouistreham-le-camo-accueille-l-echappee-normande-de-l-altertour-5887524\" target=\"_blank\" rel=\"noopener\">Nathalie Lecornu-Baert, Ouest-France<\/a>, Le 19\/07\/2018<\/strong><\/p>\n","protected":false},"excerpt":{"rendered":"<p>L\u2019\u00c9chapp\u00e9e belle normande est un parcours parall\u00e8le de l\u2019AlterTour, sorte de Tour de France des initiatives en faveur de la transition \u00e9cologique et sociale. La quinzaine de cyclistes de l\u2019\u00c9chapp\u00e9e a fait halte jeudi 19\u00a0juillet 2018, \u00e0 Ouistreham. Le temps d\u2019un repas partag\u00e9 avec les migrants, organis\u00e9 par le Camo &#8230; <\/p>\n<div><a href=\"https:\/\/www.altercampagne.net\/?p=12030\" class=\"more-link\">Read More<\/a><\/div>\n","protected":false},"author":214,"featured_media":12031,"comment_status":"closed","ping_status":"closed","sticky":false,"template":"","format":"standard","meta":{"footnotes":""},"categories":[3231,239,3470,3478],"tags":[25,232,471,1670,2101,3385,3736,3737,3738,3739,3740,3741,3742,3743],"class_list":["post-12030","post","type-post","status-publish","format-standard","has-post-thumbnail","hentry","category-echappee-belle","category-revue-de-presse","category-edition-2018","category-normandie","tag-bure","tag-nucleaire","tag-ouest-france","tag-calvados","tag-normandie","tag-flamanville","tag-nathalie-lecornu-baert","tag-ouistreham","tag-camo","tag-collectif-daide-aux-migrants-a-ouistreham","tag-dans-ma-culotte","tag-barbeville","tag-hopital-saint-etienne-du-rouvray","tag-la-hague"],"yoast_head":"<!-- This site is optimized with the Yoast SEO plugin v27.3 - https:\/\/yoast.com\/product\/yoast-seo-wordpress\/ -->\n<title>Ouistreham. Le Camo accueille l\u2019\u00c9chapp\u00e9e normande de l&#039;AlterTour - AlterTour<\/title>\n<meta name=\"robots\" content=\"index, follow, max-snippet:-1, max-image-preview:large, max-video-preview:-1\" \/>\n<link rel=\"canonical\" href=\"https:\/\/www.altercampagne.net\/?p=12030\" \/>\n<meta property=\"og:locale\" content=\"fr_FR\" \/>\n<meta property=\"og:type\" content=\"article\" \/>\n<meta property=\"og:title\" content=\"Ouistreham. Le Camo accueille l\u2019\u00c9chapp\u00e9e normande de l&#039;AlterTour - AlterTour\" \/>\n<meta property=\"og:description\" content=\"L\u2019\u00c9chapp\u00e9e belle normande est un parcours parall\u00e8le de l\u2019AlterTour, sorte de Tour de France des initiatives en faveur de la transition \u00e9cologique et sociale. La quinzaine de cyclistes de l\u2019\u00c9chapp\u00e9e a fait halte jeudi 19\u00a0juillet 2018, \u00e0 Ouistreham. Le temps d\u2019un repas partag\u00e9 avec les migrants, organis\u00e9 par le Camo ... Read More\" \/>\n<meta property=\"og:url\" content=\"https:\/\/www.altercampagne.net\/?p=12030\" \/>\n<meta property=\"og:site_name\" content=\"AlterTour\" \/>\n<meta property=\"article:published_time\" content=\"2018-07-19T18:00:31+00:00\" \/>\n<meta property=\"article:modified_time\" content=\"2018-09-05T14:12:47+00:00\" \/>\n<meta property=\"og:image\" content=\"https:\/\/www.altercampagne.net\/wp-content\/uploads\/2018\/09\/EB2018-ouistreham-le-camo-accueille-l-echappee-normande-de-l-altertour.jpg\" \/>\n\t<meta property=\"og:image:width\" content=\"1000\" \/>\n\t<meta property=\"og:image:height\" content=\"522\" \/>\n\t<meta property=\"og:image:type\" content=\"image\/jpeg\" \/>\n<meta name=\"author\" content=\"Mathieu\" \/>\n<meta name=\"twitter:card\" content=\"summary_large_image\" \/>\n<meta name=\"twitter:label1\" content=\"\u00c9crit par\" \/>\n\t<meta name=\"twitter:data1\" content=\"Mathieu\" \/>\n\t<meta name=\"twitter:label2\" content=\"Dur\u00e9e de lecture estim\u00e9e\" \/>\n\t<meta name=\"twitter:data2\" content=\"2 minutes\" \/>\n<script type=\"application\/ld+json\" class=\"yoast-schema-graph\">{\"@context\":\"https:\\\/\\\/schema.org\",\"@graph\":[{\"@type\":\"Article\",\"@id\":\"https:\\\/\\\/www.altercampagne.net\\\/?p=12030#article\",\"isPartOf\":{\"@id\":\"https:\\\/\\\/www.altercampagne.net\\\/?p=12030\"},\"author\":{\"name\":\"Mathieu\",\"@id\":\"https:\\\/\\\/www.altercampagne.net\\\/#\\\/schema\\\/person\\\/0f261460c09e430caa0f9bcffa319109\"},\"headline\":\"Ouistreham. Le Camo accueille l\u2019\u00c9chapp\u00e9e normande de l&rsquo;AlterTour\",\"datePublished\":\"2018-07-19T18:00:31+00:00\",\"dateModified\":\"2018-09-05T14:12:47+00:00\",\"mainEntityOfPage\":{\"@id\":\"https:\\\/\\\/www.altercampagne.net\\\/?p=12030\"},\"wordCount\":509,\"image\":{\"@id\":\"https:\\\/\\\/www.altercampagne.net\\\/?p=12030#primaryimage\"},\"thumbnailUrl\":\"https:\\\/\\\/www.altercampagne.net\\\/wp-content\\\/uploads\\\/2018\\\/09\\\/EB2018-ouistreham-le-camo-accueille-l-echappee-normande-de-l-altertour.jpg\",\"keywords\":[\"Bure\",\"nucl\u00e9aire\",\"ouest france\",\"Calvados\",\"Normandie\",\"Flamanville\",\"Nathalie Lecornu-Baert\",\"Ouistreham\",\"Camo\",\"Collectif d\u2019aide aux migrants \u00e0 Ouistreham\",\"Dans ma culotte\",\"Barbeville\",\"h\u00f4pital Saint-\u00c9tienne-du-Rouvray\",\"La Hague\"],\"articleSection\":[\"Echapp\u00e9e Belle\",\"Revue de presse\",\"\u00c9dition 2018\",\"Normandie\"],\"inLanguage\":\"fr-FR\"},{\"@type\":\"WebPage\",\"@id\":\"https:\\\/\\\/www.altercampagne.net\\\/?p=12030\",\"url\":\"https:\\\/\\\/www.altercampagne.net\\\/?p=12030\",\"name\":\"Ouistreham. Le Camo accueille l\u2019\u00c9chapp\u00e9e normande de l'AlterTour - AlterTour\",\"isPartOf\":{\"@id\":\"https:\\\/\\\/www.altercampagne.net\\\/#website\"},\"primaryImageOfPage\":{\"@id\":\"https:\\\/\\\/www.altercampagne.net\\\/?p=12030#primaryimage\"},\"image\":{\"@id\":\"https:\\\/\\\/www.altercampagne.net\\\/?p=12030#primaryimage\"},\"thumbnailUrl\":\"https:\\\/\\\/www.altercampagne.net\\\/wp-content\\\/uploads\\\/2018\\\/09\\\/EB2018-ouistreham-le-camo-accueille-l-echappee-normande-de-l-altertour.jpg\",\"datePublished\":\"2018-07-19T18:00:31+00:00\",\"dateModified\":\"2018-09-05T14:12:47+00:00\",\"author\":{\"@id\":\"https:\\\/\\\/www.altercampagne.net\\\/#\\\/schema\\\/person\\\/0f261460c09e430caa0f9bcffa319109\"},\"breadcrumb\":{\"@id\":\"https:\\\/\\\/www.altercampagne.net\\\/?p=12030#breadcrumb\"},\"inLanguage\":\"fr-FR\",\"potentialAction\":[{\"@type\":\"ReadAction\",\"target\":[\"https:\\\/\\\/www.altercampagne.net\\\/?p=12030\"]}]},{\"@type\":\"ImageObject\",\"inLanguage\":\"fr-FR\",\"@id\":\"https:\\\/\\\/www.altercampagne.net\\\/?p=12030#primaryimage\",\"url\":\"https:\\\/\\\/www.altercampagne.net\\\/wp-content\\\/uploads\\\/2018\\\/09\\\/EB2018-ouistreham-le-camo-accueille-l-echappee-normande-de-l-altertour.jpg\",\"contentUrl\":\"https:\\\/\\\/www.altercampagne.net\\\/wp-content\\\/uploads\\\/2018\\\/09\\\/EB2018-ouistreham-le-camo-accueille-l-echappee-normande-de-l-altertour.jpg\",\"width\":1000,\"height\":522},{\"@type\":\"BreadcrumbList\",\"@id\":\"https:\\\/\\\/www.altercampagne.net\\\/?p=12030#breadcrumb\",\"itemListElement\":[{\"@type\":\"ListItem\",\"position\":1,\"name\":\"Accueil\",\"item\":\"https:\\\/\\\/www.altercampagne.net\\\/\"},{\"@type\":\"ListItem\",\"position\":2,\"name\":\"Ouistreham. Le Camo accueille l\u2019\u00c9chapp\u00e9e normande de l&rsquo;AlterTour\"}]},{\"@type\":\"WebSite\",\"@id\":\"https:\\\/\\\/www.altercampagne.net\\\/#website\",\"url\":\"https:\\\/\\\/www.altercampagne.net\\\/\",\"name\":\"AlterTour\",\"description\":\"Reliez les Alternatives \u00e0 v\u00e9lo\",\"potentialAction\":[{\"@type\":\"SearchAction\",\"target\":{\"@type\":\"EntryPoint\",\"urlTemplate\":\"https:\\\/\\\/www.altercampagne.net\\\/?s={search_term_string}\"},\"query-input\":{\"@type\":\"PropertyValueSpecification\",\"valueRequired\":true,\"valueName\":\"search_term_string\"}}],\"inLanguage\":\"fr-FR\"},{\"@type\":\"Person\",\"@id\":\"https:\\\/\\\/www.altercampagne.net\\\/#\\\/schema\\\/person\\\/0f261460c09e430caa0f9bcffa319109\",\"name\":\"Mathieu\",\"image\":{\"@type\":\"ImageObject\",\"inLanguage\":\"fr-FR\",\"@id\":\"https:\\\/\\\/secure.gravatar.com\\\/avatar\\\/aa9d3d24c83f2141e5e2709d0f63d09a99f6be6bb7a50abc4915838d9f54501a?s=96&d=mm&r=g\",\"url\":\"https:\\\/\\\/secure.gravatar.com\\\/avatar\\\/aa9d3d24c83f2141e5e2709d0f63d09a99f6be6bb7a50abc4915838d9f54501a?s=96&d=mm&r=g\",\"contentUrl\":\"https:\\\/\\\/secure.gravatar.com\\\/avatar\\\/aa9d3d24c83f2141e5e2709d0f63d09a99f6be6bb7a50abc4915838d9f54501a?s=96&d=mm&r=g\",\"caption\":\"Mathieu\"},\"url\":\"https:\\\/\\\/www.altercampagne.net\\\/?author=214\"}]}<\/script>\n<!-- \/ Yoast SEO plugin. -->","yoast_head_json":{"title":"Ouistreham. Le Camo accueille l\u2019\u00c9chapp\u00e9e normande de l'AlterTour - AlterTour","robots":{"index":"index","follow":"follow","max-snippet":"max-snippet:-1","max-image-preview":"max-image-preview:large","max-video-preview":"max-video-preview:-1"},"canonical":"https:\/\/www.altercampagne.net\/?p=12030","og_locale":"fr_FR","og_type":"article","og_title":"Ouistreham. Le Camo accueille l\u2019\u00c9chapp\u00e9e normande de l'AlterTour - AlterTour","og_description":"L\u2019\u00c9chapp\u00e9e belle normande est un parcours parall\u00e8le de l\u2019AlterTour, sorte de Tour de France des initiatives en faveur de la transition \u00e9cologique et sociale. La quinzaine de cyclistes de l\u2019\u00c9chapp\u00e9e a fait halte jeudi 19\u00a0juillet 2018, \u00e0 Ouistreham. Le temps d\u2019un repas partag\u00e9 avec les migrants, organis\u00e9 par le Camo ... Read More","og_url":"https:\/\/www.altercampagne.net\/?p=12030","og_site_name":"AlterTour","article_published_time":"2018-07-19T18:00:31+00:00","article_modified_time":"2018-09-05T14:12:47+00:00","og_image":[{"width":1000,"height":522,"url":"https:\/\/www.altercampagne.net\/wp-content\/uploads\/2018\/09\/EB2018-ouistreham-le-camo-accueille-l-echappee-normande-de-l-altertour.jpg","type":"image\/jpeg"}],"author":"Mathieu","twitter_card":"summary_large_image","twitter_misc":{"\u00c9crit par":"Mathieu","Dur\u00e9e de lecture estim\u00e9e":"2 minutes"},"schema":{"@context":"https:\/\/schema.org","@graph":[{"@type":"Article","@id":"https:\/\/www.altercampagne.net\/?p=12030#article","isPartOf":{"@id":"https:\/\/www.altercampagne.net\/?p=12030"},"author":{"name":"Mathieu","@id":"https:\/\/www.altercampagne.net\/#\/schema\/person\/0f261460c09e430caa0f9bcffa319109"},"headline":"Ouistreham. Le Camo accueille l\u2019\u00c9chapp\u00e9e normande de l&rsquo;AlterTour","datePublished":"2018-07-19T18:00:31+00:00","dateModified":"2018-09-05T14:12:47+00:00","mainEntityOfPage":{"@id":"https:\/\/www.altercampagne.net\/?p=12030"},"wordCount":509,"image":{"@id":"https:\/\/www.altercampagne.net\/?p=12030#primaryimage"},"thumbnailUrl":"https:\/\/www.altercampagne.net\/wp-content\/uploads\/2018\/09\/EB2018-ouistreham-le-camo-accueille-l-echappee-normande-de-l-altertour.jpg","keywords":["Bure","nucl\u00e9aire","ouest france","Calvados","Normandie","Flamanville","Nathalie Lecornu-Baert","Ouistreham","Camo","Collectif d\u2019aide aux migrants \u00e0 Ouistreham","Dans ma culotte","Barbeville","h\u00f4pital Saint-\u00c9tienne-du-Rouvray","La Hague"],"articleSection":["Echapp\u00e9e Belle","Revue de presse","\u00c9dition 2018","Normandie"],"inLanguage":"fr-FR"},{"@type":"WebPage","@id":"https:\/\/www.altercampagne.net\/?p=12030","url":"https:\/\/www.altercampagne.net\/?p=12030","name":"Ouistreham. Le Camo accueille l\u2019\u00c9chapp\u00e9e normande de l'AlterTour - AlterTour","isPartOf":{"@id":"https:\/\/www.altercampagne.net\/#website"},"primaryImageOfPage":{"@id":"https:\/\/www.altercampagne.net\/?p=12030#primaryimage"},"image":{"@id":"https:\/\/www.altercampagne.net\/?p=12030#primaryimage"},"thumbnailUrl":"https:\/\/www.altercampagne.net\/wp-content\/uploads\/2018\/09\/EB2018-ouistreham-le-camo-accueille-l-echappee-normande-de-l-altertour.jpg","datePublished":"2018-07-19T18:00:31+00:00","dateModified":"2018-09-05T14:12:47+00:00","author":{"@id":"https:\/\/www.altercampagne.net\/#\/schema\/person\/0f261460c09e430caa0f9bcffa319109"},"breadcrumb":{"@id":"https:\/\/www.altercampagne.net\/?p=12030#breadcrumb"},"inLanguage":"fr-FR","potentialAction":[{"@type":"ReadAction","target":["https:\/\/www.altercampagne.net\/?p=12030"]}]},{"@type":"ImageObject","inLanguage":"fr-FR","@id":"https:\/\/www.altercampagne.net\/?p=12030#primaryimage","url":"https:\/\/www.altercampagne.net\/wp-content\/uploads\/2018\/09\/EB2018-ouistreham-le-camo-accueille-l-echappee-normande-de-l-altertour.jpg","contentUrl":"https:\/\/www.altercampagne.net\/wp-content\/uploads\/2018\/09\/EB2018-ouistreham-le-camo-accueille-l-echappee-normande-de-l-altertour.jpg","width":1000,"height":522},{"@type":"BreadcrumbList","@id":"https:\/\/www.altercampagne.net\/?p=12030#breadcrumb","itemListElement":[{"@type":"ListItem","position":1,"name":"Accueil","item":"https:\/\/www.altercampagne.net\/"},{"@type":"ListItem","position":2,"name":"Ouistreham. Le Camo accueille l\u2019\u00c9chapp\u00e9e normande de l&rsquo;AlterTour"}]},{"@type":"WebSite","@id":"https:\/\/www.altercampagne.net\/#website","url":"https:\/\/www.altercampagne.net\/","name":"AlterTour","description":"Reliez les Alternatives \u00e0 v\u00e9lo","potentialAction":[{"@type":"SearchAction","target":{"@type":"EntryPoint","urlTemplate":"https:\/\/www.altercampagne.net\/?s={search_term_string}"},"query-input":{"@type":"PropertyValueSpecification","valueRequired":true,"valueName":"search_term_string"}}],"inLanguage":"fr-FR"},{"@type":"Person","@id":"https:\/\/www.altercampagne.net\/#\/schema\/person\/0f261460c09e430caa0f9bcffa319109","name":"Mathieu","image":{"@type":"ImageObject","inLanguage":"fr-FR","@id":"https:\/\/secure.gravatar.com\/avatar\/aa9d3d24c83f2141e5e2709d0f63d09a99f6be6bb7a50abc4915838d9f54501a?s=96&d=mm&r=g","url":"https:\/\/secure.gravatar.com\/avatar\/aa9d3d24c83f2141e5e2709d0f63d09a99f6be6bb7a50abc4915838d9f54501a?s=96&d=mm&r=g","contentUrl":"https:\/\/secure.gravatar.com\/avatar\/aa9d3d24c83f2141e5e2709d0f63d09a99f6be6bb7a50abc4915838d9f54501a?s=96&d=mm&r=g","caption":"Mathieu"},"url":"https:\/\/www.altercampagne.net\/?author=214"}]}},"_links":{"self":[{"href":"https:\/\/www.altercampagne.net\/index.php?rest_route=\/wp\/v2\/posts\/12030","targetHints":{"allow":["GET"]}}],"collection":[{"href":"https:\/\/www.altercampagne.net\/index.php?rest_route=\/wp\/v2\/posts"}],"about":[{"href":"https:\/\/www.altercampagne.net\/index.php?rest_route=\/wp\/v2\/types\/post"}],"author":[{"embeddable":true,"href":"https:\/\/www.altercampagne.net\/index.php?rest_route=\/wp\/v2\/users\/214"}],"replies":[{"embeddable":true,"href":"https:\/\/www.altercampagne.net\/index.php?rest_route=%2Fwp%2Fv2%2Fcomments&post=12030"}],"version-history":[{"count":0,"href":"https:\/\/www.altercampagne.net\/index.php?rest_route=\/wp\/v2\/posts\/12030\/revisions"}],"wp:featuredmedia":[{"embeddable":true,"href":"https:\/\/www.altercampagne.net\/index.php?rest_route=\/wp\/v2\/media\/12031"}],"wp:attachment":[{"href":"https:\/\/www.altercampagne.net\/index.php?rest_route=%2Fwp%2Fv2%2Fmedia&parent=12030"}],"wp:term":[{"taxonomy":"category","embeddable":true,"href":"https:\/\/www.altercampagne.net\/index.php?rest_route=%2Fwp%2Fv2%2Fcategories&post=12030"},{"taxonomy":"post_tag","embeddable":true,"href":"https:\/\/www.altercampagne.net\/index.php?rest_route=%2Fwp%2Fv2%2Ftags&post=12030"}],"curies":[{"name":"wp","href":"https:\/\/api.w.org\/{rel}","templated":true}]}}