{"id":12033,"date":"2018-08-02T20:14:48","date_gmt":"2018-08-02T18:14:48","guid":{"rendered":"http:\/\/www.altercampagne.net\/?p=12033"},"modified":"2018-09-14T17:32:41","modified_gmt":"2018-09-14T15:32:41","slug":"altertour-des-cyclistes-ecologistes-font-escale-dans-la-marne","status":"publish","type":"post","link":"https:\/\/www.altercampagne.net\/?p=12033","title":{"rendered":"AlterTour : des cyclistes \u00e9cologistes font escale dans la Marne"},"content":{"rendered":"<p>L&rsquo;AlterTour a fait \u00e9tape ce mercredi 1er ao\u00fbt dans la Marne. Depuis le 14 juillet, pr\u00e8s de 300 cyclistes se relaient sur la route d&rsquo;Amiens \u00e0 Strasbourg et s&rsquo;arr\u00eatent pour d\u00e9couvrir des initiatives \u00e9cologistes.<\/p>\n<p>Une trentaine de cyclistes d&rsquo;AlterTour ont assist\u00e9 aux 1\u00e8res rencontres d\u00e9di\u00e9s \u00e0 la permaculture ce mercredi 1er ao\u00fbt \u00e0 Maisons-en-Champagne. Cette \u00e9tape est l&rsquo;une des nombreuses d\u00e9couvertes d<strong>&lsquo;initiatives \u00e9cologistes<\/strong> qui jalonnent leurs trajets d&rsquo;Amiens \u00e0 Strasbourg. Au total, pr\u00e8s de 300 cyclistes se relaient du 14 juillet au 26 ao\u00fbt pour ce tour.<\/p>\n<p>Herv\u00e9, un quinquag\u00e9naire, en est \u00e0 sa 5\u00e8me participation \u00e0 <strong>l&rsquo;AlterTour<\/strong>. Cet \u00e9picier du Limousin a d\u00e9cid\u00e9 d&rsquo;arr\u00eater de donner des sacs en plastique \u00e0 ces clients apr\u00e8s l&rsquo;une des \u00e9tapes: \u00ab\u00a0<em>On avait une conf\u00e9rence d&rsquo;une femme qui avait \u00e9crit un livre sur l&rsquo;exp\u00e9rience 0 d\u00e9chets. \u00c7a m&rsquo;a incit\u00e9 \u00e0 y r\u00e9fl\u00e9chir \u00e0 deux fois.<\/em>\u00a0\u00bb<\/p>\n<p>Durant cette \u00e9tape, les cyclistes sont install\u00e9s dans des tentes sur le terrain de foot de la commune. \u00c9colo jusqu&rsquo;au bout, ils sont \u00e9quip\u00e9s de toilettes s\u00e8ches, font leur propre savon et ne cuisinent que des plats v\u00e9g\u00e9tariens issus d&rsquo;agriculteurs bio locaux. Annie, l&rsquo;une des alter-cyclistes, est devenu <strong>v\u00e9g\u00e9tarienne<\/strong> apr\u00e8s sa premi\u00e8re participation: \u00ab\u00a0<em>En rentrant chez moi, je me suis dit que j&rsquo;allais continuer \u00e0 manger sans viande. AlterTour m&rsquo;a appris \u00e0 cuisiner v\u00e9g\u00e9tarien.<\/em>\u00a0\u00bb<\/p>\n<p>\u00ab\u00a0<em>Nous incarnons les m\u00eames valeurs que les gens que nous rencontrons<\/em>\u00ab\u00a0, explique Vincent, l&rsquo;un des organisateurs de l&rsquo;AlterTour. \u00ab\u00a0<em>On va voir des alternatives, mais<\/em> <strong>nous sommes nous-m\u00eames une alternative<\/strong><em>. Les participants apprennent aussi \u00e0 vivre, \u00e0 penser, \u00e0 consommer diff\u00e9remment.<\/em>\u00a0\u00bb<\/p>\n<p>C\u00f4t\u00e9 budget, l&rsquo;AlterTour se finance gr\u00e2ce aux <strong>dons<\/strong> des participants. Le prix est libre, mais une cotisation quotidienne est demand\u00e9e aux cyclistes. D&rsquo;apr\u00e8s les organisateurs, la cotisation moyenne serait de 30\u20ac.<\/p>\n<p style=\"text-align: right;\"><strong><a href=\"https:\/\/www.francebleu.fr\/infos\/societe\/alter-tour-des-cyclistes-ecologistes-font-escale-dans-la-marne-1533156025\" target=\"_blank\" rel=\"noopener\"><span class=\"authors\"> Rapha\u00ebl Cann, <span class=\"locale\" data-station-title=\"France Bleu Champagne-Ardenne\" data-station-id=\"21\" data-station=\"champagne-ardenne\"> France Bleu Champagne-Ardenne<\/span><\/span><\/a>, Le 02\/08\/2018<\/strong><\/p>\n","protected":false},"excerpt":{"rendered":"<p>L&rsquo;AlterTour a fait \u00e9tape ce mercredi 1er ao\u00fbt dans la Marne. Depuis le 14 juillet, pr\u00e8s de 300 cyclistes se relaient sur la route d&rsquo;Amiens \u00e0 Strasbourg et s&rsquo;arr\u00eatent pour d\u00e9couvrir des initiatives \u00e9cologistes. Une trentaine de cyclistes d&rsquo;AlterTour ont assist\u00e9 aux 1\u00e8res rencontres d\u00e9di\u00e9s \u00e0 la permaculture ce mercredi &#8230; <\/p>\n<div><a href=\"https:\/\/www.altercampagne.net\/?p=12033\" class=\"more-link\">Read More<\/a><\/div>\n","protected":false},"author":214,"featured_media":12036,"comment_status":"closed","ping_status":"closed","sticky":false,"template":"","format":"standard","meta":{"footnotes":""},"categories":[3483,3475,239,3470],"tags":[2774,3235,3599,3744,3745,3772],"class_list":["post-12033","post","type-post","status-publish","format-standard","has-post-thumbnail","hentry","category-agriculture","category-grand-est","category-revue-de-presse","category-edition-2018","tag-champagne-ardenne","tag-marne","tag-maisons-en-champagne","tag-raphael-cann","tag-france-bleu-champagne-ardenne","tag-radio"],"yoast_head":"<!-- This site is optimized with the Yoast SEO plugin v27.3 - https:\/\/yoast.com\/product\/yoast-seo-wordpress\/ -->\n<title>AlterTour : des cyclistes \u00e9cologistes font escale dans la Marne - AlterTour<\/title>\n<meta name=\"robots\" content=\"index, follow, max-snippet:-1, max-image-preview:large, max-video-preview:-1\" \/>\n<link rel=\"canonical\" href=\"https:\/\/www.altercampagne.net\/?p=12033\" \/>\n<meta property=\"og:locale\" content=\"fr_FR\" \/>\n<meta property=\"og:type\" content=\"article\" \/>\n<meta property=\"og:title\" content=\"AlterTour : des cyclistes \u00e9cologistes font escale dans la Marne - AlterTour\" \/>\n<meta property=\"og:description\" content=\"L&rsquo;AlterTour a fait \u00e9tape ce mercredi 1er ao\u00fbt dans la Marne. Depuis le 14 juillet, pr\u00e8s de 300 cyclistes se relaient sur la route d&rsquo;Amiens \u00e0 Strasbourg et s&rsquo;arr\u00eatent pour d\u00e9couvrir des initiatives \u00e9cologistes. Une trentaine de cyclistes d&rsquo;AlterTour ont assist\u00e9 aux 1\u00e8res rencontres d\u00e9di\u00e9s \u00e0 la permaculture ce mercredi ... Read More\" \/>\n<meta property=\"og:url\" content=\"https:\/\/www.altercampagne.net\/?p=12033\" \/>\n<meta property=\"og:site_name\" content=\"AlterTour\" \/>\n<meta property=\"article:published_time\" content=\"2018-08-02T18:14:48+00:00\" \/>\n<meta property=\"article:modified_time\" content=\"2018-09-14T15:32:41+00:00\" \/>\n<meta property=\"og:image\" content=\"https:\/\/www.altercampagne.net\/wp-content\/uploads\/2018\/09\/AT2018-08-02-France-bleu-870x489_img_0759.jpg\" \/>\n\t<meta property=\"og:image:width\" content=\"870\" \/>\n\t<meta property=\"og:image:height\" content=\"455\" \/>\n\t<meta property=\"og:image:type\" content=\"image\/jpeg\" \/>\n<meta name=\"author\" content=\"Mathieu\" \/>\n<meta name=\"twitter:card\" content=\"summary_large_image\" \/>\n<meta name=\"twitter:label1\" content=\"\u00c9crit par\" \/>\n\t<meta name=\"twitter:data1\" content=\"Mathieu\" \/>\n\t<meta name=\"twitter:label2\" content=\"Dur\u00e9e de lecture estim\u00e9e\" \/>\n\t<meta name=\"twitter:data2\" content=\"2 minutes\" \/>\n<script type=\"application\/ld+json\" class=\"yoast-schema-graph\">{\"@context\":\"https:\\\/\\\/schema.org\",\"@graph\":[{\"@type\":\"Article\",\"@id\":\"https:\\\/\\\/www.altercampagne.net\\\/?p=12033#article\",\"isPartOf\":{\"@id\":\"https:\\\/\\\/www.altercampagne.net\\\/?p=12033\"},\"author\":{\"name\":\"Mathieu\",\"@id\":\"https:\\\/\\\/www.altercampagne.net\\\/#\\\/schema\\\/person\\\/0f261460c09e430caa0f9bcffa319109\"},\"headline\":\"AlterTour : des cyclistes \u00e9cologistes font escale dans la Marne\",\"datePublished\":\"2018-08-02T18:14:48+00:00\",\"dateModified\":\"2018-09-14T15:32:41+00:00\",\"mainEntityOfPage\":{\"@id\":\"https:\\\/\\\/www.altercampagne.net\\\/?p=12033\"},\"wordCount\":341,\"image\":{\"@id\":\"https:\\\/\\\/www.altercampagne.net\\\/?p=12033#primaryimage\"},\"thumbnailUrl\":\"https:\\\/\\\/www.altercampagne.net\\\/wp-content\\\/uploads\\\/2018\\\/09\\\/AT2018-08-02-France-bleu-870x489_img_0759.jpg\",\"keywords\":[\"champagne-Ardenne\",\"Marne\",\"Maisons-en-Champagne\",\"Rapha\u00ebl Cann\",\"France Bleu Champagne-Ardenne\",\"radio\"],\"articleSection\":[\"Agriculture\",\"Grand Est\",\"Revue de presse\",\"\u00c9dition 2018\"],\"inLanguage\":\"fr-FR\"},{\"@type\":\"WebPage\",\"@id\":\"https:\\\/\\\/www.altercampagne.net\\\/?p=12033\",\"url\":\"https:\\\/\\\/www.altercampagne.net\\\/?p=12033\",\"name\":\"AlterTour : des cyclistes \u00e9cologistes font escale dans la Marne - AlterTour\",\"isPartOf\":{\"@id\":\"https:\\\/\\\/www.altercampagne.net\\\/#website\"},\"primaryImageOfPage\":{\"@id\":\"https:\\\/\\\/www.altercampagne.net\\\/?p=12033#primaryimage\"},\"image\":{\"@id\":\"https:\\\/\\\/www.altercampagne.net\\\/?p=12033#primaryimage\"},\"thumbnailUrl\":\"https:\\\/\\\/www.altercampagne.net\\\/wp-content\\\/uploads\\\/2018\\\/09\\\/AT2018-08-02-France-bleu-870x489_img_0759.jpg\",\"datePublished\":\"2018-08-02T18:14:48+00:00\",\"dateModified\":\"2018-09-14T15:32:41+00:00\",\"author\":{\"@id\":\"https:\\\/\\\/www.altercampagne.net\\\/#\\\/schema\\\/person\\\/0f261460c09e430caa0f9bcffa319109\"},\"breadcrumb\":{\"@id\":\"https:\\\/\\\/www.altercampagne.net\\\/?p=12033#breadcrumb\"},\"inLanguage\":\"fr-FR\",\"potentialAction\":[{\"@type\":\"ReadAction\",\"target\":[\"https:\\\/\\\/www.altercampagne.net\\\/?p=12033\"]}]},{\"@type\":\"ImageObject\",\"inLanguage\":\"fr-FR\",\"@id\":\"https:\\\/\\\/www.altercampagne.net\\\/?p=12033#primaryimage\",\"url\":\"https:\\\/\\\/www.altercampagne.net\\\/wp-content\\\/uploads\\\/2018\\\/09\\\/AT2018-08-02-France-bleu-870x489_img_0759.jpg\",\"contentUrl\":\"https:\\\/\\\/www.altercampagne.net\\\/wp-content\\\/uploads\\\/2018\\\/09\\\/AT2018-08-02-France-bleu-870x489_img_0759.jpg\",\"width\":870,\"height\":455},{\"@type\":\"BreadcrumbList\",\"@id\":\"https:\\\/\\\/www.altercampagne.net\\\/?p=12033#breadcrumb\",\"itemListElement\":[{\"@type\":\"ListItem\",\"position\":1,\"name\":\"Accueil\",\"item\":\"https:\\\/\\\/www.altercampagne.net\\\/\"},{\"@type\":\"ListItem\",\"position\":2,\"name\":\"AlterTour : des cyclistes \u00e9cologistes font escale dans la Marne\"}]},{\"@type\":\"WebSite\",\"@id\":\"https:\\\/\\\/www.altercampagne.net\\\/#website\",\"url\":\"https:\\\/\\\/www.altercampagne.net\\\/\",\"name\":\"AlterTour\",\"description\":\"Reliez les Alternatives \u00e0 v\u00e9lo\",\"potentialAction\":[{\"@type\":\"SearchAction\",\"target\":{\"@type\":\"EntryPoint\",\"urlTemplate\":\"https:\\\/\\\/www.altercampagne.net\\\/?s={search_term_string}\"},\"query-input\":{\"@type\":\"PropertyValueSpecification\",\"valueRequired\":true,\"valueName\":\"search_term_string\"}}],\"inLanguage\":\"fr-FR\"},{\"@type\":\"Person\",\"@id\":\"https:\\\/\\\/www.altercampagne.net\\\/#\\\/schema\\\/person\\\/0f261460c09e430caa0f9bcffa319109\",\"name\":\"Mathieu\",\"image\":{\"@type\":\"ImageObject\",\"inLanguage\":\"fr-FR\",\"@id\":\"https:\\\/\\\/secure.gravatar.com\\\/avatar\\\/aa9d3d24c83f2141e5e2709d0f63d09a99f6be6bb7a50abc4915838d9f54501a?s=96&d=mm&r=g\",\"url\":\"https:\\\/\\\/secure.gravatar.com\\\/avatar\\\/aa9d3d24c83f2141e5e2709d0f63d09a99f6be6bb7a50abc4915838d9f54501a?s=96&d=mm&r=g\",\"contentUrl\":\"https:\\\/\\\/secure.gravatar.com\\\/avatar\\\/aa9d3d24c83f2141e5e2709d0f63d09a99f6be6bb7a50abc4915838d9f54501a?s=96&d=mm&r=g\",\"caption\":\"Mathieu\"},\"url\":\"https:\\\/\\\/www.altercampagne.net\\\/?author=214\"}]}<\/script>\n<!-- \/ Yoast SEO plugin. -->","yoast_head_json":{"title":"AlterTour : des cyclistes \u00e9cologistes font escale dans la Marne - AlterTour","robots":{"index":"index","follow":"follow","max-snippet":"max-snippet:-1","max-image-preview":"max-image-preview:large","max-video-preview":"max-video-preview:-1"},"canonical":"https:\/\/www.altercampagne.net\/?p=12033","og_locale":"fr_FR","og_type":"article","og_title":"AlterTour : des cyclistes \u00e9cologistes font escale dans la Marne - AlterTour","og_description":"L&rsquo;AlterTour a fait \u00e9tape ce mercredi 1er ao\u00fbt dans la Marne. Depuis le 14 juillet, pr\u00e8s de 300 cyclistes se relaient sur la route d&rsquo;Amiens \u00e0 Strasbourg et s&rsquo;arr\u00eatent pour d\u00e9couvrir des initiatives \u00e9cologistes. Une trentaine de cyclistes d&rsquo;AlterTour ont assist\u00e9 aux 1\u00e8res rencontres d\u00e9di\u00e9s \u00e0 la permaculture ce mercredi ... Read More","og_url":"https:\/\/www.altercampagne.net\/?p=12033","og_site_name":"AlterTour","article_published_time":"2018-08-02T18:14:48+00:00","article_modified_time":"2018-09-14T15:32:41+00:00","og_image":[{"width":870,"height":455,"url":"https:\/\/www.altercampagne.net\/wp-content\/uploads\/2018\/09\/AT2018-08-02-France-bleu-870x489_img_0759.jpg","type":"image\/jpeg"}],"author":"Mathieu","twitter_card":"summary_large_image","twitter_misc":{"\u00c9crit par":"Mathieu","Dur\u00e9e de lecture estim\u00e9e":"2 minutes"},"schema":{"@context":"https:\/\/schema.org","@graph":[{"@type":"Article","@id":"https:\/\/www.altercampagne.net\/?p=12033#article","isPartOf":{"@id":"https:\/\/www.altercampagne.net\/?p=12033"},"author":{"name":"Mathieu","@id":"https:\/\/www.altercampagne.net\/#\/schema\/person\/0f261460c09e430caa0f9bcffa319109"},"headline":"AlterTour : des cyclistes \u00e9cologistes font escale dans la Marne","datePublished":"2018-08-02T18:14:48+00:00","dateModified":"2018-09-14T15:32:41+00:00","mainEntityOfPage":{"@id":"https:\/\/www.altercampagne.net\/?p=12033"},"wordCount":341,"image":{"@id":"https:\/\/www.altercampagne.net\/?p=12033#primaryimage"},"thumbnailUrl":"https:\/\/www.altercampagne.net\/wp-content\/uploads\/2018\/09\/AT2018-08-02-France-bleu-870x489_img_0759.jpg","keywords":["champagne-Ardenne","Marne","Maisons-en-Champagne","Rapha\u00ebl Cann","France Bleu Champagne-Ardenne","radio"],"articleSection":["Agriculture","Grand Est","Revue de presse","\u00c9dition 2018"],"inLanguage":"fr-FR"},{"@type":"WebPage","@id":"https:\/\/www.altercampagne.net\/?p=12033","url":"https:\/\/www.altercampagne.net\/?p=12033","name":"AlterTour : des cyclistes \u00e9cologistes font escale dans la Marne - AlterTour","isPartOf":{"@id":"https:\/\/www.altercampagne.net\/#website"},"primaryImageOfPage":{"@id":"https:\/\/www.altercampagne.net\/?p=12033#primaryimage"},"image":{"@id":"https:\/\/www.altercampagne.net\/?p=12033#primaryimage"},"thumbnailUrl":"https:\/\/www.altercampagne.net\/wp-content\/uploads\/2018\/09\/AT2018-08-02-France-bleu-870x489_img_0759.jpg","datePublished":"2018-08-02T18:14:48+00:00","dateModified":"2018-09-14T15:32:41+00:00","author":{"@id":"https:\/\/www.altercampagne.net\/#\/schema\/person\/0f261460c09e430caa0f9bcffa319109"},"breadcrumb":{"@id":"https:\/\/www.altercampagne.net\/?p=12033#breadcrumb"},"inLanguage":"fr-FR","potentialAction":[{"@type":"ReadAction","target":["https:\/\/www.altercampagne.net\/?p=12033"]}]},{"@type":"ImageObject","inLanguage":"fr-FR","@id":"https:\/\/www.altercampagne.net\/?p=12033#primaryimage","url":"https:\/\/www.altercampagne.net\/wp-content\/uploads\/2018\/09\/AT2018-08-02-France-bleu-870x489_img_0759.jpg","contentUrl":"https:\/\/www.altercampagne.net\/wp-content\/uploads\/2018\/09\/AT2018-08-02-France-bleu-870x489_img_0759.jpg","width":870,"height":455},{"@type":"BreadcrumbList","@id":"https:\/\/www.altercampagne.net\/?p=12033#breadcrumb","itemListElement":[{"@type":"ListItem","position":1,"name":"Accueil","item":"https:\/\/www.altercampagne.net\/"},{"@type":"ListItem","position":2,"name":"AlterTour : des cyclistes \u00e9cologistes font escale dans la Marne"}]},{"@type":"WebSite","@id":"https:\/\/www.altercampagne.net\/#website","url":"https:\/\/www.altercampagne.net\/","name":"AlterTour","description":"Reliez les Alternatives \u00e0 v\u00e9lo","potentialAction":[{"@type":"SearchAction","target":{"@type":"EntryPoint","urlTemplate":"https:\/\/www.altercampagne.net\/?s={search_term_string}"},"query-input":{"@type":"PropertyValueSpecification","valueRequired":true,"valueName":"search_term_string"}}],"inLanguage":"fr-FR"},{"@type":"Person","@id":"https:\/\/www.altercampagne.net\/#\/schema\/person\/0f261460c09e430caa0f9bcffa319109","name":"Mathieu","image":{"@type":"ImageObject","inLanguage":"fr-FR","@id":"https:\/\/secure.gravatar.com\/avatar\/aa9d3d24c83f2141e5e2709d0f63d09a99f6be6bb7a50abc4915838d9f54501a?s=96&d=mm&r=g","url":"https:\/\/secure.gravatar.com\/avatar\/aa9d3d24c83f2141e5e2709d0f63d09a99f6be6bb7a50abc4915838d9f54501a?s=96&d=mm&r=g","contentUrl":"https:\/\/secure.gravatar.com\/avatar\/aa9d3d24c83f2141e5e2709d0f63d09a99f6be6bb7a50abc4915838d9f54501a?s=96&d=mm&r=g","caption":"Mathieu"},"url":"https:\/\/www.altercampagne.net\/?author=214"}]}},"_links":{"self":[{"href":"https:\/\/www.altercampagne.net\/index.php?rest_route=\/wp\/v2\/posts\/12033","targetHints":{"allow":["GET"]}}],"collection":[{"href":"https:\/\/www.altercampagne.net\/index.php?rest_route=\/wp\/v2\/posts"}],"about":[{"href":"https:\/\/www.altercampagne.net\/index.php?rest_route=\/wp\/v2\/types\/post"}],"author":[{"embeddable":true,"href":"https:\/\/www.altercampagne.net\/index.php?rest_route=\/wp\/v2\/users\/214"}],"replies":[{"embeddable":true,"href":"https:\/\/www.altercampagne.net\/index.php?rest_route=%2Fwp%2Fv2%2Fcomments&post=12033"}],"version-history":[{"count":0,"href":"https:\/\/www.altercampagne.net\/index.php?rest_route=\/wp\/v2\/posts\/12033\/revisions"}],"wp:featuredmedia":[{"embeddable":true,"href":"https:\/\/www.altercampagne.net\/index.php?rest_route=\/wp\/v2\/media\/12036"}],"wp:attachment":[{"href":"https:\/\/www.altercampagne.net\/index.php?rest_route=%2Fwp%2Fv2%2Fmedia&parent=12033"}],"wp:term":[{"taxonomy":"category","embeddable":true,"href":"https:\/\/www.altercampagne.net\/index.php?rest_route=%2Fwp%2Fv2%2Fcategories&post=12033"},{"taxonomy":"post_tag","embeddable":true,"href":"https:\/\/www.altercampagne.net\/index.php?rest_route=%2Fwp%2Fv2%2Ftags&post=12033"}],"curies":[{"name":"wp","href":"https:\/\/api.w.org\/{rel}","templated":true}]}}