{"id":12042,"date":"2018-07-31T20:34:51","date_gmt":"2018-07-31T18:34:51","guid":{"rendered":"http:\/\/www.altercampagne.net\/?p=12042"},"modified":"2018-09-05T15:55:58","modified_gmt":"2018-09-05T13:55:58","slug":"meaux-%e2%96%ba-altertour-les-cyclistes-ont-fait-etape-au-centre-louis-braille","status":"publish","type":"post","link":"https:\/\/www.altercampagne.net\/?p=12042","title":{"rendered":"Meaux \u25ba AlterTour : les cyclistes ont fait \u00e9tape au centre Louis-Braille"},"content":{"rendered":"<p><strong>L\u2019AlterTour est arriv\u00e9 \u00e0 Meaux, au centre municipal Louis-Braille, pour une nouvelle \u00e9tape \u00e0 la rencontre des alternatives associatives de la ville, vendredi 27 juillet \u00e0 16 heures.\u00a0Les cyclistes sont partis d\u2019Amiens le 14 juillet et termineront leur parcours, le 26 ao\u00fbt, \u00e0 Kolbsheim, pr\u00e8s de Strasbourg.<\/strong><\/p>\n<p>Apr\u00e8s une journ\u00e9e \u00e0 p\u00e9daler sous un soleil de plomb, ils \u00e9taient bien contents de pouvoir poser leur v\u00e9lo et se rafra\u00eechir \u00e0 l\u2019ombre des barnums mis \u00e0 disposition.\u00a0Certains n\u2019ont pas h\u00e9sit\u00e9 pas \u00e0 se verser une bouteille d\u2019eau sur la t\u00eate ou sur celle des autres, ce qui a cr\u00e9\u00e9 un joyeux moment de d\u00e9tente.<\/p>\n<p>Les cyclistes ont \u00e9t\u00e9 accueillis par l\u2019association Ecotemps Briard au centre municipal Louis-Braille o\u00f9 ils ont camp\u00e9 pour la nuit avant de repartir, samedi \u00e0 9 heures, en direction de\u00a0 Montmirail.<\/p>\n<p>Mathieu Fromont, le coordinateur d\u2019AlterTour, d\u00e9crit la manifestation : \u00ab\u00a0AlterTour est une association sans pr\u00e9sident, cr\u00e9e en 2008 suite aux journ\u00e9es mondiales d\u2018opposition aux OGM. Pour le premier AlterTour, nous \u00e9tions cent vingt participants pendant six semaines, une \u00e9quipe compos\u00e9e\u00a0 essentiellement d\u2019agriculteurs en faveur de la biodiversit\u00e9.\u00a0Aujourd\u2019hui, nous abordons des sujets plus diversifi\u00e9s comme l\u2019habitat, l\u2019\u00e9nergie, l\u2019\u00e9conomie, les relations sociales.\u00a0Cette ann\u00e9e, pour la onzi\u00e8me \u00e9dition, trois cents personnes de tous \u00e2ges, y compris des enfants, se sont jointes au parcours\u00a0\u00bb.<\/p>\n<p>Les cyclistes viennent de diverses contr\u00e9es, comme David P\u00e9rez de Barcelone, ou bien Monique et Ren\u00e9 Fauvergue d\u2019Hazebrouck (Nord). Monique raconte :\u00a0<strong>\u00ab Nous d\u00e9couvrons et vivons de nouvelles exp\u00e9riences, comme lors de notre passage \u00e0 la ferme p\u00e9dagogique P13 en face de l\u2019universit\u00e9 de Villetaneuse qui accueille des animaux abandonn\u00e9s ou maltrait\u00e9s \u00bb.<\/strong><\/p>\n<p>Muriel H\u00e9richer, adjointe au maire \u00e0 la culture et au patrimoine, et Isabelle Delahaye, pr\u00e9sidente de l\u2019association Ecotemps Briard, ont annonc\u00e9 le programme de la soir\u00e9e\u00a0:\u00a0rencontre avec les associations, Les incroyables comestibles meldois, Graines de savoir, les jardins collectifs et bien s\u00fbr Ecotemps Briard sur le th\u00e8me du partage, de la solidarit\u00e9, de l\u2019entraide et l\u2019anti-gaspillage.<\/p>\n<p>Pendant une heure a \u00e9galement eu lieu un atelier \u00ab\u00a0communication non violente et prise de d\u00e9cision collective\u00a0\u00bb, suivi d\u2019un repas partag\u00e9. AlterTour s\u2019occupait du plat principal et l\u2019association Ecotemps Briard apportait le fromage de Brie ainsi que la moutarde de Meaux.<\/p>\n<p>St\u00e9phane Cuilliers, adh\u00e9rent d\u2019Ecotemps Briard et batteur du groupe de rock Aress, regrette : \u00ab\u00a0En janvier, notre\u00a0groupe avait anim\u00e9 une soir\u00e9e organis\u00e9e par l\u2019association mais l\u00e0, la plupart des musiciens sont en vacances\u00a0\u00bb.<\/p>\n<p>Les cyclistes ont mont\u00e9 leurs tentes sur la pelouse du centre municipal, le regard tourn\u00e9 vers le ciel qui envoyait quelques grondements de tonner tout en se couvrant<strong>.\u00a0<\/strong>\u00ab\u00a0Si l\u2019orage est trop violent, nous pourrons nous r\u00e9fugier dans le centre municipal\u00a0\u00bb<strong>, a<\/strong> lanc\u00e9 une participante un peu inqui\u00e8te.<\/p>\n<p>L\u2019association Ecotemps Briard qui accueillait l\u2019AlterTour a \u00e9t\u00e9 cr\u00e9\u00e9e en novembre 2017.\u00a0Jean-Claude Roux, le vice-pr\u00e9sident explique\u00a0: <strong>\u00ab\u00a0Ecotemps Briard est une association d\u2019\u00e9change gratuit de services et de savoirs. Le principe est d\u2019exp\u00e9rimenter d\u2019autres rapports que par l\u2019argent ; nous voulons am\u00e9liorer le pouvoir d\u2019achat, la solidarit\u00e9, la convivialit\u00e9, l\u2019id\u00e9e de partage. <\/strong>Une heure de service rendu donne droit \u00e0 une heure d\u2019un autre service \u00e9chang\u00e9.\u00a0Par exemple St\u00e9phane a fait garder son chat pendant trois semaines en \u00e9change de notions d\u2019informatique.\u00a0Cela peut \u00eatre un cours de cuisine, une r\u00e9paration en plomberie, l\u2019\u00e9change peut \u00e9galement se faire par t\u00e9l\u00e9phone.\u00a0Pour commencer, il faut donner cinq heures de son temps pour b\u00e9n\u00e9ficier \u00e0 son tour de services d\u2019\u00e9change\u00a0\u00bb.<\/p>\n<p style=\"text-align: right;\"><strong><a href=\"http:\/\/www.magjournal77.fr\/meaux-altertour-les-cyclistes-ont-fait-etape-au-centre-louis-braille\/\" target=\"_blank\" rel=\"noopener\"> Nelly Barras, Magjournal 77<\/a>, Le 31\/07\/2018<\/strong><\/p>\n","protected":false},"excerpt":{"rendered":"<p>L\u2019AlterTour est arriv\u00e9 \u00e0 Meaux, au centre municipal Louis-Braille, pour une nouvelle \u00e9tape \u00e0 la rencontre des alternatives associatives de la ville, vendredi 27 juillet \u00e0 16 heures.\u00a0Les cyclistes sont partis d\u2019Amiens le 14 juillet et termineront leur parcours, le 26 ao\u00fbt, \u00e0 Kolbsheim, pr\u00e8s de Strasbourg. Apr\u00e8s une journ\u00e9e &#8230; <\/p>\n<div><a href=\"https:\/\/www.altercampagne.net\/?p=12042\" class=\"more-link\">Read More<\/a><\/div>\n","protected":false},"author":214,"featured_media":12043,"comment_status":"closed","ping_status":"closed","sticky":false,"template":"","format":"standard","meta":{"footnotes":""},"categories":[239,3470,3477,3488],"tags":[1490,2746,3328,3360,3746,3747,3748,3749],"class_list":["post-12042","post","type-post","status-publish","format-standard","has-post-thumbnail","hentry","category-revue-de-presse","category-edition-2018","category-ile-de-france","category-social","tag-ile-de-france","tag-seine-et-marne","tag-ecotemps-briard","tag-meaux","tag-nelly-barras","tag-magjournal-77","tag-centre-municipal-louis-braille","tag-ecotemps"],"yoast_head":"<!-- This site is optimized with the Yoast SEO plugin v27.3 - https:\/\/yoast.com\/product\/yoast-seo-wordpress\/ -->\n<title>Meaux \u25ba AlterTour : les cyclistes ont fait \u00e9tape au centre Louis-Braille - AlterTour<\/title>\n<meta name=\"robots\" content=\"index, follow, max-snippet:-1, max-image-preview:large, max-video-preview:-1\" \/>\n<link rel=\"canonical\" href=\"https:\/\/www.altercampagne.net\/?p=12042\" \/>\n<meta property=\"og:locale\" content=\"fr_FR\" \/>\n<meta property=\"og:type\" content=\"article\" \/>\n<meta property=\"og:title\" content=\"Meaux \u25ba AlterTour : les cyclistes ont fait \u00e9tape au centre Louis-Braille - AlterTour\" \/>\n<meta property=\"og:description\" content=\"L\u2019AlterTour est arriv\u00e9 \u00e0 Meaux, au centre municipal Louis-Braille, pour une nouvelle \u00e9tape \u00e0 la rencontre des alternatives associatives de la ville, vendredi 27 juillet \u00e0 16 heures.\u00a0Les cyclistes sont partis d\u2019Amiens le 14 juillet et termineront leur parcours, le 26 ao\u00fbt, \u00e0 Kolbsheim, pr\u00e8s de Strasbourg. Apr\u00e8s une journ\u00e9e ... Read More\" \/>\n<meta property=\"og:url\" content=\"https:\/\/www.altercampagne.net\/?p=12042\" \/>\n<meta property=\"og:site_name\" content=\"AlterTour\" \/>\n<meta property=\"article:published_time\" content=\"2018-07-31T18:34:51+00:00\" \/>\n<meta property=\"article:modified_time\" content=\"2018-09-05T13:55:58+00:00\" \/>\n<meta property=\"og:image\" content=\"https:\/\/www.altercampagne.net\/wp-content\/uploads\/2018\/09\/AT2018-07-27-Meaux-AlterTour-27-07-2018.jpg\" \/>\n\t<meta property=\"og:image:width\" content=\"1000\" \/>\n\t<meta property=\"og:image:height\" content=\"523\" \/>\n\t<meta property=\"og:image:type\" content=\"image\/jpeg\" \/>\n<meta name=\"author\" content=\"Mathieu\" \/>\n<meta name=\"twitter:card\" content=\"summary_large_image\" \/>\n<meta name=\"twitter:label1\" content=\"\u00c9crit par\" \/>\n\t<meta name=\"twitter:data1\" content=\"Mathieu\" \/>\n\t<meta name=\"twitter:label2\" content=\"Dur\u00e9e de lecture estim\u00e9e\" \/>\n\t<meta name=\"twitter:data2\" content=\"3 minutes\" \/>\n<script type=\"application\/ld+json\" class=\"yoast-schema-graph\">{\"@context\":\"https:\\\/\\\/schema.org\",\"@graph\":[{\"@type\":\"Article\",\"@id\":\"https:\\\/\\\/www.altercampagne.net\\\/?p=12042#article\",\"isPartOf\":{\"@id\":\"https:\\\/\\\/www.altercampagne.net\\\/?p=12042\"},\"author\":{\"name\":\"Mathieu\",\"@id\":\"https:\\\/\\\/www.altercampagne.net\\\/#\\\/schema\\\/person\\\/0f261460c09e430caa0f9bcffa319109\"},\"headline\":\"Meaux \u25ba AlterTour : les cyclistes ont fait \u00e9tape au centre Louis-Braille\",\"datePublished\":\"2018-07-31T18:34:51+00:00\",\"dateModified\":\"2018-09-05T13:55:58+00:00\",\"mainEntityOfPage\":{\"@id\":\"https:\\\/\\\/www.altercampagne.net\\\/?p=12042\"},\"wordCount\":642,\"image\":{\"@id\":\"https:\\\/\\\/www.altercampagne.net\\\/?p=12042#primaryimage\"},\"thumbnailUrl\":\"https:\\\/\\\/www.altercampagne.net\\\/wp-content\\\/uploads\\\/2018\\\/09\\\/AT2018-07-27-Meaux-AlterTour-27-07-2018.jpg\",\"keywords\":[\"ile-de-france\",\"Seine-et-Marne\",\"Ecotemps briard\",\"Meaux\",\"Nelly Barras\",\"Magjournal 77\",\"centre municipal Louis-Braille\",\"Ecotemps\"],\"articleSection\":[\"Revue de presse\",\"\u00c9dition 2018\",\"\u00cele-de-France\",\"Social\"],\"inLanguage\":\"fr-FR\"},{\"@type\":\"WebPage\",\"@id\":\"https:\\\/\\\/www.altercampagne.net\\\/?p=12042\",\"url\":\"https:\\\/\\\/www.altercampagne.net\\\/?p=12042\",\"name\":\"Meaux \u25ba AlterTour : les cyclistes ont fait \u00e9tape au centre Louis-Braille - AlterTour\",\"isPartOf\":{\"@id\":\"https:\\\/\\\/www.altercampagne.net\\\/#website\"},\"primaryImageOfPage\":{\"@id\":\"https:\\\/\\\/www.altercampagne.net\\\/?p=12042#primaryimage\"},\"image\":{\"@id\":\"https:\\\/\\\/www.altercampagne.net\\\/?p=12042#primaryimage\"},\"thumbnailUrl\":\"https:\\\/\\\/www.altercampagne.net\\\/wp-content\\\/uploads\\\/2018\\\/09\\\/AT2018-07-27-Meaux-AlterTour-27-07-2018.jpg\",\"datePublished\":\"2018-07-31T18:34:51+00:00\",\"dateModified\":\"2018-09-05T13:55:58+00:00\",\"author\":{\"@id\":\"https:\\\/\\\/www.altercampagne.net\\\/#\\\/schema\\\/person\\\/0f261460c09e430caa0f9bcffa319109\"},\"breadcrumb\":{\"@id\":\"https:\\\/\\\/www.altercampagne.net\\\/?p=12042#breadcrumb\"},\"inLanguage\":\"fr-FR\",\"potentialAction\":[{\"@type\":\"ReadAction\",\"target\":[\"https:\\\/\\\/www.altercampagne.net\\\/?p=12042\"]}]},{\"@type\":\"ImageObject\",\"inLanguage\":\"fr-FR\",\"@id\":\"https:\\\/\\\/www.altercampagne.net\\\/?p=12042#primaryimage\",\"url\":\"https:\\\/\\\/www.altercampagne.net\\\/wp-content\\\/uploads\\\/2018\\\/09\\\/AT2018-07-27-Meaux-AlterTour-27-07-2018.jpg\",\"contentUrl\":\"https:\\\/\\\/www.altercampagne.net\\\/wp-content\\\/uploads\\\/2018\\\/09\\\/AT2018-07-27-Meaux-AlterTour-27-07-2018.jpg\",\"width\":1000,\"height\":523},{\"@type\":\"BreadcrumbList\",\"@id\":\"https:\\\/\\\/www.altercampagne.net\\\/?p=12042#breadcrumb\",\"itemListElement\":[{\"@type\":\"ListItem\",\"position\":1,\"name\":\"Accueil\",\"item\":\"https:\\\/\\\/www.altercampagne.net\\\/\"},{\"@type\":\"ListItem\",\"position\":2,\"name\":\"Meaux \u25ba AlterTour : les cyclistes ont fait \u00e9tape au centre Louis-Braille\"}]},{\"@type\":\"WebSite\",\"@id\":\"https:\\\/\\\/www.altercampagne.net\\\/#website\",\"url\":\"https:\\\/\\\/www.altercampagne.net\\\/\",\"name\":\"AlterTour\",\"description\":\"Reliez les Alternatives \u00e0 v\u00e9lo\",\"potentialAction\":[{\"@type\":\"SearchAction\",\"target\":{\"@type\":\"EntryPoint\",\"urlTemplate\":\"https:\\\/\\\/www.altercampagne.net\\\/?s={search_term_string}\"},\"query-input\":{\"@type\":\"PropertyValueSpecification\",\"valueRequired\":true,\"valueName\":\"search_term_string\"}}],\"inLanguage\":\"fr-FR\"},{\"@type\":\"Person\",\"@id\":\"https:\\\/\\\/www.altercampagne.net\\\/#\\\/schema\\\/person\\\/0f261460c09e430caa0f9bcffa319109\",\"name\":\"Mathieu\",\"image\":{\"@type\":\"ImageObject\",\"inLanguage\":\"fr-FR\",\"@id\":\"https:\\\/\\\/secure.gravatar.com\\\/avatar\\\/aa9d3d24c83f2141e5e2709d0f63d09a99f6be6bb7a50abc4915838d9f54501a?s=96&d=mm&r=g\",\"url\":\"https:\\\/\\\/secure.gravatar.com\\\/avatar\\\/aa9d3d24c83f2141e5e2709d0f63d09a99f6be6bb7a50abc4915838d9f54501a?s=96&d=mm&r=g\",\"contentUrl\":\"https:\\\/\\\/secure.gravatar.com\\\/avatar\\\/aa9d3d24c83f2141e5e2709d0f63d09a99f6be6bb7a50abc4915838d9f54501a?s=96&d=mm&r=g\",\"caption\":\"Mathieu\"},\"url\":\"https:\\\/\\\/www.altercampagne.net\\\/?author=214\"}]}<\/script>\n<!-- \/ Yoast SEO plugin. -->","yoast_head_json":{"title":"Meaux \u25ba AlterTour : les cyclistes ont fait \u00e9tape au centre Louis-Braille - AlterTour","robots":{"index":"index","follow":"follow","max-snippet":"max-snippet:-1","max-image-preview":"max-image-preview:large","max-video-preview":"max-video-preview:-1"},"canonical":"https:\/\/www.altercampagne.net\/?p=12042","og_locale":"fr_FR","og_type":"article","og_title":"Meaux \u25ba AlterTour : les cyclistes ont fait \u00e9tape au centre Louis-Braille - AlterTour","og_description":"L\u2019AlterTour est arriv\u00e9 \u00e0 Meaux, au centre municipal Louis-Braille, pour une nouvelle \u00e9tape \u00e0 la rencontre des alternatives associatives de la ville, vendredi 27 juillet \u00e0 16 heures.\u00a0Les cyclistes sont partis d\u2019Amiens le 14 juillet et termineront leur parcours, le 26 ao\u00fbt, \u00e0 Kolbsheim, pr\u00e8s de Strasbourg. Apr\u00e8s une journ\u00e9e ... Read More","og_url":"https:\/\/www.altercampagne.net\/?p=12042","og_site_name":"AlterTour","article_published_time":"2018-07-31T18:34:51+00:00","article_modified_time":"2018-09-05T13:55:58+00:00","og_image":[{"width":1000,"height":523,"url":"https:\/\/www.altercampagne.net\/wp-content\/uploads\/2018\/09\/AT2018-07-27-Meaux-AlterTour-27-07-2018.jpg","type":"image\/jpeg"}],"author":"Mathieu","twitter_card":"summary_large_image","twitter_misc":{"\u00c9crit par":"Mathieu","Dur\u00e9e de lecture estim\u00e9e":"3 minutes"},"schema":{"@context":"https:\/\/schema.org","@graph":[{"@type":"Article","@id":"https:\/\/www.altercampagne.net\/?p=12042#article","isPartOf":{"@id":"https:\/\/www.altercampagne.net\/?p=12042"},"author":{"name":"Mathieu","@id":"https:\/\/www.altercampagne.net\/#\/schema\/person\/0f261460c09e430caa0f9bcffa319109"},"headline":"Meaux \u25ba AlterTour : les cyclistes ont fait \u00e9tape au centre Louis-Braille","datePublished":"2018-07-31T18:34:51+00:00","dateModified":"2018-09-05T13:55:58+00:00","mainEntityOfPage":{"@id":"https:\/\/www.altercampagne.net\/?p=12042"},"wordCount":642,"image":{"@id":"https:\/\/www.altercampagne.net\/?p=12042#primaryimage"},"thumbnailUrl":"https:\/\/www.altercampagne.net\/wp-content\/uploads\/2018\/09\/AT2018-07-27-Meaux-AlterTour-27-07-2018.jpg","keywords":["ile-de-france","Seine-et-Marne","Ecotemps briard","Meaux","Nelly Barras","Magjournal 77","centre municipal Louis-Braille","Ecotemps"],"articleSection":["Revue de presse","\u00c9dition 2018","\u00cele-de-France","Social"],"inLanguage":"fr-FR"},{"@type":"WebPage","@id":"https:\/\/www.altercampagne.net\/?p=12042","url":"https:\/\/www.altercampagne.net\/?p=12042","name":"Meaux \u25ba AlterTour : les cyclistes ont fait \u00e9tape au centre Louis-Braille - AlterTour","isPartOf":{"@id":"https:\/\/www.altercampagne.net\/#website"},"primaryImageOfPage":{"@id":"https:\/\/www.altercampagne.net\/?p=12042#primaryimage"},"image":{"@id":"https:\/\/www.altercampagne.net\/?p=12042#primaryimage"},"thumbnailUrl":"https:\/\/www.altercampagne.net\/wp-content\/uploads\/2018\/09\/AT2018-07-27-Meaux-AlterTour-27-07-2018.jpg","datePublished":"2018-07-31T18:34:51+00:00","dateModified":"2018-09-05T13:55:58+00:00","author":{"@id":"https:\/\/www.altercampagne.net\/#\/schema\/person\/0f261460c09e430caa0f9bcffa319109"},"breadcrumb":{"@id":"https:\/\/www.altercampagne.net\/?p=12042#breadcrumb"},"inLanguage":"fr-FR","potentialAction":[{"@type":"ReadAction","target":["https:\/\/www.altercampagne.net\/?p=12042"]}]},{"@type":"ImageObject","inLanguage":"fr-FR","@id":"https:\/\/www.altercampagne.net\/?p=12042#primaryimage","url":"https:\/\/www.altercampagne.net\/wp-content\/uploads\/2018\/09\/AT2018-07-27-Meaux-AlterTour-27-07-2018.jpg","contentUrl":"https:\/\/www.altercampagne.net\/wp-content\/uploads\/2018\/09\/AT2018-07-27-Meaux-AlterTour-27-07-2018.jpg","width":1000,"height":523},{"@type":"BreadcrumbList","@id":"https:\/\/www.altercampagne.net\/?p=12042#breadcrumb","itemListElement":[{"@type":"ListItem","position":1,"name":"Accueil","item":"https:\/\/www.altercampagne.net\/"},{"@type":"ListItem","position":2,"name":"Meaux \u25ba AlterTour : les cyclistes ont fait \u00e9tape au centre Louis-Braille"}]},{"@type":"WebSite","@id":"https:\/\/www.altercampagne.net\/#website","url":"https:\/\/www.altercampagne.net\/","name":"AlterTour","description":"Reliez les Alternatives \u00e0 v\u00e9lo","potentialAction":[{"@type":"SearchAction","target":{"@type":"EntryPoint","urlTemplate":"https:\/\/www.altercampagne.net\/?s={search_term_string}"},"query-input":{"@type":"PropertyValueSpecification","valueRequired":true,"valueName":"search_term_string"}}],"inLanguage":"fr-FR"},{"@type":"Person","@id":"https:\/\/www.altercampagne.net\/#\/schema\/person\/0f261460c09e430caa0f9bcffa319109","name":"Mathieu","image":{"@type":"ImageObject","inLanguage":"fr-FR","@id":"https:\/\/secure.gravatar.com\/avatar\/aa9d3d24c83f2141e5e2709d0f63d09a99f6be6bb7a50abc4915838d9f54501a?s=96&d=mm&r=g","url":"https:\/\/secure.gravatar.com\/avatar\/aa9d3d24c83f2141e5e2709d0f63d09a99f6be6bb7a50abc4915838d9f54501a?s=96&d=mm&r=g","contentUrl":"https:\/\/secure.gravatar.com\/avatar\/aa9d3d24c83f2141e5e2709d0f63d09a99f6be6bb7a50abc4915838d9f54501a?s=96&d=mm&r=g","caption":"Mathieu"},"url":"https:\/\/www.altercampagne.net\/?author=214"}]}},"_links":{"self":[{"href":"https:\/\/www.altercampagne.net\/index.php?rest_route=\/wp\/v2\/posts\/12042","targetHints":{"allow":["GET"]}}],"collection":[{"href":"https:\/\/www.altercampagne.net\/index.php?rest_route=\/wp\/v2\/posts"}],"about":[{"href":"https:\/\/www.altercampagne.net\/index.php?rest_route=\/wp\/v2\/types\/post"}],"author":[{"embeddable":true,"href":"https:\/\/www.altercampagne.net\/index.php?rest_route=\/wp\/v2\/users\/214"}],"replies":[{"embeddable":true,"href":"https:\/\/www.altercampagne.net\/index.php?rest_route=%2Fwp%2Fv2%2Fcomments&post=12042"}],"version-history":[{"count":0,"href":"https:\/\/www.altercampagne.net\/index.php?rest_route=\/wp\/v2\/posts\/12042\/revisions"}],"wp:featuredmedia":[{"embeddable":true,"href":"https:\/\/www.altercampagne.net\/index.php?rest_route=\/wp\/v2\/media\/12043"}],"wp:attachment":[{"href":"https:\/\/www.altercampagne.net\/index.php?rest_route=%2Fwp%2Fv2%2Fmedia&parent=12042"}],"wp:term":[{"taxonomy":"category","embeddable":true,"href":"https:\/\/www.altercampagne.net\/index.php?rest_route=%2Fwp%2Fv2%2Fcategories&post=12042"},{"taxonomy":"post_tag","embeddable":true,"href":"https:\/\/www.altercampagne.net\/index.php?rest_route=%2Fwp%2Fv2%2Ftags&post=12042"}],"curies":[{"name":"wp","href":"https:\/\/api.w.org\/{rel}","templated":true}]}}