{"id":12048,"date":"2018-07-20T20:20:06","date_gmt":"2018-07-20T18:20:06","guid":{"rendered":"http:\/\/www.altercampagne.net\/?p=12048"},"modified":"2018-09-10T09:10:03","modified_gmt":"2018-09-10T07:10:03","slug":"laltertour-le-tour-itinerant-a-velo-pour-la-transition-ecologique-et-sociale-passe-dans-les-yvelines","status":"publish","type":"post","link":"https:\/\/www.altercampagne.net\/?p=12048","title":{"rendered":"L\u2019AlterTour : le tour itin\u00e9rant \u00e0 v\u00e9lo pour la transition \u00e9cologique et sociale passe dans les Yvelines"},"content":{"rendered":"<h5 class=\"post-chapo\">L&rsquo;AlterTour est un tour \u00e0 v\u00e9lo \u00e0 la rencontre des initiatives \u00e9cologiques et solidaires. Dans les Yvelines, Beynes, Magny-les-Hameaux accueillent ce tour.<\/h5>\n<p>L\u2019initiative citoyenne <strong>\u00ab\u00a0<a href=\"https:\/\/www.altercampagne.net\/\" target=\"_blank\" rel=\"noopener\">l\u2019AlterTour<\/a>\u00a0\u00bb<\/strong> arrive dans les <strong>Yvelines.<\/strong> Cette promenade\u00a0\u00e0 v\u00e9lo \u00e0 la rencontre des projets de transition comme l\u2019agro-\u00e9cologie, l\u2019\u00e9conomie sociale et solidaire, les terres agricoles, fait \u00e9tape \u00e0 <strong>Beynes<\/strong> et \u00e0 <strong>Magny-les-Hameaux<\/strong>. Pour sa 11<sup>e<\/sup> \u00e9dition, il passe pour la premi\u00e8re fois en <strong>Ile-de-France.<\/strong> Chaque jour, apr\u00e8s une <strong>demi-journ\u00e9e de v\u00e9lo,<\/strong> les participants d\u00e9couvrent des lieux o\u00f9 l\u2019on vit concr\u00e8tement la <strong>transition \u00e9cologique<\/strong>. Au total, c\u2019est <strong>300 cyclistes<\/strong> qui se relaieront au cours de l\u2019\u00e9t\u00e9 jusqu\u2019\u00e0 Strasbourg le 26\u00a0ao\u00fbt. C\u2019est \u00e0 la<a href=\"http:\/\/www.bergerie-villarceaux.org\/\"> Bergerie de Villarceaux \u00e0 Chaussy<\/a>\u00a0(<strong>Val-d\u2019Oise<\/strong>), les 19-20\u00a0juillet, que le groupe d\u2019une cinquantaine de participants a commenc\u00e9 sa balade instructive.<\/p>\n<h5>Des vacances engag\u00e9es<\/h5>\n<p>Le 21\u00a0juillet, les cyclistes poursuivront leur route direction le plateau de Saclay, o\u00f9 Cyril a mont\u00e9 une AMAP (association pour le maintien de l\u2019agriculture paysanne) pour pr\u00e9server les terres agricoles autour de Paris\u00a0:<\/p>\n<p>\u00ab\u00a0Ces terres tr\u00e8s fertiles sont menac\u00e9es par le projet de p\u00f4le d\u2019excellence Paris Saclay. Avec l\u2019AMAP, nous souhaitons montrer le besoin de conserver des terres productives autour de Paris pour alimenter la population.\u00a0\u00bb<\/p>\n<h5 class=\"infospratiques\">Informations pratiques :<\/h5>\n<p>\u2013 Possibilit\u00e9 de rejoindre le programme pour une soir\u00e9e<br \/>\n\u2013 Pour plusieurs jours, inscriptions sur <a href=\"http:\/\/www.altertour.net\">www.altertour.net<br \/>\n<\/a>\u2013 Dur\u00e9e de participation libre (8 jours en moyenne), arriv\u00e9e et d\u00e9part possible tous les jours<br \/>\n\u2013 Accessible \u00e0 tous les niveaux sportifs, possibilit\u00e9 de venir sans v\u00e9lo<\/p>\n<p style=\"text-align: right;\"><strong><a href=\"https:\/\/actu.fr\/ile-de-france\/beynes_78062\/laltertour-tour-itinerant-velo-transition-ecologique-sociale-passe-dans-yvelines_17878438.html\" target=\"_blank\" rel=\"noopener\">R\u00e9daction Versailles, Actu 78<\/a>, 20\/07\/2018<\/strong><\/p>\n","protected":false},"excerpt":{"rendered":"<p>L&rsquo;AlterTour est un tour \u00e0 v\u00e9lo \u00e0 la rencontre des initiatives \u00e9cologiques et solidaires. Dans les Yvelines, Beynes, Magny-les-Hameaux accueillent ce tour. L\u2019initiative citoyenne \u00ab\u00a0l\u2019AlterTour\u00a0\u00bb arrive dans les Yvelines. Cette promenade\u00a0\u00e0 v\u00e9lo \u00e0 la rencontre des projets de transition comme l\u2019agro-\u00e9cologie, l\u2019\u00e9conomie sociale et solidaire, les terres agricoles, fait \u00e9tape &#8230; <\/p>\n<div><a href=\"https:\/\/www.altercampagne.net\/?p=12048\" class=\"more-link\">Read More<\/a><\/div>\n","protected":false},"author":214,"featured_media":12049,"comment_status":"closed","ping_status":"closed","sticky":false,"template":"","format":"standard","meta":{"footnotes":""},"categories":[239,3470,3477],"tags":[254,1490,2120,3544,3577,3752,3753],"class_list":["post-12048","post","type-post","status-publish","format-standard","has-post-thumbnail","hentry","category-revue-de-presse","category-edition-2018","category-ile-de-france","tag-amap","tag-ile-de-france","tag-yvelines","tag-magny-les-hameaux","tag-plateau-de-saclay","tag-beynes","tag-actu-78"],"yoast_head":"<!-- This site is optimized with the Yoast SEO plugin v27.3 - https:\/\/yoast.com\/product\/yoast-seo-wordpress\/ -->\n<title>L\u2019AlterTour : le tour itin\u00e9rant \u00e0 v\u00e9lo pour la transition \u00e9cologique et sociale passe dans les Yvelines - AlterTour<\/title>\n<meta name=\"robots\" content=\"index, follow, max-snippet:-1, max-image-preview:large, max-video-preview:-1\" \/>\n<link rel=\"canonical\" href=\"https:\/\/www.altercampagne.net\/?p=12048\" \/>\n<meta property=\"og:locale\" content=\"fr_FR\" \/>\n<meta property=\"og:type\" content=\"article\" \/>\n<meta property=\"og:title\" content=\"L\u2019AlterTour : le tour itin\u00e9rant \u00e0 v\u00e9lo pour la transition \u00e9cologique et sociale passe dans les Yvelines - AlterTour\" \/>\n<meta property=\"og:description\" content=\"L&rsquo;AlterTour est un tour \u00e0 v\u00e9lo \u00e0 la rencontre des initiatives \u00e9cologiques et solidaires. Dans les Yvelines, Beynes, Magny-les-Hameaux accueillent ce tour. L\u2019initiative citoyenne \u00ab\u00a0l\u2019AlterTour\u00a0\u00bb arrive dans les Yvelines. Cette promenade\u00a0\u00e0 v\u00e9lo \u00e0 la rencontre des projets de transition comme l\u2019agro-\u00e9cologie, l\u2019\u00e9conomie sociale et solidaire, les terres agricoles, fait \u00e9tape ... Read More\" \/>\n<meta property=\"og:url\" content=\"https:\/\/www.altercampagne.net\/?p=12048\" \/>\n<meta property=\"og:site_name\" content=\"AlterTour\" \/>\n<meta property=\"article:published_time\" content=\"2018-07-20T18:20:06+00:00\" \/>\n<meta property=\"article:modified_time\" content=\"2018-09-10T07:10:03+00:00\" \/>\n<meta property=\"og:image\" content=\"https:\/\/www.altercampagne.net\/wp-content\/uploads\/2018\/09\/AT2018-07-20-Val-Tolosa-8.jpg\" \/>\n\t<meta property=\"og:image:width\" content=\"1000\" \/>\n\t<meta property=\"og:image:height\" content=\"522\" \/>\n\t<meta property=\"og:image:type\" content=\"image\/jpeg\" \/>\n<meta name=\"author\" content=\"Mathieu\" \/>\n<meta name=\"twitter:card\" content=\"summary_large_image\" \/>\n<meta name=\"twitter:label1\" content=\"\u00c9crit par\" \/>\n\t<meta name=\"twitter:data1\" content=\"Mathieu\" \/>\n\t<meta name=\"twitter:label2\" content=\"Dur\u00e9e de lecture estim\u00e9e\" \/>\n\t<meta name=\"twitter:data2\" content=\"1 minute\" \/>\n<script type=\"application\/ld+json\" class=\"yoast-schema-graph\">{\"@context\":\"https:\\\/\\\/schema.org\",\"@graph\":[{\"@type\":\"Article\",\"@id\":\"https:\\\/\\\/www.altercampagne.net\\\/?p=12048#article\",\"isPartOf\":{\"@id\":\"https:\\\/\\\/www.altercampagne.net\\\/?p=12048\"},\"author\":{\"name\":\"Mathieu\",\"@id\":\"https:\\\/\\\/www.altercampagne.net\\\/#\\\/schema\\\/person\\\/0f261460c09e430caa0f9bcffa319109\"},\"headline\":\"L\u2019AlterTour : le tour itin\u00e9rant \u00e0 v\u00e9lo pour la transition \u00e9cologique et sociale passe dans les Yvelines\",\"datePublished\":\"2018-07-20T18:20:06+00:00\",\"dateModified\":\"2018-09-10T07:10:03+00:00\",\"mainEntityOfPage\":{\"@id\":\"https:\\\/\\\/www.altercampagne.net\\\/?p=12048\"},\"wordCount\":285,\"image\":{\"@id\":\"https:\\\/\\\/www.altercampagne.net\\\/?p=12048#primaryimage\"},\"thumbnailUrl\":\"https:\\\/\\\/www.altercampagne.net\\\/wp-content\\\/uploads\\\/2018\\\/09\\\/AT2018-07-20-Val-Tolosa-8.jpg\",\"keywords\":[\"AMAP\",\"ile-de-france\",\"Yvelines\",\"Magny-les-Hameaux\",\"plateau de Saclay\",\"Beynes\",\"Actu 78\"],\"articleSection\":[\"Revue de presse\",\"\u00c9dition 2018\",\"\u00cele-de-France\"],\"inLanguage\":\"fr-FR\"},{\"@type\":\"WebPage\",\"@id\":\"https:\\\/\\\/www.altercampagne.net\\\/?p=12048\",\"url\":\"https:\\\/\\\/www.altercampagne.net\\\/?p=12048\",\"name\":\"L\u2019AlterTour : le tour itin\u00e9rant \u00e0 v\u00e9lo pour la transition \u00e9cologique et sociale passe dans les Yvelines - AlterTour\",\"isPartOf\":{\"@id\":\"https:\\\/\\\/www.altercampagne.net\\\/#website\"},\"primaryImageOfPage\":{\"@id\":\"https:\\\/\\\/www.altercampagne.net\\\/?p=12048#primaryimage\"},\"image\":{\"@id\":\"https:\\\/\\\/www.altercampagne.net\\\/?p=12048#primaryimage\"},\"thumbnailUrl\":\"https:\\\/\\\/www.altercampagne.net\\\/wp-content\\\/uploads\\\/2018\\\/09\\\/AT2018-07-20-Val-Tolosa-8.jpg\",\"datePublished\":\"2018-07-20T18:20:06+00:00\",\"dateModified\":\"2018-09-10T07:10:03+00:00\",\"author\":{\"@id\":\"https:\\\/\\\/www.altercampagne.net\\\/#\\\/schema\\\/person\\\/0f261460c09e430caa0f9bcffa319109\"},\"breadcrumb\":{\"@id\":\"https:\\\/\\\/www.altercampagne.net\\\/?p=12048#breadcrumb\"},\"inLanguage\":\"fr-FR\",\"potentialAction\":[{\"@type\":\"ReadAction\",\"target\":[\"https:\\\/\\\/www.altercampagne.net\\\/?p=12048\"]}]},{\"@type\":\"ImageObject\",\"inLanguage\":\"fr-FR\",\"@id\":\"https:\\\/\\\/www.altercampagne.net\\\/?p=12048#primaryimage\",\"url\":\"https:\\\/\\\/www.altercampagne.net\\\/wp-content\\\/uploads\\\/2018\\\/09\\\/AT2018-07-20-Val-Tolosa-8.jpg\",\"contentUrl\":\"https:\\\/\\\/www.altercampagne.net\\\/wp-content\\\/uploads\\\/2018\\\/09\\\/AT2018-07-20-Val-Tolosa-8.jpg\",\"width\":1000,\"height\":522},{\"@type\":\"BreadcrumbList\",\"@id\":\"https:\\\/\\\/www.altercampagne.net\\\/?p=12048#breadcrumb\",\"itemListElement\":[{\"@type\":\"ListItem\",\"position\":1,\"name\":\"Accueil\",\"item\":\"https:\\\/\\\/www.altercampagne.net\\\/\"},{\"@type\":\"ListItem\",\"position\":2,\"name\":\"L\u2019AlterTour : le tour itin\u00e9rant \u00e0 v\u00e9lo pour la transition \u00e9cologique et sociale passe dans les Yvelines\"}]},{\"@type\":\"WebSite\",\"@id\":\"https:\\\/\\\/www.altercampagne.net\\\/#website\",\"url\":\"https:\\\/\\\/www.altercampagne.net\\\/\",\"name\":\"AlterTour\",\"description\":\"Reliez les Alternatives \u00e0 v\u00e9lo\",\"potentialAction\":[{\"@type\":\"SearchAction\",\"target\":{\"@type\":\"EntryPoint\",\"urlTemplate\":\"https:\\\/\\\/www.altercampagne.net\\\/?s={search_term_string}\"},\"query-input\":{\"@type\":\"PropertyValueSpecification\",\"valueRequired\":true,\"valueName\":\"search_term_string\"}}],\"inLanguage\":\"fr-FR\"},{\"@type\":\"Person\",\"@id\":\"https:\\\/\\\/www.altercampagne.net\\\/#\\\/schema\\\/person\\\/0f261460c09e430caa0f9bcffa319109\",\"name\":\"Mathieu\",\"image\":{\"@type\":\"ImageObject\",\"inLanguage\":\"fr-FR\",\"@id\":\"https:\\\/\\\/secure.gravatar.com\\\/avatar\\\/aa9d3d24c83f2141e5e2709d0f63d09a99f6be6bb7a50abc4915838d9f54501a?s=96&d=mm&r=g\",\"url\":\"https:\\\/\\\/secure.gravatar.com\\\/avatar\\\/aa9d3d24c83f2141e5e2709d0f63d09a99f6be6bb7a50abc4915838d9f54501a?s=96&d=mm&r=g\",\"contentUrl\":\"https:\\\/\\\/secure.gravatar.com\\\/avatar\\\/aa9d3d24c83f2141e5e2709d0f63d09a99f6be6bb7a50abc4915838d9f54501a?s=96&d=mm&r=g\",\"caption\":\"Mathieu\"},\"url\":\"https:\\\/\\\/www.altercampagne.net\\\/?author=214\"}]}<\/script>\n<!-- \/ Yoast SEO plugin. -->","yoast_head_json":{"title":"L\u2019AlterTour : le tour itin\u00e9rant \u00e0 v\u00e9lo pour la transition \u00e9cologique et sociale passe dans les Yvelines - AlterTour","robots":{"index":"index","follow":"follow","max-snippet":"max-snippet:-1","max-image-preview":"max-image-preview:large","max-video-preview":"max-video-preview:-1"},"canonical":"https:\/\/www.altercampagne.net\/?p=12048","og_locale":"fr_FR","og_type":"article","og_title":"L\u2019AlterTour : le tour itin\u00e9rant \u00e0 v\u00e9lo pour la transition \u00e9cologique et sociale passe dans les Yvelines - AlterTour","og_description":"L&rsquo;AlterTour est un tour \u00e0 v\u00e9lo \u00e0 la rencontre des initiatives \u00e9cologiques et solidaires. Dans les Yvelines, Beynes, Magny-les-Hameaux accueillent ce tour. L\u2019initiative citoyenne \u00ab\u00a0l\u2019AlterTour\u00a0\u00bb arrive dans les Yvelines. Cette promenade\u00a0\u00e0 v\u00e9lo \u00e0 la rencontre des projets de transition comme l\u2019agro-\u00e9cologie, l\u2019\u00e9conomie sociale et solidaire, les terres agricoles, fait \u00e9tape ... Read More","og_url":"https:\/\/www.altercampagne.net\/?p=12048","og_site_name":"AlterTour","article_published_time":"2018-07-20T18:20:06+00:00","article_modified_time":"2018-09-10T07:10:03+00:00","og_image":[{"width":1000,"height":522,"url":"https:\/\/www.altercampagne.net\/wp-content\/uploads\/2018\/09\/AT2018-07-20-Val-Tolosa-8.jpg","type":"image\/jpeg"}],"author":"Mathieu","twitter_card":"summary_large_image","twitter_misc":{"\u00c9crit par":"Mathieu","Dur\u00e9e de lecture estim\u00e9e":"1 minute"},"schema":{"@context":"https:\/\/schema.org","@graph":[{"@type":"Article","@id":"https:\/\/www.altercampagne.net\/?p=12048#article","isPartOf":{"@id":"https:\/\/www.altercampagne.net\/?p=12048"},"author":{"name":"Mathieu","@id":"https:\/\/www.altercampagne.net\/#\/schema\/person\/0f261460c09e430caa0f9bcffa319109"},"headline":"L\u2019AlterTour : le tour itin\u00e9rant \u00e0 v\u00e9lo pour la transition \u00e9cologique et sociale passe dans les Yvelines","datePublished":"2018-07-20T18:20:06+00:00","dateModified":"2018-09-10T07:10:03+00:00","mainEntityOfPage":{"@id":"https:\/\/www.altercampagne.net\/?p=12048"},"wordCount":285,"image":{"@id":"https:\/\/www.altercampagne.net\/?p=12048#primaryimage"},"thumbnailUrl":"https:\/\/www.altercampagne.net\/wp-content\/uploads\/2018\/09\/AT2018-07-20-Val-Tolosa-8.jpg","keywords":["AMAP","ile-de-france","Yvelines","Magny-les-Hameaux","plateau de Saclay","Beynes","Actu 78"],"articleSection":["Revue de presse","\u00c9dition 2018","\u00cele-de-France"],"inLanguage":"fr-FR"},{"@type":"WebPage","@id":"https:\/\/www.altercampagne.net\/?p=12048","url":"https:\/\/www.altercampagne.net\/?p=12048","name":"L\u2019AlterTour : le tour itin\u00e9rant \u00e0 v\u00e9lo pour la transition \u00e9cologique et sociale passe dans les Yvelines - AlterTour","isPartOf":{"@id":"https:\/\/www.altercampagne.net\/#website"},"primaryImageOfPage":{"@id":"https:\/\/www.altercampagne.net\/?p=12048#primaryimage"},"image":{"@id":"https:\/\/www.altercampagne.net\/?p=12048#primaryimage"},"thumbnailUrl":"https:\/\/www.altercampagne.net\/wp-content\/uploads\/2018\/09\/AT2018-07-20-Val-Tolosa-8.jpg","datePublished":"2018-07-20T18:20:06+00:00","dateModified":"2018-09-10T07:10:03+00:00","author":{"@id":"https:\/\/www.altercampagne.net\/#\/schema\/person\/0f261460c09e430caa0f9bcffa319109"},"breadcrumb":{"@id":"https:\/\/www.altercampagne.net\/?p=12048#breadcrumb"},"inLanguage":"fr-FR","potentialAction":[{"@type":"ReadAction","target":["https:\/\/www.altercampagne.net\/?p=12048"]}]},{"@type":"ImageObject","inLanguage":"fr-FR","@id":"https:\/\/www.altercampagne.net\/?p=12048#primaryimage","url":"https:\/\/www.altercampagne.net\/wp-content\/uploads\/2018\/09\/AT2018-07-20-Val-Tolosa-8.jpg","contentUrl":"https:\/\/www.altercampagne.net\/wp-content\/uploads\/2018\/09\/AT2018-07-20-Val-Tolosa-8.jpg","width":1000,"height":522},{"@type":"BreadcrumbList","@id":"https:\/\/www.altercampagne.net\/?p=12048#breadcrumb","itemListElement":[{"@type":"ListItem","position":1,"name":"Accueil","item":"https:\/\/www.altercampagne.net\/"},{"@type":"ListItem","position":2,"name":"L\u2019AlterTour : le tour itin\u00e9rant \u00e0 v\u00e9lo pour la transition \u00e9cologique et sociale passe dans les Yvelines"}]},{"@type":"WebSite","@id":"https:\/\/www.altercampagne.net\/#website","url":"https:\/\/www.altercampagne.net\/","name":"AlterTour","description":"Reliez les Alternatives \u00e0 v\u00e9lo","potentialAction":[{"@type":"SearchAction","target":{"@type":"EntryPoint","urlTemplate":"https:\/\/www.altercampagne.net\/?s={search_term_string}"},"query-input":{"@type":"PropertyValueSpecification","valueRequired":true,"valueName":"search_term_string"}}],"inLanguage":"fr-FR"},{"@type":"Person","@id":"https:\/\/www.altercampagne.net\/#\/schema\/person\/0f261460c09e430caa0f9bcffa319109","name":"Mathieu","image":{"@type":"ImageObject","inLanguage":"fr-FR","@id":"https:\/\/secure.gravatar.com\/avatar\/aa9d3d24c83f2141e5e2709d0f63d09a99f6be6bb7a50abc4915838d9f54501a?s=96&d=mm&r=g","url":"https:\/\/secure.gravatar.com\/avatar\/aa9d3d24c83f2141e5e2709d0f63d09a99f6be6bb7a50abc4915838d9f54501a?s=96&d=mm&r=g","contentUrl":"https:\/\/secure.gravatar.com\/avatar\/aa9d3d24c83f2141e5e2709d0f63d09a99f6be6bb7a50abc4915838d9f54501a?s=96&d=mm&r=g","caption":"Mathieu"},"url":"https:\/\/www.altercampagne.net\/?author=214"}]}},"_links":{"self":[{"href":"https:\/\/www.altercampagne.net\/index.php?rest_route=\/wp\/v2\/posts\/12048","targetHints":{"allow":["GET"]}}],"collection":[{"href":"https:\/\/www.altercampagne.net\/index.php?rest_route=\/wp\/v2\/posts"}],"about":[{"href":"https:\/\/www.altercampagne.net\/index.php?rest_route=\/wp\/v2\/types\/post"}],"author":[{"embeddable":true,"href":"https:\/\/www.altercampagne.net\/index.php?rest_route=\/wp\/v2\/users\/214"}],"replies":[{"embeddable":true,"href":"https:\/\/www.altercampagne.net\/index.php?rest_route=%2Fwp%2Fv2%2Fcomments&post=12048"}],"version-history":[{"count":0,"href":"https:\/\/www.altercampagne.net\/index.php?rest_route=\/wp\/v2\/posts\/12048\/revisions"}],"wp:featuredmedia":[{"embeddable":true,"href":"https:\/\/www.altercampagne.net\/index.php?rest_route=\/wp\/v2\/media\/12049"}],"wp:attachment":[{"href":"https:\/\/www.altercampagne.net\/index.php?rest_route=%2Fwp%2Fv2%2Fmedia&parent=12048"}],"wp:term":[{"taxonomy":"category","embeddable":true,"href":"https:\/\/www.altercampagne.net\/index.php?rest_route=%2Fwp%2Fv2%2Fcategories&post=12048"},{"taxonomy":"post_tag","embeddable":true,"href":"https:\/\/www.altercampagne.net\/index.php?rest_route=%2Fwp%2Fv2%2Ftags&post=12048"}],"curies":[{"name":"wp","href":"https:\/\/api.w.org\/{rel}","templated":true}]}}