{"id":12051,"date":"2018-07-28T20:50:12","date_gmt":"2018-07-28T18:50:12","guid":{"rendered":"http:\/\/www.altercampagne.net\/?p=12051"},"modified":"2018-09-04T14:01:48","modified_gmt":"2018-09-04T12:01:48","slug":"les-rendez-vous-festifs-ecolos-et-militants-du-mois-daout","status":"publish","type":"post","link":"https:\/\/www.altercampagne.net\/?p=12051","title":{"rendered":"Les rendez-vous festifs, \u00e9colos et militants du mois d\u2019ao\u00fbt"},"content":{"rendered":"<p><strong>Le mois d\u2019ao\u00fbt n\u2019est pas uniquement consacr\u00e9 au farniente : de nombreux et beaux rassemblements vont se d\u00e9rouler. Reporterre vous pr\u00e9sente sa s\u00e9lection. De quoi passer de joyeux moments en \u0153uvrant \u00e0 des lendemains radieux.<\/strong><\/p>\n<h3 class=\"spip\">Les Tours de France cyclistes et alternatifs<\/h3>\n<ul class=\"spip\">\n<li><strong>Tout le mois d\u2019ao\u00fbt, dans diff\u00e9rents endroits de France, mais surtout dans l\u2019Est. <\/strong><\/li>\n<\/ul>\n<p>Si vous vous trouvez dans l\u2019Est de la France, rejoignez l\u2019AlterTour, le tour Alternatiba\u2026 ou les deux<small class=\"fine\">\u00a0<\/small>! Avec <strong>l\u2019AlterTour<\/strong>, vous enfourcherez votre v\u00e9lo pour aller \u00e0 la rencontre des alternatives. Chaque jour, apr\u00e8s une demi-journ\u00e9e de v\u00e9lo, les participants seront accueillis dans <i>\u00ab<small class=\"fine\">\u00a0<\/small>des lieux o\u00f9 l\u2019on vit concr\u00e8tement la transition \u00e9cologique<small class=\"fine\">\u00a0<\/small>\u00bb<\/i>\u00a0: \u00e9colieux, fermes agro\u00e9cologiques, ateliers v\u00e9los, Zad. <a href=\"https:\/\/reporterre.net\/Les-cyclistes-d-Alternatiba-s-elancent-pour-un-tour-de-France-alternatif\">Du c\u00f4t\u00e9 d\u2019<strong>Alternatiba<\/strong><\/a>, vous pourrez participer aux villages des alternatives pr\u00e9vus dans plusieurs villes et villages, aux formations \u00e0 l\u2019action non violente et aux v\u00e9lorutions. \u2028Et, si vous vous trouvez dans le Sud, rejoignez donc <strong>le Carbure \u00e0 v\u00e9lo<\/strong>. Apr\u00e8s deux voyages de Toulouse \u00e0 Notre-Dame-des-Landes, un groupe de militants contre les grands projets inutiles et impos\u00e9s reliera Toulouse \u00e0 Bure du 4 au 15\u00a0ao\u00fbt. Tout au long du parcours, des rencontres-\u00e9tapes auront lieu avec les collectifs locaux antinucl\u00e9aires ou en lutte contre des projets impos\u00e9s. Un d\u00e9part est \u00e9galement pr\u00e9vu \u00e0 Rennes. <br class=\"autobr\" \/><strong>Plus d\u2019infos\u00a0: <a class=\"spip_out\" href=\"http:\/\/www.altercampagne.net\/\" target=\"_blank\" rel=\"external noopener\">AlterTour<\/a>, <a class=\"spip_out\" href=\"https:\/\/tour.alternatiba.eu\/\" target=\"_blank\" rel=\"external noopener\">Alternatiba<\/a>, <\/strong><a class=\"spip_out\" href=\"http:\/\/carbureavelo.campingdelafermeenpaille.com\/\" target=\"_blank\" rel=\"external noopener\"><strong>Carbure \u00e0 v\u00e9lo<\/strong><\/a>.<\/p>\n<h3 class=\"spip\">La grande marche antinucl\u00e9aire<\/h3>\n<ul class=\"spip\">\n<li><strong>Du vendredi 27\u00a0juillet au lundi 27\u00a0ao\u00fbt, de La Hague \u00e0 Paris. <\/strong><\/li>\n<\/ul>\n<p>Si vous pr\u00e9f\u00e9rez la randonn\u00e9e p\u00e9destre \u00e0 la bicyclette, voici ce qu\u2019il vous faut<small class=\"fine\">\u00a0<\/small>! Port\u00e9e par l\u2019association Nucl\u00e9aire en question, cette marche reliera quelques-uns des lieux nucl\u00e9aris\u00e9s de Normandie (La Hague, Flamanville, Caen). \u00c0 chaque \u00e9tape, des conf\u00e9rences-d\u00e9bats se tiendront, suivies d\u2019un repas partag\u00e9 et de temps musicaux. <br class=\"autobr\" \/><a class=\"spip_out\" href=\"http:\/\/lagrandemarche.org\/\" target=\"_blank\" rel=\"external noopener\"><strong>Plus d\u2019infos<\/strong><\/a>.<\/p>\n<h3 class=\"spip\">Les Utopies festivales<\/h3>\n<ul class=\"spip\">\n<li><strong>Du 3 au 5\u00a0ao\u00fbt \u00e0 Pisy (Yonne)<\/strong><\/li>\n<\/ul>\n<p>Pour sa quinzi\u00e8me \u00e9dition, les Utopies festivales se placent sous le signe de l\u2019\u00e9nergie et de la danse. Au menu\u00a0: flamenco, cumbia, valse, samba, biguine, tango. Voil\u00e0 pour les pieds. Pour la t\u00eate, cette ann\u00e9e ayant \u00e9t\u00e9 marqu\u00e9e par d\u2019importantes publications sur la for\u00eat, le programme fait la part belle \u00e0 la vie v\u00e9g\u00e9tale. <br class=\"autobr\" \/><a class=\"spip_out\" href=\"https:\/\/www.utopiesfestivales.fr\/programme-2017\/\" target=\"_blank\" rel=\"external noopener\"><strong>Plus d\u2019infos<\/strong><\/a>.<\/p>\n<ul class=\"spip\">\n<li><strong>Du jeudi\u00a02 au dimanche 5\u00a0ao\u00fbt, \u00e0 Besan\u00e7on (Doubs) <\/strong><\/li>\n<\/ul>\n<p>Le Mouvement rural de jeunesse chr\u00e9tienne (<span class=\"caps\">MRJC<\/span>) et son pendant allemand, le Mouvement de la jeunesse rurale catholique d\u2019Allemagne (<span class=\"caps\">KLJB<\/span>), organisent quatre jours de rencontres europ\u00e9ennes mettant \u00e0 l\u2019honneur le milieu rural. 5.000 jeunes sont attendus \u00e0 Besan\u00e7on, autour d\u2019ateliers, de tables rondes, de tournois sportifs et de concerts sur les questions de d\u00e9veloppement rural, de souverainet\u00e9 alimentaire, d\u2019\u00e9cologie, d\u2019accueil des personnes migrantes\u2026 <br class=\"autobr\" \/><a class=\"spip_out\" href=\"https:\/\/rendezvous2018.eu\/\" target=\"_blank\" rel=\"external noopener\"><strong>Plus d\u2019infos<\/strong><\/a>.<\/p>\n<h3 class=\"spip\">Un \u00e9t\u00e9 antinucl\u00e9aire<\/h3>\n<ul class=\"spip\">\n<li><strong>Du lundi\u00a06 au dimanche 12\u00a0ao\u00fbt, \u00e0 Narbonne (H\u00e9rault) et ailleurs<\/strong><\/li>\n<\/ul>\n<p>Organis\u00e9 par des militants antinucl\u00e9aires de divers pays, <strong>le camp international d\u2019\u00e9t\u00e9 antinucl\u00e9aire<\/strong> a pour but <i>\u00ab<small class=\"fine\">\u00a0<\/small>de permettre le r\u00e9seautage international ainsi que le partage de savoirs et d\u2019exp\u00e9riences en lien avec la question nucl\u00e9aire<small class=\"fine\">\u00a0<\/small>\u00bb<\/i>. Deux th\u00e8mes seront plus particuli\u00e8rement abord\u00e9s\u00a0: <a class=\"spip_in\" href=\"https:\/\/reporterre.net\/Areva-traite-mal-les-dechets-d-uranium-a-Malvesi\">l\u2019usine Orano de Malv\u00e9si<\/a>, pr\u00e8s de Narbonne, o\u00f9 est pr\u00e9par\u00e9 l\u2019uranium pour les r\u00e9acteurs, ainsi que les risques li\u00e9s aux transports de mati\u00e8res radioactives. Ateliers, partage des exp\u00e9riences, pr\u00e9paration de nouvelles campagnes et projets communs, mais \u00e9galement <i>\u00ab<small class=\"fine\">\u00a0<\/small>\u00e9changes culturels et artistiques, siestes et petites f\u00eates<small class=\"fine\">\u00a0<\/small>\u00bb<\/i>.\u2028Du lundi\u00a06 au jeudi 9\u00a0ao\u00fbt, entre l\u2019anniversaire du bombardement d\u2019Hiroshima et celui de Nagasaki, <strong>un je\u00fbne pour l\u2019abolition des armes nucl\u00e9aires<\/strong> se d\u00e9roulera dans plusieurs villes de France\u00a0: Paris, Montpellier, Dijon, Brest, Tours, Cherbourg\u2026 mais aussi ailleurs en Europe. Certains vont je\u00fbner, pour interpeller l\u2019opinion publique, mais vous pourrez aussi (simplement) participer aux actions de rue pr\u00e9vues, aux formations ou aux conf\u00e9rences et expositions mises en place. Ces actions se font depuis plus de 30 ans, mais cette \u00e9dition\u00a02018 est d\u2019autant plus importante que le prix Nobel de la Paix 2017 a \u00e9t\u00e9 d\u00e9cern\u00e9 \u00e0 la Campagne internationale pour abolir les armes nucl\u00e9aires (Ican).<br class=\"autobr\" \/><strong>Plus d\u2019infos\u00a0:<\/strong> <a class=\"spip_out\" href=\"http:\/\/abolitiondesarmesnucleaires.org\/events\/4-jours-dactions-pour-le-desarmement-nucleaire\/\" target=\"_blank\" rel=\"external noopener\">Le je\u00fbne pour l\u2019abolition des armes nucl\u00e9aires<\/a><small class=\"fine\">\u00a0<\/small>; <a class=\"spip_out\" href=\"http:\/\/www.sortirdunucleaire.org\/Camp-International-d-ete-antinucleaire?origine_sujet=MOB201806\" target=\"_blank\" rel=\"external noopener\">Le camp international d\u2019\u00e9t\u00e9 antinucl\u00e9aire<\/a><\/p>\n<p style=\"text-align: right;\"><strong><a href=\"https:\/\/reporterre.net\/Les-rendez-vous-festifs-ecolos-et-militants-du-mois-d-aout\" target=\"_blank\" rel=\"noopener\">Lor\u00e8ne Lavocat, Reporterre<\/a>, Le 28\/07\/2018<\/strong><\/p>\n","protected":false},"excerpt":{"rendered":"<p>Le mois d\u2019ao\u00fbt n\u2019est pas uniquement consacr\u00e9 au farniente : de nombreux et beaux rassemblements vont se d\u00e9rouler. Reporterre vous pr\u00e9sente sa s\u00e9lection. De quoi passer de joyeux moments en \u0153uvrant \u00e0 des lendemains radieux. Les Tours de France cyclistes et alternatifs Tout le mois d\u2019ao\u00fbt, dans diff\u00e9rents endroits de &#8230; <\/p>\n<div><a href=\"https:\/\/www.altercampagne.net\/?p=12051\" class=\"more-link\">Read More<\/a><\/div>\n","protected":false},"author":214,"featured_media":12052,"comment_status":"closed","ping_status":"closed","sticky":false,"template":"","format":"standard","meta":{"footnotes":""},"categories":[239,3470],"tags":[403,3754],"class_list":["post-12051","post","type-post","status-publish","format-standard","has-post-thumbnail","hentry","category-revue-de-presse","category-edition-2018","tag-reporterre","tag-lorene-lavocat"],"yoast_head":"<!-- This site is optimized with the Yoast SEO plugin v27.3 - https:\/\/yoast.com\/product\/yoast-seo-wordpress\/ -->\n<title>Les rendez-vous festifs, \u00e9colos et militants du mois d\u2019ao\u00fbt - AlterTour<\/title>\n<meta name=\"robots\" content=\"index, follow, max-snippet:-1, max-image-preview:large, max-video-preview:-1\" \/>\n<link rel=\"canonical\" href=\"https:\/\/www.altercampagne.net\/?p=12051\" \/>\n<meta property=\"og:locale\" content=\"fr_FR\" \/>\n<meta property=\"og:type\" content=\"article\" \/>\n<meta property=\"og:title\" content=\"Les rendez-vous festifs, \u00e9colos et militants du mois d\u2019ao\u00fbt - AlterTour\" \/>\n<meta property=\"og:description\" content=\"Le mois d\u2019ao\u00fbt n\u2019est pas uniquement consacr\u00e9 au farniente : de nombreux et beaux rassemblements vont se d\u00e9rouler. Reporterre vous pr\u00e9sente sa s\u00e9lection. De quoi passer de joyeux moments en \u0153uvrant \u00e0 des lendemains radieux. Les Tours de France cyclistes et alternatifs Tout le mois d\u2019ao\u00fbt, dans diff\u00e9rents endroits de ... Read More\" \/>\n<meta property=\"og:url\" content=\"https:\/\/www.altercampagne.net\/?p=12051\" \/>\n<meta property=\"og:site_name\" content=\"AlterTour\" \/>\n<meta property=\"article:published_time\" content=\"2018-07-28T18:50:12+00:00\" \/>\n<meta property=\"article:modified_time\" content=\"2018-09-04T12:01:48+00:00\" \/>\n<meta property=\"og:image\" content=\"https:\/\/www.altercampagne.net\/wp-content\/uploads\/2018\/09\/AT2018-07-28-Reporterre-2015-07-19_15.37.jpg\" \/>\n\t<meta property=\"og:image:width\" content=\"1000\" \/>\n\t<meta property=\"og:image:height\" content=\"523\" \/>\n\t<meta property=\"og:image:type\" content=\"image\/jpeg\" \/>\n<meta name=\"author\" content=\"Mathieu\" \/>\n<meta name=\"twitter:card\" content=\"summary_large_image\" \/>\n<meta name=\"twitter:label1\" content=\"\u00c9crit par\" \/>\n\t<meta name=\"twitter:data1\" content=\"Mathieu\" \/>\n\t<meta name=\"twitter:label2\" content=\"Dur\u00e9e de lecture estim\u00e9e\" \/>\n\t<meta name=\"twitter:data2\" content=\"4 minutes\" \/>\n<script type=\"application\/ld+json\" class=\"yoast-schema-graph\">{\"@context\":\"https:\\\/\\\/schema.org\",\"@graph\":[{\"@type\":\"Article\",\"@id\":\"https:\\\/\\\/www.altercampagne.net\\\/?p=12051#article\",\"isPartOf\":{\"@id\":\"https:\\\/\\\/www.altercampagne.net\\\/?p=12051\"},\"author\":{\"name\":\"Mathieu\",\"@id\":\"https:\\\/\\\/www.altercampagne.net\\\/#\\\/schema\\\/person\\\/0f261460c09e430caa0f9bcffa319109\"},\"headline\":\"Les rendez-vous festifs, \u00e9colos et militants du mois d\u2019ao\u00fbt\",\"datePublished\":\"2018-07-28T18:50:12+00:00\",\"dateModified\":\"2018-09-04T12:01:48+00:00\",\"mainEntityOfPage\":{\"@id\":\"https:\\\/\\\/www.altercampagne.net\\\/?p=12051\"},\"wordCount\":745,\"image\":{\"@id\":\"https:\\\/\\\/www.altercampagne.net\\\/?p=12051#primaryimage\"},\"thumbnailUrl\":\"https:\\\/\\\/www.altercampagne.net\\\/wp-content\\\/uploads\\\/2018\\\/09\\\/AT2018-07-28-Reporterre-2015-07-19_15.37.jpg\",\"keywords\":[\"reporterre\",\"Lor\u00e8ne Lavocat\"],\"articleSection\":[\"Revue de presse\",\"\u00c9dition 2018\"],\"inLanguage\":\"fr-FR\"},{\"@type\":\"WebPage\",\"@id\":\"https:\\\/\\\/www.altercampagne.net\\\/?p=12051\",\"url\":\"https:\\\/\\\/www.altercampagne.net\\\/?p=12051\",\"name\":\"Les rendez-vous festifs, \u00e9colos et militants du mois d\u2019ao\u00fbt - AlterTour\",\"isPartOf\":{\"@id\":\"https:\\\/\\\/www.altercampagne.net\\\/#website\"},\"primaryImageOfPage\":{\"@id\":\"https:\\\/\\\/www.altercampagne.net\\\/?p=12051#primaryimage\"},\"image\":{\"@id\":\"https:\\\/\\\/www.altercampagne.net\\\/?p=12051#primaryimage\"},\"thumbnailUrl\":\"https:\\\/\\\/www.altercampagne.net\\\/wp-content\\\/uploads\\\/2018\\\/09\\\/AT2018-07-28-Reporterre-2015-07-19_15.37.jpg\",\"datePublished\":\"2018-07-28T18:50:12+00:00\",\"dateModified\":\"2018-09-04T12:01:48+00:00\",\"author\":{\"@id\":\"https:\\\/\\\/www.altercampagne.net\\\/#\\\/schema\\\/person\\\/0f261460c09e430caa0f9bcffa319109\"},\"breadcrumb\":{\"@id\":\"https:\\\/\\\/www.altercampagne.net\\\/?p=12051#breadcrumb\"},\"inLanguage\":\"fr-FR\",\"potentialAction\":[{\"@type\":\"ReadAction\",\"target\":[\"https:\\\/\\\/www.altercampagne.net\\\/?p=12051\"]}]},{\"@type\":\"ImageObject\",\"inLanguage\":\"fr-FR\",\"@id\":\"https:\\\/\\\/www.altercampagne.net\\\/?p=12051#primaryimage\",\"url\":\"https:\\\/\\\/www.altercampagne.net\\\/wp-content\\\/uploads\\\/2018\\\/09\\\/AT2018-07-28-Reporterre-2015-07-19_15.37.jpg\",\"contentUrl\":\"https:\\\/\\\/www.altercampagne.net\\\/wp-content\\\/uploads\\\/2018\\\/09\\\/AT2018-07-28-Reporterre-2015-07-19_15.37.jpg\",\"width\":1000,\"height\":523},{\"@type\":\"BreadcrumbList\",\"@id\":\"https:\\\/\\\/www.altercampagne.net\\\/?p=12051#breadcrumb\",\"itemListElement\":[{\"@type\":\"ListItem\",\"position\":1,\"name\":\"Accueil\",\"item\":\"https:\\\/\\\/www.altercampagne.net\\\/\"},{\"@type\":\"ListItem\",\"position\":2,\"name\":\"Les rendez-vous festifs, \u00e9colos et militants du mois d\u2019ao\u00fbt\"}]},{\"@type\":\"WebSite\",\"@id\":\"https:\\\/\\\/www.altercampagne.net\\\/#website\",\"url\":\"https:\\\/\\\/www.altercampagne.net\\\/\",\"name\":\"AlterTour\",\"description\":\"Reliez les Alternatives \u00e0 v\u00e9lo\",\"potentialAction\":[{\"@type\":\"SearchAction\",\"target\":{\"@type\":\"EntryPoint\",\"urlTemplate\":\"https:\\\/\\\/www.altercampagne.net\\\/?s={search_term_string}\"},\"query-input\":{\"@type\":\"PropertyValueSpecification\",\"valueRequired\":true,\"valueName\":\"search_term_string\"}}],\"inLanguage\":\"fr-FR\"},{\"@type\":\"Person\",\"@id\":\"https:\\\/\\\/www.altercampagne.net\\\/#\\\/schema\\\/person\\\/0f261460c09e430caa0f9bcffa319109\",\"name\":\"Mathieu\",\"image\":{\"@type\":\"ImageObject\",\"inLanguage\":\"fr-FR\",\"@id\":\"https:\\\/\\\/secure.gravatar.com\\\/avatar\\\/aa9d3d24c83f2141e5e2709d0f63d09a99f6be6bb7a50abc4915838d9f54501a?s=96&d=mm&r=g\",\"url\":\"https:\\\/\\\/secure.gravatar.com\\\/avatar\\\/aa9d3d24c83f2141e5e2709d0f63d09a99f6be6bb7a50abc4915838d9f54501a?s=96&d=mm&r=g\",\"contentUrl\":\"https:\\\/\\\/secure.gravatar.com\\\/avatar\\\/aa9d3d24c83f2141e5e2709d0f63d09a99f6be6bb7a50abc4915838d9f54501a?s=96&d=mm&r=g\",\"caption\":\"Mathieu\"},\"url\":\"https:\\\/\\\/www.altercampagne.net\\\/?author=214\"}]}<\/script>\n<!-- \/ Yoast SEO plugin. -->","yoast_head_json":{"title":"Les rendez-vous festifs, \u00e9colos et militants du mois d\u2019ao\u00fbt - AlterTour","robots":{"index":"index","follow":"follow","max-snippet":"max-snippet:-1","max-image-preview":"max-image-preview:large","max-video-preview":"max-video-preview:-1"},"canonical":"https:\/\/www.altercampagne.net\/?p=12051","og_locale":"fr_FR","og_type":"article","og_title":"Les rendez-vous festifs, \u00e9colos et militants du mois d\u2019ao\u00fbt - AlterTour","og_description":"Le mois d\u2019ao\u00fbt n\u2019est pas uniquement consacr\u00e9 au farniente : de nombreux et beaux rassemblements vont se d\u00e9rouler. Reporterre vous pr\u00e9sente sa s\u00e9lection. De quoi passer de joyeux moments en \u0153uvrant \u00e0 des lendemains radieux. Les Tours de France cyclistes et alternatifs Tout le mois d\u2019ao\u00fbt, dans diff\u00e9rents endroits de ... Read More","og_url":"https:\/\/www.altercampagne.net\/?p=12051","og_site_name":"AlterTour","article_published_time":"2018-07-28T18:50:12+00:00","article_modified_time":"2018-09-04T12:01:48+00:00","og_image":[{"width":1000,"height":523,"url":"https:\/\/www.altercampagne.net\/wp-content\/uploads\/2018\/09\/AT2018-07-28-Reporterre-2015-07-19_15.37.jpg","type":"image\/jpeg"}],"author":"Mathieu","twitter_card":"summary_large_image","twitter_misc":{"\u00c9crit par":"Mathieu","Dur\u00e9e de lecture estim\u00e9e":"4 minutes"},"schema":{"@context":"https:\/\/schema.org","@graph":[{"@type":"Article","@id":"https:\/\/www.altercampagne.net\/?p=12051#article","isPartOf":{"@id":"https:\/\/www.altercampagne.net\/?p=12051"},"author":{"name":"Mathieu","@id":"https:\/\/www.altercampagne.net\/#\/schema\/person\/0f261460c09e430caa0f9bcffa319109"},"headline":"Les rendez-vous festifs, \u00e9colos et militants du mois d\u2019ao\u00fbt","datePublished":"2018-07-28T18:50:12+00:00","dateModified":"2018-09-04T12:01:48+00:00","mainEntityOfPage":{"@id":"https:\/\/www.altercampagne.net\/?p=12051"},"wordCount":745,"image":{"@id":"https:\/\/www.altercampagne.net\/?p=12051#primaryimage"},"thumbnailUrl":"https:\/\/www.altercampagne.net\/wp-content\/uploads\/2018\/09\/AT2018-07-28-Reporterre-2015-07-19_15.37.jpg","keywords":["reporterre","Lor\u00e8ne Lavocat"],"articleSection":["Revue de presse","\u00c9dition 2018"],"inLanguage":"fr-FR"},{"@type":"WebPage","@id":"https:\/\/www.altercampagne.net\/?p=12051","url":"https:\/\/www.altercampagne.net\/?p=12051","name":"Les rendez-vous festifs, \u00e9colos et militants du mois d\u2019ao\u00fbt - AlterTour","isPartOf":{"@id":"https:\/\/www.altercampagne.net\/#website"},"primaryImageOfPage":{"@id":"https:\/\/www.altercampagne.net\/?p=12051#primaryimage"},"image":{"@id":"https:\/\/www.altercampagne.net\/?p=12051#primaryimage"},"thumbnailUrl":"https:\/\/www.altercampagne.net\/wp-content\/uploads\/2018\/09\/AT2018-07-28-Reporterre-2015-07-19_15.37.jpg","datePublished":"2018-07-28T18:50:12+00:00","dateModified":"2018-09-04T12:01:48+00:00","author":{"@id":"https:\/\/www.altercampagne.net\/#\/schema\/person\/0f261460c09e430caa0f9bcffa319109"},"breadcrumb":{"@id":"https:\/\/www.altercampagne.net\/?p=12051#breadcrumb"},"inLanguage":"fr-FR","potentialAction":[{"@type":"ReadAction","target":["https:\/\/www.altercampagne.net\/?p=12051"]}]},{"@type":"ImageObject","inLanguage":"fr-FR","@id":"https:\/\/www.altercampagne.net\/?p=12051#primaryimage","url":"https:\/\/www.altercampagne.net\/wp-content\/uploads\/2018\/09\/AT2018-07-28-Reporterre-2015-07-19_15.37.jpg","contentUrl":"https:\/\/www.altercampagne.net\/wp-content\/uploads\/2018\/09\/AT2018-07-28-Reporterre-2015-07-19_15.37.jpg","width":1000,"height":523},{"@type":"BreadcrumbList","@id":"https:\/\/www.altercampagne.net\/?p=12051#breadcrumb","itemListElement":[{"@type":"ListItem","position":1,"name":"Accueil","item":"https:\/\/www.altercampagne.net\/"},{"@type":"ListItem","position":2,"name":"Les rendez-vous festifs, \u00e9colos et militants du mois d\u2019ao\u00fbt"}]},{"@type":"WebSite","@id":"https:\/\/www.altercampagne.net\/#website","url":"https:\/\/www.altercampagne.net\/","name":"AlterTour","description":"Reliez les Alternatives \u00e0 v\u00e9lo","potentialAction":[{"@type":"SearchAction","target":{"@type":"EntryPoint","urlTemplate":"https:\/\/www.altercampagne.net\/?s={search_term_string}"},"query-input":{"@type":"PropertyValueSpecification","valueRequired":true,"valueName":"search_term_string"}}],"inLanguage":"fr-FR"},{"@type":"Person","@id":"https:\/\/www.altercampagne.net\/#\/schema\/person\/0f261460c09e430caa0f9bcffa319109","name":"Mathieu","image":{"@type":"ImageObject","inLanguage":"fr-FR","@id":"https:\/\/secure.gravatar.com\/avatar\/aa9d3d24c83f2141e5e2709d0f63d09a99f6be6bb7a50abc4915838d9f54501a?s=96&d=mm&r=g","url":"https:\/\/secure.gravatar.com\/avatar\/aa9d3d24c83f2141e5e2709d0f63d09a99f6be6bb7a50abc4915838d9f54501a?s=96&d=mm&r=g","contentUrl":"https:\/\/secure.gravatar.com\/avatar\/aa9d3d24c83f2141e5e2709d0f63d09a99f6be6bb7a50abc4915838d9f54501a?s=96&d=mm&r=g","caption":"Mathieu"},"url":"https:\/\/www.altercampagne.net\/?author=214"}]}},"_links":{"self":[{"href":"https:\/\/www.altercampagne.net\/index.php?rest_route=\/wp\/v2\/posts\/12051","targetHints":{"allow":["GET"]}}],"collection":[{"href":"https:\/\/www.altercampagne.net\/index.php?rest_route=\/wp\/v2\/posts"}],"about":[{"href":"https:\/\/www.altercampagne.net\/index.php?rest_route=\/wp\/v2\/types\/post"}],"author":[{"embeddable":true,"href":"https:\/\/www.altercampagne.net\/index.php?rest_route=\/wp\/v2\/users\/214"}],"replies":[{"embeddable":true,"href":"https:\/\/www.altercampagne.net\/index.php?rest_route=%2Fwp%2Fv2%2Fcomments&post=12051"}],"version-history":[{"count":0,"href":"https:\/\/www.altercampagne.net\/index.php?rest_route=\/wp\/v2\/posts\/12051\/revisions"}],"wp:featuredmedia":[{"embeddable":true,"href":"https:\/\/www.altercampagne.net\/index.php?rest_route=\/wp\/v2\/media\/12052"}],"wp:attachment":[{"href":"https:\/\/www.altercampagne.net\/index.php?rest_route=%2Fwp%2Fv2%2Fmedia&parent=12051"}],"wp:term":[{"taxonomy":"category","embeddable":true,"href":"https:\/\/www.altercampagne.net\/index.php?rest_route=%2Fwp%2Fv2%2Fcategories&post=12051"},{"taxonomy":"post_tag","embeddable":true,"href":"https:\/\/www.altercampagne.net\/index.php?rest_route=%2Fwp%2Fv2%2Ftags&post=12051"}],"curies":[{"name":"wp","href":"https:\/\/api.w.org\/{rel}","templated":true}]}}