{"id":12054,"date":"2018-07-11T20:07:33","date_gmt":"2018-07-11T18:07:33","guid":{"rendered":"http:\/\/www.altercampagne.net\/?p=12054"},"modified":"2018-09-04T14:20:19","modified_gmt":"2018-09-04T12:20:19","slug":"gonesse-le-potager-des-anti-europacity-sinvite-devant-le-tribunal","status":"publish","type":"post","link":"https:\/\/www.altercampagne.net\/?p=12054","title":{"rendered":"Gonesse : le potager des anti-EuropaCity s\u2019invite devant le tribunal"},"content":{"rendered":"<p class=\"article-full__header\"><strong>La justice a \u00e9t\u00e9 saisie pour demander l\u2019arr\u00eat des cultures sur une parcelle du Triangle de Gonesse. Elles se pratiquent sans autorisation. L\u2019audience en r\u00e9f\u00e9r\u00e9 est finalement renvoy\u00e9e au 12 septembre.<\/strong><\/p>\n<div class=\"article-full__body-content\">\n<p>Un petit r\u00e9pit pour les radis. Ce mercredi, le collectif pour le Triangle de Gonesse, oppos\u00e9 au projet de complexe de commerces et de loisirs EuropaCity et plus largement \u00e0 l\u2019urbanisation de terres agricoles, \u00e9tait convoqu\u00e9 au tribunal de grande instance (TGI) de Pontoise. Il s\u2019agissait pour la justice d\u2019\u00e9tudier le r\u00e9f\u00e9r\u00e9 d\u00e9pos\u00e9 \u00e0 l\u2019encontre du CPTG par l\u2019\u00e9tablissement public foncier d\u2019Ile-de-France (EPFIF). En cause ? Les l\u00e9gumes cultiv\u00e9s par le collectif depuis mai 2017 sur une parcelle de 1 300 m\u00b2 du Triangle de Gonesse appartenant \u00e0 l\u2019EPFIF. L\u2019audience a finalement \u00e9t\u00e9 renvoy\u00e9e au 12 septembre mais pas avant que chacun ait pu pr\u00e9senter bri\u00e8vement ses arguments.<\/p>\n<p>Tout commence en mars. Le Collectif re\u00e7oit alors sommation, \u00e9tablie par un huissier, <a href=\"http:\/\/www.leparisien.fr\/val-d-oise-95\/gonesse-les-anti-europacity-sommes-d-aller-faire-pousser-des-legumes-ailleurs-13-03-2018-7606830.php\" target=\"_blank\" rel=\"noopener\">de d\u00e9barrasser le champ de toutes plantations<\/a> \u00ab effectu\u00e9es sans droit ni titre \u00bb et plus largement de quitter les lieux. Une audience le 6 mai s\u2019\u00e9tait conclue par un premier renvoi. Ce qu\u2019a demand\u00e9 et obtenu le CPTG ce mercredi arguant qu\u2019il n\u2019est pas encore repr\u00e9sent\u00e9 par un avocat car il attend un retour de sa demande d\u2019aide juridictionnelle.<\/p>\n<p>\u00ab Ce n\u2019est pas une simple affaire d\u2019occupation des terres par des l\u00e9gumes mais une grande affaire, celle du Triangle de Gonesse dont <a href=\"http:\/\/www.leparisien.fr\/val-d-oise-95\/gonesse-le-projet-europacity-est-il-en-danger-08-07-2018-7812192.php\" target=\"_blank\" rel=\"noopener\">a parl\u00e9 le ministre monsieur Hulot<\/a> \u00bb, a argument\u00e9 Bernard Loup, pr\u00e9sident du CPTG accompagn\u00e9 pour l\u2019occasion par une trentaine de militants du collectif.<\/p>\n<p>\u00ab On instrumentalise la justice \u00e0 des fins partisanes \u00bb, a lanc\u00e9 ma\u00eetre C\u00e9cile Uzan-Sellam. Pour l\u2019avocate de l\u2019EPFIF, c\u2019est simple : le terrain appartient \u00e0 son client qui a sign\u00e9 une convention d\u2019occupation des sols avec un exploitant et celui-ci attend le d\u00e9part des l\u00e9gumes pour pouvoir ensemencer.<\/p>\n<p class=\"article-full__intertitre1 intertitre\"><strong>Renvoi au 12 septembre<\/strong><\/p>\n<p>\u00ab O\u00f9 est l\u2019urgence qui pourrait justifier le fait de se passer d\u2019avocat ? \u00bb, a demand\u00e9 la magistrate pr\u00e9sidant l\u2019audience. \u00ab L\u2019agriculture peut encore semer du colza en ao\u00fbt mais pass\u00e9 ce d\u00e9lai, il perd une saison \u00bb, r\u00e9pond-elle. \u00ab Cette parcelle n\u2019\u00e9tait pas cultiv\u00e9e depuis au moins 2010 car elle est tr\u00e8s trop petite. En plus EuropaCity et la ZAC sont loin d\u2019\u00eatre faits \u00bb, a argument\u00e9 Bernard Loup.<\/p>\n<p>A l\u2019annonce du renvoi, l\u2019avocate de l\u2019EPFIF ne semble pas \u00e9tonn\u00e9e. \u00ab La juge ne peut pas vraiment faire autrement quand il n\u2019y a pas d\u2019aide juridictionnelle, m\u00eame si dans ce cas on sait que c\u2019est dilatoire. Ils jouent leurs cartes, c\u2019est de bonne guerre. Mais notre argument est simple, l\u2019EPFIF a le droit comme tout propri\u00e9taire de demander l\u2019expulsion d\u2019une occupation ill\u00e9gale \u00bb, pr\u00e9cise-t-elle. Et l\u2019EPFIF d\u2019affirmer : \u00ab D\u00e8s l\u2019acquisition il \u00e9tait pr\u00e9vu de confier l\u2019exploitation \u00e0 un agriculteur, ce qui a \u00e9t\u00e9 sign\u00e9 en octobre 2017. Et aujourd\u2019hui c\u2019est ce dernier qui est bloqu\u00e9 \u00bb.<\/p>\n<p>\u00ab C\u2019est un petit d\u00e9lai. Cela va nous permettre de continuer \u00e0 \u00eatre pr\u00e9sent tout l\u2019\u00e9t\u00e9 sur le Triangle et d\u2019y accueillir des gens. C\u2019est le seul endroit o\u00f9 l\u2019on peut se r\u00e9unir. On a jamais de salle, m\u00eame pas une cabane quand EuropaCity \u00e0 une maison en plein Gonesse \u00bb, affirme de son c\u00f4t\u00e9 Bernard Loup.<\/p>\n<p class=\"article-full__intertitre1 intertitre\"><strong>Les terres du Triangle de Gonesse accueilleront une \u00e9tape de l\u2019AlterTour<\/strong><\/p>\n<p><img loading=\"lazy\" decoding=\"async\" class=\"aligncenter size-full wp-image-12056\" src=\"http:\/\/www.altercampagne.net\/wp-content\/uploads\/2018\/09\/AT2018-07-11-fc2851f0-8529-11e8-82eb-a89d4b37fcdd_1.jpg\" alt=\"\" width=\"711\" height=\"474\" srcset=\"https:\/\/www.altercampagne.net\/wp-content\/uploads\/2018\/09\/AT2018-07-11-fc2851f0-8529-11e8-82eb-a89d4b37fcdd_1.jpg 711w, https:\/\/www.altercampagne.net\/wp-content\/uploads\/2018\/09\/AT2018-07-11-fc2851f0-8529-11e8-82eb-a89d4b37fcdd_1-300x200.jpg 300w, https:\/\/www.altercampagne.net\/wp-content\/uploads\/2018\/09\/AT2018-07-11-fc2851f0-8529-11e8-82eb-a89d4b37fcdd_1-610x407.jpg 610w, https:\/\/www.altercampagne.net\/wp-content\/uploads\/2018\/09\/AT2018-07-11-fc2851f0-8529-11e8-82eb-a89d4b37fcdd_1-100x67.jpg 100w\" sizes=\"auto, (max-width: 711px) 100vw, 711px\" \/><\/p>\n<p>Les opposants au projet EuropaCity entendent bien \u00eatre pr\u00e9sents sur le Triangle de Gonesse au-del\u00e0 de leur potager. Apr\u00e8s la deuxi\u00e8me \u00e9dition de la F\u00eate de la terre en mai dernier qui a r\u00e9uni plusieurs centaines de personnes, le site devrait s\u2019animer une nouvelle fois le 26 juillet avec l\u2019accueil d\u2019une \u00e9tape de l\u2019AlterTour 2018.<\/p>\n<p>De quoi s\u2019agit-il ? Un tour de France \u00e0 v\u00e9lo pour partir \u00e0 la rencontre des diff\u00e9rentes alternatives durables et sociales de l\u2019Hexagone. Celui-ci partira ce samedi d\u2019Amiens et se terminera \u00e0 Kolbsheim, pr\u00e8s de Strasbourg le 26 ao\u00fbt. Avant Gonesse, l\u2019\u00e9v\u00e8nement fera \u00e9galement une autre \u00e9tape dans le Val-d\u2019Oise \u00e0 Chaussy, \u00e0 la bergerie de Villarceaux les 19 et 20 juillet prochains.<\/p>\n<p style=\"text-align: right;\"><strong><a href=\"http:\/\/www.leparisien.fr\/val-d-oise-95\/gonesse-le-potager-des-anti-europacity-s-invite-devant-le-tribunal-11-07-2018-7816731.php\" target=\"_blank\" rel=\"noopener\"><span class=\"article-full__infos-author\"><span class=\"article-full__author-label\">Anne Collin<\/span><\/span>, Le Parisien<\/a>, Le 11\/07\/2018<\/strong><\/p>\n<\/div>\n","protected":false},"excerpt":{"rendered":"<p>La justice a \u00e9t\u00e9 saisie pour demander l\u2019arr\u00eat des cultures sur une parcelle du Triangle de Gonesse. Elles se pratiquent sans autorisation. L\u2019audience en r\u00e9f\u00e9r\u00e9 est finalement renvoy\u00e9e au 12 septembre. Un petit r\u00e9pit pour les radis. Ce mercredi, le collectif pour le Triangle de Gonesse, oppos\u00e9 au projet de &#8230; <\/p>\n<div><a href=\"https:\/\/www.altercampagne.net\/?p=12054\" class=\"more-link\">Read More<\/a><\/div>\n","protected":false},"author":214,"featured_media":12055,"comment_status":"closed","ping_status":"closed","sticky":false,"template":"","format":"standard","meta":{"footnotes":""},"categories":[239,3470,3477,3542],"tags":[1490,2110,3384,3755,3756,3757],"class_list":["post-12054","post","type-post","status-publish","format-standard","has-post-thumbnail","hentry","category-revue-de-presse","category-edition-2018","category-ile-de-france","category-lutte","tag-ile-de-france","tag-val-doise","tag-europacity","tag-anne-collin","tag-le-parisien","tag-triangle-de-gonesse"],"yoast_head":"<!-- This site is optimized with the Yoast SEO plugin v27.3 - https:\/\/yoast.com\/product\/yoast-seo-wordpress\/ -->\n<title>Gonesse : le potager des anti-EuropaCity s\u2019invite devant le tribunal - AlterTour<\/title>\n<meta name=\"robots\" content=\"index, follow, max-snippet:-1, max-image-preview:large, max-video-preview:-1\" \/>\n<link rel=\"canonical\" href=\"https:\/\/www.altercampagne.net\/?p=12054\" \/>\n<meta property=\"og:locale\" content=\"fr_FR\" \/>\n<meta property=\"og:type\" content=\"article\" \/>\n<meta property=\"og:title\" content=\"Gonesse : le potager des anti-EuropaCity s\u2019invite devant le tribunal - AlterTour\" \/>\n<meta property=\"og:description\" content=\"La justice a \u00e9t\u00e9 saisie pour demander l\u2019arr\u00eat des cultures sur une parcelle du Triangle de Gonesse. Elles se pratiquent sans autorisation. L\u2019audience en r\u00e9f\u00e9r\u00e9 est finalement renvoy\u00e9e au 12 septembre. Un petit r\u00e9pit pour les radis. Ce mercredi, le collectif pour le Triangle de Gonesse, oppos\u00e9 au projet de ... Read More\" \/>\n<meta property=\"og:url\" content=\"https:\/\/www.altercampagne.net\/?p=12054\" \/>\n<meta property=\"og:site_name\" content=\"AlterTour\" \/>\n<meta property=\"article:published_time\" content=\"2018-07-11T18:07:33+00:00\" \/>\n<meta property=\"article:modified_time\" content=\"2018-09-04T12:20:19+00:00\" \/>\n<meta property=\"og:image\" content=\"https:\/\/www.altercampagne.net\/wp-content\/uploads\/2018\/09\/AT2018-07-11-7816731_064aef14-850a-11e8-9257-e1baa0a95a2d-1.jpg\" \/>\n\t<meta property=\"og:image:width\" content=\"1000\" \/>\n\t<meta property=\"og:image:height\" content=\"523\" \/>\n\t<meta property=\"og:image:type\" content=\"image\/jpeg\" \/>\n<meta name=\"author\" content=\"Mathieu\" \/>\n<meta name=\"twitter:card\" content=\"summary_large_image\" \/>\n<meta name=\"twitter:label1\" content=\"\u00c9crit par\" \/>\n\t<meta name=\"twitter:data1\" content=\"Mathieu\" \/>\n\t<meta name=\"twitter:label2\" content=\"Dur\u00e9e de lecture estim\u00e9e\" \/>\n\t<meta name=\"twitter:data2\" content=\"4 minutes\" \/>\n<script type=\"application\/ld+json\" class=\"yoast-schema-graph\">{\"@context\":\"https:\\\/\\\/schema.org\",\"@graph\":[{\"@type\":\"Article\",\"@id\":\"https:\\\/\\\/www.altercampagne.net\\\/?p=12054#article\",\"isPartOf\":{\"@id\":\"https:\\\/\\\/www.altercampagne.net\\\/?p=12054\"},\"author\":{\"name\":\"Mathieu\",\"@id\":\"https:\\\/\\\/www.altercampagne.net\\\/#\\\/schema\\\/person\\\/0f261460c09e430caa0f9bcffa319109\"},\"headline\":\"Gonesse : le potager des anti-EuropaCity s\u2019invite devant le tribunal\",\"datePublished\":\"2018-07-11T18:07:33+00:00\",\"dateModified\":\"2018-09-04T12:20:19+00:00\",\"mainEntityOfPage\":{\"@id\":\"https:\\\/\\\/www.altercampagne.net\\\/?p=12054\"},\"wordCount\":742,\"image\":{\"@id\":\"https:\\\/\\\/www.altercampagne.net\\\/?p=12054#primaryimage\"},\"thumbnailUrl\":\"https:\\\/\\\/www.altercampagne.net\\\/wp-content\\\/uploads\\\/2018\\\/09\\\/AT2018-07-11-7816731_064aef14-850a-11e8-9257-e1baa0a95a2d-1.jpg\",\"keywords\":[\"ile-de-france\",\"Val-d\u2019Oise\",\"Europacity\",\"Anne Collin\",\"Le Parisien\",\"Triangle de Gonesse\"],\"articleSection\":[\"Revue de presse\",\"\u00c9dition 2018\",\"\u00cele-de-France\",\"Lutte\"],\"inLanguage\":\"fr-FR\"},{\"@type\":\"WebPage\",\"@id\":\"https:\\\/\\\/www.altercampagne.net\\\/?p=12054\",\"url\":\"https:\\\/\\\/www.altercampagne.net\\\/?p=12054\",\"name\":\"Gonesse : le potager des anti-EuropaCity s\u2019invite devant le tribunal - AlterTour\",\"isPartOf\":{\"@id\":\"https:\\\/\\\/www.altercampagne.net\\\/#website\"},\"primaryImageOfPage\":{\"@id\":\"https:\\\/\\\/www.altercampagne.net\\\/?p=12054#primaryimage\"},\"image\":{\"@id\":\"https:\\\/\\\/www.altercampagne.net\\\/?p=12054#primaryimage\"},\"thumbnailUrl\":\"https:\\\/\\\/www.altercampagne.net\\\/wp-content\\\/uploads\\\/2018\\\/09\\\/AT2018-07-11-7816731_064aef14-850a-11e8-9257-e1baa0a95a2d-1.jpg\",\"datePublished\":\"2018-07-11T18:07:33+00:00\",\"dateModified\":\"2018-09-04T12:20:19+00:00\",\"author\":{\"@id\":\"https:\\\/\\\/www.altercampagne.net\\\/#\\\/schema\\\/person\\\/0f261460c09e430caa0f9bcffa319109\"},\"breadcrumb\":{\"@id\":\"https:\\\/\\\/www.altercampagne.net\\\/?p=12054#breadcrumb\"},\"inLanguage\":\"fr-FR\",\"potentialAction\":[{\"@type\":\"ReadAction\",\"target\":[\"https:\\\/\\\/www.altercampagne.net\\\/?p=12054\"]}]},{\"@type\":\"ImageObject\",\"inLanguage\":\"fr-FR\",\"@id\":\"https:\\\/\\\/www.altercampagne.net\\\/?p=12054#primaryimage\",\"url\":\"https:\\\/\\\/www.altercampagne.net\\\/wp-content\\\/uploads\\\/2018\\\/09\\\/AT2018-07-11-7816731_064aef14-850a-11e8-9257-e1baa0a95a2d-1.jpg\",\"contentUrl\":\"https:\\\/\\\/www.altercampagne.net\\\/wp-content\\\/uploads\\\/2018\\\/09\\\/AT2018-07-11-7816731_064aef14-850a-11e8-9257-e1baa0a95a2d-1.jpg\",\"width\":1000,\"height\":523},{\"@type\":\"BreadcrumbList\",\"@id\":\"https:\\\/\\\/www.altercampagne.net\\\/?p=12054#breadcrumb\",\"itemListElement\":[{\"@type\":\"ListItem\",\"position\":1,\"name\":\"Accueil\",\"item\":\"https:\\\/\\\/www.altercampagne.net\\\/\"},{\"@type\":\"ListItem\",\"position\":2,\"name\":\"Gonesse : le potager des anti-EuropaCity s\u2019invite devant le tribunal\"}]},{\"@type\":\"WebSite\",\"@id\":\"https:\\\/\\\/www.altercampagne.net\\\/#website\",\"url\":\"https:\\\/\\\/www.altercampagne.net\\\/\",\"name\":\"AlterTour\",\"description\":\"Reliez les Alternatives \u00e0 v\u00e9lo\",\"potentialAction\":[{\"@type\":\"SearchAction\",\"target\":{\"@type\":\"EntryPoint\",\"urlTemplate\":\"https:\\\/\\\/www.altercampagne.net\\\/?s={search_term_string}\"},\"query-input\":{\"@type\":\"PropertyValueSpecification\",\"valueRequired\":true,\"valueName\":\"search_term_string\"}}],\"inLanguage\":\"fr-FR\"},{\"@type\":\"Person\",\"@id\":\"https:\\\/\\\/www.altercampagne.net\\\/#\\\/schema\\\/person\\\/0f261460c09e430caa0f9bcffa319109\",\"name\":\"Mathieu\",\"image\":{\"@type\":\"ImageObject\",\"inLanguage\":\"fr-FR\",\"@id\":\"https:\\\/\\\/secure.gravatar.com\\\/avatar\\\/aa9d3d24c83f2141e5e2709d0f63d09a99f6be6bb7a50abc4915838d9f54501a?s=96&d=mm&r=g\",\"url\":\"https:\\\/\\\/secure.gravatar.com\\\/avatar\\\/aa9d3d24c83f2141e5e2709d0f63d09a99f6be6bb7a50abc4915838d9f54501a?s=96&d=mm&r=g\",\"contentUrl\":\"https:\\\/\\\/secure.gravatar.com\\\/avatar\\\/aa9d3d24c83f2141e5e2709d0f63d09a99f6be6bb7a50abc4915838d9f54501a?s=96&d=mm&r=g\",\"caption\":\"Mathieu\"},\"url\":\"https:\\\/\\\/www.altercampagne.net\\\/?author=214\"}]}<\/script>\n<!-- \/ Yoast SEO plugin. -->","yoast_head_json":{"title":"Gonesse : le potager des anti-EuropaCity s\u2019invite devant le tribunal - AlterTour","robots":{"index":"index","follow":"follow","max-snippet":"max-snippet:-1","max-image-preview":"max-image-preview:large","max-video-preview":"max-video-preview:-1"},"canonical":"https:\/\/www.altercampagne.net\/?p=12054","og_locale":"fr_FR","og_type":"article","og_title":"Gonesse : le potager des anti-EuropaCity s\u2019invite devant le tribunal - AlterTour","og_description":"La justice a \u00e9t\u00e9 saisie pour demander l\u2019arr\u00eat des cultures sur une parcelle du Triangle de Gonesse. Elles se pratiquent sans autorisation. L\u2019audience en r\u00e9f\u00e9r\u00e9 est finalement renvoy\u00e9e au 12 septembre. Un petit r\u00e9pit pour les radis. Ce mercredi, le collectif pour le Triangle de Gonesse, oppos\u00e9 au projet de ... Read More","og_url":"https:\/\/www.altercampagne.net\/?p=12054","og_site_name":"AlterTour","article_published_time":"2018-07-11T18:07:33+00:00","article_modified_time":"2018-09-04T12:20:19+00:00","og_image":[{"width":1000,"height":523,"url":"https:\/\/www.altercampagne.net\/wp-content\/uploads\/2018\/09\/AT2018-07-11-7816731_064aef14-850a-11e8-9257-e1baa0a95a2d-1.jpg","type":"image\/jpeg"}],"author":"Mathieu","twitter_card":"summary_large_image","twitter_misc":{"\u00c9crit par":"Mathieu","Dur\u00e9e de lecture estim\u00e9e":"4 minutes"},"schema":{"@context":"https:\/\/schema.org","@graph":[{"@type":"Article","@id":"https:\/\/www.altercampagne.net\/?p=12054#article","isPartOf":{"@id":"https:\/\/www.altercampagne.net\/?p=12054"},"author":{"name":"Mathieu","@id":"https:\/\/www.altercampagne.net\/#\/schema\/person\/0f261460c09e430caa0f9bcffa319109"},"headline":"Gonesse : le potager des anti-EuropaCity s\u2019invite devant le tribunal","datePublished":"2018-07-11T18:07:33+00:00","dateModified":"2018-09-04T12:20:19+00:00","mainEntityOfPage":{"@id":"https:\/\/www.altercampagne.net\/?p=12054"},"wordCount":742,"image":{"@id":"https:\/\/www.altercampagne.net\/?p=12054#primaryimage"},"thumbnailUrl":"https:\/\/www.altercampagne.net\/wp-content\/uploads\/2018\/09\/AT2018-07-11-7816731_064aef14-850a-11e8-9257-e1baa0a95a2d-1.jpg","keywords":["ile-de-france","Val-d\u2019Oise","Europacity","Anne Collin","Le Parisien","Triangle de Gonesse"],"articleSection":["Revue de presse","\u00c9dition 2018","\u00cele-de-France","Lutte"],"inLanguage":"fr-FR"},{"@type":"WebPage","@id":"https:\/\/www.altercampagne.net\/?p=12054","url":"https:\/\/www.altercampagne.net\/?p=12054","name":"Gonesse : le potager des anti-EuropaCity s\u2019invite devant le tribunal - AlterTour","isPartOf":{"@id":"https:\/\/www.altercampagne.net\/#website"},"primaryImageOfPage":{"@id":"https:\/\/www.altercampagne.net\/?p=12054#primaryimage"},"image":{"@id":"https:\/\/www.altercampagne.net\/?p=12054#primaryimage"},"thumbnailUrl":"https:\/\/www.altercampagne.net\/wp-content\/uploads\/2018\/09\/AT2018-07-11-7816731_064aef14-850a-11e8-9257-e1baa0a95a2d-1.jpg","datePublished":"2018-07-11T18:07:33+00:00","dateModified":"2018-09-04T12:20:19+00:00","author":{"@id":"https:\/\/www.altercampagne.net\/#\/schema\/person\/0f261460c09e430caa0f9bcffa319109"},"breadcrumb":{"@id":"https:\/\/www.altercampagne.net\/?p=12054#breadcrumb"},"inLanguage":"fr-FR","potentialAction":[{"@type":"ReadAction","target":["https:\/\/www.altercampagne.net\/?p=12054"]}]},{"@type":"ImageObject","inLanguage":"fr-FR","@id":"https:\/\/www.altercampagne.net\/?p=12054#primaryimage","url":"https:\/\/www.altercampagne.net\/wp-content\/uploads\/2018\/09\/AT2018-07-11-7816731_064aef14-850a-11e8-9257-e1baa0a95a2d-1.jpg","contentUrl":"https:\/\/www.altercampagne.net\/wp-content\/uploads\/2018\/09\/AT2018-07-11-7816731_064aef14-850a-11e8-9257-e1baa0a95a2d-1.jpg","width":1000,"height":523},{"@type":"BreadcrumbList","@id":"https:\/\/www.altercampagne.net\/?p=12054#breadcrumb","itemListElement":[{"@type":"ListItem","position":1,"name":"Accueil","item":"https:\/\/www.altercampagne.net\/"},{"@type":"ListItem","position":2,"name":"Gonesse : le potager des anti-EuropaCity s\u2019invite devant le tribunal"}]},{"@type":"WebSite","@id":"https:\/\/www.altercampagne.net\/#website","url":"https:\/\/www.altercampagne.net\/","name":"AlterTour","description":"Reliez les Alternatives \u00e0 v\u00e9lo","potentialAction":[{"@type":"SearchAction","target":{"@type":"EntryPoint","urlTemplate":"https:\/\/www.altercampagne.net\/?s={search_term_string}"},"query-input":{"@type":"PropertyValueSpecification","valueRequired":true,"valueName":"search_term_string"}}],"inLanguage":"fr-FR"},{"@type":"Person","@id":"https:\/\/www.altercampagne.net\/#\/schema\/person\/0f261460c09e430caa0f9bcffa319109","name":"Mathieu","image":{"@type":"ImageObject","inLanguage":"fr-FR","@id":"https:\/\/secure.gravatar.com\/avatar\/aa9d3d24c83f2141e5e2709d0f63d09a99f6be6bb7a50abc4915838d9f54501a?s=96&d=mm&r=g","url":"https:\/\/secure.gravatar.com\/avatar\/aa9d3d24c83f2141e5e2709d0f63d09a99f6be6bb7a50abc4915838d9f54501a?s=96&d=mm&r=g","contentUrl":"https:\/\/secure.gravatar.com\/avatar\/aa9d3d24c83f2141e5e2709d0f63d09a99f6be6bb7a50abc4915838d9f54501a?s=96&d=mm&r=g","caption":"Mathieu"},"url":"https:\/\/www.altercampagne.net\/?author=214"}]}},"_links":{"self":[{"href":"https:\/\/www.altercampagne.net\/index.php?rest_route=\/wp\/v2\/posts\/12054","targetHints":{"allow":["GET"]}}],"collection":[{"href":"https:\/\/www.altercampagne.net\/index.php?rest_route=\/wp\/v2\/posts"}],"about":[{"href":"https:\/\/www.altercampagne.net\/index.php?rest_route=\/wp\/v2\/types\/post"}],"author":[{"embeddable":true,"href":"https:\/\/www.altercampagne.net\/index.php?rest_route=\/wp\/v2\/users\/214"}],"replies":[{"embeddable":true,"href":"https:\/\/www.altercampagne.net\/index.php?rest_route=%2Fwp%2Fv2%2Fcomments&post=12054"}],"version-history":[{"count":0,"href":"https:\/\/www.altercampagne.net\/index.php?rest_route=\/wp\/v2\/posts\/12054\/revisions"}],"wp:featuredmedia":[{"embeddable":true,"href":"https:\/\/www.altercampagne.net\/index.php?rest_route=\/wp\/v2\/media\/12055"}],"wp:attachment":[{"href":"https:\/\/www.altercampagne.net\/index.php?rest_route=%2Fwp%2Fv2%2Fmedia&parent=12054"}],"wp:term":[{"taxonomy":"category","embeddable":true,"href":"https:\/\/www.altercampagne.net\/index.php?rest_route=%2Fwp%2Fv2%2Fcategories&post=12054"},{"taxonomy":"post_tag","embeddable":true,"href":"https:\/\/www.altercampagne.net\/index.php?rest_route=%2Fwp%2Fv2%2Ftags&post=12054"}],"curies":[{"name":"wp","href":"https:\/\/api.w.org\/{rel}","templated":true}]}}