{"id":12058,"date":"2018-07-15T20:25:20","date_gmt":"2018-07-15T18:25:20","guid":{"rendered":"http:\/\/www.altercampagne.net\/?p=12058"},"modified":"2018-09-04T14:50:44","modified_gmt":"2018-09-04T12:50:44","slug":"cherbourg-a-velo-vers-bure-pour-denoncer-le-nucleaire","status":"publish","type":"post","link":"https:\/\/www.altercampagne.net\/?p=12058","title":{"rendered":"Cherbourg. \u00c0 v\u00e9lo vers Bure, pour d\u00e9noncer le nucl\u00e9aire"},"content":{"rendered":"<p class=\"chapeau\">Un groupe de cyclistes, parti ce dimanche 15\u00a0juillet 2018, va relier Cherbourg \u00e0 Bure \u00e0 v\u00e9lo, pour \u00ab\u2009d\u00e9noncer le non-traitement des d\u00e9chets nucl\u00e9aires et l\u2019aveuglement fran\u00e7ais\u2009\u00bb.<\/p>\n<p>Une quinzaine de cyclistes sont partis de Cherbourg dimanche 15\u00a0juillet 2018 au matin. Ils entreprennent un p\u00e9riple de plusieurs semaines <strong> \u00ab\u2009pour d\u00e9couvrir diff\u00e9rentes alternatives\u2009\u00bb<\/strong> , explique Genevi\u00e8ve, une des participantes.<\/p>\n<p><strong>D\u00e9noncer l\u2019aveuglement fran\u00e7ais<\/strong><\/p>\n<p>L\u2019objectif du groupe, c\u2019est d\u2019aller jusqu\u2019\u00e0 Bure, o\u00f9 un site d\u2019enfouissement de d\u00e9chets nucl\u00e9aires est en projet. <strong> \u00ab\u2009\u00c0 partir de ce sujet s\u00e9rieux qu\u2019est le nucl\u00e9aire non g\u00e9r\u00e9, on veut faire de \u00abvrais-faux\u00bb convois de f\u00fbts nucl\u00e9aires de Cherbourg \u00e0 Bure pour d\u00e9noncer le non-traitement et l\u2019aveuglement fran\u00e7ais face au nucl\u00e9aire\u2009\u00bb<\/strong> .<\/p>\n<p>Par\u00e9s de leurs sacs aux couleurs des d\u00e9chets nucl\u00e9aires, les 15 cyclistes, originaires de toute la France mais aussi de Belgique et de Suisse, veulent susciter le d\u00e9bat sur la gestion du\u00a0parc nucl\u00e9aire en France et en Europe, pour <strong> \u00ab\u2009le repositionner au c\u0153ur de la soci\u00e9t\u00e9\u2009\u00bb<\/strong> .<\/p>\n<p>Avant \u00e7a, ils comptent rejoindre le reste du groupe \u00e0 Gonesse, en r\u00e9gion parisienne, sur le site du projet EuropaCity, dans le cadre de l\u2019Alter Tour\u2009: un parcours \u00e0 v\u00e9lo de six semaines, d\u2019Amiens \u00e0 Strasbourg. Diff\u00e9rentes \u00e9tapes sont pr\u00e9vues tout au long du p\u00e9riple, pour s\u2019int\u00e9resser \u00e0 des monnaies locales, des solutions alternatives plus \u00e9cologiques\u2026 Et loger chez l\u2019habitant contre quelques travaux \u00e0 la ferme.<\/p>\n<p style=\"text-align: right;\"><strong><a href=\"https:\/\/www.ouest-france.fr\/normandie\/cherbourg-en-cotentin-50100\/cherbourg-velo-vers-bure-pour-denoncer-le-nucleaire-5880768\" target=\"_blank\" rel=\"noopener\">Margot Hairon, Ouest France<\/a>, Le 15\/07\/2018<\/strong><\/p>\n","protected":false},"excerpt":{"rendered":"<p>Un groupe de cyclistes, parti ce dimanche 15\u00a0juillet 2018, va relier Cherbourg \u00e0 Bure \u00e0 v\u00e9lo, pour \u00ab\u2009d\u00e9noncer le non-traitement des d\u00e9chets nucl\u00e9aires et l\u2019aveuglement fran\u00e7ais\u2009\u00bb. Une quinzaine de cyclistes sont partis de Cherbourg dimanche 15\u00a0juillet 2018 au matin. Ils entreprennent un p\u00e9riple de plusieurs semaines \u00ab\u2009pour d\u00e9couvrir diff\u00e9rentes alternatives\u2009\u00bb &#8230; <\/p>\n<div><a href=\"https:\/\/www.altercampagne.net\/?p=12058\" class=\"more-link\">Read More<\/a><\/div>\n","protected":false},"author":214,"featured_media":12059,"comment_status":"closed","ping_status":"closed","sticky":false,"template":"","format":"standard","meta":{"footnotes":""},"categories":[3231,239,3470,3487,3478,3542],"tags":[232,321,469,471,2101,3758,3759],"class_list":["post-12058","post","type-post","status-publish","format-standard","has-post-thumbnail","hentry","category-echappee-belle","category-revue-de-presse","category-edition-2018","category-energie","category-normandie","category-lutte","tag-nucleaire","tag-manche","tag-basse-normandie","tag-ouest-france","tag-normandie","tag-cherbourg","tag-margot-hairon"],"yoast_head":"<!-- This site is optimized with the Yoast SEO plugin v27.3 - https:\/\/yoast.com\/product\/yoast-seo-wordpress\/ -->\n<title>Cherbourg. \u00c0 v\u00e9lo vers Bure, pour d\u00e9noncer le nucl\u00e9aire - AlterTour<\/title>\n<meta name=\"robots\" content=\"index, follow, max-snippet:-1, max-image-preview:large, max-video-preview:-1\" \/>\n<link rel=\"canonical\" href=\"https:\/\/www.altercampagne.net\/?p=12058\" \/>\n<meta property=\"og:locale\" content=\"fr_FR\" \/>\n<meta property=\"og:type\" content=\"article\" \/>\n<meta property=\"og:title\" content=\"Cherbourg. \u00c0 v\u00e9lo vers Bure, pour d\u00e9noncer le nucl\u00e9aire - AlterTour\" \/>\n<meta property=\"og:description\" content=\"Un groupe de cyclistes, parti ce dimanche 15\u00a0juillet 2018, va relier Cherbourg \u00e0 Bure \u00e0 v\u00e9lo, pour \u00ab\u2009d\u00e9noncer le non-traitement des d\u00e9chets nucl\u00e9aires et l\u2019aveuglement fran\u00e7ais\u2009\u00bb. Une quinzaine de cyclistes sont partis de Cherbourg dimanche 15\u00a0juillet 2018 au matin. Ils entreprennent un p\u00e9riple de plusieurs semaines \u00ab\u2009pour d\u00e9couvrir diff\u00e9rentes alternatives\u2009\u00bb ... Read More\" \/>\n<meta property=\"og:url\" content=\"https:\/\/www.altercampagne.net\/?p=12058\" \/>\n<meta property=\"og:site_name\" content=\"AlterTour\" \/>\n<meta property=\"article:published_time\" content=\"2018-07-15T18:25:20+00:00\" \/>\n<meta property=\"article:modified_time\" content=\"2018-09-04T12:50:44+00:00\" \/>\n<meta property=\"og:image\" content=\"https:\/\/www.altercampagne.net\/wp-content\/uploads\/2018\/09\/EB2018-07-15-189a29cff3c2103d6feefb914c774956.jpg\" \/>\n\t<meta property=\"og:image:width\" content=\"1000\" \/>\n\t<meta property=\"og:image:height\" content=\"522\" \/>\n\t<meta property=\"og:image:type\" content=\"image\/jpeg\" \/>\n<meta name=\"author\" content=\"Mathieu\" \/>\n<meta name=\"twitter:card\" content=\"summary_large_image\" \/>\n<meta name=\"twitter:label1\" content=\"\u00c9crit par\" \/>\n\t<meta name=\"twitter:data1\" content=\"Mathieu\" \/>\n\t<meta name=\"twitter:label2\" content=\"Dur\u00e9e de lecture estim\u00e9e\" \/>\n\t<meta name=\"twitter:data2\" content=\"1 minute\" \/>\n<script type=\"application\/ld+json\" class=\"yoast-schema-graph\">{\"@context\":\"https:\\\/\\\/schema.org\",\"@graph\":[{\"@type\":\"Article\",\"@id\":\"https:\\\/\\\/www.altercampagne.net\\\/?p=12058#article\",\"isPartOf\":{\"@id\":\"https:\\\/\\\/www.altercampagne.net\\\/?p=12058\"},\"author\":{\"name\":\"Mathieu\",\"@id\":\"https:\\\/\\\/www.altercampagne.net\\\/#\\\/schema\\\/person\\\/0f261460c09e430caa0f9bcffa319109\"},\"headline\":\"Cherbourg. \u00c0 v\u00e9lo vers Bure, pour d\u00e9noncer le nucl\u00e9aire\",\"datePublished\":\"2018-07-15T18:25:20+00:00\",\"dateModified\":\"2018-09-04T12:50:44+00:00\",\"mainEntityOfPage\":{\"@id\":\"https:\\\/\\\/www.altercampagne.net\\\/?p=12058\"},\"wordCount\":272,\"image\":{\"@id\":\"https:\\\/\\\/www.altercampagne.net\\\/?p=12058#primaryimage\"},\"thumbnailUrl\":\"https:\\\/\\\/www.altercampagne.net\\\/wp-content\\\/uploads\\\/2018\\\/09\\\/EB2018-07-15-189a29cff3c2103d6feefb914c774956.jpg\",\"keywords\":[\"nucl\u00e9aire\",\"manche\",\"Basse Normandie\",\"ouest france\",\"Normandie\",\"Cherbourg\",\"Margot Hairon\"],\"articleSection\":[\"Echapp\u00e9e Belle\",\"Revue de presse\",\"\u00c9dition 2018\",\"\u00c9nergie\",\"Normandie\",\"Lutte\"],\"inLanguage\":\"fr-FR\"},{\"@type\":\"WebPage\",\"@id\":\"https:\\\/\\\/www.altercampagne.net\\\/?p=12058\",\"url\":\"https:\\\/\\\/www.altercampagne.net\\\/?p=12058\",\"name\":\"Cherbourg. \u00c0 v\u00e9lo vers Bure, pour d\u00e9noncer le nucl\u00e9aire - AlterTour\",\"isPartOf\":{\"@id\":\"https:\\\/\\\/www.altercampagne.net\\\/#website\"},\"primaryImageOfPage\":{\"@id\":\"https:\\\/\\\/www.altercampagne.net\\\/?p=12058#primaryimage\"},\"image\":{\"@id\":\"https:\\\/\\\/www.altercampagne.net\\\/?p=12058#primaryimage\"},\"thumbnailUrl\":\"https:\\\/\\\/www.altercampagne.net\\\/wp-content\\\/uploads\\\/2018\\\/09\\\/EB2018-07-15-189a29cff3c2103d6feefb914c774956.jpg\",\"datePublished\":\"2018-07-15T18:25:20+00:00\",\"dateModified\":\"2018-09-04T12:50:44+00:00\",\"author\":{\"@id\":\"https:\\\/\\\/www.altercampagne.net\\\/#\\\/schema\\\/person\\\/0f261460c09e430caa0f9bcffa319109\"},\"breadcrumb\":{\"@id\":\"https:\\\/\\\/www.altercampagne.net\\\/?p=12058#breadcrumb\"},\"inLanguage\":\"fr-FR\",\"potentialAction\":[{\"@type\":\"ReadAction\",\"target\":[\"https:\\\/\\\/www.altercampagne.net\\\/?p=12058\"]}]},{\"@type\":\"ImageObject\",\"inLanguage\":\"fr-FR\",\"@id\":\"https:\\\/\\\/www.altercampagne.net\\\/?p=12058#primaryimage\",\"url\":\"https:\\\/\\\/www.altercampagne.net\\\/wp-content\\\/uploads\\\/2018\\\/09\\\/EB2018-07-15-189a29cff3c2103d6feefb914c774956.jpg\",\"contentUrl\":\"https:\\\/\\\/www.altercampagne.net\\\/wp-content\\\/uploads\\\/2018\\\/09\\\/EB2018-07-15-189a29cff3c2103d6feefb914c774956.jpg\",\"width\":1000,\"height\":522},{\"@type\":\"BreadcrumbList\",\"@id\":\"https:\\\/\\\/www.altercampagne.net\\\/?p=12058#breadcrumb\",\"itemListElement\":[{\"@type\":\"ListItem\",\"position\":1,\"name\":\"Accueil\",\"item\":\"https:\\\/\\\/www.altercampagne.net\\\/\"},{\"@type\":\"ListItem\",\"position\":2,\"name\":\"Cherbourg. \u00c0 v\u00e9lo vers Bure, pour d\u00e9noncer le nucl\u00e9aire\"}]},{\"@type\":\"WebSite\",\"@id\":\"https:\\\/\\\/www.altercampagne.net\\\/#website\",\"url\":\"https:\\\/\\\/www.altercampagne.net\\\/\",\"name\":\"AlterTour\",\"description\":\"Reliez les Alternatives \u00e0 v\u00e9lo\",\"potentialAction\":[{\"@type\":\"SearchAction\",\"target\":{\"@type\":\"EntryPoint\",\"urlTemplate\":\"https:\\\/\\\/www.altercampagne.net\\\/?s={search_term_string}\"},\"query-input\":{\"@type\":\"PropertyValueSpecification\",\"valueRequired\":true,\"valueName\":\"search_term_string\"}}],\"inLanguage\":\"fr-FR\"},{\"@type\":\"Person\",\"@id\":\"https:\\\/\\\/www.altercampagne.net\\\/#\\\/schema\\\/person\\\/0f261460c09e430caa0f9bcffa319109\",\"name\":\"Mathieu\",\"image\":{\"@type\":\"ImageObject\",\"inLanguage\":\"fr-FR\",\"@id\":\"https:\\\/\\\/secure.gravatar.com\\\/avatar\\\/aa9d3d24c83f2141e5e2709d0f63d09a99f6be6bb7a50abc4915838d9f54501a?s=96&d=mm&r=g\",\"url\":\"https:\\\/\\\/secure.gravatar.com\\\/avatar\\\/aa9d3d24c83f2141e5e2709d0f63d09a99f6be6bb7a50abc4915838d9f54501a?s=96&d=mm&r=g\",\"contentUrl\":\"https:\\\/\\\/secure.gravatar.com\\\/avatar\\\/aa9d3d24c83f2141e5e2709d0f63d09a99f6be6bb7a50abc4915838d9f54501a?s=96&d=mm&r=g\",\"caption\":\"Mathieu\"},\"url\":\"https:\\\/\\\/www.altercampagne.net\\\/?author=214\"}]}<\/script>\n<!-- \/ Yoast SEO plugin. -->","yoast_head_json":{"title":"Cherbourg. \u00c0 v\u00e9lo vers Bure, pour d\u00e9noncer le nucl\u00e9aire - AlterTour","robots":{"index":"index","follow":"follow","max-snippet":"max-snippet:-1","max-image-preview":"max-image-preview:large","max-video-preview":"max-video-preview:-1"},"canonical":"https:\/\/www.altercampagne.net\/?p=12058","og_locale":"fr_FR","og_type":"article","og_title":"Cherbourg. \u00c0 v\u00e9lo vers Bure, pour d\u00e9noncer le nucl\u00e9aire - AlterTour","og_description":"Un groupe de cyclistes, parti ce dimanche 15\u00a0juillet 2018, va relier Cherbourg \u00e0 Bure \u00e0 v\u00e9lo, pour \u00ab\u2009d\u00e9noncer le non-traitement des d\u00e9chets nucl\u00e9aires et l\u2019aveuglement fran\u00e7ais\u2009\u00bb. Une quinzaine de cyclistes sont partis de Cherbourg dimanche 15\u00a0juillet 2018 au matin. Ils entreprennent un p\u00e9riple de plusieurs semaines \u00ab\u2009pour d\u00e9couvrir diff\u00e9rentes alternatives\u2009\u00bb ... Read More","og_url":"https:\/\/www.altercampagne.net\/?p=12058","og_site_name":"AlterTour","article_published_time":"2018-07-15T18:25:20+00:00","article_modified_time":"2018-09-04T12:50:44+00:00","og_image":[{"width":1000,"height":522,"url":"https:\/\/www.altercampagne.net\/wp-content\/uploads\/2018\/09\/EB2018-07-15-189a29cff3c2103d6feefb914c774956.jpg","type":"image\/jpeg"}],"author":"Mathieu","twitter_card":"summary_large_image","twitter_misc":{"\u00c9crit par":"Mathieu","Dur\u00e9e de lecture estim\u00e9e":"1 minute"},"schema":{"@context":"https:\/\/schema.org","@graph":[{"@type":"Article","@id":"https:\/\/www.altercampagne.net\/?p=12058#article","isPartOf":{"@id":"https:\/\/www.altercampagne.net\/?p=12058"},"author":{"name":"Mathieu","@id":"https:\/\/www.altercampagne.net\/#\/schema\/person\/0f261460c09e430caa0f9bcffa319109"},"headline":"Cherbourg. \u00c0 v\u00e9lo vers Bure, pour d\u00e9noncer le nucl\u00e9aire","datePublished":"2018-07-15T18:25:20+00:00","dateModified":"2018-09-04T12:50:44+00:00","mainEntityOfPage":{"@id":"https:\/\/www.altercampagne.net\/?p=12058"},"wordCount":272,"image":{"@id":"https:\/\/www.altercampagne.net\/?p=12058#primaryimage"},"thumbnailUrl":"https:\/\/www.altercampagne.net\/wp-content\/uploads\/2018\/09\/EB2018-07-15-189a29cff3c2103d6feefb914c774956.jpg","keywords":["nucl\u00e9aire","manche","Basse Normandie","ouest france","Normandie","Cherbourg","Margot Hairon"],"articleSection":["Echapp\u00e9e Belle","Revue de presse","\u00c9dition 2018","\u00c9nergie","Normandie","Lutte"],"inLanguage":"fr-FR"},{"@type":"WebPage","@id":"https:\/\/www.altercampagne.net\/?p=12058","url":"https:\/\/www.altercampagne.net\/?p=12058","name":"Cherbourg. \u00c0 v\u00e9lo vers Bure, pour d\u00e9noncer le nucl\u00e9aire - AlterTour","isPartOf":{"@id":"https:\/\/www.altercampagne.net\/#website"},"primaryImageOfPage":{"@id":"https:\/\/www.altercampagne.net\/?p=12058#primaryimage"},"image":{"@id":"https:\/\/www.altercampagne.net\/?p=12058#primaryimage"},"thumbnailUrl":"https:\/\/www.altercampagne.net\/wp-content\/uploads\/2018\/09\/EB2018-07-15-189a29cff3c2103d6feefb914c774956.jpg","datePublished":"2018-07-15T18:25:20+00:00","dateModified":"2018-09-04T12:50:44+00:00","author":{"@id":"https:\/\/www.altercampagne.net\/#\/schema\/person\/0f261460c09e430caa0f9bcffa319109"},"breadcrumb":{"@id":"https:\/\/www.altercampagne.net\/?p=12058#breadcrumb"},"inLanguage":"fr-FR","potentialAction":[{"@type":"ReadAction","target":["https:\/\/www.altercampagne.net\/?p=12058"]}]},{"@type":"ImageObject","inLanguage":"fr-FR","@id":"https:\/\/www.altercampagne.net\/?p=12058#primaryimage","url":"https:\/\/www.altercampagne.net\/wp-content\/uploads\/2018\/09\/EB2018-07-15-189a29cff3c2103d6feefb914c774956.jpg","contentUrl":"https:\/\/www.altercampagne.net\/wp-content\/uploads\/2018\/09\/EB2018-07-15-189a29cff3c2103d6feefb914c774956.jpg","width":1000,"height":522},{"@type":"BreadcrumbList","@id":"https:\/\/www.altercampagne.net\/?p=12058#breadcrumb","itemListElement":[{"@type":"ListItem","position":1,"name":"Accueil","item":"https:\/\/www.altercampagne.net\/"},{"@type":"ListItem","position":2,"name":"Cherbourg. \u00c0 v\u00e9lo vers Bure, pour d\u00e9noncer le nucl\u00e9aire"}]},{"@type":"WebSite","@id":"https:\/\/www.altercampagne.net\/#website","url":"https:\/\/www.altercampagne.net\/","name":"AlterTour","description":"Reliez les Alternatives \u00e0 v\u00e9lo","potentialAction":[{"@type":"SearchAction","target":{"@type":"EntryPoint","urlTemplate":"https:\/\/www.altercampagne.net\/?s={search_term_string}"},"query-input":{"@type":"PropertyValueSpecification","valueRequired":true,"valueName":"search_term_string"}}],"inLanguage":"fr-FR"},{"@type":"Person","@id":"https:\/\/www.altercampagne.net\/#\/schema\/person\/0f261460c09e430caa0f9bcffa319109","name":"Mathieu","image":{"@type":"ImageObject","inLanguage":"fr-FR","@id":"https:\/\/secure.gravatar.com\/avatar\/aa9d3d24c83f2141e5e2709d0f63d09a99f6be6bb7a50abc4915838d9f54501a?s=96&d=mm&r=g","url":"https:\/\/secure.gravatar.com\/avatar\/aa9d3d24c83f2141e5e2709d0f63d09a99f6be6bb7a50abc4915838d9f54501a?s=96&d=mm&r=g","contentUrl":"https:\/\/secure.gravatar.com\/avatar\/aa9d3d24c83f2141e5e2709d0f63d09a99f6be6bb7a50abc4915838d9f54501a?s=96&d=mm&r=g","caption":"Mathieu"},"url":"https:\/\/www.altercampagne.net\/?author=214"}]}},"_links":{"self":[{"href":"https:\/\/www.altercampagne.net\/index.php?rest_route=\/wp\/v2\/posts\/12058","targetHints":{"allow":["GET"]}}],"collection":[{"href":"https:\/\/www.altercampagne.net\/index.php?rest_route=\/wp\/v2\/posts"}],"about":[{"href":"https:\/\/www.altercampagne.net\/index.php?rest_route=\/wp\/v2\/types\/post"}],"author":[{"embeddable":true,"href":"https:\/\/www.altercampagne.net\/index.php?rest_route=\/wp\/v2\/users\/214"}],"replies":[{"embeddable":true,"href":"https:\/\/www.altercampagne.net\/index.php?rest_route=%2Fwp%2Fv2%2Fcomments&post=12058"}],"version-history":[{"count":0,"href":"https:\/\/www.altercampagne.net\/index.php?rest_route=\/wp\/v2\/posts\/12058\/revisions"}],"wp:featuredmedia":[{"embeddable":true,"href":"https:\/\/www.altercampagne.net\/index.php?rest_route=\/wp\/v2\/media\/12059"}],"wp:attachment":[{"href":"https:\/\/www.altercampagne.net\/index.php?rest_route=%2Fwp%2Fv2%2Fmedia&parent=12058"}],"wp:term":[{"taxonomy":"category","embeddable":true,"href":"https:\/\/www.altercampagne.net\/index.php?rest_route=%2Fwp%2Fv2%2Fcategories&post=12058"},{"taxonomy":"post_tag","embeddable":true,"href":"https:\/\/www.altercampagne.net\/index.php?rest_route=%2Fwp%2Fv2%2Ftags&post=12058"}],"curies":[{"name":"wp","href":"https:\/\/api.w.org\/{rel}","templated":true}]}}