{"id":12073,"date":"2018-07-16T20:44:26","date_gmt":"2018-07-16T18:44:26","guid":{"rendered":"http:\/\/www.altercampagne.net\/?p=12073"},"modified":"2018-09-04T16:05:08","modified_gmt":"2018-09-04T14:05:08","slug":"un-detour-par-la-ferme-des-franches-terres","status":"publish","type":"post","link":"https:\/\/www.altercampagne.net\/?p=12073","title":{"rendered":"Un d\u00e9tour par la ferme des Franches Terres"},"content":{"rendered":"<p>Les participants de l\u2019AlterTour se sont pos\u00e9s dans la ferme des Franches Terres de Pont-de-Metz, au GAEC (groupement agricole d\u2019exploitation en commun) mara\u00eechage bio, lors du deuxi\u00e8me jour de lancement, ce dimanche. \u00ab\u00a0 <em>\u00c7a fait cinq ans qu\u2019on est install\u00e9s ici<\/em> \u00a0\u00bb, explique Ga\u00ebtan Vall\u00e9e, originaire de la r\u00e9gion PACA, propri\u00e9taire des lieux avec son homologue Emmanuel Houeix. \u00ab\u00a0 <em>Aujourd\u2019hui, 50\u00a0% des agriculteurs qui s\u2019installent dans une ferme ne sont pas issus du milieu agricole. Quand on s\u2019est associ\u00e9s avec Manu, tout l\u2019enjeu \u00e9tait de savoir comment acheter la terre quand on ne poss\u00e8de pas les terres agricoles de la famille.<\/em> \u00a0\u00bb Les deux agriculteurs ont finalement pu acqu\u00e9rir ce terrain gr\u00e2ce \u00e0 l\u2019association Terre de Liens, qui facilite l\u2019acc\u00e8s des paysans \u00e0 la terre et d\u00e9veloppe l\u2019agriculture biologique. \u00ab\u00a0 <em>Sans appuis politiques locaux, on ne serait jamais parvenus \u00e0 obtenir ces 11 hectares<\/em> \u00a0\u00bb, poursuit Ga\u00ebtan Vall\u00e9e. \u00ab\u00a0 <em>Quand on a commenc\u00e9 ici, on s\u2019\u00e9tait fix\u00e9 des objectifs\u00a0: travailler en bio, \u00eatre relativement autonomes, mais aussi que ce m\u00e9tier soit \u00e0 la fois vivable et \u00e9conomiquement viable.<\/em> \u00a0\u00bb<\/p>\n<p>Les deux associ\u00e9s arrivent ainsi \u00e0 se d\u00e9gager six semaines de cong\u00e9s pay\u00e9s par an, et \u00e0 ne travailler les week-ends qu\u2019en \u00e9t\u00e9. \u00ab\u00a0 <em>Bien s\u00fbr, \u00e7a demande un rythme de travail intensif en semaine, mais c\u2019est notre choix et \u00e7a nous permet d\u2019avoir une vie sociale.<\/em> \u00a0\u00bb La distribution de leurs l\u00e9gumes se fait \u00e0 la fois via des AMAP (Associations pour le maintien d\u2019une agriculture paysanne), des paniers garnis bio et de saison, ou encore une vente au d\u00e9tail \u00e0 la ferme tous les vendredis apr\u00e8s-midis.<\/p>\n<p style=\"text-align: right;\"><strong><a href=\"http:\/\/www.courrier-picard.fr\/124253\/article\/2018-07-16\/un-detour-par-la-ferme-des-franches-terres\" target=\"_blank\" rel=\"noopener\">Le Courrier Picard<\/a>, Le 16\/07\/2018<\/strong><\/p>\n","protected":false},"excerpt":{"rendered":"<p>Les participants de l\u2019AlterTour se sont pos\u00e9s dans la ferme des Franches Terres de Pont-de-Metz, au GAEC (groupement agricole d\u2019exploitation en commun) mara\u00eechage bio, lors du deuxi\u00e8me jour de lancement, ce dimanche. \u00ab\u00a0 \u00c7a fait cinq ans qu\u2019on est install\u00e9s ici \u00a0\u00bb, explique Ga\u00ebtan Vall\u00e9e, originaire de la r\u00e9gion PACA, &#8230; <\/p>\n<div><a href=\"https:\/\/www.altercampagne.net\/?p=12073\" class=\"more-link\">Read More<\/a><\/div>\n","protected":false},"author":214,"featured_media":12074,"comment_status":"closed","ping_status":"closed","sticky":false,"template":"","format":"standard","meta":{"footnotes":""},"categories":[3483,239,3470,3476],"tags":[3241,3557,3558,3559,3760,3761],"class_list":["post-12073","post","type-post","status-publish","format-standard","has-post-thumbnail","hentry","category-agriculture","category-revue-de-presse","category-edition-2018","category-hauts-de-france","tag-somme","tag-gaec-des-franches-terres","tag-pont-de-metz","tag-picardie","tag-courrier-picard","tag-gaetan-vallee"],"yoast_head":"<!-- This site is optimized with the Yoast SEO plugin v27.3 - https:\/\/yoast.com\/product\/yoast-seo-wordpress\/ -->\n<title>Un d\u00e9tour par la ferme des Franches Terres - AlterTour<\/title>\n<meta name=\"robots\" content=\"index, follow, max-snippet:-1, max-image-preview:large, max-video-preview:-1\" \/>\n<link rel=\"canonical\" href=\"https:\/\/www.altercampagne.net\/?p=12073\" \/>\n<meta property=\"og:locale\" content=\"fr_FR\" \/>\n<meta property=\"og:type\" content=\"article\" \/>\n<meta property=\"og:title\" content=\"Un d\u00e9tour par la ferme des Franches Terres - AlterTour\" \/>\n<meta property=\"og:description\" content=\"Les participants de l\u2019AlterTour se sont pos\u00e9s dans la ferme des Franches Terres de Pont-de-Metz, au GAEC (groupement agricole d\u2019exploitation en commun) mara\u00eechage bio, lors du deuxi\u00e8me jour de lancement, ce dimanche. \u00ab\u00a0 \u00c7a fait cinq ans qu\u2019on est install\u00e9s ici \u00a0\u00bb, explique Ga\u00ebtan Vall\u00e9e, originaire de la r\u00e9gion PACA, ... Read More\" \/>\n<meta property=\"og:url\" content=\"https:\/\/www.altercampagne.net\/?p=12073\" \/>\n<meta property=\"og:site_name\" content=\"AlterTour\" \/>\n<meta property=\"article:published_time\" content=\"2018-07-16T18:44:26+00:00\" \/>\n<meta property=\"article:modified_time\" content=\"2018-09-04T14:05:08+00:00\" \/>\n<meta property=\"og:image\" content=\"https:\/\/www.altercampagne.net\/wp-content\/uploads\/2018\/09\/AT2018-07-16-Franches-Terres-20180715_143328.jpg\" \/>\n\t<meta property=\"og:image:width\" content=\"1000\" \/>\n\t<meta property=\"og:image:height\" content=\"522\" \/>\n\t<meta property=\"og:image:type\" content=\"image\/jpeg\" \/>\n<meta name=\"author\" content=\"Mathieu\" \/>\n<meta name=\"twitter:card\" content=\"summary_large_image\" \/>\n<meta name=\"twitter:label1\" content=\"\u00c9crit par\" \/>\n\t<meta name=\"twitter:data1\" content=\"Mathieu\" \/>\n\t<meta name=\"twitter:label2\" content=\"Dur\u00e9e de lecture estim\u00e9e\" \/>\n\t<meta name=\"twitter:data2\" content=\"1 minute\" \/>\n<script type=\"application\/ld+json\" class=\"yoast-schema-graph\">{\"@context\":\"https:\\\/\\\/schema.org\",\"@graph\":[{\"@type\":\"Article\",\"@id\":\"https:\\\/\\\/www.altercampagne.net\\\/?p=12073#article\",\"isPartOf\":{\"@id\":\"https:\\\/\\\/www.altercampagne.net\\\/?p=12073\"},\"author\":{\"name\":\"Mathieu\",\"@id\":\"https:\\\/\\\/www.altercampagne.net\\\/#\\\/schema\\\/person\\\/0f261460c09e430caa0f9bcffa319109\"},\"headline\":\"Un d\u00e9tour par la ferme des Franches Terres\",\"datePublished\":\"2018-07-16T18:44:26+00:00\",\"dateModified\":\"2018-09-04T14:05:08+00:00\",\"mainEntityOfPage\":{\"@id\":\"https:\\\/\\\/www.altercampagne.net\\\/?p=12073\"},\"wordCount\":300,\"image\":{\"@id\":\"https:\\\/\\\/www.altercampagne.net\\\/?p=12073#primaryimage\"},\"thumbnailUrl\":\"https:\\\/\\\/www.altercampagne.net\\\/wp-content\\\/uploads\\\/2018\\\/09\\\/AT2018-07-16-Franches-Terres-20180715_143328.jpg\",\"keywords\":[\"Somme\",\"GAEC des Franches Terres\",\"Pont-de-Metz\",\"Picardie\",\"Courrier Picard\",\"Ga\u00ebtan Vall\u00e9e\"],\"articleSection\":[\"Agriculture\",\"Revue de presse\",\"\u00c9dition 2018\",\"Hauts-de-France\"],\"inLanguage\":\"fr-FR\"},{\"@type\":\"WebPage\",\"@id\":\"https:\\\/\\\/www.altercampagne.net\\\/?p=12073\",\"url\":\"https:\\\/\\\/www.altercampagne.net\\\/?p=12073\",\"name\":\"Un d\u00e9tour par la ferme des Franches Terres - AlterTour\",\"isPartOf\":{\"@id\":\"https:\\\/\\\/www.altercampagne.net\\\/#website\"},\"primaryImageOfPage\":{\"@id\":\"https:\\\/\\\/www.altercampagne.net\\\/?p=12073#primaryimage\"},\"image\":{\"@id\":\"https:\\\/\\\/www.altercampagne.net\\\/?p=12073#primaryimage\"},\"thumbnailUrl\":\"https:\\\/\\\/www.altercampagne.net\\\/wp-content\\\/uploads\\\/2018\\\/09\\\/AT2018-07-16-Franches-Terres-20180715_143328.jpg\",\"datePublished\":\"2018-07-16T18:44:26+00:00\",\"dateModified\":\"2018-09-04T14:05:08+00:00\",\"author\":{\"@id\":\"https:\\\/\\\/www.altercampagne.net\\\/#\\\/schema\\\/person\\\/0f261460c09e430caa0f9bcffa319109\"},\"breadcrumb\":{\"@id\":\"https:\\\/\\\/www.altercampagne.net\\\/?p=12073#breadcrumb\"},\"inLanguage\":\"fr-FR\",\"potentialAction\":[{\"@type\":\"ReadAction\",\"target\":[\"https:\\\/\\\/www.altercampagne.net\\\/?p=12073\"]}]},{\"@type\":\"ImageObject\",\"inLanguage\":\"fr-FR\",\"@id\":\"https:\\\/\\\/www.altercampagne.net\\\/?p=12073#primaryimage\",\"url\":\"https:\\\/\\\/www.altercampagne.net\\\/wp-content\\\/uploads\\\/2018\\\/09\\\/AT2018-07-16-Franches-Terres-20180715_143328.jpg\",\"contentUrl\":\"https:\\\/\\\/www.altercampagne.net\\\/wp-content\\\/uploads\\\/2018\\\/09\\\/AT2018-07-16-Franches-Terres-20180715_143328.jpg\",\"width\":1000,\"height\":522},{\"@type\":\"BreadcrumbList\",\"@id\":\"https:\\\/\\\/www.altercampagne.net\\\/?p=12073#breadcrumb\",\"itemListElement\":[{\"@type\":\"ListItem\",\"position\":1,\"name\":\"Accueil\",\"item\":\"https:\\\/\\\/www.altercampagne.net\\\/\"},{\"@type\":\"ListItem\",\"position\":2,\"name\":\"Un d\u00e9tour par la ferme des Franches Terres\"}]},{\"@type\":\"WebSite\",\"@id\":\"https:\\\/\\\/www.altercampagne.net\\\/#website\",\"url\":\"https:\\\/\\\/www.altercampagne.net\\\/\",\"name\":\"AlterTour\",\"description\":\"Reliez les Alternatives \u00e0 v\u00e9lo\",\"potentialAction\":[{\"@type\":\"SearchAction\",\"target\":{\"@type\":\"EntryPoint\",\"urlTemplate\":\"https:\\\/\\\/www.altercampagne.net\\\/?s={search_term_string}\"},\"query-input\":{\"@type\":\"PropertyValueSpecification\",\"valueRequired\":true,\"valueName\":\"search_term_string\"}}],\"inLanguage\":\"fr-FR\"},{\"@type\":\"Person\",\"@id\":\"https:\\\/\\\/www.altercampagne.net\\\/#\\\/schema\\\/person\\\/0f261460c09e430caa0f9bcffa319109\",\"name\":\"Mathieu\",\"image\":{\"@type\":\"ImageObject\",\"inLanguage\":\"fr-FR\",\"@id\":\"https:\\\/\\\/secure.gravatar.com\\\/avatar\\\/aa9d3d24c83f2141e5e2709d0f63d09a99f6be6bb7a50abc4915838d9f54501a?s=96&d=mm&r=g\",\"url\":\"https:\\\/\\\/secure.gravatar.com\\\/avatar\\\/aa9d3d24c83f2141e5e2709d0f63d09a99f6be6bb7a50abc4915838d9f54501a?s=96&d=mm&r=g\",\"contentUrl\":\"https:\\\/\\\/secure.gravatar.com\\\/avatar\\\/aa9d3d24c83f2141e5e2709d0f63d09a99f6be6bb7a50abc4915838d9f54501a?s=96&d=mm&r=g\",\"caption\":\"Mathieu\"},\"url\":\"https:\\\/\\\/www.altercampagne.net\\\/?author=214\"}]}<\/script>\n<!-- \/ Yoast SEO plugin. -->","yoast_head_json":{"title":"Un d\u00e9tour par la ferme des Franches Terres - AlterTour","robots":{"index":"index","follow":"follow","max-snippet":"max-snippet:-1","max-image-preview":"max-image-preview:large","max-video-preview":"max-video-preview:-1"},"canonical":"https:\/\/www.altercampagne.net\/?p=12073","og_locale":"fr_FR","og_type":"article","og_title":"Un d\u00e9tour par la ferme des Franches Terres - AlterTour","og_description":"Les participants de l\u2019AlterTour se sont pos\u00e9s dans la ferme des Franches Terres de Pont-de-Metz, au GAEC (groupement agricole d\u2019exploitation en commun) mara\u00eechage bio, lors du deuxi\u00e8me jour de lancement, ce dimanche. \u00ab\u00a0 \u00c7a fait cinq ans qu\u2019on est install\u00e9s ici \u00a0\u00bb, explique Ga\u00ebtan Vall\u00e9e, originaire de la r\u00e9gion PACA, ... Read More","og_url":"https:\/\/www.altercampagne.net\/?p=12073","og_site_name":"AlterTour","article_published_time":"2018-07-16T18:44:26+00:00","article_modified_time":"2018-09-04T14:05:08+00:00","og_image":[{"width":1000,"height":522,"url":"https:\/\/www.altercampagne.net\/wp-content\/uploads\/2018\/09\/AT2018-07-16-Franches-Terres-20180715_143328.jpg","type":"image\/jpeg"}],"author":"Mathieu","twitter_card":"summary_large_image","twitter_misc":{"\u00c9crit par":"Mathieu","Dur\u00e9e de lecture estim\u00e9e":"1 minute"},"schema":{"@context":"https:\/\/schema.org","@graph":[{"@type":"Article","@id":"https:\/\/www.altercampagne.net\/?p=12073#article","isPartOf":{"@id":"https:\/\/www.altercampagne.net\/?p=12073"},"author":{"name":"Mathieu","@id":"https:\/\/www.altercampagne.net\/#\/schema\/person\/0f261460c09e430caa0f9bcffa319109"},"headline":"Un d\u00e9tour par la ferme des Franches Terres","datePublished":"2018-07-16T18:44:26+00:00","dateModified":"2018-09-04T14:05:08+00:00","mainEntityOfPage":{"@id":"https:\/\/www.altercampagne.net\/?p=12073"},"wordCount":300,"image":{"@id":"https:\/\/www.altercampagne.net\/?p=12073#primaryimage"},"thumbnailUrl":"https:\/\/www.altercampagne.net\/wp-content\/uploads\/2018\/09\/AT2018-07-16-Franches-Terres-20180715_143328.jpg","keywords":["Somme","GAEC des Franches Terres","Pont-de-Metz","Picardie","Courrier Picard","Ga\u00ebtan Vall\u00e9e"],"articleSection":["Agriculture","Revue de presse","\u00c9dition 2018","Hauts-de-France"],"inLanguage":"fr-FR"},{"@type":"WebPage","@id":"https:\/\/www.altercampagne.net\/?p=12073","url":"https:\/\/www.altercampagne.net\/?p=12073","name":"Un d\u00e9tour par la ferme des Franches Terres - AlterTour","isPartOf":{"@id":"https:\/\/www.altercampagne.net\/#website"},"primaryImageOfPage":{"@id":"https:\/\/www.altercampagne.net\/?p=12073#primaryimage"},"image":{"@id":"https:\/\/www.altercampagne.net\/?p=12073#primaryimage"},"thumbnailUrl":"https:\/\/www.altercampagne.net\/wp-content\/uploads\/2018\/09\/AT2018-07-16-Franches-Terres-20180715_143328.jpg","datePublished":"2018-07-16T18:44:26+00:00","dateModified":"2018-09-04T14:05:08+00:00","author":{"@id":"https:\/\/www.altercampagne.net\/#\/schema\/person\/0f261460c09e430caa0f9bcffa319109"},"breadcrumb":{"@id":"https:\/\/www.altercampagne.net\/?p=12073#breadcrumb"},"inLanguage":"fr-FR","potentialAction":[{"@type":"ReadAction","target":["https:\/\/www.altercampagne.net\/?p=12073"]}]},{"@type":"ImageObject","inLanguage":"fr-FR","@id":"https:\/\/www.altercampagne.net\/?p=12073#primaryimage","url":"https:\/\/www.altercampagne.net\/wp-content\/uploads\/2018\/09\/AT2018-07-16-Franches-Terres-20180715_143328.jpg","contentUrl":"https:\/\/www.altercampagne.net\/wp-content\/uploads\/2018\/09\/AT2018-07-16-Franches-Terres-20180715_143328.jpg","width":1000,"height":522},{"@type":"BreadcrumbList","@id":"https:\/\/www.altercampagne.net\/?p=12073#breadcrumb","itemListElement":[{"@type":"ListItem","position":1,"name":"Accueil","item":"https:\/\/www.altercampagne.net\/"},{"@type":"ListItem","position":2,"name":"Un d\u00e9tour par la ferme des Franches Terres"}]},{"@type":"WebSite","@id":"https:\/\/www.altercampagne.net\/#website","url":"https:\/\/www.altercampagne.net\/","name":"AlterTour","description":"Reliez les Alternatives \u00e0 v\u00e9lo","potentialAction":[{"@type":"SearchAction","target":{"@type":"EntryPoint","urlTemplate":"https:\/\/www.altercampagne.net\/?s={search_term_string}"},"query-input":{"@type":"PropertyValueSpecification","valueRequired":true,"valueName":"search_term_string"}}],"inLanguage":"fr-FR"},{"@type":"Person","@id":"https:\/\/www.altercampagne.net\/#\/schema\/person\/0f261460c09e430caa0f9bcffa319109","name":"Mathieu","image":{"@type":"ImageObject","inLanguage":"fr-FR","@id":"https:\/\/secure.gravatar.com\/avatar\/aa9d3d24c83f2141e5e2709d0f63d09a99f6be6bb7a50abc4915838d9f54501a?s=96&d=mm&r=g","url":"https:\/\/secure.gravatar.com\/avatar\/aa9d3d24c83f2141e5e2709d0f63d09a99f6be6bb7a50abc4915838d9f54501a?s=96&d=mm&r=g","contentUrl":"https:\/\/secure.gravatar.com\/avatar\/aa9d3d24c83f2141e5e2709d0f63d09a99f6be6bb7a50abc4915838d9f54501a?s=96&d=mm&r=g","caption":"Mathieu"},"url":"https:\/\/www.altercampagne.net\/?author=214"}]}},"_links":{"self":[{"href":"https:\/\/www.altercampagne.net\/index.php?rest_route=\/wp\/v2\/posts\/12073","targetHints":{"allow":["GET"]}}],"collection":[{"href":"https:\/\/www.altercampagne.net\/index.php?rest_route=\/wp\/v2\/posts"}],"about":[{"href":"https:\/\/www.altercampagne.net\/index.php?rest_route=\/wp\/v2\/types\/post"}],"author":[{"embeddable":true,"href":"https:\/\/www.altercampagne.net\/index.php?rest_route=\/wp\/v2\/users\/214"}],"replies":[{"embeddable":true,"href":"https:\/\/www.altercampagne.net\/index.php?rest_route=%2Fwp%2Fv2%2Fcomments&post=12073"}],"version-history":[{"count":0,"href":"https:\/\/www.altercampagne.net\/index.php?rest_route=\/wp\/v2\/posts\/12073\/revisions"}],"wp:featuredmedia":[{"embeddable":true,"href":"https:\/\/www.altercampagne.net\/index.php?rest_route=\/wp\/v2\/media\/12074"}],"wp:attachment":[{"href":"https:\/\/www.altercampagne.net\/index.php?rest_route=%2Fwp%2Fv2%2Fmedia&parent=12073"}],"wp:term":[{"taxonomy":"category","embeddable":true,"href":"https:\/\/www.altercampagne.net\/index.php?rest_route=%2Fwp%2Fv2%2Fcategories&post=12073"},{"taxonomy":"post_tag","embeddable":true,"href":"https:\/\/www.altercampagne.net\/index.php?rest_route=%2Fwp%2Fv2%2Ftags&post=12073"}],"curies":[{"name":"wp","href":"https:\/\/api.w.org\/{rel}","templated":true}]}}