{"id":12094,"date":"2018-07-25T20:59:13","date_gmt":"2018-07-25T18:59:13","guid":{"rendered":"http:\/\/www.altercampagne.net\/?p=12094"},"modified":"2018-09-05T21:45:13","modified_gmt":"2018-09-05T19:45:13","slug":"laltertour-un-tour-de-france-solidaire","status":"publish","type":"post","link":"https:\/\/www.altercampagne.net\/?p=12094","title":{"rendered":"L&rsquo;AlterTour : un tour de France solidaire"},"content":{"rendered":"<p><strong>Depuis 2007, l&rsquo;AlterTour se lance \u00e0 v\u00e9lo sur les routes de France \u00e0 la rencontre des alternatives locales, La centaine de cyclistes est venue d\u00e9couvrir le Val-d&rsquo;Oise du 19 au 26 juillet.<\/strong><\/p>\n<p>Participer \u00e0 un chantier col\u00adlectif et d&rsquo;\u00e9changer avec les b\u00e9n\u00e9voles telle \u00e9tait la feuille de foute des Altercyclistes au cours de leur passage au ch\u00e2teau de Villarceaux. Partis d&rsquo;Amiens pour rejoindre Strasbourg en six semaines, les participants de l&rsquo;AlterTour 2018, un tour \u00e0 v\u00e9lo \u00e0 la rencontre des initia\u00adtives \u00e9cologiques et solidaires, ont fait escale durant deux jours \u00e0 Chaussy, pour participer \u00e0 des \u00e9changes avec les acteurs d&rsquo;alternatives locales pour le d\u00e9veloppement durable et les circuits courts. En d\u00e9couvrant la Bergerie de Villarceaux, les 19 et 20 juillet, l&rsquo;objectif \u00e9tait ainsi de participer \u00e0 un chantier collectif et d&rsquo;\u00e9changer avec les b\u00e9n\u00e9voles.<\/p>\n<p>C&rsquo;est un programme charg\u00e9 qui attendait ainsi les partici\u00adpants : soir\u00e9e autour des mobilit\u00e9s actives dans le Parc naturel r\u00e9gional du Vexin, suivi le lende\u00admain d&rsquo;un chanter collectif de d\u00e9broussaillage, pour finir avec la visite du lieu par H\u00e9lo\u00efse.<\/p>\n<p>L&rsquo;\u00e9chapp\u00e9e belle s&rsquo;est ensuite rendue \u00e0 Courdimanche, le 25 juillet pour d\u00e9couvrir la ferme de Cavan et la CoopOise. Sylve, qui a (cr\u00e9\u00e9 cette \u00e9picerie colla\u00adborative, participe activement \u00e0 l&rsquo;AlterTour : \u00ab J&rsquo;ai d\u00e9couvert le Tour car il passait derri\u00e8re chez mai \u00e0 Jouy-le-Moutier il y a neuf ans, depuis je parti\u00adcipe \u00e0 l&rsquo;organisation chaque ann\u00e9e. \u00bb<\/p>\n<h5><strong>R\u00e9gime \u00ab locavore \u00bb<\/strong><\/h5>\n<p>Allant \u00e0 chaque \u00e9tape \u00e0 la rencontre de personnes qui par\u00adtagent les m\u00eames principes et valeurs en alternatives concr\u00e8tes, les cyclistes sont pr\u00eats \u00e0 \u00e9chan\u00adger et \u00e0 s&rsquo;enrichir mutuellement<\/p>\n<p>Najet explique : \u00ab On respecte totalement l&rsquo;agriculture, l&rsquo;\u00e9nergie, on \u00e9vite les trans\u00adports. On est tous li\u00e9s par des valeurs communes, on devient amis. \u00bb Ce que l&rsquo;asso\u00adciation d\u00e9fend avant tout c&rsquo;est son R\u00e9gime \u00ab\u00a0locavore\u00a0\u00bb, c&rsquo;est\u00ad-\u00e0-dire consommer responsable, bio et local. Afin de valoriser les petits producteurs.<\/p>\n<p>Le groupe de l&rsquo;AlterTour fonctionne par ailleurs en autogestion, les d\u00e9cisions sont prises \u00e0 l&rsquo;unisson. \u00ab Il y a un r\u00e9el partage des t\u00e2ches, \u00e9norm\u00e9ment d&rsquo;\u00e9changes, m\u00eame un mode de communication avec les mains. L&rsquo;autogestion peut para\u00eetre chaotique mais finalement \u00e7a fonctionne tr\u00e8s bien \u00bb, souligne Sylvie. Un discours partag\u00e9 par les alter\u00adcyclistes, et particuli\u00e8rement Corine, venue pour la troisi\u00e8me ann\u00e9e de suite. \u00ab Tout en d\u00e9fendant la cause pour la\u00adquelle on se bat au quotidien, nous passons des vacances de qualit\u00e9. On rencontre des per\u00adsonnes extraordinaires, avec lesquelles on reste en contact m\u00eame apr\u00e8s l&rsquo;AlterTour. \u00bb\u00ad<\/p>\n<h5>Un \u00e9cole de la vie<\/h5>\n<p>\u00ab\u00a0C&rsquo;est la quatri\u00e8me fois que je participe avec mon petit-fils. C&rsquo;est une \u00e9cole de la vie. J&rsquo;aime lui faire d\u00e9couvrir la r\u00e9alit\u00e9 du monde agricole et sa difficult\u00e9. En tant qu&rsquo;ancien paysan \u00e7a me touche. Les activit\u00e9s qu&rsquo;on fait avec l&rsquo;AlterTour vont des d\u00e9bats, rencontres, chantiers, coups de main sur les lieux o\u00f9 on passe, jusqu&rsquo;\u00e0 d\u00e9fendre des projets. On fait de la politique \u00e0 tous les niveaux, en s&rsquo;engageant et en consommant. La Bergerie de Villarceaux est incroyable, c&rsquo;est une preuve de la possibilit\u00e9 de produire et consommer diff\u00e9remment, un v\u00e9ritable centre de recherche. pour le monde agricole, et donc une r\u00e9f\u00e9rence en termes d&rsquo;\u00e9co-habitation de la terre.\u00a0\u00bb<\/p>\n<p>Avant de quitter le d\u00e9partement, les Altercyclistes devaient se rendre \u00e0 Gonesse avec le collectif qui d\u00e9fend la pr\u00e9servation des terres agricoles contre le projet commercial d&rsquo;EuropaCity.<\/p>\n<p style=\"text-align: right;\"><strong>Tanja AKSENTIJEVIC et Ma\u00eblle CHAPUIS, <a href=\"https:\/\/actu.fr\/ile-de-france\/\" target=\"_blank\" rel=\"noopener\">L&rsquo;Actu du Val d&rsquo;Oise<\/a><\/strong><\/p>\n","protected":false},"excerpt":{"rendered":"<p>Depuis 2007, l&rsquo;AlterTour se lance \u00e0 v\u00e9lo sur les routes de France \u00e0 la rencontre des alternatives locales, La centaine de cyclistes est venue d\u00e9couvrir le Val-d&rsquo;Oise du 19 au 26 juillet. Participer \u00e0 un chantier col\u00adlectif et d&rsquo;\u00e9changer avec les b\u00e9n\u00e9voles telle \u00e9tait la feuille de foute des Altercyclistes &#8230; <\/p>\n<div><a href=\"https:\/\/www.altercampagne.net\/?p=12094\" class=\"more-link\">Read More<\/a><\/div>\n","protected":false},"author":214,"featured_media":12099,"comment_status":"closed","ping_status":"closed","sticky":false,"template":"","format":"standard","meta":{"footnotes":""},"categories":[3483,3489,239,3470,3477,3485],"tags":[1490,2110,2113,2756,3356,3384,3762,3763,3764,3765,3766],"class_list":["post-12094","post","type-post","status-publish","format-standard","has-post-thumbnail","hentry","category-agriculture","category-alimentation","category-revue-de-presse","category-edition-2018","category-ile-de-france","category-habitat","tag-ile-de-france","tag-val-doise","tag-courdimanche","tag-bergerie-de-villarceaux","tag-chaussy","tag-europacity","tag-tanja-aksentijevic","tag-maelle-chapuis","tag-lactu-du-val-doise","tag-ferme-de-cavan","tag-coopoise"],"yoast_head":"<!-- This site is optimized with the Yoast SEO plugin v27.3 - https:\/\/yoast.com\/product\/yoast-seo-wordpress\/ -->\n<title>L&#039;AlterTour : un tour de France solidaire - AlterTour<\/title>\n<meta name=\"robots\" content=\"index, follow, max-snippet:-1, max-image-preview:large, max-video-preview:-1\" \/>\n<link rel=\"canonical\" href=\"https:\/\/www.altercampagne.net\/?p=12094\" \/>\n<meta property=\"og:locale\" content=\"fr_FR\" \/>\n<meta property=\"og:type\" content=\"article\" \/>\n<meta property=\"og:title\" content=\"L&#039;AlterTour : un tour de France solidaire - AlterTour\" \/>\n<meta property=\"og:description\" content=\"Depuis 2007, l&rsquo;AlterTour se lance \u00e0 v\u00e9lo sur les routes de France \u00e0 la rencontre des alternatives locales, La centaine de cyclistes est venue d\u00e9couvrir le Val-d&rsquo;Oise du 19 au 26 juillet. Participer \u00e0 un chantier col\u00adlectif et d&rsquo;\u00e9changer avec les b\u00e9n\u00e9voles telle \u00e9tait la feuille de foute des Altercyclistes ... Read More\" \/>\n<meta property=\"og:url\" content=\"https:\/\/www.altercampagne.net\/?p=12094\" \/>\n<meta property=\"og:site_name\" content=\"AlterTour\" \/>\n<meta property=\"article:published_time\" content=\"2018-07-25T18:59:13+00:00\" \/>\n<meta property=\"article:modified_time\" content=\"2018-09-05T19:45:13+00:00\" \/>\n<meta property=\"og:image\" content=\"https:\/\/www.altercampagne.net\/wp-content\/uploads\/2018\/07\/La-Gazette-du-Val-dOise-du-25-juillet-2018-ePresse.jpg\" \/>\n\t<meta property=\"og:image:width\" content=\"1322\" \/>\n\t<meta property=\"og:image:height\" content=\"691\" \/>\n\t<meta property=\"og:image:type\" content=\"image\/jpeg\" \/>\n<meta name=\"author\" content=\"Mathieu\" \/>\n<meta name=\"twitter:card\" content=\"summary_large_image\" \/>\n<meta name=\"twitter:label1\" content=\"\u00c9crit par\" \/>\n\t<meta name=\"twitter:data1\" content=\"Mathieu\" \/>\n\t<meta name=\"twitter:label2\" content=\"Dur\u00e9e de lecture estim\u00e9e\" \/>\n\t<meta name=\"twitter:data2\" content=\"3 minutes\" \/>\n<script type=\"application\/ld+json\" class=\"yoast-schema-graph\">{\"@context\":\"https:\\\/\\\/schema.org\",\"@graph\":[{\"@type\":\"Article\",\"@id\":\"https:\\\/\\\/www.altercampagne.net\\\/?p=12094#article\",\"isPartOf\":{\"@id\":\"https:\\\/\\\/www.altercampagne.net\\\/?p=12094\"},\"author\":{\"name\":\"Mathieu\",\"@id\":\"https:\\\/\\\/www.altercampagne.net\\\/#\\\/schema\\\/person\\\/0f261460c09e430caa0f9bcffa319109\"},\"headline\":\"L&rsquo;AlterTour : un tour de France solidaire\",\"datePublished\":\"2018-07-25T18:59:13+00:00\",\"dateModified\":\"2018-09-05T19:45:13+00:00\",\"mainEntityOfPage\":{\"@id\":\"https:\\\/\\\/www.altercampagne.net\\\/?p=12094\"},\"wordCount\":634,\"image\":{\"@id\":\"https:\\\/\\\/www.altercampagne.net\\\/?p=12094#primaryimage\"},\"thumbnailUrl\":\"https:\\\/\\\/www.altercampagne.net\\\/wp-content\\\/uploads\\\/2018\\\/07\\\/La-Gazette-du-Val-dOise-du-25-juillet-2018-ePresse.jpg\",\"keywords\":[\"ile-de-france\",\"Val-d\u2019Oise\",\"Courdimanche\",\"Bergerie de Villarceaux\",\"Chaussy\",\"Europacity\",\"Tanja AKSENTIJEVIC\",\"Ma\u00eblle CHAPUIS\",\"L'Actu du Val d'Oise\",\"ferme de Cavan\",\"CoopOise\"],\"articleSection\":[\"Agriculture\",\"Alimentation\",\"Revue de presse\",\"\u00c9dition 2018\",\"\u00cele-de-France\",\"Habitat\"],\"inLanguage\":\"fr-FR\"},{\"@type\":\"WebPage\",\"@id\":\"https:\\\/\\\/www.altercampagne.net\\\/?p=12094\",\"url\":\"https:\\\/\\\/www.altercampagne.net\\\/?p=12094\",\"name\":\"L'AlterTour : un tour de France solidaire - AlterTour\",\"isPartOf\":{\"@id\":\"https:\\\/\\\/www.altercampagne.net\\\/#website\"},\"primaryImageOfPage\":{\"@id\":\"https:\\\/\\\/www.altercampagne.net\\\/?p=12094#primaryimage\"},\"image\":{\"@id\":\"https:\\\/\\\/www.altercampagne.net\\\/?p=12094#primaryimage\"},\"thumbnailUrl\":\"https:\\\/\\\/www.altercampagne.net\\\/wp-content\\\/uploads\\\/2018\\\/07\\\/La-Gazette-du-Val-dOise-du-25-juillet-2018-ePresse.jpg\",\"datePublished\":\"2018-07-25T18:59:13+00:00\",\"dateModified\":\"2018-09-05T19:45:13+00:00\",\"author\":{\"@id\":\"https:\\\/\\\/www.altercampagne.net\\\/#\\\/schema\\\/person\\\/0f261460c09e430caa0f9bcffa319109\"},\"breadcrumb\":{\"@id\":\"https:\\\/\\\/www.altercampagne.net\\\/?p=12094#breadcrumb\"},\"inLanguage\":\"fr-FR\",\"potentialAction\":[{\"@type\":\"ReadAction\",\"target\":[\"https:\\\/\\\/www.altercampagne.net\\\/?p=12094\"]}]},{\"@type\":\"ImageObject\",\"inLanguage\":\"fr-FR\",\"@id\":\"https:\\\/\\\/www.altercampagne.net\\\/?p=12094#primaryimage\",\"url\":\"https:\\\/\\\/www.altercampagne.net\\\/wp-content\\\/uploads\\\/2018\\\/07\\\/La-Gazette-du-Val-dOise-du-25-juillet-2018-ePresse.jpg\",\"contentUrl\":\"https:\\\/\\\/www.altercampagne.net\\\/wp-content\\\/uploads\\\/2018\\\/07\\\/La-Gazette-du-Val-dOise-du-25-juillet-2018-ePresse.jpg\",\"width\":1322,\"height\":691},{\"@type\":\"BreadcrumbList\",\"@id\":\"https:\\\/\\\/www.altercampagne.net\\\/?p=12094#breadcrumb\",\"itemListElement\":[{\"@type\":\"ListItem\",\"position\":1,\"name\":\"Accueil\",\"item\":\"https:\\\/\\\/www.altercampagne.net\\\/\"},{\"@type\":\"ListItem\",\"position\":2,\"name\":\"L&rsquo;AlterTour : un tour de France solidaire\"}]},{\"@type\":\"WebSite\",\"@id\":\"https:\\\/\\\/www.altercampagne.net\\\/#website\",\"url\":\"https:\\\/\\\/www.altercampagne.net\\\/\",\"name\":\"AlterTour\",\"description\":\"Reliez les Alternatives \u00e0 v\u00e9lo\",\"potentialAction\":[{\"@type\":\"SearchAction\",\"target\":{\"@type\":\"EntryPoint\",\"urlTemplate\":\"https:\\\/\\\/www.altercampagne.net\\\/?s={search_term_string}\"},\"query-input\":{\"@type\":\"PropertyValueSpecification\",\"valueRequired\":true,\"valueName\":\"search_term_string\"}}],\"inLanguage\":\"fr-FR\"},{\"@type\":\"Person\",\"@id\":\"https:\\\/\\\/www.altercampagne.net\\\/#\\\/schema\\\/person\\\/0f261460c09e430caa0f9bcffa319109\",\"name\":\"Mathieu\",\"image\":{\"@type\":\"ImageObject\",\"inLanguage\":\"fr-FR\",\"@id\":\"https:\\\/\\\/secure.gravatar.com\\\/avatar\\\/aa9d3d24c83f2141e5e2709d0f63d09a99f6be6bb7a50abc4915838d9f54501a?s=96&d=mm&r=g\",\"url\":\"https:\\\/\\\/secure.gravatar.com\\\/avatar\\\/aa9d3d24c83f2141e5e2709d0f63d09a99f6be6bb7a50abc4915838d9f54501a?s=96&d=mm&r=g\",\"contentUrl\":\"https:\\\/\\\/secure.gravatar.com\\\/avatar\\\/aa9d3d24c83f2141e5e2709d0f63d09a99f6be6bb7a50abc4915838d9f54501a?s=96&d=mm&r=g\",\"caption\":\"Mathieu\"},\"url\":\"https:\\\/\\\/www.altercampagne.net\\\/?author=214\"}]}<\/script>\n<!-- \/ Yoast SEO plugin. -->","yoast_head_json":{"title":"L'AlterTour : un tour de France solidaire - AlterTour","robots":{"index":"index","follow":"follow","max-snippet":"max-snippet:-1","max-image-preview":"max-image-preview:large","max-video-preview":"max-video-preview:-1"},"canonical":"https:\/\/www.altercampagne.net\/?p=12094","og_locale":"fr_FR","og_type":"article","og_title":"L'AlterTour : un tour de France solidaire - AlterTour","og_description":"Depuis 2007, l&rsquo;AlterTour se lance \u00e0 v\u00e9lo sur les routes de France \u00e0 la rencontre des alternatives locales, La centaine de cyclistes est venue d\u00e9couvrir le Val-d&rsquo;Oise du 19 au 26 juillet. Participer \u00e0 un chantier col\u00adlectif et d&rsquo;\u00e9changer avec les b\u00e9n\u00e9voles telle \u00e9tait la feuille de foute des Altercyclistes ... Read More","og_url":"https:\/\/www.altercampagne.net\/?p=12094","og_site_name":"AlterTour","article_published_time":"2018-07-25T18:59:13+00:00","article_modified_time":"2018-09-05T19:45:13+00:00","og_image":[{"width":1322,"height":691,"url":"https:\/\/www.altercampagne.net\/wp-content\/uploads\/2018\/07\/La-Gazette-du-Val-dOise-du-25-juillet-2018-ePresse.jpg","type":"image\/jpeg"}],"author":"Mathieu","twitter_card":"summary_large_image","twitter_misc":{"\u00c9crit par":"Mathieu","Dur\u00e9e de lecture estim\u00e9e":"3 minutes"},"schema":{"@context":"https:\/\/schema.org","@graph":[{"@type":"Article","@id":"https:\/\/www.altercampagne.net\/?p=12094#article","isPartOf":{"@id":"https:\/\/www.altercampagne.net\/?p=12094"},"author":{"name":"Mathieu","@id":"https:\/\/www.altercampagne.net\/#\/schema\/person\/0f261460c09e430caa0f9bcffa319109"},"headline":"L&rsquo;AlterTour : un tour de France solidaire","datePublished":"2018-07-25T18:59:13+00:00","dateModified":"2018-09-05T19:45:13+00:00","mainEntityOfPage":{"@id":"https:\/\/www.altercampagne.net\/?p=12094"},"wordCount":634,"image":{"@id":"https:\/\/www.altercampagne.net\/?p=12094#primaryimage"},"thumbnailUrl":"https:\/\/www.altercampagne.net\/wp-content\/uploads\/2018\/07\/La-Gazette-du-Val-dOise-du-25-juillet-2018-ePresse.jpg","keywords":["ile-de-france","Val-d\u2019Oise","Courdimanche","Bergerie de Villarceaux","Chaussy","Europacity","Tanja AKSENTIJEVIC","Ma\u00eblle CHAPUIS","L'Actu du Val d'Oise","ferme de Cavan","CoopOise"],"articleSection":["Agriculture","Alimentation","Revue de presse","\u00c9dition 2018","\u00cele-de-France","Habitat"],"inLanguage":"fr-FR"},{"@type":"WebPage","@id":"https:\/\/www.altercampagne.net\/?p=12094","url":"https:\/\/www.altercampagne.net\/?p=12094","name":"L'AlterTour : un tour de France solidaire - AlterTour","isPartOf":{"@id":"https:\/\/www.altercampagne.net\/#website"},"primaryImageOfPage":{"@id":"https:\/\/www.altercampagne.net\/?p=12094#primaryimage"},"image":{"@id":"https:\/\/www.altercampagne.net\/?p=12094#primaryimage"},"thumbnailUrl":"https:\/\/www.altercampagne.net\/wp-content\/uploads\/2018\/07\/La-Gazette-du-Val-dOise-du-25-juillet-2018-ePresse.jpg","datePublished":"2018-07-25T18:59:13+00:00","dateModified":"2018-09-05T19:45:13+00:00","author":{"@id":"https:\/\/www.altercampagne.net\/#\/schema\/person\/0f261460c09e430caa0f9bcffa319109"},"breadcrumb":{"@id":"https:\/\/www.altercampagne.net\/?p=12094#breadcrumb"},"inLanguage":"fr-FR","potentialAction":[{"@type":"ReadAction","target":["https:\/\/www.altercampagne.net\/?p=12094"]}]},{"@type":"ImageObject","inLanguage":"fr-FR","@id":"https:\/\/www.altercampagne.net\/?p=12094#primaryimage","url":"https:\/\/www.altercampagne.net\/wp-content\/uploads\/2018\/07\/La-Gazette-du-Val-dOise-du-25-juillet-2018-ePresse.jpg","contentUrl":"https:\/\/www.altercampagne.net\/wp-content\/uploads\/2018\/07\/La-Gazette-du-Val-dOise-du-25-juillet-2018-ePresse.jpg","width":1322,"height":691},{"@type":"BreadcrumbList","@id":"https:\/\/www.altercampagne.net\/?p=12094#breadcrumb","itemListElement":[{"@type":"ListItem","position":1,"name":"Accueil","item":"https:\/\/www.altercampagne.net\/"},{"@type":"ListItem","position":2,"name":"L&rsquo;AlterTour : un tour de France solidaire"}]},{"@type":"WebSite","@id":"https:\/\/www.altercampagne.net\/#website","url":"https:\/\/www.altercampagne.net\/","name":"AlterTour","description":"Reliez les Alternatives \u00e0 v\u00e9lo","potentialAction":[{"@type":"SearchAction","target":{"@type":"EntryPoint","urlTemplate":"https:\/\/www.altercampagne.net\/?s={search_term_string}"},"query-input":{"@type":"PropertyValueSpecification","valueRequired":true,"valueName":"search_term_string"}}],"inLanguage":"fr-FR"},{"@type":"Person","@id":"https:\/\/www.altercampagne.net\/#\/schema\/person\/0f261460c09e430caa0f9bcffa319109","name":"Mathieu","image":{"@type":"ImageObject","inLanguage":"fr-FR","@id":"https:\/\/secure.gravatar.com\/avatar\/aa9d3d24c83f2141e5e2709d0f63d09a99f6be6bb7a50abc4915838d9f54501a?s=96&d=mm&r=g","url":"https:\/\/secure.gravatar.com\/avatar\/aa9d3d24c83f2141e5e2709d0f63d09a99f6be6bb7a50abc4915838d9f54501a?s=96&d=mm&r=g","contentUrl":"https:\/\/secure.gravatar.com\/avatar\/aa9d3d24c83f2141e5e2709d0f63d09a99f6be6bb7a50abc4915838d9f54501a?s=96&d=mm&r=g","caption":"Mathieu"},"url":"https:\/\/www.altercampagne.net\/?author=214"}]}},"_links":{"self":[{"href":"https:\/\/www.altercampagne.net\/index.php?rest_route=\/wp\/v2\/posts\/12094","targetHints":{"allow":["GET"]}}],"collection":[{"href":"https:\/\/www.altercampagne.net\/index.php?rest_route=\/wp\/v2\/posts"}],"about":[{"href":"https:\/\/www.altercampagne.net\/index.php?rest_route=\/wp\/v2\/types\/post"}],"author":[{"embeddable":true,"href":"https:\/\/www.altercampagne.net\/index.php?rest_route=\/wp\/v2\/users\/214"}],"replies":[{"embeddable":true,"href":"https:\/\/www.altercampagne.net\/index.php?rest_route=%2Fwp%2Fv2%2Fcomments&post=12094"}],"version-history":[{"count":0,"href":"https:\/\/www.altercampagne.net\/index.php?rest_route=\/wp\/v2\/posts\/12094\/revisions"}],"wp:featuredmedia":[{"embeddable":true,"href":"https:\/\/www.altercampagne.net\/index.php?rest_route=\/wp\/v2\/media\/12099"}],"wp:attachment":[{"href":"https:\/\/www.altercampagne.net\/index.php?rest_route=%2Fwp%2Fv2%2Fmedia&parent=12094"}],"wp:term":[{"taxonomy":"category","embeddable":true,"href":"https:\/\/www.altercampagne.net\/index.php?rest_route=%2Fwp%2Fv2%2Fcategories&post=12094"},{"taxonomy":"post_tag","embeddable":true,"href":"https:\/\/www.altercampagne.net\/index.php?rest_route=%2Fwp%2Fv2%2Ftags&post=12094"}],"curies":[{"name":"wp","href":"https:\/\/api.w.org\/{rel}","templated":true}]}}