{"id":12104,"date":"2018-07-17T20:44:23","date_gmt":"2018-07-17T18:44:23","guid":{"rendered":"http:\/\/www.altercampagne.net\/?p=12104"},"modified":"2018-09-10T09:00:07","modified_gmt":"2018-09-10T07:00:07","slug":"trois-tours-cyclistes-font-la-jonction-a-beauvais","status":"publish","type":"post","link":"https:\/\/www.altercampagne.net\/?p=12104","title":{"rendered":"Trois tours cyclistes font la jonction \u00e0 Beauvais"},"content":{"rendered":"<h5><strong>Trois tours cyclistes sont de passage \u00e0 Beauvais, avec un objectif commun : agir pour le climat.<\/strong><\/h5>\n<p>Malgr\u00e9 la fatigue, les kilom\u00e8tres parcourus et les crampes, les vaillants coureurs rassembl\u00e9s ce lundi \u00e0 Beauvais ont pu vivre une belle journ\u00e9e de partage. Le r\u00e9seau d\u2019associations \u00ab\u00a0Beauvais en transition\u00a0\u00bb a organis\u00e9 la rencontre de plusieurs tours cyclistes de passage dans l\u2019Oise. Ces collectifs regroupent des militants pour l\u2019\u00e9cologie qui ont donc converg\u00e9 vers un m\u00eame lieu le temps d\u2019une \u00e9tape.<\/p>\n<p>Lundi, deux d\u2019entre eux, Alternatiba et CycloTransEurope, ont pu manifester leur engagement pour le climat et l\u2019\u00e9cologie en d\u00e9filant en cort\u00e8ge dans les rues de la ville. Ils ont termin\u00e9 leur parcours au Plan d\u2019eau du Canada, avant de d\u00e9couvrir leur logement d\u2019un soir \u00e0 l\u2019Ecospace de Beauvais et d\u2019assister \u00e0 une conf\u00e9rence-d\u00e9bat nomm\u00e9e\u00a0: \u00ab\u00a0Agissons pour le climat\u00a0\u00bb. Une troisi\u00e8me association, AlterTour, arrivera mercredi depuis Cr\u00e8vec\u0153ur-le-Grand et empruntera le sentier de la Coul\u00e9e Verte jusqu\u2019\u00e0 la pr\u00e9fecture de l\u2019Oise.<\/p>\n<p>Les participants de ces tours, qui parcourent le territoire fran\u00e7ais depuis plusieurs semaines, ne cachent pas leur satisfaction de pouvoir partager un moment avec d\u2019autres volontaires se battant pour la m\u00eame cause. Selon Adrien Disse, l\u2019un des membres d\u2019Alternatiba, qui vient de la R\u00e9union pour ce p\u00e9riple, c\u2019est une exp\u00e9rience fantastique\u00a0: <em>\u00ab\u00a0On a \u00e9t\u00e9 invit\u00e9 en d\u00e9but d\u2019ann\u00e9e et on n\u2019a pas h\u00e9sit\u00e9 un instant pour venir en m\u00e9tropole. On est parti de Nantes et moi j\u2019arr\u00eate mon parcours ici donc c\u2019est une belle fin\u00a0\u00bb. <\/em>Le coureur explique que son engagement pour l\u2019\u00e9cologie lui a permis de rencontrer d\u2019autres personnes qui, comme lui, <em>\u00ab\u00a0se battent pour changer les choses\u00a0\u00bb.<\/em><\/p>\n<p>Le dirigeant de CycloTransEurope, Erick Marchandise, explique quant \u00e0 lui que cette rencontre \u00e0 Beauvais \u00e9tait \u00ab\u00a0 <em>un heureux hasard<\/em> \u00a0\u00bb. Il se satisfait de pouvoir \u00eatre pr\u00e9sent\u00a0: <em>\u00ab\u00a0On est diff\u00e9rents avec Alternatiba mais on reste compl\u00e9mentaires, donc c\u2019est un plaisir de profiter de ce moment ensemble.\u00a0\u00bb<\/em><\/p>\n<p>Pour l\u2019un des organisateurs de cette journ\u00e9e, \u00c9tienne Lemaire, pr\u00e9sident de l\u2019association Vellovaque et membre de \u00ab\u00a0Beauvais en transition\u00a0\u00bb, cette r\u00e9union est une r\u00e9ussite, \u00ab\u00a0 <em>parfaite au niveau du timing, pour des gens qui ont fait pr\u00e8s de 70 kilom\u00e8tres dans la journ\u00e9e<\/em>.\u00a0\u00bb<\/p>\n<p>De m\u00eame, pour l\u2019adjoint au maire Olivier Taboureux, pr\u00e9sent pour accueillir les sportifs sur la base nautique du Plan d\u2019eau\u00a0: <em>\u00ab\u00a0On est content que ces tours aient choisi Beauvais comme ville-\u00e9tape de leur parcours\u00a0\u00bb.<\/em><\/p>\n<h5>Un \u00ab\u00a0Plan v\u00e9lo\u00a0\u00bb mis en place \u00e0 Beauvais<\/h5>\n<p>Les membres de \u00ab\u00a0Beauvais en transition\u00a0\u00bb esp\u00e8rent plus de voies cyclables et consid\u00e8rent que la ville \u00ab\u00a0 peut mieux faire \u00a0\u00bb en termes de valorisation des transports non polluants. Adjoint au maire, Olivier Taboureux explique que 23 km de pistes cyclables ainsi que 13 km de voies cyclables sont d\u00e9j\u00e0 int\u00e9gr\u00e9s au Beauvaisis. Un \u00ab\u00a0Plan v\u00e9lo\u00a0\u00bb a d\u00e9j\u00e0 \u00e9t\u00e9 vot\u00e9 et un charg\u00e9 de mission vient d\u2019\u00eatre engag\u00e9 pour la rentr\u00e9e de septembre. \u00c0 terme, l\u2019\u00e9lu esp\u00e8re que tous les usagers de la route circulent sans difficult\u00e9. Il d\u00e9clare\u00a0: \u00ab\u00a0 On veut qu\u2019\u00e0 l\u2019avenir, les gens puissent aller d\u2019un point A \u00e0 un point B en toute s\u00e9curit\u00e9 \u00a0\u00bb.<\/p>\n<p style=\"text-align: right;\"><strong><a href=\"http:\/\/www.courrier-picard.fr\/124355\/article\/2018-07-17\/trois-tours-cyclistes-font-la-jonction-beauvais\" target=\"_blank\" rel=\"noopener\">Nathan Ramaherison, Courrier Picard<\/a>, Le 17\/07\/2018<\/strong><\/p>\n","protected":false},"excerpt":{"rendered":"<p>Trois tours cyclistes sont de passage \u00e0 Beauvais, avec un objectif commun : agir pour le climat. Malgr\u00e9 la fatigue, les kilom\u00e8tres parcourus et les crampes, les vaillants coureurs rassembl\u00e9s ce lundi \u00e0 Beauvais ont pu vivre une belle journ\u00e9e de partage. Le r\u00e9seau d\u2019associations \u00ab\u00a0Beauvais en transition\u00a0\u00bb a organis\u00e9 &#8230; <\/p>\n<div><a href=\"https:\/\/www.altercampagne.net\/?p=12104\" class=\"more-link\">Read More<\/a><\/div>\n","protected":false},"author":214,"featured_media":12119,"comment_status":"closed","ping_status":"closed","sticky":false,"template":"","format":"standard","meta":{"footnotes":""},"categories":[239,3470,3476,3540],"tags":[11,1137,3240,3317,3559,3760,3767,3768,3769,3770],"class_list":["post-12104","post","type-post","status-publish","format-standard","has-post-thumbnail","hentry","category-revue-de-presse","category-edition-2018","category-hauts-de-france","category-transverse","tag-alternatiba","tag-beauvais","tag-oise","tag-beauvais-en-transition","tag-picardie","tag-courrier-picard","tag-nathan-ramaherison","tag-cyclotranseurope","tag-ecospace-de-beauvais","tag-vellovaque"],"yoast_head":"<!-- This site is optimized with the Yoast SEO plugin v27.3 - https:\/\/yoast.com\/product\/yoast-seo-wordpress\/ -->\n<title>Trois tours cyclistes font la jonction \u00e0 Beauvais - AlterTour<\/title>\n<meta name=\"robots\" content=\"index, follow, max-snippet:-1, max-image-preview:large, max-video-preview:-1\" \/>\n<link rel=\"canonical\" href=\"https:\/\/www.altercampagne.net\/?p=12104\" \/>\n<meta property=\"og:locale\" content=\"fr_FR\" \/>\n<meta property=\"og:type\" content=\"article\" \/>\n<meta property=\"og:title\" content=\"Trois tours cyclistes font la jonction \u00e0 Beauvais - AlterTour\" \/>\n<meta property=\"og:description\" content=\"Trois tours cyclistes sont de passage \u00e0 Beauvais, avec un objectif commun : agir pour le climat. Malgr\u00e9 la fatigue, les kilom\u00e8tres parcourus et les crampes, les vaillants coureurs rassembl\u00e9s ce lundi \u00e0 Beauvais ont pu vivre une belle journ\u00e9e de partage. Le r\u00e9seau d\u2019associations \u00ab\u00a0Beauvais en transition\u00a0\u00bb a organis\u00e9 ... Read More\" \/>\n<meta property=\"og:url\" content=\"https:\/\/www.altercampagne.net\/?p=12104\" \/>\n<meta property=\"og:site_name\" content=\"AlterTour\" \/>\n<meta property=\"article:published_time\" content=\"2018-07-17T18:44:23+00:00\" \/>\n<meta property=\"article:modified_time\" content=\"2018-09-10T07:00:07+00:00\" \/>\n<meta property=\"og:image\" content=\"https:\/\/www.altercampagne.net\/wp-content\/uploads\/2018\/07\/AT2018-07-15-Trois-tours-cyclistes-font-la-jonction-a-Beauvais-20180718_093503.jpg\" \/>\n\t<meta property=\"og:image:width\" content=\"1000\" \/>\n\t<meta property=\"og:image:height\" content=\"522\" \/>\n\t<meta property=\"og:image:type\" content=\"image\/jpeg\" \/>\n<meta name=\"author\" content=\"Mathieu\" \/>\n<meta name=\"twitter:card\" content=\"summary_large_image\" \/>\n<meta name=\"twitter:label1\" content=\"\u00c9crit par\" \/>\n\t<meta name=\"twitter:data1\" content=\"Mathieu\" \/>\n\t<meta name=\"twitter:label2\" content=\"Dur\u00e9e de lecture estim\u00e9e\" \/>\n\t<meta name=\"twitter:data2\" content=\"3 minutes\" \/>\n<script type=\"application\/ld+json\" class=\"yoast-schema-graph\">{\"@context\":\"https:\\\/\\\/schema.org\",\"@graph\":[{\"@type\":\"Article\",\"@id\":\"https:\\\/\\\/www.altercampagne.net\\\/?p=12104#article\",\"isPartOf\":{\"@id\":\"https:\\\/\\\/www.altercampagne.net\\\/?p=12104\"},\"author\":{\"name\":\"Mathieu\",\"@id\":\"https:\\\/\\\/www.altercampagne.net\\\/#\\\/schema\\\/person\\\/0f261460c09e430caa0f9bcffa319109\"},\"headline\":\"Trois tours cyclistes font la jonction \u00e0 Beauvais\",\"datePublished\":\"2018-07-17T18:44:23+00:00\",\"dateModified\":\"2018-09-10T07:00:07+00:00\",\"mainEntityOfPage\":{\"@id\":\"https:\\\/\\\/www.altercampagne.net\\\/?p=12104\"},\"wordCount\":581,\"image\":{\"@id\":\"https:\\\/\\\/www.altercampagne.net\\\/?p=12104#primaryimage\"},\"thumbnailUrl\":\"https:\\\/\\\/www.altercampagne.net\\\/wp-content\\\/uploads\\\/2018\\\/07\\\/AT2018-07-15-Trois-tours-cyclistes-font-la-jonction-a-Beauvais-20180718_093503.jpg\",\"keywords\":[\"alternatiba\",\"beauvais\",\"Oise\",\"Beauvais en Transition\",\"Picardie\",\"Courrier Picard\",\"Nathan Ramaherison\",\"CycloTransEurope\",\"Ecospace de Beauvais\",\"Vellovaque\"],\"articleSection\":[\"Revue de presse\",\"\u00c9dition 2018\",\"Hauts-de-France\",\"Transverse\"],\"inLanguage\":\"fr-FR\"},{\"@type\":\"WebPage\",\"@id\":\"https:\\\/\\\/www.altercampagne.net\\\/?p=12104\",\"url\":\"https:\\\/\\\/www.altercampagne.net\\\/?p=12104\",\"name\":\"Trois tours cyclistes font la jonction \u00e0 Beauvais - AlterTour\",\"isPartOf\":{\"@id\":\"https:\\\/\\\/www.altercampagne.net\\\/#website\"},\"primaryImageOfPage\":{\"@id\":\"https:\\\/\\\/www.altercampagne.net\\\/?p=12104#primaryimage\"},\"image\":{\"@id\":\"https:\\\/\\\/www.altercampagne.net\\\/?p=12104#primaryimage\"},\"thumbnailUrl\":\"https:\\\/\\\/www.altercampagne.net\\\/wp-content\\\/uploads\\\/2018\\\/07\\\/AT2018-07-15-Trois-tours-cyclistes-font-la-jonction-a-Beauvais-20180718_093503.jpg\",\"datePublished\":\"2018-07-17T18:44:23+00:00\",\"dateModified\":\"2018-09-10T07:00:07+00:00\",\"author\":{\"@id\":\"https:\\\/\\\/www.altercampagne.net\\\/#\\\/schema\\\/person\\\/0f261460c09e430caa0f9bcffa319109\"},\"breadcrumb\":{\"@id\":\"https:\\\/\\\/www.altercampagne.net\\\/?p=12104#breadcrumb\"},\"inLanguage\":\"fr-FR\",\"potentialAction\":[{\"@type\":\"ReadAction\",\"target\":[\"https:\\\/\\\/www.altercampagne.net\\\/?p=12104\"]}]},{\"@type\":\"ImageObject\",\"inLanguage\":\"fr-FR\",\"@id\":\"https:\\\/\\\/www.altercampagne.net\\\/?p=12104#primaryimage\",\"url\":\"https:\\\/\\\/www.altercampagne.net\\\/wp-content\\\/uploads\\\/2018\\\/07\\\/AT2018-07-15-Trois-tours-cyclistes-font-la-jonction-a-Beauvais-20180718_093503.jpg\",\"contentUrl\":\"https:\\\/\\\/www.altercampagne.net\\\/wp-content\\\/uploads\\\/2018\\\/07\\\/AT2018-07-15-Trois-tours-cyclistes-font-la-jonction-a-Beauvais-20180718_093503.jpg\",\"width\":1000,\"height\":522},{\"@type\":\"BreadcrumbList\",\"@id\":\"https:\\\/\\\/www.altercampagne.net\\\/?p=12104#breadcrumb\",\"itemListElement\":[{\"@type\":\"ListItem\",\"position\":1,\"name\":\"Accueil\",\"item\":\"https:\\\/\\\/www.altercampagne.net\\\/\"},{\"@type\":\"ListItem\",\"position\":2,\"name\":\"Trois tours cyclistes font la jonction \u00e0 Beauvais\"}]},{\"@type\":\"WebSite\",\"@id\":\"https:\\\/\\\/www.altercampagne.net\\\/#website\",\"url\":\"https:\\\/\\\/www.altercampagne.net\\\/\",\"name\":\"AlterTour\",\"description\":\"Reliez les Alternatives \u00e0 v\u00e9lo\",\"potentialAction\":[{\"@type\":\"SearchAction\",\"target\":{\"@type\":\"EntryPoint\",\"urlTemplate\":\"https:\\\/\\\/www.altercampagne.net\\\/?s={search_term_string}\"},\"query-input\":{\"@type\":\"PropertyValueSpecification\",\"valueRequired\":true,\"valueName\":\"search_term_string\"}}],\"inLanguage\":\"fr-FR\"},{\"@type\":\"Person\",\"@id\":\"https:\\\/\\\/www.altercampagne.net\\\/#\\\/schema\\\/person\\\/0f261460c09e430caa0f9bcffa319109\",\"name\":\"Mathieu\",\"image\":{\"@type\":\"ImageObject\",\"inLanguage\":\"fr-FR\",\"@id\":\"https:\\\/\\\/secure.gravatar.com\\\/avatar\\\/aa9d3d24c83f2141e5e2709d0f63d09a99f6be6bb7a50abc4915838d9f54501a?s=96&d=mm&r=g\",\"url\":\"https:\\\/\\\/secure.gravatar.com\\\/avatar\\\/aa9d3d24c83f2141e5e2709d0f63d09a99f6be6bb7a50abc4915838d9f54501a?s=96&d=mm&r=g\",\"contentUrl\":\"https:\\\/\\\/secure.gravatar.com\\\/avatar\\\/aa9d3d24c83f2141e5e2709d0f63d09a99f6be6bb7a50abc4915838d9f54501a?s=96&d=mm&r=g\",\"caption\":\"Mathieu\"},\"url\":\"https:\\\/\\\/www.altercampagne.net\\\/?author=214\"}]}<\/script>\n<!-- \/ Yoast SEO plugin. -->","yoast_head_json":{"title":"Trois tours cyclistes font la jonction \u00e0 Beauvais - AlterTour","robots":{"index":"index","follow":"follow","max-snippet":"max-snippet:-1","max-image-preview":"max-image-preview:large","max-video-preview":"max-video-preview:-1"},"canonical":"https:\/\/www.altercampagne.net\/?p=12104","og_locale":"fr_FR","og_type":"article","og_title":"Trois tours cyclistes font la jonction \u00e0 Beauvais - AlterTour","og_description":"Trois tours cyclistes sont de passage \u00e0 Beauvais, avec un objectif commun : agir pour le climat. Malgr\u00e9 la fatigue, les kilom\u00e8tres parcourus et les crampes, les vaillants coureurs rassembl\u00e9s ce lundi \u00e0 Beauvais ont pu vivre une belle journ\u00e9e de partage. Le r\u00e9seau d\u2019associations \u00ab\u00a0Beauvais en transition\u00a0\u00bb a organis\u00e9 ... Read More","og_url":"https:\/\/www.altercampagne.net\/?p=12104","og_site_name":"AlterTour","article_published_time":"2018-07-17T18:44:23+00:00","article_modified_time":"2018-09-10T07:00:07+00:00","og_image":[{"width":1000,"height":522,"url":"https:\/\/www.altercampagne.net\/wp-content\/uploads\/2018\/07\/AT2018-07-15-Trois-tours-cyclistes-font-la-jonction-a-Beauvais-20180718_093503.jpg","type":"image\/jpeg"}],"author":"Mathieu","twitter_card":"summary_large_image","twitter_misc":{"\u00c9crit par":"Mathieu","Dur\u00e9e de lecture estim\u00e9e":"3 minutes"},"schema":{"@context":"https:\/\/schema.org","@graph":[{"@type":"Article","@id":"https:\/\/www.altercampagne.net\/?p=12104#article","isPartOf":{"@id":"https:\/\/www.altercampagne.net\/?p=12104"},"author":{"name":"Mathieu","@id":"https:\/\/www.altercampagne.net\/#\/schema\/person\/0f261460c09e430caa0f9bcffa319109"},"headline":"Trois tours cyclistes font la jonction \u00e0 Beauvais","datePublished":"2018-07-17T18:44:23+00:00","dateModified":"2018-09-10T07:00:07+00:00","mainEntityOfPage":{"@id":"https:\/\/www.altercampagne.net\/?p=12104"},"wordCount":581,"image":{"@id":"https:\/\/www.altercampagne.net\/?p=12104#primaryimage"},"thumbnailUrl":"https:\/\/www.altercampagne.net\/wp-content\/uploads\/2018\/07\/AT2018-07-15-Trois-tours-cyclistes-font-la-jonction-a-Beauvais-20180718_093503.jpg","keywords":["alternatiba","beauvais","Oise","Beauvais en Transition","Picardie","Courrier Picard","Nathan Ramaherison","CycloTransEurope","Ecospace de Beauvais","Vellovaque"],"articleSection":["Revue de presse","\u00c9dition 2018","Hauts-de-France","Transverse"],"inLanguage":"fr-FR"},{"@type":"WebPage","@id":"https:\/\/www.altercampagne.net\/?p=12104","url":"https:\/\/www.altercampagne.net\/?p=12104","name":"Trois tours cyclistes font la jonction \u00e0 Beauvais - AlterTour","isPartOf":{"@id":"https:\/\/www.altercampagne.net\/#website"},"primaryImageOfPage":{"@id":"https:\/\/www.altercampagne.net\/?p=12104#primaryimage"},"image":{"@id":"https:\/\/www.altercampagne.net\/?p=12104#primaryimage"},"thumbnailUrl":"https:\/\/www.altercampagne.net\/wp-content\/uploads\/2018\/07\/AT2018-07-15-Trois-tours-cyclistes-font-la-jonction-a-Beauvais-20180718_093503.jpg","datePublished":"2018-07-17T18:44:23+00:00","dateModified":"2018-09-10T07:00:07+00:00","author":{"@id":"https:\/\/www.altercampagne.net\/#\/schema\/person\/0f261460c09e430caa0f9bcffa319109"},"breadcrumb":{"@id":"https:\/\/www.altercampagne.net\/?p=12104#breadcrumb"},"inLanguage":"fr-FR","potentialAction":[{"@type":"ReadAction","target":["https:\/\/www.altercampagne.net\/?p=12104"]}]},{"@type":"ImageObject","inLanguage":"fr-FR","@id":"https:\/\/www.altercampagne.net\/?p=12104#primaryimage","url":"https:\/\/www.altercampagne.net\/wp-content\/uploads\/2018\/07\/AT2018-07-15-Trois-tours-cyclistes-font-la-jonction-a-Beauvais-20180718_093503.jpg","contentUrl":"https:\/\/www.altercampagne.net\/wp-content\/uploads\/2018\/07\/AT2018-07-15-Trois-tours-cyclistes-font-la-jonction-a-Beauvais-20180718_093503.jpg","width":1000,"height":522},{"@type":"BreadcrumbList","@id":"https:\/\/www.altercampagne.net\/?p=12104#breadcrumb","itemListElement":[{"@type":"ListItem","position":1,"name":"Accueil","item":"https:\/\/www.altercampagne.net\/"},{"@type":"ListItem","position":2,"name":"Trois tours cyclistes font la jonction \u00e0 Beauvais"}]},{"@type":"WebSite","@id":"https:\/\/www.altercampagne.net\/#website","url":"https:\/\/www.altercampagne.net\/","name":"AlterTour","description":"Reliez les Alternatives \u00e0 v\u00e9lo","potentialAction":[{"@type":"SearchAction","target":{"@type":"EntryPoint","urlTemplate":"https:\/\/www.altercampagne.net\/?s={search_term_string}"},"query-input":{"@type":"PropertyValueSpecification","valueRequired":true,"valueName":"search_term_string"}}],"inLanguage":"fr-FR"},{"@type":"Person","@id":"https:\/\/www.altercampagne.net\/#\/schema\/person\/0f261460c09e430caa0f9bcffa319109","name":"Mathieu","image":{"@type":"ImageObject","inLanguage":"fr-FR","@id":"https:\/\/secure.gravatar.com\/avatar\/aa9d3d24c83f2141e5e2709d0f63d09a99f6be6bb7a50abc4915838d9f54501a?s=96&d=mm&r=g","url":"https:\/\/secure.gravatar.com\/avatar\/aa9d3d24c83f2141e5e2709d0f63d09a99f6be6bb7a50abc4915838d9f54501a?s=96&d=mm&r=g","contentUrl":"https:\/\/secure.gravatar.com\/avatar\/aa9d3d24c83f2141e5e2709d0f63d09a99f6be6bb7a50abc4915838d9f54501a?s=96&d=mm&r=g","caption":"Mathieu"},"url":"https:\/\/www.altercampagne.net\/?author=214"}]}},"_links":{"self":[{"href":"https:\/\/www.altercampagne.net\/index.php?rest_route=\/wp\/v2\/posts\/12104","targetHints":{"allow":["GET"]}}],"collection":[{"href":"https:\/\/www.altercampagne.net\/index.php?rest_route=\/wp\/v2\/posts"}],"about":[{"href":"https:\/\/www.altercampagne.net\/index.php?rest_route=\/wp\/v2\/types\/post"}],"author":[{"embeddable":true,"href":"https:\/\/www.altercampagne.net\/index.php?rest_route=\/wp\/v2\/users\/214"}],"replies":[{"embeddable":true,"href":"https:\/\/www.altercampagne.net\/index.php?rest_route=%2Fwp%2Fv2%2Fcomments&post=12104"}],"version-history":[{"count":0,"href":"https:\/\/www.altercampagne.net\/index.php?rest_route=\/wp\/v2\/posts\/12104\/revisions"}],"wp:featuredmedia":[{"embeddable":true,"href":"https:\/\/www.altercampagne.net\/index.php?rest_route=\/wp\/v2\/media\/12119"}],"wp:attachment":[{"href":"https:\/\/www.altercampagne.net\/index.php?rest_route=%2Fwp%2Fv2%2Fmedia&parent=12104"}],"wp:term":[{"taxonomy":"category","embeddable":true,"href":"https:\/\/www.altercampagne.net\/index.php?rest_route=%2Fwp%2Fv2%2Fcategories&post=12104"},{"taxonomy":"post_tag","embeddable":true,"href":"https:\/\/www.altercampagne.net\/index.php?rest_route=%2Fwp%2Fv2%2Ftags&post=12104"}],"curies":[{"name":"wp","href":"https:\/\/api.w.org\/{rel}","templated":true}]}}