{"id":12122,"date":"2018-07-26T20:09:09","date_gmt":"2018-07-26T18:09:09","guid":{"rendered":"http:\/\/www.altercampagne.net\/?p=12122"},"modified":"2018-09-10T10:15:01","modified_gmt":"2018-09-10T08:15:01","slug":"le-tour-de-france-des-alternatives-fait-etape-a-meaux","status":"publish","type":"post","link":"https:\/\/www.altercampagne.net\/?p=12122","title":{"rendered":"Le Tour de France des alternatives fait \u00e9tape \u00e0 Meaux"},"content":{"rendered":"<p>Vendredi 27 juillet, l&rsquo;AlterTour 2018 s&rsquo;arr\u00eatera \u00e0 Meaux. Le Tour de France des alternatives traverse actuellement la France pour la 11e ann\u00e9e cons\u00e9cutive.<\/p>\n<p>Le Tour de France des alternatives sera <strong>\u00e0 Meaux vendredi 27 juillet<\/strong>.\u00a0Partis d\u2019Amiens le 16\u00a0juillet, pr\u00e8s de 350 altercyclistes se sont fix\u00e9s comme objectif de parcourir <strong>1\u00a0100\u00a0km en six semaines.<\/strong> Ils doivent arriver \u00e0 Kolbsheim en Alsace le 26\u00a0ao\u00fbt.<\/p>\n<p>Chaque jour, ils sont accueillis dans des \u00e9colieux, des fermes agro\u00e9cologiques, des micro-brasseries, des chantiers en \u00e9coconstruction, des ateliers v\u00e9los participatifs et solidaires, des Zad. Bref, <strong>des lieux o\u00f9 des collectifs vivent concr\u00e8tement la transition \u00e9cologique.<\/strong><\/p>\n<p>Vendredi 27\u00a0juillet, ils pr\u00e9voient d\u2019arriver \u00e0 Meaux <strong>vers 15\u00a0h<\/strong> et de s\u2019installer pour la soir\u00e9e au <strong>centre social Louis-Braille.<\/strong><\/p>\n<p>Ils y rencontreront <strong>l\u2019association EcoTemps<\/strong>, graines de savoirs. A 17\u00a0h, commencera un atelier communication non violente avec une prise de d\u00e9cision collective sur un cas concret rencontr\u00e9 par les membres de l\u2019association.<\/p>\n<p>Avant d\u2019arriver \u00e0 Meaux, le groupe se sera arr\u00eat\u00e9 la veille \u00e0<a href=\"https:\/\/actu.fr\/societe\/les-cyclistes-lalter-tour-debarquent-dans-val-doise_17842529.html\"> Gonesse dans le Val d\u2019Oise.<\/a> Ils souhaitent y manifester leur opposition au projet <strong>EuropaCity<\/strong>, un grand centre commercial qui doit \u00eatre construit sur le <strong>Triangle de Gonesse<\/strong>. Parmi leurs autres sujets de pr\u00e9occupation\u00a0: le site d\u2019<strong>enfouissement des d\u00e9chets nucl\u00e9aires \u00e0 Bure<\/strong> ou encore le <strong>grand projet autoroutier \u00e0 Strasbourg<\/strong>.<\/p>\n<p style=\"text-align: right;\"><strong><a href=\"https:\/\/actu.fr\/ile-de-france\/meaux_77284\/le-tour-france-alternatives-fait-etape-meaux_17949098.html\" target=\"_blank\" rel=\"noopener\">Audrey Gruaz, La Marne<\/a>, Le 26\/07\/2018<\/strong><\/p>\n","protected":false},"excerpt":{"rendered":"<p>Vendredi 27 juillet, l&rsquo;AlterTour 2018 s&rsquo;arr\u00eatera \u00e0 Meaux. Le Tour de France des alternatives traverse actuellement la France pour la 11e ann\u00e9e cons\u00e9cutive. Le Tour de France des alternatives sera \u00e0 Meaux vendredi 27 juillet.\u00a0Partis d\u2019Amiens le 16\u00a0juillet, pr\u00e8s de 350 altercyclistes se sont fix\u00e9s comme objectif de parcourir 1\u00a0100\u00a0km &#8230; <\/p>\n<div><a href=\"https:\/\/www.altercampagne.net\/?p=12122\" class=\"more-link\">Read More<\/a><\/div>\n","protected":false},"author":214,"featured_media":12046,"comment_status":"closed","ping_status":"closed","sticky":false,"template":"","format":"standard","meta":{"footnotes":""},"categories":[239,3470,3477,3488],"tags":[1490,2746,3360,3749,3750,3751,3771],"class_list":["post-12122","post","type-post","status-publish","format-standard","has-post-thumbnail","hentry","category-revue-de-presse","category-edition-2018","category-ile-de-france","category-social","tag-ile-de-france","tag-seine-et-marne","tag-meaux","tag-ecotemps","tag-audrey-gruaz","tag-la-marne","tag-centre-social-louis-braille"],"yoast_head":"<!-- This site is optimized with the Yoast SEO plugin v27.3 - https:\/\/yoast.com\/product\/yoast-seo-wordpress\/ -->\n<title>Le Tour de France des alternatives fait \u00e9tape \u00e0 Meaux - AlterTour<\/title>\n<meta name=\"robots\" content=\"index, follow, max-snippet:-1, max-image-preview:large, max-video-preview:-1\" \/>\n<link rel=\"canonical\" href=\"https:\/\/www.altercampagne.net\/?p=12122\" \/>\n<meta property=\"og:locale\" content=\"fr_FR\" \/>\n<meta property=\"og:type\" content=\"article\" \/>\n<meta property=\"og:title\" content=\"Le Tour de France des alternatives fait \u00e9tape \u00e0 Meaux - AlterTour\" \/>\n<meta property=\"og:description\" content=\"Vendredi 27 juillet, l&rsquo;AlterTour 2018 s&rsquo;arr\u00eatera \u00e0 Meaux. Le Tour de France des alternatives traverse actuellement la France pour la 11e ann\u00e9e cons\u00e9cutive. Le Tour de France des alternatives sera \u00e0 Meaux vendredi 27 juillet.\u00a0Partis d\u2019Amiens le 16\u00a0juillet, pr\u00e8s de 350 altercyclistes se sont fix\u00e9s comme objectif de parcourir 1\u00a0100\u00a0km ... Read More\" \/>\n<meta property=\"og:url\" content=\"https:\/\/www.altercampagne.net\/?p=12122\" \/>\n<meta property=\"og:site_name\" content=\"AlterTour\" \/>\n<meta property=\"article:published_time\" content=\"2018-07-26T18:09:09+00:00\" \/>\n<meta property=\"article:modified_time\" content=\"2018-09-10T08:15:01+00:00\" \/>\n<meta property=\"og:image\" content=\"https:\/\/www.altercampagne.net\/wp-content\/uploads\/2018\/09\/AT2018-07-26-La-Marne-2015-07-22_16.05.jpg\" \/>\n\t<meta property=\"og:image:width\" content=\"1000\" \/>\n\t<meta property=\"og:image:height\" content=\"523\" \/>\n\t<meta property=\"og:image:type\" content=\"image\/jpeg\" \/>\n<meta name=\"author\" content=\"Mathieu\" \/>\n<meta name=\"twitter:card\" content=\"summary_large_image\" \/>\n<meta name=\"twitter:label1\" content=\"\u00c9crit par\" \/>\n\t<meta name=\"twitter:data1\" content=\"Mathieu\" \/>\n\t<meta name=\"twitter:label2\" content=\"Dur\u00e9e de lecture estim\u00e9e\" \/>\n\t<meta name=\"twitter:data2\" content=\"1 minute\" \/>\n<script type=\"application\/ld+json\" class=\"yoast-schema-graph\">{\"@context\":\"https:\\\/\\\/schema.org\",\"@graph\":[{\"@type\":\"Article\",\"@id\":\"https:\\\/\\\/www.altercampagne.net\\\/?p=12122#article\",\"isPartOf\":{\"@id\":\"https:\\\/\\\/www.altercampagne.net\\\/?p=12122\"},\"author\":{\"name\":\"Mathieu\",\"@id\":\"https:\\\/\\\/www.altercampagne.net\\\/#\\\/schema\\\/person\\\/0f261460c09e430caa0f9bcffa319109\"},\"headline\":\"Le Tour de France des alternatives fait \u00e9tape \u00e0 Meaux\",\"datePublished\":\"2018-07-26T18:09:09+00:00\",\"dateModified\":\"2018-09-10T08:15:01+00:00\",\"mainEntityOfPage\":{\"@id\":\"https:\\\/\\\/www.altercampagne.net\\\/?p=12122\"},\"wordCount\":239,\"image\":{\"@id\":\"https:\\\/\\\/www.altercampagne.net\\\/?p=12122#primaryimage\"},\"thumbnailUrl\":\"https:\\\/\\\/www.altercampagne.net\\\/wp-content\\\/uploads\\\/2018\\\/09\\\/AT2018-07-26-La-Marne-2015-07-22_16.05.jpg\",\"keywords\":[\"ile-de-france\",\"Seine-et-Marne\",\"Meaux\",\"Ecotemps\",\"Audrey Gruaz\",\"La Marne\",\"centre social Louis-Braille\"],\"articleSection\":[\"Revue de presse\",\"\u00c9dition 2018\",\"\u00cele-de-France\",\"Social\"],\"inLanguage\":\"fr-FR\"},{\"@type\":\"WebPage\",\"@id\":\"https:\\\/\\\/www.altercampagne.net\\\/?p=12122\",\"url\":\"https:\\\/\\\/www.altercampagne.net\\\/?p=12122\",\"name\":\"Le Tour de France des alternatives fait \u00e9tape \u00e0 Meaux - AlterTour\",\"isPartOf\":{\"@id\":\"https:\\\/\\\/www.altercampagne.net\\\/#website\"},\"primaryImageOfPage\":{\"@id\":\"https:\\\/\\\/www.altercampagne.net\\\/?p=12122#primaryimage\"},\"image\":{\"@id\":\"https:\\\/\\\/www.altercampagne.net\\\/?p=12122#primaryimage\"},\"thumbnailUrl\":\"https:\\\/\\\/www.altercampagne.net\\\/wp-content\\\/uploads\\\/2018\\\/09\\\/AT2018-07-26-La-Marne-2015-07-22_16.05.jpg\",\"datePublished\":\"2018-07-26T18:09:09+00:00\",\"dateModified\":\"2018-09-10T08:15:01+00:00\",\"author\":{\"@id\":\"https:\\\/\\\/www.altercampagne.net\\\/#\\\/schema\\\/person\\\/0f261460c09e430caa0f9bcffa319109\"},\"breadcrumb\":{\"@id\":\"https:\\\/\\\/www.altercampagne.net\\\/?p=12122#breadcrumb\"},\"inLanguage\":\"fr-FR\",\"potentialAction\":[{\"@type\":\"ReadAction\",\"target\":[\"https:\\\/\\\/www.altercampagne.net\\\/?p=12122\"]}]},{\"@type\":\"ImageObject\",\"inLanguage\":\"fr-FR\",\"@id\":\"https:\\\/\\\/www.altercampagne.net\\\/?p=12122#primaryimage\",\"url\":\"https:\\\/\\\/www.altercampagne.net\\\/wp-content\\\/uploads\\\/2018\\\/09\\\/AT2018-07-26-La-Marne-2015-07-22_16.05.jpg\",\"contentUrl\":\"https:\\\/\\\/www.altercampagne.net\\\/wp-content\\\/uploads\\\/2018\\\/09\\\/AT2018-07-26-La-Marne-2015-07-22_16.05.jpg\",\"width\":1000,\"height\":523},{\"@type\":\"BreadcrumbList\",\"@id\":\"https:\\\/\\\/www.altercampagne.net\\\/?p=12122#breadcrumb\",\"itemListElement\":[{\"@type\":\"ListItem\",\"position\":1,\"name\":\"Accueil\",\"item\":\"https:\\\/\\\/www.altercampagne.net\\\/\"},{\"@type\":\"ListItem\",\"position\":2,\"name\":\"Le Tour de France des alternatives fait \u00e9tape \u00e0 Meaux\"}]},{\"@type\":\"WebSite\",\"@id\":\"https:\\\/\\\/www.altercampagne.net\\\/#website\",\"url\":\"https:\\\/\\\/www.altercampagne.net\\\/\",\"name\":\"AlterTour\",\"description\":\"Reliez les Alternatives \u00e0 v\u00e9lo\",\"potentialAction\":[{\"@type\":\"SearchAction\",\"target\":{\"@type\":\"EntryPoint\",\"urlTemplate\":\"https:\\\/\\\/www.altercampagne.net\\\/?s={search_term_string}\"},\"query-input\":{\"@type\":\"PropertyValueSpecification\",\"valueRequired\":true,\"valueName\":\"search_term_string\"}}],\"inLanguage\":\"fr-FR\"},{\"@type\":\"Person\",\"@id\":\"https:\\\/\\\/www.altercampagne.net\\\/#\\\/schema\\\/person\\\/0f261460c09e430caa0f9bcffa319109\",\"name\":\"Mathieu\",\"image\":{\"@type\":\"ImageObject\",\"inLanguage\":\"fr-FR\",\"@id\":\"https:\\\/\\\/secure.gravatar.com\\\/avatar\\\/aa9d3d24c83f2141e5e2709d0f63d09a99f6be6bb7a50abc4915838d9f54501a?s=96&d=mm&r=g\",\"url\":\"https:\\\/\\\/secure.gravatar.com\\\/avatar\\\/aa9d3d24c83f2141e5e2709d0f63d09a99f6be6bb7a50abc4915838d9f54501a?s=96&d=mm&r=g\",\"contentUrl\":\"https:\\\/\\\/secure.gravatar.com\\\/avatar\\\/aa9d3d24c83f2141e5e2709d0f63d09a99f6be6bb7a50abc4915838d9f54501a?s=96&d=mm&r=g\",\"caption\":\"Mathieu\"},\"url\":\"https:\\\/\\\/www.altercampagne.net\\\/?author=214\"}]}<\/script>\n<!-- \/ Yoast SEO plugin. -->","yoast_head_json":{"title":"Le Tour de France des alternatives fait \u00e9tape \u00e0 Meaux - AlterTour","robots":{"index":"index","follow":"follow","max-snippet":"max-snippet:-1","max-image-preview":"max-image-preview:large","max-video-preview":"max-video-preview:-1"},"canonical":"https:\/\/www.altercampagne.net\/?p=12122","og_locale":"fr_FR","og_type":"article","og_title":"Le Tour de France des alternatives fait \u00e9tape \u00e0 Meaux - AlterTour","og_description":"Vendredi 27 juillet, l&rsquo;AlterTour 2018 s&rsquo;arr\u00eatera \u00e0 Meaux. Le Tour de France des alternatives traverse actuellement la France pour la 11e ann\u00e9e cons\u00e9cutive. Le Tour de France des alternatives sera \u00e0 Meaux vendredi 27 juillet.\u00a0Partis d\u2019Amiens le 16\u00a0juillet, pr\u00e8s de 350 altercyclistes se sont fix\u00e9s comme objectif de parcourir 1\u00a0100\u00a0km ... Read More","og_url":"https:\/\/www.altercampagne.net\/?p=12122","og_site_name":"AlterTour","article_published_time":"2018-07-26T18:09:09+00:00","article_modified_time":"2018-09-10T08:15:01+00:00","og_image":[{"width":1000,"height":523,"url":"https:\/\/www.altercampagne.net\/wp-content\/uploads\/2018\/09\/AT2018-07-26-La-Marne-2015-07-22_16.05.jpg","type":"image\/jpeg"}],"author":"Mathieu","twitter_card":"summary_large_image","twitter_misc":{"\u00c9crit par":"Mathieu","Dur\u00e9e de lecture estim\u00e9e":"1 minute"},"schema":{"@context":"https:\/\/schema.org","@graph":[{"@type":"Article","@id":"https:\/\/www.altercampagne.net\/?p=12122#article","isPartOf":{"@id":"https:\/\/www.altercampagne.net\/?p=12122"},"author":{"name":"Mathieu","@id":"https:\/\/www.altercampagne.net\/#\/schema\/person\/0f261460c09e430caa0f9bcffa319109"},"headline":"Le Tour de France des alternatives fait \u00e9tape \u00e0 Meaux","datePublished":"2018-07-26T18:09:09+00:00","dateModified":"2018-09-10T08:15:01+00:00","mainEntityOfPage":{"@id":"https:\/\/www.altercampagne.net\/?p=12122"},"wordCount":239,"image":{"@id":"https:\/\/www.altercampagne.net\/?p=12122#primaryimage"},"thumbnailUrl":"https:\/\/www.altercampagne.net\/wp-content\/uploads\/2018\/09\/AT2018-07-26-La-Marne-2015-07-22_16.05.jpg","keywords":["ile-de-france","Seine-et-Marne","Meaux","Ecotemps","Audrey Gruaz","La Marne","centre social Louis-Braille"],"articleSection":["Revue de presse","\u00c9dition 2018","\u00cele-de-France","Social"],"inLanguage":"fr-FR"},{"@type":"WebPage","@id":"https:\/\/www.altercampagne.net\/?p=12122","url":"https:\/\/www.altercampagne.net\/?p=12122","name":"Le Tour de France des alternatives fait \u00e9tape \u00e0 Meaux - AlterTour","isPartOf":{"@id":"https:\/\/www.altercampagne.net\/#website"},"primaryImageOfPage":{"@id":"https:\/\/www.altercampagne.net\/?p=12122#primaryimage"},"image":{"@id":"https:\/\/www.altercampagne.net\/?p=12122#primaryimage"},"thumbnailUrl":"https:\/\/www.altercampagne.net\/wp-content\/uploads\/2018\/09\/AT2018-07-26-La-Marne-2015-07-22_16.05.jpg","datePublished":"2018-07-26T18:09:09+00:00","dateModified":"2018-09-10T08:15:01+00:00","author":{"@id":"https:\/\/www.altercampagne.net\/#\/schema\/person\/0f261460c09e430caa0f9bcffa319109"},"breadcrumb":{"@id":"https:\/\/www.altercampagne.net\/?p=12122#breadcrumb"},"inLanguage":"fr-FR","potentialAction":[{"@type":"ReadAction","target":["https:\/\/www.altercampagne.net\/?p=12122"]}]},{"@type":"ImageObject","inLanguage":"fr-FR","@id":"https:\/\/www.altercampagne.net\/?p=12122#primaryimage","url":"https:\/\/www.altercampagne.net\/wp-content\/uploads\/2018\/09\/AT2018-07-26-La-Marne-2015-07-22_16.05.jpg","contentUrl":"https:\/\/www.altercampagne.net\/wp-content\/uploads\/2018\/09\/AT2018-07-26-La-Marne-2015-07-22_16.05.jpg","width":1000,"height":523},{"@type":"BreadcrumbList","@id":"https:\/\/www.altercampagne.net\/?p=12122#breadcrumb","itemListElement":[{"@type":"ListItem","position":1,"name":"Accueil","item":"https:\/\/www.altercampagne.net\/"},{"@type":"ListItem","position":2,"name":"Le Tour de France des alternatives fait \u00e9tape \u00e0 Meaux"}]},{"@type":"WebSite","@id":"https:\/\/www.altercampagne.net\/#website","url":"https:\/\/www.altercampagne.net\/","name":"AlterTour","description":"Reliez les Alternatives \u00e0 v\u00e9lo","potentialAction":[{"@type":"SearchAction","target":{"@type":"EntryPoint","urlTemplate":"https:\/\/www.altercampagne.net\/?s={search_term_string}"},"query-input":{"@type":"PropertyValueSpecification","valueRequired":true,"valueName":"search_term_string"}}],"inLanguage":"fr-FR"},{"@type":"Person","@id":"https:\/\/www.altercampagne.net\/#\/schema\/person\/0f261460c09e430caa0f9bcffa319109","name":"Mathieu","image":{"@type":"ImageObject","inLanguage":"fr-FR","@id":"https:\/\/secure.gravatar.com\/avatar\/aa9d3d24c83f2141e5e2709d0f63d09a99f6be6bb7a50abc4915838d9f54501a?s=96&d=mm&r=g","url":"https:\/\/secure.gravatar.com\/avatar\/aa9d3d24c83f2141e5e2709d0f63d09a99f6be6bb7a50abc4915838d9f54501a?s=96&d=mm&r=g","contentUrl":"https:\/\/secure.gravatar.com\/avatar\/aa9d3d24c83f2141e5e2709d0f63d09a99f6be6bb7a50abc4915838d9f54501a?s=96&d=mm&r=g","caption":"Mathieu"},"url":"https:\/\/www.altercampagne.net\/?author=214"}]}},"_links":{"self":[{"href":"https:\/\/www.altercampagne.net\/index.php?rest_route=\/wp\/v2\/posts\/12122","targetHints":{"allow":["GET"]}}],"collection":[{"href":"https:\/\/www.altercampagne.net\/index.php?rest_route=\/wp\/v2\/posts"}],"about":[{"href":"https:\/\/www.altercampagne.net\/index.php?rest_route=\/wp\/v2\/types\/post"}],"author":[{"embeddable":true,"href":"https:\/\/www.altercampagne.net\/index.php?rest_route=\/wp\/v2\/users\/214"}],"replies":[{"embeddable":true,"href":"https:\/\/www.altercampagne.net\/index.php?rest_route=%2Fwp%2Fv2%2Fcomments&post=12122"}],"version-history":[{"count":0,"href":"https:\/\/www.altercampagne.net\/index.php?rest_route=\/wp\/v2\/posts\/12122\/revisions"}],"wp:featuredmedia":[{"embeddable":true,"href":"https:\/\/www.altercampagne.net\/index.php?rest_route=\/wp\/v2\/media\/12046"}],"wp:attachment":[{"href":"https:\/\/www.altercampagne.net\/index.php?rest_route=%2Fwp%2Fv2%2Fmedia&parent=12122"}],"wp:term":[{"taxonomy":"category","embeddable":true,"href":"https:\/\/www.altercampagne.net\/index.php?rest_route=%2Fwp%2Fv2%2Fcategories&post=12122"},{"taxonomy":"post_tag","embeddable":true,"href":"https:\/\/www.altercampagne.net\/index.php?rest_route=%2Fwp%2Fv2%2Ftags&post=12122"}],"curies":[{"name":"wp","href":"https:\/\/api.w.org\/{rel}","templated":true}]}}