{"id":12266,"date":"2018-10-03T16:57:06","date_gmt":"2018-10-03T14:57:06","guid":{"rendered":"http:\/\/www.altercampagne.net\/?p=12266"},"modified":"2018-10-04T14:28:16","modified_gmt":"2018-10-04T12:28:16","slug":"1er-we-de-preparation-de-laltertour-2019-un-bon-cru","status":"publish","type":"post","link":"https:\/\/www.altercampagne.net\/?p=12266","title":{"rendered":"1er WE de pr\u00e9paration de l&rsquo;AlterTour 2019 : un bon cru !"},"content":{"rendered":"<p>Le 29-30 septembre, c&rsquo;\u00e9tait la 1ere pl\u00e9ni\u00e8re de l&rsquo;ann\u00e9e !<\/p>\n<h5>On a fait le bilan AlterTour 2018<\/h5>\n<p>et lanc\u00e9 plein de groupes de travail \u00a0\ud83d\ude42<\/p>\n<ul>\n<li>Pour faire fonctionner l&rsquo;Altertour :\u00a0V\u00e9hicules \/ Mat\u00e9riel,\u00a0Remorque,\u00a0Iveco ,\u00a0S\u00e9curit\u00e9\/ sur la route,\u00a0Trajets trains avec v\u00e9lo,\u00a0<a id=\"LPlnk719386\" class=\"OWAAutoLink\" href=\"https:\/\/annuel.framapad.org\/p\/vHeeYXUVC4)\"><\/a>Programme des alternatives,\u00a0Inscriptions,\u00a0\u00c9chapp\u00e9es Belles,\u00a0Identit\u00e9 de l&rsquo;association,\u00a0To do List<\/li>\n<li dir=\"ltr\">Prendre soin de nous :\u00a0Autogestion, Communication Non-Violente,\u00a0Accueil des Nouveaux,\u00a0Qui contacter ?, Place du num\u00e9rique.<\/li>\n<li dir=\"ltr\">Pour s&rsquo;ouvrir et grandir : Communication (sur l&rsquo;accessibilit\u00e9 des \u00e9tapes,\u00a0Blog, Newsletter,\u00a0Vid\u00e9o),\u00a0Bi\u00e8reTour,\u00a0Accueil de nouveaux publics, \u00a0Mini-AlterTours<\/li>\n<\/ul>\n<h5>On a choisi la zone g\u00e9ographique pour 2019 !<\/h5>\n<p>Le suspense est \u00e0 son comble ! Je sens que vous n&rsquo;y tenez plus&#8230; elle arrive avec une jolie infographie.<\/p>\n<p>En attendant voici <a href=\"https:\/\/photos.app.goo.gl\/sgqRjYfhi43VkHpL6\" target=\"_blank\" rel=\"noopener\"><strong>les photos du WE<\/strong><\/a>, merci Samy !<\/p>\n<h5>Vous en redemandez, vraiment ?<\/h5>\n<p>Alors notez d\u00e8s maintenant les prochaines dates :<\/p>\n<ul>\n<li style=\"font-weight: 400;\"><span style=\"font-weight: 400;\">Pl\u00e9ni\u00e8re AG : 10-11 novembre \u00e0 Paris<\/span><\/li>\n<li style=\"font-weight: 400;\"><span style=\"font-weight: 400;\">Pl\u00e9ni\u00e8re Choix du parcours : 16-17 d\u00e9cembre \u00e0 Paris <\/span><\/li>\n<li style=\"font-weight: 400;\"><span style=\"font-weight: 400;\">Pl\u00e9ni\u00e8re Recueil &#8211; pr\u00e9pa d\u2019\u00e9tape : 2-3 f\u00e9vrier<\/span><\/li>\n<li style=\"font-weight: 400;\"><span style=\"font-weight: 400;\">Pl\u00e9ni\u00e8re Accueillants : 16-17 mars &#8211; ville dans la r\u00e9gion du parcours<\/span><\/li>\n<li style=\"font-weight: 400;\"><span style=\"font-weight: 400;\">Pl\u00e9ni\u00e8re WE de R\u00e9paration des V\u00e9los de l\u2019AlterTour : 20-21-22 avril (WE de P\u00e2ques, dans l&rsquo;Est)<\/span><\/li>\n<li style=\"font-weight: 400;\"><span style=\"font-weight: 400;\">Pl\u00e9ni\u00e8re Derniers pr\u00e9paratifs : 15-16 juin<\/span><\/li>\n<\/ul>\n","protected":false},"excerpt":{"rendered":"<p>Le 29-30 septembre, c&rsquo;\u00e9tait la 1ere pl\u00e9ni\u00e8re de l&rsquo;ann\u00e9e ! On a fait le bilan AlterTour 2018 et lanc\u00e9 plein de groupes de travail \u00a0\ud83d\ude42 Pour faire fonctionner l&rsquo;Altertour :\u00a0V\u00e9hicules \/ Mat\u00e9riel,\u00a0Remorque,\u00a0Iveco ,\u00a0S\u00e9curit\u00e9\/ sur la route,\u00a0Trajets trains avec v\u00e9lo,\u00a0Programme des alternatives,\u00a0Inscriptions,\u00a0\u00c9chapp\u00e9es Belles,\u00a0Identit\u00e9 de l&rsquo;association,\u00a0To do List Prendre soin de nous &#8230; <\/p>\n<div><a href=\"https:\/\/www.altercampagne.net\/?p=12266\" class=\"more-link\">Read More<\/a><\/div>\n","protected":false},"author":192,"featured_media":12267,"comment_status":"closed","ping_status":"closed","sticky":false,"template":"","format":"standard","meta":{"footnotes":""},"categories":[3773,3477,3539],"tags":[49,68,434,1490,3774,3775],"class_list":["post-12266","post","type-post","status-publish","format-standard","has-post-thumbnail","hentry","category-edition-2019","category-ile-de-france","category-we-de-preparation","tag-bilan","tag-paris","tag-pleniere","tag-ile-de-france","tag-palais-de-la-femme","tag-orga2019"],"yoast_head":"<!-- This site is optimized with the Yoast SEO plugin v27.3 - https:\/\/yoast.com\/product\/yoast-seo-wordpress\/ -->\n<title>1er WE de pr\u00e9paration de l&#039;AlterTour 2019 : un bon cru ! - AlterTour<\/title>\n<meta name=\"robots\" content=\"index, follow, max-snippet:-1, max-image-preview:large, max-video-preview:-1\" \/>\n<link rel=\"canonical\" href=\"https:\/\/www.altercampagne.net\/?p=12266\" \/>\n<meta property=\"og:locale\" content=\"fr_FR\" \/>\n<meta property=\"og:type\" content=\"article\" \/>\n<meta property=\"og:title\" content=\"1er WE de pr\u00e9paration de l&#039;AlterTour 2019 : un bon cru ! - AlterTour\" \/>\n<meta property=\"og:description\" content=\"Le 29-30 septembre, c&rsquo;\u00e9tait la 1ere pl\u00e9ni\u00e8re de l&rsquo;ann\u00e9e ! On a fait le bilan AlterTour 2018 et lanc\u00e9 plein de groupes de travail \u00a0\ud83d\ude42 Pour faire fonctionner l&rsquo;Altertour :\u00a0V\u00e9hicules \/ Mat\u00e9riel,\u00a0Remorque,\u00a0Iveco ,\u00a0S\u00e9curit\u00e9\/ sur la route,\u00a0Trajets trains avec v\u00e9lo,\u00a0Programme des alternatives,\u00a0Inscriptions,\u00a0\u00c9chapp\u00e9es Belles,\u00a0Identit\u00e9 de l&rsquo;association,\u00a0To do List Prendre soin de nous ... Read More\" \/>\n<meta property=\"og:url\" content=\"https:\/\/www.altercampagne.net\/?p=12266\" \/>\n<meta property=\"og:site_name\" content=\"AlterTour\" \/>\n<meta property=\"article:published_time\" content=\"2018-10-03T14:57:06+00:00\" \/>\n<meta property=\"article:modified_time\" content=\"2018-10-04T12:28:16+00:00\" \/>\n<meta property=\"og:image\" content=\"https:\/\/www.altercampagne.net\/wp-content\/uploads\/2018\/10\/2018-09-29-1ere-pleniere-25.jpg\" \/>\n\t<meta property=\"og:image:width\" content=\"638\" \/>\n\t<meta property=\"og:image:height\" content=\"335\" \/>\n\t<meta property=\"og:image:type\" content=\"image\/jpeg\" \/>\n<meta name=\"author\" content=\"Julie\" \/>\n<meta name=\"twitter:card\" content=\"summary_large_image\" \/>\n<meta name=\"twitter:label1\" content=\"\u00c9crit par\" \/>\n\t<meta name=\"twitter:data1\" content=\"Julie\" \/>\n\t<meta name=\"twitter:label2\" content=\"Dur\u00e9e de lecture estim\u00e9e\" \/>\n\t<meta name=\"twitter:data2\" content=\"1 minute\" \/>\n<script type=\"application\/ld+json\" class=\"yoast-schema-graph\">{\"@context\":\"https:\\\/\\\/schema.org\",\"@graph\":[{\"@type\":\"Article\",\"@id\":\"https:\\\/\\\/www.altercampagne.net\\\/?p=12266#article\",\"isPartOf\":{\"@id\":\"https:\\\/\\\/www.altercampagne.net\\\/?p=12266\"},\"author\":{\"name\":\"Julie\",\"@id\":\"https:\\\/\\\/www.altercampagne.net\\\/#\\\/schema\\\/person\\\/ea52458af5ca10d56e01a1b53249ddc4\"},\"headline\":\"1er WE de pr\u00e9paration de l&rsquo;AlterTour 2019 : un bon cru !\",\"datePublished\":\"2018-10-03T14:57:06+00:00\",\"dateModified\":\"2018-10-04T12:28:16+00:00\",\"mainEntityOfPage\":{\"@id\":\"https:\\\/\\\/www.altercampagne.net\\\/?p=12266\"},\"wordCount\":233,\"image\":{\"@id\":\"https:\\\/\\\/www.altercampagne.net\\\/?p=12266#primaryimage\"},\"thumbnailUrl\":\"https:\\\/\\\/www.altercampagne.net\\\/wp-content\\\/uploads\\\/2018\\\/10\\\/2018-09-29-1ere-pleniere-25.jpg\",\"keywords\":[\"bilan\",\"paris\",\"pl\u00e9ni\u00e8re\",\"ile-de-france\",\"Palais de la Femme\",\"Orga2019\"],\"articleSection\":[\"Edition 2019\",\"\u00cele-de-France\",\"WE de pr\u00e9paration\"],\"inLanguage\":\"fr-FR\"},{\"@type\":\"WebPage\",\"@id\":\"https:\\\/\\\/www.altercampagne.net\\\/?p=12266\",\"url\":\"https:\\\/\\\/www.altercampagne.net\\\/?p=12266\",\"name\":\"1er WE de pr\u00e9paration de l'AlterTour 2019 : un bon cru ! - AlterTour\",\"isPartOf\":{\"@id\":\"https:\\\/\\\/www.altercampagne.net\\\/#website\"},\"primaryImageOfPage\":{\"@id\":\"https:\\\/\\\/www.altercampagne.net\\\/?p=12266#primaryimage\"},\"image\":{\"@id\":\"https:\\\/\\\/www.altercampagne.net\\\/?p=12266#primaryimage\"},\"thumbnailUrl\":\"https:\\\/\\\/www.altercampagne.net\\\/wp-content\\\/uploads\\\/2018\\\/10\\\/2018-09-29-1ere-pleniere-25.jpg\",\"datePublished\":\"2018-10-03T14:57:06+00:00\",\"dateModified\":\"2018-10-04T12:28:16+00:00\",\"author\":{\"@id\":\"https:\\\/\\\/www.altercampagne.net\\\/#\\\/schema\\\/person\\\/ea52458af5ca10d56e01a1b53249ddc4\"},\"breadcrumb\":{\"@id\":\"https:\\\/\\\/www.altercampagne.net\\\/?p=12266#breadcrumb\"},\"inLanguage\":\"fr-FR\",\"potentialAction\":[{\"@type\":\"ReadAction\",\"target\":[\"https:\\\/\\\/www.altercampagne.net\\\/?p=12266\"]}]},{\"@type\":\"ImageObject\",\"inLanguage\":\"fr-FR\",\"@id\":\"https:\\\/\\\/www.altercampagne.net\\\/?p=12266#primaryimage\",\"url\":\"https:\\\/\\\/www.altercampagne.net\\\/wp-content\\\/uploads\\\/2018\\\/10\\\/2018-09-29-1ere-pleniere-25.jpg\",\"contentUrl\":\"https:\\\/\\\/www.altercampagne.net\\\/wp-content\\\/uploads\\\/2018\\\/10\\\/2018-09-29-1ere-pleniere-25.jpg\",\"width\":638,\"height\":335},{\"@type\":\"BreadcrumbList\",\"@id\":\"https:\\\/\\\/www.altercampagne.net\\\/?p=12266#breadcrumb\",\"itemListElement\":[{\"@type\":\"ListItem\",\"position\":1,\"name\":\"Accueil\",\"item\":\"https:\\\/\\\/www.altercampagne.net\\\/\"},{\"@type\":\"ListItem\",\"position\":2,\"name\":\"1er WE de pr\u00e9paration de l&rsquo;AlterTour 2019 : un bon cru !\"}]},{\"@type\":\"WebSite\",\"@id\":\"https:\\\/\\\/www.altercampagne.net\\\/#website\",\"url\":\"https:\\\/\\\/www.altercampagne.net\\\/\",\"name\":\"AlterTour\",\"description\":\"Reliez les Alternatives \u00e0 v\u00e9lo\",\"potentialAction\":[{\"@type\":\"SearchAction\",\"target\":{\"@type\":\"EntryPoint\",\"urlTemplate\":\"https:\\\/\\\/www.altercampagne.net\\\/?s={search_term_string}\"},\"query-input\":{\"@type\":\"PropertyValueSpecification\",\"valueRequired\":true,\"valueName\":\"search_term_string\"}}],\"inLanguage\":\"fr-FR\"},{\"@type\":\"Person\",\"@id\":\"https:\\\/\\\/www.altercampagne.net\\\/#\\\/schema\\\/person\\\/ea52458af5ca10d56e01a1b53249ddc4\",\"name\":\"Julie\",\"image\":{\"@type\":\"ImageObject\",\"inLanguage\":\"fr-FR\",\"@id\":\"https:\\\/\\\/secure.gravatar.com\\\/avatar\\\/33c4c11c34e0f9cccad9f436c1a60f900028dcdb26df84756951418faf70fa39?s=96&d=mm&r=g\",\"url\":\"https:\\\/\\\/secure.gravatar.com\\\/avatar\\\/33c4c11c34e0f9cccad9f436c1a60f900028dcdb26df84756951418faf70fa39?s=96&d=mm&r=g\",\"contentUrl\":\"https:\\\/\\\/secure.gravatar.com\\\/avatar\\\/33c4c11c34e0f9cccad9f436c1a60f900028dcdb26df84756951418faf70fa39?s=96&d=mm&r=g\",\"caption\":\"Julie\"},\"url\":\"https:\\\/\\\/www.altercampagne.net\\\/?author=192\"}]}<\/script>\n<!-- \/ Yoast SEO plugin. -->","yoast_head_json":{"title":"1er WE de pr\u00e9paration de l'AlterTour 2019 : un bon cru ! - AlterTour","robots":{"index":"index","follow":"follow","max-snippet":"max-snippet:-1","max-image-preview":"max-image-preview:large","max-video-preview":"max-video-preview:-1"},"canonical":"https:\/\/www.altercampagne.net\/?p=12266","og_locale":"fr_FR","og_type":"article","og_title":"1er WE de pr\u00e9paration de l'AlterTour 2019 : un bon cru ! - AlterTour","og_description":"Le 29-30 septembre, c&rsquo;\u00e9tait la 1ere pl\u00e9ni\u00e8re de l&rsquo;ann\u00e9e ! On a fait le bilan AlterTour 2018 et lanc\u00e9 plein de groupes de travail \u00a0\ud83d\ude42 Pour faire fonctionner l&rsquo;Altertour :\u00a0V\u00e9hicules \/ Mat\u00e9riel,\u00a0Remorque,\u00a0Iveco ,\u00a0S\u00e9curit\u00e9\/ sur la route,\u00a0Trajets trains avec v\u00e9lo,\u00a0Programme des alternatives,\u00a0Inscriptions,\u00a0\u00c9chapp\u00e9es Belles,\u00a0Identit\u00e9 de l&rsquo;association,\u00a0To do List Prendre soin de nous ... Read More","og_url":"https:\/\/www.altercampagne.net\/?p=12266","og_site_name":"AlterTour","article_published_time":"2018-10-03T14:57:06+00:00","article_modified_time":"2018-10-04T12:28:16+00:00","og_image":[{"width":638,"height":335,"url":"https:\/\/www.altercampagne.net\/wp-content\/uploads\/2018\/10\/2018-09-29-1ere-pleniere-25.jpg","type":"image\/jpeg"}],"author":"Julie","twitter_card":"summary_large_image","twitter_misc":{"\u00c9crit par":"Julie","Dur\u00e9e de lecture estim\u00e9e":"1 minute"},"schema":{"@context":"https:\/\/schema.org","@graph":[{"@type":"Article","@id":"https:\/\/www.altercampagne.net\/?p=12266#article","isPartOf":{"@id":"https:\/\/www.altercampagne.net\/?p=12266"},"author":{"name":"Julie","@id":"https:\/\/www.altercampagne.net\/#\/schema\/person\/ea52458af5ca10d56e01a1b53249ddc4"},"headline":"1er WE de pr\u00e9paration de l&rsquo;AlterTour 2019 : un bon cru !","datePublished":"2018-10-03T14:57:06+00:00","dateModified":"2018-10-04T12:28:16+00:00","mainEntityOfPage":{"@id":"https:\/\/www.altercampagne.net\/?p=12266"},"wordCount":233,"image":{"@id":"https:\/\/www.altercampagne.net\/?p=12266#primaryimage"},"thumbnailUrl":"https:\/\/www.altercampagne.net\/wp-content\/uploads\/2018\/10\/2018-09-29-1ere-pleniere-25.jpg","keywords":["bilan","paris","pl\u00e9ni\u00e8re","ile-de-france","Palais de la Femme","Orga2019"],"articleSection":["Edition 2019","\u00cele-de-France","WE de pr\u00e9paration"],"inLanguage":"fr-FR"},{"@type":"WebPage","@id":"https:\/\/www.altercampagne.net\/?p=12266","url":"https:\/\/www.altercampagne.net\/?p=12266","name":"1er WE de pr\u00e9paration de l'AlterTour 2019 : un bon cru ! - AlterTour","isPartOf":{"@id":"https:\/\/www.altercampagne.net\/#website"},"primaryImageOfPage":{"@id":"https:\/\/www.altercampagne.net\/?p=12266#primaryimage"},"image":{"@id":"https:\/\/www.altercampagne.net\/?p=12266#primaryimage"},"thumbnailUrl":"https:\/\/www.altercampagne.net\/wp-content\/uploads\/2018\/10\/2018-09-29-1ere-pleniere-25.jpg","datePublished":"2018-10-03T14:57:06+00:00","dateModified":"2018-10-04T12:28:16+00:00","author":{"@id":"https:\/\/www.altercampagne.net\/#\/schema\/person\/ea52458af5ca10d56e01a1b53249ddc4"},"breadcrumb":{"@id":"https:\/\/www.altercampagne.net\/?p=12266#breadcrumb"},"inLanguage":"fr-FR","potentialAction":[{"@type":"ReadAction","target":["https:\/\/www.altercampagne.net\/?p=12266"]}]},{"@type":"ImageObject","inLanguage":"fr-FR","@id":"https:\/\/www.altercampagne.net\/?p=12266#primaryimage","url":"https:\/\/www.altercampagne.net\/wp-content\/uploads\/2018\/10\/2018-09-29-1ere-pleniere-25.jpg","contentUrl":"https:\/\/www.altercampagne.net\/wp-content\/uploads\/2018\/10\/2018-09-29-1ere-pleniere-25.jpg","width":638,"height":335},{"@type":"BreadcrumbList","@id":"https:\/\/www.altercampagne.net\/?p=12266#breadcrumb","itemListElement":[{"@type":"ListItem","position":1,"name":"Accueil","item":"https:\/\/www.altercampagne.net\/"},{"@type":"ListItem","position":2,"name":"1er WE de pr\u00e9paration de l&rsquo;AlterTour 2019 : un bon cru !"}]},{"@type":"WebSite","@id":"https:\/\/www.altercampagne.net\/#website","url":"https:\/\/www.altercampagne.net\/","name":"AlterTour","description":"Reliez les Alternatives \u00e0 v\u00e9lo","potentialAction":[{"@type":"SearchAction","target":{"@type":"EntryPoint","urlTemplate":"https:\/\/www.altercampagne.net\/?s={search_term_string}"},"query-input":{"@type":"PropertyValueSpecification","valueRequired":true,"valueName":"search_term_string"}}],"inLanguage":"fr-FR"},{"@type":"Person","@id":"https:\/\/www.altercampagne.net\/#\/schema\/person\/ea52458af5ca10d56e01a1b53249ddc4","name":"Julie","image":{"@type":"ImageObject","inLanguage":"fr-FR","@id":"https:\/\/secure.gravatar.com\/avatar\/33c4c11c34e0f9cccad9f436c1a60f900028dcdb26df84756951418faf70fa39?s=96&d=mm&r=g","url":"https:\/\/secure.gravatar.com\/avatar\/33c4c11c34e0f9cccad9f436c1a60f900028dcdb26df84756951418faf70fa39?s=96&d=mm&r=g","contentUrl":"https:\/\/secure.gravatar.com\/avatar\/33c4c11c34e0f9cccad9f436c1a60f900028dcdb26df84756951418faf70fa39?s=96&d=mm&r=g","caption":"Julie"},"url":"https:\/\/www.altercampagne.net\/?author=192"}]}},"_links":{"self":[{"href":"https:\/\/www.altercampagne.net\/index.php?rest_route=\/wp\/v2\/posts\/12266","targetHints":{"allow":["GET"]}}],"collection":[{"href":"https:\/\/www.altercampagne.net\/index.php?rest_route=\/wp\/v2\/posts"}],"about":[{"href":"https:\/\/www.altercampagne.net\/index.php?rest_route=\/wp\/v2\/types\/post"}],"author":[{"embeddable":true,"href":"https:\/\/www.altercampagne.net\/index.php?rest_route=\/wp\/v2\/users\/192"}],"replies":[{"embeddable":true,"href":"https:\/\/www.altercampagne.net\/index.php?rest_route=%2Fwp%2Fv2%2Fcomments&post=12266"}],"version-history":[{"count":0,"href":"https:\/\/www.altercampagne.net\/index.php?rest_route=\/wp\/v2\/posts\/12266\/revisions"}],"wp:featuredmedia":[{"embeddable":true,"href":"https:\/\/www.altercampagne.net\/index.php?rest_route=\/wp\/v2\/media\/12267"}],"wp:attachment":[{"href":"https:\/\/www.altercampagne.net\/index.php?rest_route=%2Fwp%2Fv2%2Fmedia&parent=12266"}],"wp:term":[{"taxonomy":"category","embeddable":true,"href":"https:\/\/www.altercampagne.net\/index.php?rest_route=%2Fwp%2Fv2%2Fcategories&post=12266"},{"taxonomy":"post_tag","embeddable":true,"href":"https:\/\/www.altercampagne.net\/index.php?rest_route=%2Fwp%2Fv2%2Ftags&post=12266"}],"curies":[{"name":"wp","href":"https:\/\/api.w.org\/{rel}","templated":true}]}}