{"id":12278,"date":"2018-09-20T11:15:37","date_gmt":"2018-09-20T09:15:37","guid":{"rendered":"http:\/\/www.altercampagne.net\/?p=12278"},"modified":"2018-10-05T14:19:37","modified_gmt":"2018-10-05T12:19:37","slug":"laltertour-aux-rencontres-du-reseau-repas","status":"publish","type":"post","link":"https:\/\/www.altercampagne.net\/?p=12278","title":{"rendered":"L&rsquo;AlterTour aux rencontres du r\u00e9seau REPAS"},"content":{"rendered":"<h5>Les rencontres 2018 \u00e0 la ferme de Bel\u00eatre<\/h5>\n<p>Cette ann\u00e9e, le r\u00e9seau REPAS ((R\u00e9seau d\u2019\u00c9changes et de Pratiques Alternatives et Solidaires) s\u2019est r\u00e9uni les 8 et 9 septembre \u00e0 la <a href=\"https:\/\/www.bastamag.net\/Une-ferme-en-Scop-de-jeunes-paysans-explorent-une-nouvelle-solution-prometteuse\" target=\"_blank\" rel=\"noopener\">ferme de Bel\u00eatre (SCOP),<\/a> une ferme en polyactivit\u00e9 (mara\u00eechage, c\u00e9r\u00e9ales, pain) \u00e0 Dolus-le-Sec en Indre-et-Loire.<\/p>\n<p>Comme lors de chaque rencontre un th\u00e8me \u00e9tait propos\u00e9 par la structure accueillante, cette ann\u00e9e il s\u2019agissait de <strong>\u00ab\u00a0Changer d\u2019\u00e9chelle\u00a0: quand, comment et pourquoi\u00a0?\u00a0\u00bb<\/strong><\/p>\n<p>Ce th\u00e8me a \u00e9t\u00e9 abord\u00e9 tout au long du weekend au travers diff\u00e9rents angles\u00a0:<\/p>\n<ul>\n<li>Le fonctionnement interne des structures\u00a0: quelles questions pose une augmentation de la taille d\u2019une structure pratiquant l\u2019autogestion, notamment sur l\u2019organisation du travail et sur son organisation\u00a0?<\/li>\n<li>La strat\u00e9gie\u00a0: vaut-il mieux grossir et jusqu\u2019\u00e0 quel point ou essaimer\u00a0?<\/li>\n<li>Les outils\u00a0: qu\u2019est-ce qui peut nous aider \u00e0 changer concr\u00e8tement d\u2019\u00e9chelle (moyens mat\u00e9riels, ressources financi\u00e8res, outils d\u2019organisation)\u00a0?<\/li>\n<li>L\u2019\u00e9thique\u00a0: comment grossir sans perdre l\u2019\u00e2me de la structure\u00a0? Comment concilier une ouverture \u00e0 un public plus large et garder une exigence \u00e9thique forte\u00a0?<\/li>\n<\/ul>\n<p>Ces rencontres sont \u00e9galement<strong> l\u2019occasion de d\u00e9couvrir le r\u00e9seau pour de nouvelles structures<\/strong>. Ce weekend par exemple, \u00e9taient pr\u00e9sent <a href=\"http:\/\/la-clementerie.revolublog.com\/\" target=\"_blank\" rel=\"noopener\">la Cl\u00e9menterie<\/a> (La Souche, Ard\u00e8che), une ferme autog\u00e9r\u00e9e paysanne et libertaire, et <a href=\"http:\/\/www.le-grenade.fr\/\" target=\"_blank\" rel=\"noopener\">le Grenade<\/a>\u00a0(Lyon), association facilitant la cr\u00e9ation d\u2019entreprises et formant \u00e0 l\u2019autogestion, dont c\u2019\u00e9tait la 1<sup>\u00e8re<\/sup>participation.<\/p>\n<div id=\"attachment_12283\" style=\"width: 310px\" class=\"wp-caption aligncenter\"><a href=\"http:\/\/www.altercampagne.net\/wp-content\/uploads\/2018\/10\/RencontreREPAS-2.png\"><img loading=\"lazy\" decoding=\"async\" aria-describedby=\"caption-attachment-12283\" class=\"wp-image-12283 size-medium\" src=\"http:\/\/www.altercampagne.net\/wp-content\/uploads\/2018\/10\/RencontreREPAS-2-300x199.png\" alt=\"\" width=\"300\" height=\"199\" srcset=\"https:\/\/www.altercampagne.net\/wp-content\/uploads\/2018\/10\/RencontreREPAS-2-300x199.png 300w, https:\/\/www.altercampagne.net\/wp-content\/uploads\/2018\/10\/RencontreREPAS-2-100x66.png 100w, https:\/\/www.altercampagne.net\/wp-content\/uploads\/2018\/10\/RencontreREPAS-2.png 301w\" sizes=\"auto, (max-width: 300px) 100vw, 300px\" \/><\/a><p id=\"caption-attachment-12283\" class=\"wp-caption-text\">AMAP \u00e0 la ferme de Bel\u00eatre<\/p><\/div>\n<h5>Vous avez dit \u00ab\u00a0r\u00e9seau REPAS\u00a0\u00bb ?<\/h5>\n<p><strong><a href=\"http:\/\/www.reseaurepas.free.fr\/\" target=\"_blank\" rel=\"noopener\">Le r\u00e9seau REPAS<\/a> <\/strong>est un r\u00e9seau informel (sans identit\u00e9 juridique) de structures (entreprises et associations) qui <strong>partagent les valeurs de l\u2019autogestion c\u2019est-\u00e0-dire sans hi\u00e9rarchie et avec une r\u00e9flexion pouss\u00e9e sur le partage des responsabilit\u00e9s et des revenus g\u00e9n\u00e9r\u00e9s.<\/strong> Ces structures mettent g\u00e9n\u00e9ralement en \u0153uvre une activit\u00e9 \u00e9conomique qui sert avant tout des besoins essentiels (production\/transformation de mati\u00e8res premi\u00e8res) et sont fortement ancr\u00e9es sur un territoire (volont\u00e9 de s\u2019approvisionner et de vendre en circuit local, d\u2019aller \u00e0 la rencontre des populations de ce territoire). Ce r\u00e9seau se rencontre une \u00e0 deux fois par an, dans l\u2019une des structures qui le composent, dans le but d\u2019\u00e9changer sur les pratiques mises en \u0153uvre dans chaque structure, sur les difficult\u00e9s rencontr\u00e9es et ce qui est fait pour les surmonter, ou encore sur toute r\u00e9flexion pouvant \u00e9maner de ce rapport particulier au travail et au collectif.<\/p>\n<h5>Un compagnonnage, pour apprendre en faisant<\/h5>\n<p>Depuis 1997, le r\u00e9seau REPAS propose chaque ann\u00e9e un <strong><a href=\"https:\/\/www.compagnonnage-repas.org\/\" target=\"_blank\" rel=\"noopener\">compagnonnage<\/a><\/strong> durant lequel les compagnon\u00b7ne\u00b7s vont \u00e0 la <strong>d\u00e9couverte du travail et de la vie en collectif<\/strong>\u00a0: les compagnon\u00b7ne\u00b7s vont dans plusieurs structures du r\u00e9seau pour y observer les pratiques d\u2019autogestion qui y sont mises en place et pratiquer elles\/eux-m\u00eames l\u2019autogestion en travaillant au c\u00f4t\u00e9 des membres des structures et en r\u00e9alisant des chantiers participatifs avec d\u2019autres compagnon\u00b7ne\u00b7s.<\/p>\n<p>Le r\u00e9seau REPAS a \u00e9galement cr\u00e9\u00e9 les \u00ab\u00a0<strong><a href=\"http:\/\/editionsrepas.free.fr\/index.html\" target=\"_blank\" rel=\"noopener\">\u00e9ditions du r\u00e9seau REPAS\u00a0<\/a><\/strong>\u00bb qui a \u00e9dit\u00e9 une vingtaine de livres relatant notamment les exp\u00e9riences d\u2019autogestion de structures du r\u00e9seau.<\/p>\n<h5>Je peux participer ?<\/h5>\n<p>AlterCampagne fait partie du r\u00e9seau REPAS et participe aux rencontres depuis plusieurs ann\u00e9es. Outre ces rencontres, il existe des liens forts entre notre association et le r\u00e9seau REPAS : l\u2019AlterTour est pass\u00e9 par de nombreuses structures du r\u00e9seau REPAS (Ardelaine et la Ferme des Roussets en 2017, Champs Commun, Radis&amp;Co et l\u2019Ecocentre du Tr\u00e9gor en 2016, Ambiance Bois, le Battement d\u2019Ailes, le Monde Allant Vers et la Fr\u00eanaie en 2014 etc.) et chaque ann\u00e9e au moins un\u00b7e altercycliste fait le compagnonnage du r\u00e9seau REPAS\u00a0!<\/p>\n<p><strong>La prochaine rencontre aura certainement lieu au printemps 2019 dans l\u2019Aveyron<\/strong>\u2026 Avis aux int\u00e9ress\u00e9s !<\/p>\n","protected":false},"excerpt":{"rendered":"<p>Les rencontres 2018 \u00e0 la ferme de Bel\u00eatre Cette ann\u00e9e, le r\u00e9seau REPAS ((R\u00e9seau d\u2019\u00c9changes et de Pratiques Alternatives et Solidaires) s\u2019est r\u00e9uni les 8 et 9 septembre \u00e0 la ferme de Bel\u00eatre (SCOP), une ferme en polyactivit\u00e9 (mara\u00eechage, c\u00e9r\u00e9ales, pain) \u00e0 Dolus-le-Sec en Indre-et-Loire. Comme lors de chaque rencontre &#8230; <\/p>\n<div><a href=\"https:\/\/www.altercampagne.net\/?p=12278\" class=\"more-link\">Read More<\/a><\/div>\n","protected":false},"author":209,"featured_media":12280,"comment_status":"closed","ping_status":"closed","sticky":false,"template":"","format":"standard","meta":{"footnotes":""},"categories":[3473,3540],"tags":[35,53,3184,3777,3778],"class_list":["post-12278","post","type-post","status-publish","format-standard","has-post-thumbnail","hentry","category-centre-val-de-loire","category-transverse","tag-autogestion","tag-alternatives","tag-repas","tag-reseau","tag-rencontres"],"yoast_head":"<!-- This site is optimized with the Yoast SEO plugin v27.3 - https:\/\/yoast.com\/product\/yoast-seo-wordpress\/ -->\n<title>L&#039;AlterTour aux rencontres du r\u00e9seau REPAS - AlterTour<\/title>\n<meta name=\"robots\" content=\"index, follow, max-snippet:-1, max-image-preview:large, max-video-preview:-1\" \/>\n<link rel=\"canonical\" href=\"https:\/\/www.altercampagne.net\/?p=12278\" \/>\n<meta property=\"og:locale\" content=\"fr_FR\" \/>\n<meta property=\"og:type\" content=\"article\" \/>\n<meta property=\"og:title\" content=\"L&#039;AlterTour aux rencontres du r\u00e9seau REPAS - AlterTour\" \/>\n<meta property=\"og:description\" content=\"Les rencontres 2018 \u00e0 la ferme de Bel\u00eatre Cette ann\u00e9e, le r\u00e9seau REPAS ((R\u00e9seau d\u2019\u00c9changes et de Pratiques Alternatives et Solidaires) s\u2019est r\u00e9uni les 8 et 9 septembre \u00e0 la ferme de Bel\u00eatre (SCOP), une ferme en polyactivit\u00e9 (mara\u00eechage, c\u00e9r\u00e9ales, pain) \u00e0 Dolus-le-Sec en Indre-et-Loire. Comme lors de chaque rencontre ... Read More\" \/>\n<meta property=\"og:url\" content=\"https:\/\/www.altercampagne.net\/?p=12278\" \/>\n<meta property=\"og:site_name\" content=\"AlterTour\" \/>\n<meta property=\"article:published_time\" content=\"2018-09-20T09:15:37+00:00\" \/>\n<meta property=\"article:modified_time\" content=\"2018-10-05T12:19:37+00:00\" \/>\n<meta property=\"og:image\" content=\"https:\/\/www.altercampagne.net\/wp-content\/uploads\/2018\/10\/RencontreREPAS-1.png\" \/>\n\t<meta property=\"og:image:width\" content=\"461\" \/>\n\t<meta property=\"og:image:height\" content=\"243\" \/>\n\t<meta property=\"og:image:type\" content=\"image\/png\" \/>\n<meta name=\"author\" content=\"Vincent\" \/>\n<meta name=\"twitter:card\" content=\"summary_large_image\" \/>\n<meta name=\"twitter:label1\" content=\"\u00c9crit par\" \/>\n\t<meta name=\"twitter:data1\" content=\"Vincent\" \/>\n\t<meta name=\"twitter:label2\" content=\"Dur\u00e9e de lecture estim\u00e9e\" \/>\n\t<meta name=\"twitter:data2\" content=\"3 minutes\" \/>\n<script type=\"application\/ld+json\" class=\"yoast-schema-graph\">{\"@context\":\"https:\\\/\\\/schema.org\",\"@graph\":[{\"@type\":\"Article\",\"@id\":\"https:\\\/\\\/www.altercampagne.net\\\/?p=12278#article\",\"isPartOf\":{\"@id\":\"https:\\\/\\\/www.altercampagne.net\\\/?p=12278\"},\"author\":{\"name\":\"Vincent\",\"@id\":\"https:\\\/\\\/www.altercampagne.net\\\/#\\\/schema\\\/person\\\/7c299acaf3c77c51c6adfd4b5de88c6e\"},\"headline\":\"L&rsquo;AlterTour aux rencontres du r\u00e9seau REPAS\",\"datePublished\":\"2018-09-20T09:15:37+00:00\",\"dateModified\":\"2018-10-05T12:19:37+00:00\",\"mainEntityOfPage\":{\"@id\":\"https:\\\/\\\/www.altercampagne.net\\\/?p=12278\"},\"wordCount\":665,\"image\":{\"@id\":\"https:\\\/\\\/www.altercampagne.net\\\/?p=12278#primaryimage\"},\"thumbnailUrl\":\"https:\\\/\\\/www.altercampagne.net\\\/wp-content\\\/uploads\\\/2018\\\/10\\\/RencontreREPAS-1.png\",\"keywords\":[\"autogestion\",\"Alternatives\",\"REPAS\",\"r\u00e9seau\",\"rencontres\"],\"articleSection\":[\"Centre-Val de Loire\",\"Transverse\"],\"inLanguage\":\"fr-FR\"},{\"@type\":\"WebPage\",\"@id\":\"https:\\\/\\\/www.altercampagne.net\\\/?p=12278\",\"url\":\"https:\\\/\\\/www.altercampagne.net\\\/?p=12278\",\"name\":\"L'AlterTour aux rencontres du r\u00e9seau REPAS - AlterTour\",\"isPartOf\":{\"@id\":\"https:\\\/\\\/www.altercampagne.net\\\/#website\"},\"primaryImageOfPage\":{\"@id\":\"https:\\\/\\\/www.altercampagne.net\\\/?p=12278#primaryimage\"},\"image\":{\"@id\":\"https:\\\/\\\/www.altercampagne.net\\\/?p=12278#primaryimage\"},\"thumbnailUrl\":\"https:\\\/\\\/www.altercampagne.net\\\/wp-content\\\/uploads\\\/2018\\\/10\\\/RencontreREPAS-1.png\",\"datePublished\":\"2018-09-20T09:15:37+00:00\",\"dateModified\":\"2018-10-05T12:19:37+00:00\",\"author\":{\"@id\":\"https:\\\/\\\/www.altercampagne.net\\\/#\\\/schema\\\/person\\\/7c299acaf3c77c51c6adfd4b5de88c6e\"},\"breadcrumb\":{\"@id\":\"https:\\\/\\\/www.altercampagne.net\\\/?p=12278#breadcrumb\"},\"inLanguage\":\"fr-FR\",\"potentialAction\":[{\"@type\":\"ReadAction\",\"target\":[\"https:\\\/\\\/www.altercampagne.net\\\/?p=12278\"]}]},{\"@type\":\"ImageObject\",\"inLanguage\":\"fr-FR\",\"@id\":\"https:\\\/\\\/www.altercampagne.net\\\/?p=12278#primaryimage\",\"url\":\"https:\\\/\\\/www.altercampagne.net\\\/wp-content\\\/uploads\\\/2018\\\/10\\\/RencontreREPAS-1.png\",\"contentUrl\":\"https:\\\/\\\/www.altercampagne.net\\\/wp-content\\\/uploads\\\/2018\\\/10\\\/RencontreREPAS-1.png\",\"width\":461,\"height\":243},{\"@type\":\"BreadcrumbList\",\"@id\":\"https:\\\/\\\/www.altercampagne.net\\\/?p=12278#breadcrumb\",\"itemListElement\":[{\"@type\":\"ListItem\",\"position\":1,\"name\":\"Accueil\",\"item\":\"https:\\\/\\\/www.altercampagne.net\\\/\"},{\"@type\":\"ListItem\",\"position\":2,\"name\":\"L&rsquo;AlterTour aux rencontres du r\u00e9seau REPAS\"}]},{\"@type\":\"WebSite\",\"@id\":\"https:\\\/\\\/www.altercampagne.net\\\/#website\",\"url\":\"https:\\\/\\\/www.altercampagne.net\\\/\",\"name\":\"AlterTour\",\"description\":\"Reliez les Alternatives \u00e0 v\u00e9lo\",\"potentialAction\":[{\"@type\":\"SearchAction\",\"target\":{\"@type\":\"EntryPoint\",\"urlTemplate\":\"https:\\\/\\\/www.altercampagne.net\\\/?s={search_term_string}\"},\"query-input\":{\"@type\":\"PropertyValueSpecification\",\"valueRequired\":true,\"valueName\":\"search_term_string\"}}],\"inLanguage\":\"fr-FR\"},{\"@type\":\"Person\",\"@id\":\"https:\\\/\\\/www.altercampagne.net\\\/#\\\/schema\\\/person\\\/7c299acaf3c77c51c6adfd4b5de88c6e\",\"name\":\"Vincent\",\"image\":{\"@type\":\"ImageObject\",\"inLanguage\":\"fr-FR\",\"@id\":\"https:\\\/\\\/secure.gravatar.com\\\/avatar\\\/f461b4b95c70112e36d8b4abf020c8231a3fa729bdccb05f4f7c9974a0bf24cd?s=96&d=mm&r=g\",\"url\":\"https:\\\/\\\/secure.gravatar.com\\\/avatar\\\/f461b4b95c70112e36d8b4abf020c8231a3fa729bdccb05f4f7c9974a0bf24cd?s=96&d=mm&r=g\",\"contentUrl\":\"https:\\\/\\\/secure.gravatar.com\\\/avatar\\\/f461b4b95c70112e36d8b4abf020c8231a3fa729bdccb05f4f7c9974a0bf24cd?s=96&d=mm&r=g\",\"caption\":\"Vincent\"},\"url\":\"https:\\\/\\\/www.altercampagne.net\\\/?author=209\"}]}<\/script>\n<!-- \/ Yoast SEO plugin. -->","yoast_head_json":{"title":"L'AlterTour aux rencontres du r\u00e9seau REPAS - AlterTour","robots":{"index":"index","follow":"follow","max-snippet":"max-snippet:-1","max-image-preview":"max-image-preview:large","max-video-preview":"max-video-preview:-1"},"canonical":"https:\/\/www.altercampagne.net\/?p=12278","og_locale":"fr_FR","og_type":"article","og_title":"L'AlterTour aux rencontres du r\u00e9seau REPAS - AlterTour","og_description":"Les rencontres 2018 \u00e0 la ferme de Bel\u00eatre Cette ann\u00e9e, le r\u00e9seau REPAS ((R\u00e9seau d\u2019\u00c9changes et de Pratiques Alternatives et Solidaires) s\u2019est r\u00e9uni les 8 et 9 septembre \u00e0 la ferme de Bel\u00eatre (SCOP), une ferme en polyactivit\u00e9 (mara\u00eechage, c\u00e9r\u00e9ales, pain) \u00e0 Dolus-le-Sec en Indre-et-Loire. Comme lors de chaque rencontre ... Read More","og_url":"https:\/\/www.altercampagne.net\/?p=12278","og_site_name":"AlterTour","article_published_time":"2018-09-20T09:15:37+00:00","article_modified_time":"2018-10-05T12:19:37+00:00","og_image":[{"width":461,"height":243,"url":"https:\/\/www.altercampagne.net\/wp-content\/uploads\/2018\/10\/RencontreREPAS-1.png","type":"image\/png"}],"author":"Vincent","twitter_card":"summary_large_image","twitter_misc":{"\u00c9crit par":"Vincent","Dur\u00e9e de lecture estim\u00e9e":"3 minutes"},"schema":{"@context":"https:\/\/schema.org","@graph":[{"@type":"Article","@id":"https:\/\/www.altercampagne.net\/?p=12278#article","isPartOf":{"@id":"https:\/\/www.altercampagne.net\/?p=12278"},"author":{"name":"Vincent","@id":"https:\/\/www.altercampagne.net\/#\/schema\/person\/7c299acaf3c77c51c6adfd4b5de88c6e"},"headline":"L&rsquo;AlterTour aux rencontres du r\u00e9seau REPAS","datePublished":"2018-09-20T09:15:37+00:00","dateModified":"2018-10-05T12:19:37+00:00","mainEntityOfPage":{"@id":"https:\/\/www.altercampagne.net\/?p=12278"},"wordCount":665,"image":{"@id":"https:\/\/www.altercampagne.net\/?p=12278#primaryimage"},"thumbnailUrl":"https:\/\/www.altercampagne.net\/wp-content\/uploads\/2018\/10\/RencontreREPAS-1.png","keywords":["autogestion","Alternatives","REPAS","r\u00e9seau","rencontres"],"articleSection":["Centre-Val de Loire","Transverse"],"inLanguage":"fr-FR"},{"@type":"WebPage","@id":"https:\/\/www.altercampagne.net\/?p=12278","url":"https:\/\/www.altercampagne.net\/?p=12278","name":"L'AlterTour aux rencontres du r\u00e9seau REPAS - AlterTour","isPartOf":{"@id":"https:\/\/www.altercampagne.net\/#website"},"primaryImageOfPage":{"@id":"https:\/\/www.altercampagne.net\/?p=12278#primaryimage"},"image":{"@id":"https:\/\/www.altercampagne.net\/?p=12278#primaryimage"},"thumbnailUrl":"https:\/\/www.altercampagne.net\/wp-content\/uploads\/2018\/10\/RencontreREPAS-1.png","datePublished":"2018-09-20T09:15:37+00:00","dateModified":"2018-10-05T12:19:37+00:00","author":{"@id":"https:\/\/www.altercampagne.net\/#\/schema\/person\/7c299acaf3c77c51c6adfd4b5de88c6e"},"breadcrumb":{"@id":"https:\/\/www.altercampagne.net\/?p=12278#breadcrumb"},"inLanguage":"fr-FR","potentialAction":[{"@type":"ReadAction","target":["https:\/\/www.altercampagne.net\/?p=12278"]}]},{"@type":"ImageObject","inLanguage":"fr-FR","@id":"https:\/\/www.altercampagne.net\/?p=12278#primaryimage","url":"https:\/\/www.altercampagne.net\/wp-content\/uploads\/2018\/10\/RencontreREPAS-1.png","contentUrl":"https:\/\/www.altercampagne.net\/wp-content\/uploads\/2018\/10\/RencontreREPAS-1.png","width":461,"height":243},{"@type":"BreadcrumbList","@id":"https:\/\/www.altercampagne.net\/?p=12278#breadcrumb","itemListElement":[{"@type":"ListItem","position":1,"name":"Accueil","item":"https:\/\/www.altercampagne.net\/"},{"@type":"ListItem","position":2,"name":"L&rsquo;AlterTour aux rencontres du r\u00e9seau REPAS"}]},{"@type":"WebSite","@id":"https:\/\/www.altercampagne.net\/#website","url":"https:\/\/www.altercampagne.net\/","name":"AlterTour","description":"Reliez les Alternatives \u00e0 v\u00e9lo","potentialAction":[{"@type":"SearchAction","target":{"@type":"EntryPoint","urlTemplate":"https:\/\/www.altercampagne.net\/?s={search_term_string}"},"query-input":{"@type":"PropertyValueSpecification","valueRequired":true,"valueName":"search_term_string"}}],"inLanguage":"fr-FR"},{"@type":"Person","@id":"https:\/\/www.altercampagne.net\/#\/schema\/person\/7c299acaf3c77c51c6adfd4b5de88c6e","name":"Vincent","image":{"@type":"ImageObject","inLanguage":"fr-FR","@id":"https:\/\/secure.gravatar.com\/avatar\/f461b4b95c70112e36d8b4abf020c8231a3fa729bdccb05f4f7c9974a0bf24cd?s=96&d=mm&r=g","url":"https:\/\/secure.gravatar.com\/avatar\/f461b4b95c70112e36d8b4abf020c8231a3fa729bdccb05f4f7c9974a0bf24cd?s=96&d=mm&r=g","contentUrl":"https:\/\/secure.gravatar.com\/avatar\/f461b4b95c70112e36d8b4abf020c8231a3fa729bdccb05f4f7c9974a0bf24cd?s=96&d=mm&r=g","caption":"Vincent"},"url":"https:\/\/www.altercampagne.net\/?author=209"}]}},"_links":{"self":[{"href":"https:\/\/www.altercampagne.net\/index.php?rest_route=\/wp\/v2\/posts\/12278","targetHints":{"allow":["GET"]}}],"collection":[{"href":"https:\/\/www.altercampagne.net\/index.php?rest_route=\/wp\/v2\/posts"}],"about":[{"href":"https:\/\/www.altercampagne.net\/index.php?rest_route=\/wp\/v2\/types\/post"}],"author":[{"embeddable":true,"href":"https:\/\/www.altercampagne.net\/index.php?rest_route=\/wp\/v2\/users\/209"}],"replies":[{"embeddable":true,"href":"https:\/\/www.altercampagne.net\/index.php?rest_route=%2Fwp%2Fv2%2Fcomments&post=12278"}],"version-history":[{"count":0,"href":"https:\/\/www.altercampagne.net\/index.php?rest_route=\/wp\/v2\/posts\/12278\/revisions"}],"wp:featuredmedia":[{"embeddable":true,"href":"https:\/\/www.altercampagne.net\/index.php?rest_route=\/wp\/v2\/media\/12280"}],"wp:attachment":[{"href":"https:\/\/www.altercampagne.net\/index.php?rest_route=%2Fwp%2Fv2%2Fmedia&parent=12278"}],"wp:term":[{"taxonomy":"category","embeddable":true,"href":"https:\/\/www.altercampagne.net\/index.php?rest_route=%2Fwp%2Fv2%2Fcategories&post=12278"},{"taxonomy":"post_tag","embeddable":true,"href":"https:\/\/www.altercampagne.net\/index.php?rest_route=%2Fwp%2Fv2%2Ftags&post=12278"}],"curies":[{"name":"wp","href":"https:\/\/api.w.org\/{rel}","templated":true}]}}