{"id":12319,"date":"2018-03-02T15:32:28","date_gmt":"2018-03-02T14:32:28","guid":{"rendered":"http:\/\/www.altercampagne.net\/?p=12319"},"modified":"2018-10-08T15:45:50","modified_gmt":"2018-10-08T13:45:50","slug":"pas-moins-de-3-echappees-belles-en-2018","status":"publish","type":"post","link":"https:\/\/www.altercampagne.net\/?p=12319","title":{"rendered":"Pas moins de 3 \u00c9chapp\u00e9es Belles en 2018 !"},"content":{"rendered":"<p>Une \u00c9chapp\u00e9e Belle est un parcours parall\u00e8le \u00e0 l&rsquo;AlterTour, en plus petit groupe (maximum 25). Les participants portent leur bagages sur leurs v\u00e9los, il n&rsquo;y a pas de v\u00e9hicules d&rsquo;accompagnement.<\/p>\n<p>3 \u00c9chapp\u00e9es Belles sont pr\u00e9vues pour cet \u00e9t\u00e9 :<\/p>\n<h5>L&rsquo;\u00c9chapp\u00e9e Belle Normande<\/h5>\n<p>du 13 au 26 juillet<\/p>\n<p><u><a href=\"http:\/\/www.altercampagne.net\/?page_id=10157\"><img loading=\"lazy\" decoding=\"async\" class=\"alignright wp-image-10842 size-full\" src=\"http:\/\/www.altercampagne.net\/wp-content\/uploads\/2018\/06\/2018-05-18-Parcours-EB-Normandie.jpg\" alt=\"\" width=\"500\" height=\"400\" srcset=\"https:\/\/www.altercampagne.net\/wp-content\/uploads\/2018\/06\/2018-05-18-Parcours-EB-Normandie.jpg 500w, https:\/\/www.altercampagne.net\/wp-content\/uploads\/2018\/06\/2018-05-18-Parcours-EB-Normandie-300x240.jpg 300w, https:\/\/www.altercampagne.net\/wp-content\/uploads\/2018\/06\/2018-05-18-Parcours-EB-Normandie-100x80.jpg 100w\" sizes=\"auto, (max-width: 500px) 100vw, 500px\" \/><\/a><\/u>Vendredi 13 juillet\u00a0: <a href=\"http:\/\/www.altercampagne.net\/?page_id=10111&amp;route=258\">Accueil des participants \u00e0 Cherboug. ShareBourg<\/a><br \/>\nSamedi 14 juillet : <a href=\"http:\/\/www.altercampagne.net\/?page_id=10111&amp;route=259\">Cherboug &#8211; 0km &#8211; Le Crilan, Sharebourg<\/a><br \/>\n<u>Dimanche 15 juillet<\/u>\u00a0: <a href=\"http:\/\/www.altercampagne.net\/?page_id=10111&amp;route=221\">Cherbourg &#8211; Teurth\u00e9ville-Bocage \u2013 47 km &#8211; Ferme du Vastel, Collectif Bocage<\/a><br \/>\n<u>Lundi 16 juillet<\/u>\u00a0: <a href=\"http:\/\/www.altercampagne.net\/?page_id=10111&amp;route=222\">Teurth\u00e9ville-Bocage \u00e0 Marchesieux &#8211; 70 km &#8211; Adame du Marais, Accueil Paysan<\/a><br \/>\n<u>Mardi 17 juillet<\/u>\u00a0: <a href=\"http:\/\/www.altercampagne.net\/?page_id=10111&amp;route=223\">Marchesieux &#8211; Saint-Gilles \u2013 18km &#8211; L&rsquo;Herberie de la Belhomi\u00e8re<\/a><br \/>\n<u>Mercredi 18 juillet<\/u>\u00a0:\u00a0<a href=\"http:\/\/www.altercampagne.net\/?page_id=10111&amp;route=224\">Saint-Gilles &#8211; Barbeville \u2013 45 km &#8211; Monnaie locale du Bessin<\/a><br \/>\n<u>Jeudi 19 juillet<\/u>\u00a0: <a href=\"http:\/\/www.altercampagne.net\/?page_id=10111&amp;route=225\">Barbeville &#8211; Saint Pierre Azif &#8211; 69km \u2013 Akal Food<\/a><br \/>\n<u>Vendredi 20 juillet<\/u>\u00a0: <a href=\"http:\/\/www.altercampagne.net\/?page_id=10111&amp;route=226\">Saint-Pierre-Azif &#8211; Bouquelon \u2013 46 km &#8211; Marais Vernier, Les Courtils de Bouquelon<\/a><br \/>\n<u>Samedi 21 juillet<\/u>\u00a0: <a href=\"http:\/\/www.altercampagne.net\/?page_id=10111&amp;route=227\">Bouquelon\u2013 0 km &#8211; Marais Vernier, Les Courtils de Bouquelon<\/a><br \/>\n<u>Dimanche 22 juillet<\/u>\u00a0: <a href=\"http:\/\/www.altercampagne.net\/?page_id=10111&amp;route=228\">Bouquelon &#8211; Rouen \u2013 55 km \u2013 Collectif SNCF \u2013 H\u00f4pital du Rouvray<\/a><br \/>\n<u>Lundi 23 juillet<\/u>\u00a0:\u00a0<a href=\"http:\/\/www.altercampagne.net\/?page_id=10111&amp;route=229\">de Mont-Saint-Aignan \u00e0 Les Andelys \u2013 41 km &#8211; La Ferme Bri\u00e8re<\/a><br \/>\n<u>Mardi 24 juillet<\/u>\u00a0: <a href=\"http:\/\/www.altercampagne.net\/?page_id=10111&amp;route=230\">Les Andelys &#8211; Chaussy \u2013 35 km \u2013 La Bergerie de Villarceaux<\/a><br \/>\n<u>Mercredi 25 juillet<\/u>\u00a0: <a href=\"http:\/\/www.altercampagne.net\/?page_id=10111&amp;route=231\">Chaussy &#8211; Courdimanche \u2013 31 km &#8211; \u00a0Ferme Cavan, CoopOise<\/a><br \/>\n<u>Jeudi 26 juillet<\/u>\u00a0: <a href=\"http:\/\/www.altercampagne.net\/?page_id=10111&amp;route=232\">Courdimanche &#8211; Gonesse \u2013 45 km \u2013 Non \u00e0 Europacity<\/a><\/p>\n<h5>L&rsquo;\u00c9chapp\u00e9e Belle Vosgienne<\/h5>\n<p>du 14 au 18 ao\u00fbt<a href=\"http:\/\/www.altercampagne.net\/?page_id=10157\"><img loading=\"lazy\" decoding=\"async\" class=\"wp-image-11008 size-full alignright\" src=\"http:\/\/www.altercampagne.net\/wp-content\/uploads\/2018\/06\/2018-06-21-Parcours-EB-Vosges-et-Allemagne.jpg\" alt=\"\" width=\"500\" height=\"500\" srcset=\"https:\/\/www.altercampagne.net\/wp-content\/uploads\/2018\/06\/2018-06-21-Parcours-EB-Vosges-et-Allemagne.jpg 500w, https:\/\/www.altercampagne.net\/wp-content\/uploads\/2018\/06\/2018-06-21-Parcours-EB-Vosges-et-Allemagne-150x150.jpg 150w, https:\/\/www.altercampagne.net\/wp-content\/uploads\/2018\/06\/2018-06-21-Parcours-EB-Vosges-et-Allemagne-300x300.jpg 300w, https:\/\/www.altercampagne.net\/wp-content\/uploads\/2018\/06\/2018-06-21-Parcours-EB-Vosges-et-Allemagne-100x100.jpg 100w\" sizes=\"auto, (max-width: 500px) 100vw, 500px\" \/><\/a><\/p>\n<p>Mardi 14 ao\u00fbt :\u00a0<a href=\"http:\/\/www.altercampagne.net\/?page_id=10111&amp;route=233\">St Di\u00e9 \u00e0 Orbey &#8211; 55km &#8211; Pas \u00e0 Pas, Vall\u00e9e de la Weiss en transition, Centrale villageoise photovolta\u00efque <\/a><br \/>\nMercredi 15 ao\u00fbt\u00a0: <a href=\"http:\/\/www.altercampagne.net\/?page_id=10111&amp;route=234\">\u00a0Lapoutroie (Orbey) \u00e0 Munster &#8211; 31 km &#8211; Vall\u00e9e de Munster en transition<\/a><br \/>\nJeudi 16 ao\u00fbt : <a href=\"http:\/\/www.altercampagne.net\/?page_id=10111&amp;route=235\">Munster \u00e0 Herrlisheim &#8211; 45 km &#8211; Le Domaine Boesch<\/a><br \/>\nVendredi 17 ao\u00fbt\u00a0: <a href=\"http:\/\/www.altercampagne.net\/?page_id=10111&amp;route=236\">Herrlisheim &#8211; 0km &#8211; Les Jardins En-chantants<\/a><br \/>\nSamedi 18 ao\u00fbt : <a href=\"http:\/\/www.altercampagne.net\/?page_id=10111&amp;route=237\">Herrlisheim \u00e0 Kingersheim &#8211; 39 km &#8211; Les Sheds<\/a><\/p>\n<h5>L&rsquo;\u00c9chapp\u00e9e Belle Allemande<\/h5>\n<p>du 21 au 25 ao\u00fbt<\/p>\n<p><u>Mardi 21 ao\u00fbt<\/u> :\u00a0<a href=\"http:\/\/www.altercampagne.net\/?page_id=10111&amp;route=242\">Ungersheim \u2013 Freiburg \u2013 51 km \u2013 Le Quartier Vauban<\/a><br \/>\n<u>Mercredi 22 ao\u00fbt<\/u> :<span class=\"apple-converted-space\">\u00a0<\/span><a href=\"http:\/\/www.altercampagne.net\/?page_id=10029&amp;route=215\">Freiburg \u2013 0 km &#8211; Le Quartier Vauban<\/a><br \/>\n<u>Jeudi 23 ao\u00fbt<\/u> :<span class=\"apple-converted-space\">\u00a0<\/span><a href=\"http:\/\/www.altercampagne.net\/?page_id=10111&amp;route=238\">Freiburg \u2013Endingen-Amoltern\u2013 36 km \u2013 Caf\u00e9 Mitnander, Helmut Fixher mara\u00eecher vignoble<\/a><br \/>\n<u>Vendredi 24 ao\u00fbt<\/u> : <a href=\"http:\/\/www.altercampagne.net\/?page_id=10111&amp;route=239\"><span class=\"apple-converted-space\">\u00a0<\/span>Endingen-Amoltern\u2013 Schwanau-Nonnenweier\u2013 35 km \u2013 La NABU<\/a><\/p>\n<p><u>Samedi 25 ao\u00fbt<\/u> : <a href=\"http:\/\/www.altercampagne.net\/?page_id=10111&amp;route=240\">Schwanau-Nonnenweier\u2013 Kolbsheim \u2013 39 km \u2013 Collectif contre le Grand Contournement Ouest de Strasbourg, ZAD du Moulin<\/a><\/p>\n","protected":false},"excerpt":{"rendered":"<p>Une \u00c9chapp\u00e9e Belle est un parcours parall\u00e8le \u00e0 l&rsquo;AlterTour, en plus petit groupe (maximum 25). Les participants portent leur bagages sur leurs v\u00e9los, il n&rsquo;y a pas de v\u00e9hicules d&rsquo;accompagnement. 3 \u00c9chapp\u00e9es Belles sont pr\u00e9vues pour cet \u00e9t\u00e9 : L&rsquo;\u00c9chapp\u00e9e Belle Normande du 13 au 26 juillet Vendredi 13 juillet\u00a0: &#8230; <\/p>\n<div><a href=\"https:\/\/www.altercampagne.net\/?p=12319\" class=\"more-link\">Read More<\/a><\/div>\n","protected":false},"author":214,"featured_media":12320,"comment_status":"closed","ping_status":"closed","sticky":false,"template":"","format":"standard","meta":{"footnotes":""},"categories":[3661,3475,3470,3469,3478],"tags":[3806,3820,3819,3818,3817,3816,3815,3814,3813,3812,3811,3810,3809,3808,3807,431,3805,3804,3803,3802,3801,3800,3799,3798,3797,3766,3580,3352,3351,3344],"class_list":["post-12319","post","type-post","status-publish","format-standard","has-post-thumbnail","hentry","category-allemagne","category-grand-est","category-edition-2018","category-programmes","category-normandie","tag-les-courtils-de-bouquelon","tag-la-nabu","tag-helmut-fixher-maraicher-vignoble","tag-cafe-mitnander","tag-le-quartier-vauban","tag-les-jardins-en-chantants","tag-le-domaine-boesch","tag-vallee-de-munster-en-transition","tag-centrale-villageoise-photovoltaique","tag-vallee-de-la-weiss-en-transition","tag-pas-a-pas","tag-ferme-cavan","tag-la-bergerie-de-villarceaux","tag-la-ferme-briere","tag-collectif-sncf-hopital-du-rouvray","tag-accueil-paysan","tag-marais-vernier","tag-akal-food","tag-monnaie-locale-du-bessin","tag-lherberie-de-la-belhomiere","tag-adame-du-marais","tag-collectif-bocage","tag-bocage-47-km-ferme-du-vastel","tag-crilan","tag-sharebourg","tag-coopoise","tag-non-a-europacity","tag-zad-du-moulin","tag-collectif-contre-le-grand-contournement-ouest-de-strasbourg","tag-les-sheds"],"yoast_head":"<!-- This site is optimized with the Yoast SEO plugin v27.3 - https:\/\/yoast.com\/product\/yoast-seo-wordpress\/ -->\n<title>Pas moins de 3 \u00c9chapp\u00e9es Belles en 2018 ! - AlterTour<\/title>\n<meta name=\"robots\" content=\"index, follow, max-snippet:-1, max-image-preview:large, max-video-preview:-1\" \/>\n<link rel=\"canonical\" href=\"https:\/\/www.altercampagne.net\/?p=12319\" \/>\n<meta property=\"og:locale\" content=\"fr_FR\" \/>\n<meta property=\"og:type\" content=\"article\" \/>\n<meta property=\"og:title\" content=\"Pas moins de 3 \u00c9chapp\u00e9es Belles en 2018 ! - AlterTour\" \/>\n<meta property=\"og:description\" content=\"Une \u00c9chapp\u00e9e Belle est un parcours parall\u00e8le \u00e0 l&rsquo;AlterTour, en plus petit groupe (maximum 25). Les participants portent leur bagages sur leurs v\u00e9los, il n&rsquo;y a pas de v\u00e9hicules d&rsquo;accompagnement. 3 \u00c9chapp\u00e9es Belles sont pr\u00e9vues pour cet \u00e9t\u00e9 : L&rsquo;\u00c9chapp\u00e9e Belle Normande du 13 au 26 juillet Vendredi 13 juillet\u00a0: ... Read More\" \/>\n<meta property=\"og:url\" content=\"https:\/\/www.altercampagne.net\/?p=12319\" \/>\n<meta property=\"og:site_name\" content=\"AlterTour\" \/>\n<meta property=\"article:published_time\" content=\"2018-03-02T14:32:28+00:00\" \/>\n<meta property=\"article:modified_time\" content=\"2018-10-08T13:45:50+00:00\" \/>\n<meta property=\"og:image\" content=\"https:\/\/www.altercampagne.net\/wp-content\/uploads\/2018\/10\/2018-06-21-Parcours-EB-pour-blog.jpg\" \/>\n\t<meta property=\"og:image:width\" content=\"800\" \/>\n\t<meta property=\"og:image:height\" content=\"418\" \/>\n\t<meta property=\"og:image:type\" content=\"image\/jpeg\" \/>\n<meta name=\"author\" content=\"Mathieu\" \/>\n<meta name=\"twitter:card\" content=\"summary_large_image\" \/>\n<meta name=\"twitter:label1\" content=\"\u00c9crit par\" \/>\n\t<meta name=\"twitter:data1\" content=\"Mathieu\" \/>\n\t<meta name=\"twitter:label2\" content=\"Dur\u00e9e de lecture estim\u00e9e\" \/>\n\t<meta name=\"twitter:data2\" content=\"2 minutes\" \/>\n<script type=\"application\/ld+json\" class=\"yoast-schema-graph\">{\"@context\":\"https:\\\/\\\/schema.org\",\"@graph\":[{\"@type\":\"Article\",\"@id\":\"https:\\\/\\\/www.altercampagne.net\\\/?p=12319#article\",\"isPartOf\":{\"@id\":\"https:\\\/\\\/www.altercampagne.net\\\/?p=12319\"},\"author\":{\"name\":\"Mathieu\",\"@id\":\"https:\\\/\\\/www.altercampagne.net\\\/#\\\/schema\\\/person\\\/0f261460c09e430caa0f9bcffa319109\"},\"headline\":\"Pas moins de 3 \u00c9chapp\u00e9es Belles en 2018 !\",\"datePublished\":\"2018-03-02T14:32:28+00:00\",\"dateModified\":\"2018-10-08T13:45:50+00:00\",\"mainEntityOfPage\":{\"@id\":\"https:\\\/\\\/www.altercampagne.net\\\/?p=12319\"},\"wordCount\":355,\"image\":{\"@id\":\"https:\\\/\\\/www.altercampagne.net\\\/?p=12319#primaryimage\"},\"thumbnailUrl\":\"https:\\\/\\\/www.altercampagne.net\\\/wp-content\\\/uploads\\\/2018\\\/10\\\/2018-06-21-Parcours-EB-pour-blog.jpg\",\"keywords\":[\"Les Courtils de Bouquelon\",\"La NABU\",\"Helmut Fixher mara\u00eecher vignoble\",\"Caf\u00e9 Mitnander\",\"Le Quartier Vauban\",\"Les Jardins En-chantants\",\"Le Domaine Boesch\",\"Vall\u00e9e de Munster en transition\",\"Centrale villageoise photovolta\u00efque\",\"Vall\u00e9e de la Weiss en transition\",\"Pas \u00e0 Pas\",\"Ferme Cavan\",\"La Bergerie de Villarceaux\",\"La Ferme Bri\u00e8re\",\"Collectif SNCF \u2013 H\u00f4pital du Rouvray\",\"accueil paysan\",\"Marais Vernier\",\"Akal Food\",\"Monnaie locale du Bessin\",\"L'Herberie de la Belhomi\u00e8re\",\"Adame du Marais\",\"Collectif Bocage\",\"Bocage \u2013 47 km - Ferme du Vastel\",\"Crilan\",\"ShareBourg\",\"CoopOise\",\"Non \u00e0 EuropaCity\",\"ZAD du Moulin\",\"Collectif contre le Grand Contournement Ouest de Strasbourg\",\"Les Sheds\"],\"articleSection\":[\"Allemagne\",\"Grand Est\",\"\u00c9dition 2018\",\"Programmes\",\"Normandie\"],\"inLanguage\":\"fr-FR\"},{\"@type\":\"WebPage\",\"@id\":\"https:\\\/\\\/www.altercampagne.net\\\/?p=12319\",\"url\":\"https:\\\/\\\/www.altercampagne.net\\\/?p=12319\",\"name\":\"Pas moins de 3 \u00c9chapp\u00e9es Belles en 2018 ! - AlterTour\",\"isPartOf\":{\"@id\":\"https:\\\/\\\/www.altercampagne.net\\\/#website\"},\"primaryImageOfPage\":{\"@id\":\"https:\\\/\\\/www.altercampagne.net\\\/?p=12319#primaryimage\"},\"image\":{\"@id\":\"https:\\\/\\\/www.altercampagne.net\\\/?p=12319#primaryimage\"},\"thumbnailUrl\":\"https:\\\/\\\/www.altercampagne.net\\\/wp-content\\\/uploads\\\/2018\\\/10\\\/2018-06-21-Parcours-EB-pour-blog.jpg\",\"datePublished\":\"2018-03-02T14:32:28+00:00\",\"dateModified\":\"2018-10-08T13:45:50+00:00\",\"author\":{\"@id\":\"https:\\\/\\\/www.altercampagne.net\\\/#\\\/schema\\\/person\\\/0f261460c09e430caa0f9bcffa319109\"},\"breadcrumb\":{\"@id\":\"https:\\\/\\\/www.altercampagne.net\\\/?p=12319#breadcrumb\"},\"inLanguage\":\"fr-FR\",\"potentialAction\":[{\"@type\":\"ReadAction\",\"target\":[\"https:\\\/\\\/www.altercampagne.net\\\/?p=12319\"]}]},{\"@type\":\"ImageObject\",\"inLanguage\":\"fr-FR\",\"@id\":\"https:\\\/\\\/www.altercampagne.net\\\/?p=12319#primaryimage\",\"url\":\"https:\\\/\\\/www.altercampagne.net\\\/wp-content\\\/uploads\\\/2018\\\/10\\\/2018-06-21-Parcours-EB-pour-blog.jpg\",\"contentUrl\":\"https:\\\/\\\/www.altercampagne.net\\\/wp-content\\\/uploads\\\/2018\\\/10\\\/2018-06-21-Parcours-EB-pour-blog.jpg\",\"width\":800,\"height\":418},{\"@type\":\"BreadcrumbList\",\"@id\":\"https:\\\/\\\/www.altercampagne.net\\\/?p=12319#breadcrumb\",\"itemListElement\":[{\"@type\":\"ListItem\",\"position\":1,\"name\":\"Accueil\",\"item\":\"https:\\\/\\\/www.altercampagne.net\\\/\"},{\"@type\":\"ListItem\",\"position\":2,\"name\":\"Pas moins de 3 \u00c9chapp\u00e9es Belles en 2018 !\"}]},{\"@type\":\"WebSite\",\"@id\":\"https:\\\/\\\/www.altercampagne.net\\\/#website\",\"url\":\"https:\\\/\\\/www.altercampagne.net\\\/\",\"name\":\"AlterTour\",\"description\":\"Reliez les Alternatives \u00e0 v\u00e9lo\",\"potentialAction\":[{\"@type\":\"SearchAction\",\"target\":{\"@type\":\"EntryPoint\",\"urlTemplate\":\"https:\\\/\\\/www.altercampagne.net\\\/?s={search_term_string}\"},\"query-input\":{\"@type\":\"PropertyValueSpecification\",\"valueRequired\":true,\"valueName\":\"search_term_string\"}}],\"inLanguage\":\"fr-FR\"},{\"@type\":\"Person\",\"@id\":\"https:\\\/\\\/www.altercampagne.net\\\/#\\\/schema\\\/person\\\/0f261460c09e430caa0f9bcffa319109\",\"name\":\"Mathieu\",\"image\":{\"@type\":\"ImageObject\",\"inLanguage\":\"fr-FR\",\"@id\":\"https:\\\/\\\/secure.gravatar.com\\\/avatar\\\/aa9d3d24c83f2141e5e2709d0f63d09a99f6be6bb7a50abc4915838d9f54501a?s=96&d=mm&r=g\",\"url\":\"https:\\\/\\\/secure.gravatar.com\\\/avatar\\\/aa9d3d24c83f2141e5e2709d0f63d09a99f6be6bb7a50abc4915838d9f54501a?s=96&d=mm&r=g\",\"contentUrl\":\"https:\\\/\\\/secure.gravatar.com\\\/avatar\\\/aa9d3d24c83f2141e5e2709d0f63d09a99f6be6bb7a50abc4915838d9f54501a?s=96&d=mm&r=g\",\"caption\":\"Mathieu\"},\"url\":\"https:\\\/\\\/www.altercampagne.net\\\/?author=214\"}]}<\/script>\n<!-- \/ Yoast SEO plugin. -->","yoast_head_json":{"title":"Pas moins de 3 \u00c9chapp\u00e9es Belles en 2018 ! - AlterTour","robots":{"index":"index","follow":"follow","max-snippet":"max-snippet:-1","max-image-preview":"max-image-preview:large","max-video-preview":"max-video-preview:-1"},"canonical":"https:\/\/www.altercampagne.net\/?p=12319","og_locale":"fr_FR","og_type":"article","og_title":"Pas moins de 3 \u00c9chapp\u00e9es Belles en 2018 ! - AlterTour","og_description":"Une \u00c9chapp\u00e9e Belle est un parcours parall\u00e8le \u00e0 l&rsquo;AlterTour, en plus petit groupe (maximum 25). Les participants portent leur bagages sur leurs v\u00e9los, il n&rsquo;y a pas de v\u00e9hicules d&rsquo;accompagnement. 3 \u00c9chapp\u00e9es Belles sont pr\u00e9vues pour cet \u00e9t\u00e9 : L&rsquo;\u00c9chapp\u00e9e Belle Normande du 13 au 26 juillet Vendredi 13 juillet\u00a0: ... Read More","og_url":"https:\/\/www.altercampagne.net\/?p=12319","og_site_name":"AlterTour","article_published_time":"2018-03-02T14:32:28+00:00","article_modified_time":"2018-10-08T13:45:50+00:00","og_image":[{"width":800,"height":418,"url":"https:\/\/www.altercampagne.net\/wp-content\/uploads\/2018\/10\/2018-06-21-Parcours-EB-pour-blog.jpg","type":"image\/jpeg"}],"author":"Mathieu","twitter_card":"summary_large_image","twitter_misc":{"\u00c9crit par":"Mathieu","Dur\u00e9e de lecture estim\u00e9e":"2 minutes"},"schema":{"@context":"https:\/\/schema.org","@graph":[{"@type":"Article","@id":"https:\/\/www.altercampagne.net\/?p=12319#article","isPartOf":{"@id":"https:\/\/www.altercampagne.net\/?p=12319"},"author":{"name":"Mathieu","@id":"https:\/\/www.altercampagne.net\/#\/schema\/person\/0f261460c09e430caa0f9bcffa319109"},"headline":"Pas moins de 3 \u00c9chapp\u00e9es Belles en 2018 !","datePublished":"2018-03-02T14:32:28+00:00","dateModified":"2018-10-08T13:45:50+00:00","mainEntityOfPage":{"@id":"https:\/\/www.altercampagne.net\/?p=12319"},"wordCount":355,"image":{"@id":"https:\/\/www.altercampagne.net\/?p=12319#primaryimage"},"thumbnailUrl":"https:\/\/www.altercampagne.net\/wp-content\/uploads\/2018\/10\/2018-06-21-Parcours-EB-pour-blog.jpg","keywords":["Les Courtils de Bouquelon","La NABU","Helmut Fixher mara\u00eecher vignoble","Caf\u00e9 Mitnander","Le Quartier Vauban","Les Jardins En-chantants","Le Domaine Boesch","Vall\u00e9e de Munster en transition","Centrale villageoise photovolta\u00efque","Vall\u00e9e de la Weiss en transition","Pas \u00e0 Pas","Ferme Cavan","La Bergerie de Villarceaux","La Ferme Bri\u00e8re","Collectif SNCF \u2013 H\u00f4pital du Rouvray","accueil paysan","Marais Vernier","Akal Food","Monnaie locale du Bessin","L'Herberie de la Belhomi\u00e8re","Adame du Marais","Collectif Bocage","Bocage \u2013 47 km - Ferme du Vastel","Crilan","ShareBourg","CoopOise","Non \u00e0 EuropaCity","ZAD du Moulin","Collectif contre le Grand Contournement Ouest de Strasbourg","Les Sheds"],"articleSection":["Allemagne","Grand Est","\u00c9dition 2018","Programmes","Normandie"],"inLanguage":"fr-FR"},{"@type":"WebPage","@id":"https:\/\/www.altercampagne.net\/?p=12319","url":"https:\/\/www.altercampagne.net\/?p=12319","name":"Pas moins de 3 \u00c9chapp\u00e9es Belles en 2018 ! - AlterTour","isPartOf":{"@id":"https:\/\/www.altercampagne.net\/#website"},"primaryImageOfPage":{"@id":"https:\/\/www.altercampagne.net\/?p=12319#primaryimage"},"image":{"@id":"https:\/\/www.altercampagne.net\/?p=12319#primaryimage"},"thumbnailUrl":"https:\/\/www.altercampagne.net\/wp-content\/uploads\/2018\/10\/2018-06-21-Parcours-EB-pour-blog.jpg","datePublished":"2018-03-02T14:32:28+00:00","dateModified":"2018-10-08T13:45:50+00:00","author":{"@id":"https:\/\/www.altercampagne.net\/#\/schema\/person\/0f261460c09e430caa0f9bcffa319109"},"breadcrumb":{"@id":"https:\/\/www.altercampagne.net\/?p=12319#breadcrumb"},"inLanguage":"fr-FR","potentialAction":[{"@type":"ReadAction","target":["https:\/\/www.altercampagne.net\/?p=12319"]}]},{"@type":"ImageObject","inLanguage":"fr-FR","@id":"https:\/\/www.altercampagne.net\/?p=12319#primaryimage","url":"https:\/\/www.altercampagne.net\/wp-content\/uploads\/2018\/10\/2018-06-21-Parcours-EB-pour-blog.jpg","contentUrl":"https:\/\/www.altercampagne.net\/wp-content\/uploads\/2018\/10\/2018-06-21-Parcours-EB-pour-blog.jpg","width":800,"height":418},{"@type":"BreadcrumbList","@id":"https:\/\/www.altercampagne.net\/?p=12319#breadcrumb","itemListElement":[{"@type":"ListItem","position":1,"name":"Accueil","item":"https:\/\/www.altercampagne.net\/"},{"@type":"ListItem","position":2,"name":"Pas moins de 3 \u00c9chapp\u00e9es Belles en 2018 !"}]},{"@type":"WebSite","@id":"https:\/\/www.altercampagne.net\/#website","url":"https:\/\/www.altercampagne.net\/","name":"AlterTour","description":"Reliez les Alternatives \u00e0 v\u00e9lo","potentialAction":[{"@type":"SearchAction","target":{"@type":"EntryPoint","urlTemplate":"https:\/\/www.altercampagne.net\/?s={search_term_string}"},"query-input":{"@type":"PropertyValueSpecification","valueRequired":true,"valueName":"search_term_string"}}],"inLanguage":"fr-FR"},{"@type":"Person","@id":"https:\/\/www.altercampagne.net\/#\/schema\/person\/0f261460c09e430caa0f9bcffa319109","name":"Mathieu","image":{"@type":"ImageObject","inLanguage":"fr-FR","@id":"https:\/\/secure.gravatar.com\/avatar\/aa9d3d24c83f2141e5e2709d0f63d09a99f6be6bb7a50abc4915838d9f54501a?s=96&d=mm&r=g","url":"https:\/\/secure.gravatar.com\/avatar\/aa9d3d24c83f2141e5e2709d0f63d09a99f6be6bb7a50abc4915838d9f54501a?s=96&d=mm&r=g","contentUrl":"https:\/\/secure.gravatar.com\/avatar\/aa9d3d24c83f2141e5e2709d0f63d09a99f6be6bb7a50abc4915838d9f54501a?s=96&d=mm&r=g","caption":"Mathieu"},"url":"https:\/\/www.altercampagne.net\/?author=214"}]}},"_links":{"self":[{"href":"https:\/\/www.altercampagne.net\/index.php?rest_route=\/wp\/v2\/posts\/12319","targetHints":{"allow":["GET"]}}],"collection":[{"href":"https:\/\/www.altercampagne.net\/index.php?rest_route=\/wp\/v2\/posts"}],"about":[{"href":"https:\/\/www.altercampagne.net\/index.php?rest_route=\/wp\/v2\/types\/post"}],"author":[{"embeddable":true,"href":"https:\/\/www.altercampagne.net\/index.php?rest_route=\/wp\/v2\/users\/214"}],"replies":[{"embeddable":true,"href":"https:\/\/www.altercampagne.net\/index.php?rest_route=%2Fwp%2Fv2%2Fcomments&post=12319"}],"version-history":[{"count":0,"href":"https:\/\/www.altercampagne.net\/index.php?rest_route=\/wp\/v2\/posts\/12319\/revisions"}],"wp:featuredmedia":[{"embeddable":true,"href":"https:\/\/www.altercampagne.net\/index.php?rest_route=\/wp\/v2\/media\/12320"}],"wp:attachment":[{"href":"https:\/\/www.altercampagne.net\/index.php?rest_route=%2Fwp%2Fv2%2Fmedia&parent=12319"}],"wp:term":[{"taxonomy":"category","embeddable":true,"href":"https:\/\/www.altercampagne.net\/index.php?rest_route=%2Fwp%2Fv2%2Fcategories&post=12319"},{"taxonomy":"post_tag","embeddable":true,"href":"https:\/\/www.altercampagne.net\/index.php?rest_route=%2Fwp%2Fv2%2Ftags&post=12319"}],"curies":[{"name":"wp","href":"https:\/\/api.w.org\/{rel}","templated":true}]}}