{"id":12341,"date":"2018-05-09T15:37:31","date_gmt":"2018-05-09T13:37:31","guid":{"rendered":"http:\/\/www.altercampagne.net\/?p=12341"},"modified":"2018-11-16T15:11:52","modified_gmt":"2018-11-16T14:11:52","slug":"a-la-rencontre-du-collectif-art-des-possibles-a-wesserling","status":"publish","type":"post","link":"https:\/\/www.altercampagne.net\/?p=12341","title":{"rendered":"A la  rencontre du collectif Art des possibles \u00e0 Wesserling"},"content":{"rendered":"<blockquote>\n<h1 style=\"text-align: center;\"><\/h1>\n<\/blockquote>\n<p>&nbsp;<\/p>\n<blockquote><p>&nbsp;<\/p>\n<div>\n<div class=\"_3-8w\">\n<div id=\"id_5bbb77f47b5205d50247821\" class=\"text_exposed_root text_exposed\">Notre Collectif a pour but de d\u00e9velopper et promouvoir toutes les formes d\u2019expression et activit\u00e9s li\u00e9es aux cr\u00e9ations artistiques plurielles mais aussi culture<span class=\"text_exposed_show\">lles en favorisant l\u2019expression de \u00ab l\u2019art engag\u00e9 \u00bb, comme moyen d\u2019exprimer des id\u00e9es, de participer \u00e0 des combats pour la justice, de d\u00e9fendre des valeurs humaines.<br \/>\nDe favoriser la transmission, les \u00e9changes, la formation.<a href=\"https:\/\/www.facebook.com\/pg\/ArtDesPossibles\/about\/?ref=page_internal\" target=\"_blank\" rel=\"noopener\"> https:\/\/www.facebook.com\/pg\/ArtDesPossibles\/about\/?ref=page_interna<\/a><\/span><\/div>\n<\/div>\n<\/div>\n<\/blockquote>\n<div id=\"magicdomid70\" class=\"\"><span class=\"author-a-frz65ztz86zz66zz77z9z83zgz68zz81zez69zz68zd\">\u00a0\u2013 \u00c9comus\u00e9e textile, Rue du Parc &#8211; 68470 Husseren-Wesserling <\/span><span class=\"author-a-frz65ztz86zz66zz77z9z83zgz68zz81zez69zz68zd url\"><a href=\"http:\/\/www.altercampagne.net\/?p=10961\">http:\/\/www.altercampagne.net\/?p=10961<\/a><\/span><span class=\"author-a-frz65ztz86zz66zz77z9z83zgz68zz81zez69zz68zd\"> \u00ab\u00a0art engag\u00e9 \u00bb, comme moyen d\u2019exprimer des id\u00e9es, de participer \u00e0 des combats pour la justice, de d\u00e9fendre des valeurs humaines. Tr\u00e8s belle vall\u00e9e de wesserling Fran\u00e7ois taquart pr\u00e9sident communaut\u00e9 commune 1699 Cr\u00e9ation cit\u00e9 industrielle paternaliste Caisse maladie \u00c9cole primaire Eau potable Points de vue Sentiers de randonn\u00e9es auberges Notion de capital industriel Reprise Jardin ch\u00e2teau devenu 300habitants 250 PME Nouveaux Emplois tertiaires innovation au lieu emplois textiles mal v\u00e9cue pr ouvriers gr\u00e2ce militants Chantier d&rsquo;insertion beau jardin Partie usine r\u00e9nov\u00e9e habitats m\u00e9lange artistes, tertiaires, artisanat 3 Mod\u00e8le \u00e9conomique R\u00e9novation usine 14 millions euros a trouver faite a 320\u20ac le prix de m2 en respectant le patrimoine et faite par un chantier d&rsquo;insertion location =2\u20ac le m2 sur les 45000m2 95% son plein Prgm subventionn\u00e9 a 60% Habitat droit d\u00e9fiscaliser la r\u00e9novation pour habitat locatif-&gt; produit impr\u00e9vu de la militance ! Une \u00ab\u00a0ruine c&rsquo;est un projet\u00a0\u00bb Cette pollution c&rsquo;est la notre N&rsquo;ont pas mis la d\u00e9pollution en priorit\u00e9 sinon aurait passe 10 ans a d\u00e9pollue tps que le reste tombe en ruine puis 10ans a d\u00e9truire le reste Cr\u00e9ation: tradition car nombreux artistes a wesserling.. Cr\u00e9ation premier collectif d&rsquo;artistes pour obtenir subventions puis deuxi\u00e8me collectif Grande chaufferie a 10h ce soir R\u00e9seau europ\u00e9en de sites et usines r\u00e9nov\u00e9s en milieu rural Collectif art des possibles 10 sculpteur plasticien graveur peintre Art \u00e9questre Th\u00e9\u00e2tre de poche Mara\u00eechage- jardin partag\u00e9\u00a0 avec spectacles, po\u00e9sie R\u00e9novation b\u00e2timent enduits chaux Espace pour construire d\u00e9cors, dormir et travailler Envie d&rsquo;une vie sociale engage Visite de la chaufferie syst\u00e8me \u00e9chafaudage m\u00e9tal installation dragon a\u00e9rateur a \u00e9cureuil vid\u00e9o yeux D\u00e9fil\u00e9 de haute couture Relie a une partie appelle a devenir cafe culturel restaurant<\/span><\/div>\n<div id=\"magicdomid71\" class=\"\"><span class=\"author-a-frz65ztz86zz66zz77z9z83zgz68zz81zez69zz68zd\">t collectif m\u00ealant entrepreneurs PME du b\u00e2timent a cote et artistes du collectif Plate-forme pour chapiteau compagnie \u00e9questre itin\u00e9rante depuis 8 ans equinote cirque th\u00e9\u00e2tre \u00e9questre chapiteau spectacle 400 places 8 chevaux m\u00e9tiss\u00e9 chevaux cirque th\u00e9\u00e2tre Depuis 2 ans convention avec communaut\u00e9 de commune pour les 3 mois par an ou ils ne sont pas en tourn\u00e9e. Metteur en sc\u00e8ne lumi\u00e8re technicien administratif 1\/3 entr\u00e9es Autoproduction 2\/3 entr\u00e9es programmateurs festivals commandent un spectacle Pascal gille equi libre vincent welter de\u00a0 EquiNote(<a href=\"http:\/\/cie-equinote.fr\/index.html\" target=\"_blank\" rel=\"noopener\">http:\/\/cie-equinote.fr\/index.html<\/a>) Appeler de la part Conseil croise comptois Haflinger Jardin usserin wesserling Depuis 6 mois cultivent jardin partage ont expliqu\u00e9 riverains Forme fleur + buttes + cabanon avec mat\u00e9riaux recup + semis maison Ouvert a tous chacun peut s&rsquo;investir en don, temps, travail et alors il pe<span style=\"color: #333399;\">u<\/span>t r\u00e9colter R\u00e9flexion obligation d&rsquo;adh\u00e9rer pour participer ? Finalement non Probl\u00e9matique= eau r\u00e9cup\u00e9ration eau de pluie cabanon Sourcier veine d&rsquo;eau 8m\u00a0 20 personnes investies dans le jardin, envie de faire de ce jardin un lieu de rassemblement Th\u00e9\u00e2tre d\u00e9ambule, d\u00e9clamation po\u00e9sie, jonglerie&#8230; Vieux du village \u00e9coute leur avis, met en ouvre, montre les r\u00e9sultats<br \/>\n<\/span><\/div>\n<div>\n<div class=\"_3-8w\">\n<div id=\"id_5bbb77f47b5205d50247821\" class=\"text_exposed_root text_exposed\"><\/div>\n<\/div>\n<\/div>\n<p>&nbsp;<\/p>\n<p>&nbsp;<\/p>\n","protected":false},"excerpt":{"rendered":"<p>&nbsp; &nbsp; Notre Collectif a pour but de d\u00e9velopper et promouvoir toutes les formes d\u2019expression et activit\u00e9s li\u00e9es aux cr\u00e9ations artistiques plurielles mais aussi culturelles en favorisant l\u2019expression de \u00ab l\u2019art engag\u00e9 \u00bb, comme moyen d\u2019exprimer des id\u00e9es, de participer \u00e0 des combats pour la justice, de d\u00e9fendre des valeurs &#8230; <\/p>\n<div><a href=\"https:\/\/www.altercampagne.net\/?p=12341\" class=\"more-link\">Read More<\/a><\/div>\n","protected":false},"author":215,"featured_media":12373,"comment_status":"closed","ping_status":"closed","sticky":false,"template":"","format":"standard","meta":{"footnotes":""},"categories":[3490,3475,3470,3488],"tags":[3382,3592,3618],"class_list":["post-12341","post","type-post","status-publish","format-standard","has-post-thumbnail","hentry","category-culture","category-grand-est","category-edition-2018","category-social","tag-grand-est","tag-alsace","tag-art"],"yoast_head":"<!-- This site is optimized with the Yoast SEO plugin v27.3 - https:\/\/yoast.com\/product\/yoast-seo-wordpress\/ -->\n<title>A la rencontre du collectif Art des possibles \u00e0 Wesserling - AlterTour<\/title>\n<meta name=\"robots\" content=\"index, follow, max-snippet:-1, max-image-preview:large, max-video-preview:-1\" \/>\n<link rel=\"canonical\" href=\"https:\/\/www.altercampagne.net\/?p=12341\" \/>\n<meta property=\"og:locale\" content=\"fr_FR\" \/>\n<meta property=\"og:type\" content=\"article\" \/>\n<meta property=\"og:title\" content=\"A la rencontre du collectif Art des possibles \u00e0 Wesserling - AlterTour\" \/>\n<meta property=\"og:description\" content=\"&nbsp; &nbsp; Notre Collectif a pour but de d\u00e9velopper et promouvoir toutes les formes d\u2019expression et activit\u00e9s li\u00e9es aux cr\u00e9ations artistiques plurielles mais aussi culturelles en favorisant l\u2019expression de \u00ab l\u2019art engag\u00e9 \u00bb, comme moyen d\u2019exprimer des id\u00e9es, de participer \u00e0 des combats pour la justice, de d\u00e9fendre des valeurs ... Read More\" \/>\n<meta property=\"og:url\" content=\"https:\/\/www.altercampagne.net\/?p=12341\" \/>\n<meta property=\"og:site_name\" content=\"AlterTour\" \/>\n<meta property=\"article:published_time\" content=\"2018-05-09T13:37:31+00:00\" \/>\n<meta property=\"article:modified_time\" content=\"2018-11-16T14:11:52+00:00\" \/>\n<meta property=\"og:image\" content=\"https:\/\/www.altercampagne.net\/wp-content\/uploads\/2018\/10\/PhotoWesserling-1.jpg\" \/>\n\t<meta property=\"og:image:width\" content=\"861\" \/>\n\t<meta property=\"og:image:height\" content=\"458\" \/>\n\t<meta property=\"og:image:type\" content=\"image\/jpeg\" \/>\n<meta name=\"author\" content=\"AlterTour\" \/>\n<meta name=\"twitter:card\" content=\"summary_large_image\" \/>\n<meta name=\"twitter:label1\" content=\"\u00c9crit par\" \/>\n\t<meta name=\"twitter:data1\" content=\"AlterTour\" \/>\n\t<meta name=\"twitter:label2\" content=\"Dur\u00e9e de lecture estim\u00e9e\" \/>\n\t<meta name=\"twitter:data2\" content=\"3 minutes\" \/>\n<script type=\"application\/ld+json\" class=\"yoast-schema-graph\">{\"@context\":\"https:\\\/\\\/schema.org\",\"@graph\":[{\"@type\":\"Article\",\"@id\":\"https:\\\/\\\/www.altercampagne.net\\\/?p=12341#article\",\"isPartOf\":{\"@id\":\"https:\\\/\\\/www.altercampagne.net\\\/?p=12341\"},\"author\":{\"name\":\"AlterTour\",\"@id\":\"https:\\\/\\\/www.altercampagne.net\\\/#\\\/schema\\\/person\\\/e5b68c803196f649c2152249d262d94a\"},\"headline\":\"A la rencontre du collectif Art des possibles \u00e0 Wesserling\",\"datePublished\":\"2018-05-09T13:37:31+00:00\",\"dateModified\":\"2018-11-16T14:11:52+00:00\",\"mainEntityOfPage\":{\"@id\":\"https:\\\/\\\/www.altercampagne.net\\\/?p=12341\"},\"wordCount\":609,\"image\":{\"@id\":\"https:\\\/\\\/www.altercampagne.net\\\/?p=12341#primaryimage\"},\"thumbnailUrl\":\"https:\\\/\\\/www.altercampagne.net\\\/wp-content\\\/uploads\\\/2018\\\/10\\\/PhotoWesserling-1.jpg\",\"keywords\":[\"Grand Est\",\"Alsace\",\"art\"],\"articleSection\":[\"Culture\",\"Grand Est\",\"\u00c9dition 2018\",\"Social\"],\"inLanguage\":\"fr-FR\"},{\"@type\":\"WebPage\",\"@id\":\"https:\\\/\\\/www.altercampagne.net\\\/?p=12341\",\"url\":\"https:\\\/\\\/www.altercampagne.net\\\/?p=12341\",\"name\":\"A la rencontre du collectif Art des possibles \u00e0 Wesserling - AlterTour\",\"isPartOf\":{\"@id\":\"https:\\\/\\\/www.altercampagne.net\\\/#website\"},\"primaryImageOfPage\":{\"@id\":\"https:\\\/\\\/www.altercampagne.net\\\/?p=12341#primaryimage\"},\"image\":{\"@id\":\"https:\\\/\\\/www.altercampagne.net\\\/?p=12341#primaryimage\"},\"thumbnailUrl\":\"https:\\\/\\\/www.altercampagne.net\\\/wp-content\\\/uploads\\\/2018\\\/10\\\/PhotoWesserling-1.jpg\",\"datePublished\":\"2018-05-09T13:37:31+00:00\",\"dateModified\":\"2018-11-16T14:11:52+00:00\",\"author\":{\"@id\":\"https:\\\/\\\/www.altercampagne.net\\\/#\\\/schema\\\/person\\\/e5b68c803196f649c2152249d262d94a\"},\"breadcrumb\":{\"@id\":\"https:\\\/\\\/www.altercampagne.net\\\/?p=12341#breadcrumb\"},\"inLanguage\":\"fr-FR\",\"potentialAction\":[{\"@type\":\"ReadAction\",\"target\":[\"https:\\\/\\\/www.altercampagne.net\\\/?p=12341\"]}]},{\"@type\":\"ImageObject\",\"inLanguage\":\"fr-FR\",\"@id\":\"https:\\\/\\\/www.altercampagne.net\\\/?p=12341#primaryimage\",\"url\":\"https:\\\/\\\/www.altercampagne.net\\\/wp-content\\\/uploads\\\/2018\\\/10\\\/PhotoWesserling-1.jpg\",\"contentUrl\":\"https:\\\/\\\/www.altercampagne.net\\\/wp-content\\\/uploads\\\/2018\\\/10\\\/PhotoWesserling-1.jpg\",\"width\":861,\"height\":458},{\"@type\":\"BreadcrumbList\",\"@id\":\"https:\\\/\\\/www.altercampagne.net\\\/?p=12341#breadcrumb\",\"itemListElement\":[{\"@type\":\"ListItem\",\"position\":1,\"name\":\"Accueil\",\"item\":\"https:\\\/\\\/www.altercampagne.net\\\/\"},{\"@type\":\"ListItem\",\"position\":2,\"name\":\"A la rencontre du collectif Art des possibles \u00e0 Wesserling\"}]},{\"@type\":\"WebSite\",\"@id\":\"https:\\\/\\\/www.altercampagne.net\\\/#website\",\"url\":\"https:\\\/\\\/www.altercampagne.net\\\/\",\"name\":\"AlterTour\",\"description\":\"Reliez les Alternatives \u00e0 v\u00e9lo\",\"potentialAction\":[{\"@type\":\"SearchAction\",\"target\":{\"@type\":\"EntryPoint\",\"urlTemplate\":\"https:\\\/\\\/www.altercampagne.net\\\/?s={search_term_string}\"},\"query-input\":{\"@type\":\"PropertyValueSpecification\",\"valueRequired\":true,\"valueName\":\"search_term_string\"}}],\"inLanguage\":\"fr-FR\"},{\"@type\":\"Person\",\"@id\":\"https:\\\/\\\/www.altercampagne.net\\\/#\\\/schema\\\/person\\\/e5b68c803196f649c2152249d262d94a\",\"name\":\"AlterTour\",\"image\":{\"@type\":\"ImageObject\",\"inLanguage\":\"fr-FR\",\"@id\":\"https:\\\/\\\/secure.gravatar.com\\\/avatar\\\/3f2ed77f8506b8ea264ad5938bb0114bfa10f35b64086a66dfbb6e9f58ad9693?s=96&d=mm&r=g\",\"url\":\"https:\\\/\\\/secure.gravatar.com\\\/avatar\\\/3f2ed77f8506b8ea264ad5938bb0114bfa10f35b64086a66dfbb6e9f58ad9693?s=96&d=mm&r=g\",\"contentUrl\":\"https:\\\/\\\/secure.gravatar.com\\\/avatar\\\/3f2ed77f8506b8ea264ad5938bb0114bfa10f35b64086a66dfbb6e9f58ad9693?s=96&d=mm&r=g\",\"caption\":\"AlterTour\"},\"url\":\"https:\\\/\\\/www.altercampagne.net\\\/?author=215\"}]}<\/script>\n<!-- \/ Yoast SEO plugin. -->","yoast_head_json":{"title":"A la rencontre du collectif Art des possibles \u00e0 Wesserling - AlterTour","robots":{"index":"index","follow":"follow","max-snippet":"max-snippet:-1","max-image-preview":"max-image-preview:large","max-video-preview":"max-video-preview:-1"},"canonical":"https:\/\/www.altercampagne.net\/?p=12341","og_locale":"fr_FR","og_type":"article","og_title":"A la rencontre du collectif Art des possibles \u00e0 Wesserling - AlterTour","og_description":"&nbsp; &nbsp; Notre Collectif a pour but de d\u00e9velopper et promouvoir toutes les formes d\u2019expression et activit\u00e9s li\u00e9es aux cr\u00e9ations artistiques plurielles mais aussi culturelles en favorisant l\u2019expression de \u00ab l\u2019art engag\u00e9 \u00bb, comme moyen d\u2019exprimer des id\u00e9es, de participer \u00e0 des combats pour la justice, de d\u00e9fendre des valeurs ... Read More","og_url":"https:\/\/www.altercampagne.net\/?p=12341","og_site_name":"AlterTour","article_published_time":"2018-05-09T13:37:31+00:00","article_modified_time":"2018-11-16T14:11:52+00:00","og_image":[{"width":861,"height":458,"url":"https:\/\/www.altercampagne.net\/wp-content\/uploads\/2018\/10\/PhotoWesserling-1.jpg","type":"image\/jpeg"}],"author":"AlterTour","twitter_card":"summary_large_image","twitter_misc":{"\u00c9crit par":"AlterTour","Dur\u00e9e de lecture estim\u00e9e":"3 minutes"},"schema":{"@context":"https:\/\/schema.org","@graph":[{"@type":"Article","@id":"https:\/\/www.altercampagne.net\/?p=12341#article","isPartOf":{"@id":"https:\/\/www.altercampagne.net\/?p=12341"},"author":{"name":"AlterTour","@id":"https:\/\/www.altercampagne.net\/#\/schema\/person\/e5b68c803196f649c2152249d262d94a"},"headline":"A la rencontre du collectif Art des possibles \u00e0 Wesserling","datePublished":"2018-05-09T13:37:31+00:00","dateModified":"2018-11-16T14:11:52+00:00","mainEntityOfPage":{"@id":"https:\/\/www.altercampagne.net\/?p=12341"},"wordCount":609,"image":{"@id":"https:\/\/www.altercampagne.net\/?p=12341#primaryimage"},"thumbnailUrl":"https:\/\/www.altercampagne.net\/wp-content\/uploads\/2018\/10\/PhotoWesserling-1.jpg","keywords":["Grand Est","Alsace","art"],"articleSection":["Culture","Grand Est","\u00c9dition 2018","Social"],"inLanguage":"fr-FR"},{"@type":"WebPage","@id":"https:\/\/www.altercampagne.net\/?p=12341","url":"https:\/\/www.altercampagne.net\/?p=12341","name":"A la rencontre du collectif Art des possibles \u00e0 Wesserling - AlterTour","isPartOf":{"@id":"https:\/\/www.altercampagne.net\/#website"},"primaryImageOfPage":{"@id":"https:\/\/www.altercampagne.net\/?p=12341#primaryimage"},"image":{"@id":"https:\/\/www.altercampagne.net\/?p=12341#primaryimage"},"thumbnailUrl":"https:\/\/www.altercampagne.net\/wp-content\/uploads\/2018\/10\/PhotoWesserling-1.jpg","datePublished":"2018-05-09T13:37:31+00:00","dateModified":"2018-11-16T14:11:52+00:00","author":{"@id":"https:\/\/www.altercampagne.net\/#\/schema\/person\/e5b68c803196f649c2152249d262d94a"},"breadcrumb":{"@id":"https:\/\/www.altercampagne.net\/?p=12341#breadcrumb"},"inLanguage":"fr-FR","potentialAction":[{"@type":"ReadAction","target":["https:\/\/www.altercampagne.net\/?p=12341"]}]},{"@type":"ImageObject","inLanguage":"fr-FR","@id":"https:\/\/www.altercampagne.net\/?p=12341#primaryimage","url":"https:\/\/www.altercampagne.net\/wp-content\/uploads\/2018\/10\/PhotoWesserling-1.jpg","contentUrl":"https:\/\/www.altercampagne.net\/wp-content\/uploads\/2018\/10\/PhotoWesserling-1.jpg","width":861,"height":458},{"@type":"BreadcrumbList","@id":"https:\/\/www.altercampagne.net\/?p=12341#breadcrumb","itemListElement":[{"@type":"ListItem","position":1,"name":"Accueil","item":"https:\/\/www.altercampagne.net\/"},{"@type":"ListItem","position":2,"name":"A la rencontre du collectif Art des possibles \u00e0 Wesserling"}]},{"@type":"WebSite","@id":"https:\/\/www.altercampagne.net\/#website","url":"https:\/\/www.altercampagne.net\/","name":"AlterTour","description":"Reliez les Alternatives \u00e0 v\u00e9lo","potentialAction":[{"@type":"SearchAction","target":{"@type":"EntryPoint","urlTemplate":"https:\/\/www.altercampagne.net\/?s={search_term_string}"},"query-input":{"@type":"PropertyValueSpecification","valueRequired":true,"valueName":"search_term_string"}}],"inLanguage":"fr-FR"},{"@type":"Person","@id":"https:\/\/www.altercampagne.net\/#\/schema\/person\/e5b68c803196f649c2152249d262d94a","name":"AlterTour","image":{"@type":"ImageObject","inLanguage":"fr-FR","@id":"https:\/\/secure.gravatar.com\/avatar\/3f2ed77f8506b8ea264ad5938bb0114bfa10f35b64086a66dfbb6e9f58ad9693?s=96&d=mm&r=g","url":"https:\/\/secure.gravatar.com\/avatar\/3f2ed77f8506b8ea264ad5938bb0114bfa10f35b64086a66dfbb6e9f58ad9693?s=96&d=mm&r=g","contentUrl":"https:\/\/secure.gravatar.com\/avatar\/3f2ed77f8506b8ea264ad5938bb0114bfa10f35b64086a66dfbb6e9f58ad9693?s=96&d=mm&r=g","caption":"AlterTour"},"url":"https:\/\/www.altercampagne.net\/?author=215"}]}},"_links":{"self":[{"href":"https:\/\/www.altercampagne.net\/index.php?rest_route=\/wp\/v2\/posts\/12341","targetHints":{"allow":["GET"]}}],"collection":[{"href":"https:\/\/www.altercampagne.net\/index.php?rest_route=\/wp\/v2\/posts"}],"about":[{"href":"https:\/\/www.altercampagne.net\/index.php?rest_route=\/wp\/v2\/types\/post"}],"author":[{"embeddable":true,"href":"https:\/\/www.altercampagne.net\/index.php?rest_route=\/wp\/v2\/users\/215"}],"replies":[{"embeddable":true,"href":"https:\/\/www.altercampagne.net\/index.php?rest_route=%2Fwp%2Fv2%2Fcomments&post=12341"}],"version-history":[{"count":0,"href":"https:\/\/www.altercampagne.net\/index.php?rest_route=\/wp\/v2\/posts\/12341\/revisions"}],"wp:featuredmedia":[{"embeddable":true,"href":"https:\/\/www.altercampagne.net\/index.php?rest_route=\/wp\/v2\/media\/12373"}],"wp:attachment":[{"href":"https:\/\/www.altercampagne.net\/index.php?rest_route=%2Fwp%2Fv2%2Fmedia&parent=12341"}],"wp:term":[{"taxonomy":"category","embeddable":true,"href":"https:\/\/www.altercampagne.net\/index.php?rest_route=%2Fwp%2Fv2%2Fcategories&post=12341"},{"taxonomy":"post_tag","embeddable":true,"href":"https:\/\/www.altercampagne.net\/index.php?rest_route=%2Fwp%2Fv2%2Ftags&post=12341"}],"curies":[{"name":"wp","href":"https:\/\/api.w.org\/{rel}","templated":true}]}}