{"id":12426,"date":"2018-10-26T13:45:14","date_gmt":"2018-10-26T11:45:14","guid":{"rendered":"http:\/\/www.altercampagne.net\/?p=12426"},"modified":"2018-11-13T10:39:31","modified_gmt":"2018-11-13T09:39:31","slug":"10-11-nov-assemblee-generale-et-prochain-we-altertour","status":"publish","type":"post","link":"https:\/\/www.altercampagne.net\/?p=12426","title":{"rendered":"10-11 nov : Assembl\u00e9e g\u00e9n\u00e9rale et prochain WE AlterTour !"},"content":{"rendered":"<p>Salut \u00e0 toi, ami.e AlterCycliste !<\/p>\n<p><b>Samedi 10 et dimanche 11 novembre<\/b>\u00a0\u00e0 Paris auront lieu l&rsquo;assembl\u00e9e g\u00e9n\u00e9rale de l&rsquo;AlterTour et le prochain WE de pr\u00e9paration, viens y participer avec nous !<\/p>\n<p>Ce sera au palais de la femme, <span style=\"font-family: Arial,sans-serif;\"><b>94 rue de Charonne dans le 11<\/b><\/span><span style=\"font-family: Arial,sans-serif;\"><b><sup>e<\/sup><\/b><\/span><span style=\"font-family: Arial,sans-serif;\">\u00a0<\/span><span style=\"font-family: Arial,sans-serif;\"><b>\u00e0 PARIS<\/b><\/span>, tu peux d\u00e9j\u00e0 prendre tes billets de train (pour les frais de trajets tu peux les d\u00e9duire de tes imp\u00f4ts \u00e0 hauteur de 66% ou\u00a0bien te faire rembourser).<\/p>\n<p>Tu peux juste venir faire un coucou, rester 1h, 1 journ\u00e9e ou tout le week-end, \u00e0 ta convenance, inscris-toi dans le doc partag\u00e9 envoy\u00e9 par mail, ou mets nous un petit mot \u00e0 \u00a0contact@altertour ou sur la page FB !<\/p>\n<div>\n<div>\n<div>\n<p>Si tu viens de loin, tu peux te faire h\u00e9berger chez les participant.e.s parisien.ne.s, cherche une place parmi celles propos\u00e9es dans le tableau d&rsquo;inscription.Pour manger, chacun apporte sa contribution culinaire pour faire une auberge espagnole<\/p>\n<\/div>\n<\/div>\n<\/div>\n<p>A tr\u00e8s vite,<\/p>\n<p>C\u00e9line, Fabien, Vincent et Mathieu<\/p>\n<h5>Pourquoi l&rsquo;Assembl\u00e9e g\u00e9n\u00e9rale ?<\/h5>\n<ul>\n<li>Faire le bilan de l&rsquo;ann\u00e9e 2017-2018 : pr\u00e9senter le bilan moral et financier, et pr\u00e9parer la suite.<\/li>\n<li>Se retrouver ! avec tous les membres de l&rsquo;AlterTour, les anciens, les amis&#8230;<\/li>\n<\/ul>\n<h5>Pourquoi un \u00a0WE de pr\u00e9paration ?<\/h5>\n<ul>\n<li>Faire le point du le rep\u00e9rage des alternatives dans l&rsquo;Ouest et le Sud-Ouest<\/li>\n<li>Faire avancer les groupes de travail qui se sont lanc\u00e9s en septembre<\/li>\n<li>Faire la f\u00eate !<\/li>\n<\/ul>\n<p>Retrouvez l&rsquo;<strong><a href=\"https:\/\/www.facebook.com\/events\/2271137323133000\" target=\"_blank\" rel=\"noopener\">\u00e9v\u00e9nement Facebook<\/a> <\/strong>par ici .<\/p>\n<h5>Le programme du WE :<\/h5>\n<h6 dir=\"ltr\">Samedi<\/h6>\n<ul>\n<li>09h00 &#8211; Accueil, caf\u00e9,\u00a0retrouvailles, et lancement du week-end<\/li>\n<li dir=\"ltr\">10h00 &#8211; Restitution du Coll\u00e8ge Solidaire<\/li>\n<li>10h30 &#8211;\u00a0Groupes de travail<\/li>\n<li dir=\"ltr\">13h00 &#8211; Repas<\/li>\n<li dir=\"ltr\">14h30 &#8211; Assembl\u00e9e g\u00e9n\u00e9rale<\/li>\n<li dir=\"ltr\">18h00 &#8211; Ap\u00e9ro !<\/li>\n<\/ul>\n<h6 dir=\"ltr\">Dimanche<\/h6>\n<ul>\n<li dir=\"ltr\">09h00 &#8211; Accueil,\u00a0caf\u00e9, retrouvailles, lancement de la journ\u00e9e<\/li>\n<li dir=\"ltr\">10h00 -Formation espace membre et atelier to-do-list (en parall\u00e8le)<\/li>\n<li dir=\"ltr\">11h30 &#8211; Point sur le des Alternatives<\/li>\n<li dir=\"ltr\">13h00 &#8211; Repas partag\u00e9<\/li>\n<li dir=\"ltr\">14h30 &#8211;\u00a0Restitutions Groupes de travail<\/li>\n<li dir=\"ltr\">15h00 &#8211; R\u00e9flexion sur les statuts<\/li>\n<li dir=\"ltr\">16h15 &#8211; Bilan du week-end et\u00a0Rangement<\/li>\n<li>17h &#8211; Fin !<\/li>\n<\/ul>\n","protected":false},"excerpt":{"rendered":"<p>Salut \u00e0 toi, ami.e AlterCycliste ! Samedi 10 et dimanche 11 novembre\u00a0\u00e0 Paris auront lieu l&rsquo;assembl\u00e9e g\u00e9n\u00e9rale de l&rsquo;AlterTour et le prochain WE de pr\u00e9paration, viens y participer avec nous ! Ce sera au palais de la femme, 94 rue de Charonne dans le 11e\u00a0\u00e0 PARIS, tu peux d\u00e9j\u00e0 prendre &#8230; <\/p>\n<div><a href=\"https:\/\/www.altercampagne.net\/?p=12426\" class=\"more-link\">Read More<\/a><\/div>\n","protected":false},"author":192,"featured_media":12427,"comment_status":"closed","ping_status":"closed","sticky":false,"template":"","format":"standard","meta":{"footnotes":""},"categories":[3477,3539],"tags":[3272,3774],"class_list":["post-12426","post","type-post","status-publish","format-standard","has-post-thumbnail","hentry","category-ile-de-france","category-we-de-preparation","tag-assemblee-generale","tag-palais-de-la-femme"],"yoast_head":"<!-- This site is optimized with the Yoast SEO plugin v27.3 - https:\/\/yoast.com\/product\/yoast-seo-wordpress\/ -->\n<title>10-11 nov : Assembl\u00e9e g\u00e9n\u00e9rale et prochain WE AlterTour ! - AlterTour<\/title>\n<meta name=\"robots\" content=\"index, follow, max-snippet:-1, max-image-preview:large, max-video-preview:-1\" \/>\n<link rel=\"canonical\" href=\"https:\/\/www.altercampagne.net\/?p=12426\" \/>\n<meta property=\"og:locale\" content=\"fr_FR\" \/>\n<meta property=\"og:type\" content=\"article\" \/>\n<meta property=\"og:title\" content=\"10-11 nov : Assembl\u00e9e g\u00e9n\u00e9rale et prochain WE AlterTour ! - AlterTour\" \/>\n<meta property=\"og:description\" content=\"Salut \u00e0 toi, ami.e AlterCycliste ! Samedi 10 et dimanche 11 novembre\u00a0\u00e0 Paris auront lieu l&rsquo;assembl\u00e9e g\u00e9n\u00e9rale de l&rsquo;AlterTour et le prochain WE de pr\u00e9paration, viens y participer avec nous ! Ce sera au palais de la femme, 94 rue de Charonne dans le 11e\u00a0\u00e0 PARIS, tu peux d\u00e9j\u00e0 prendre ... Read More\" \/>\n<meta property=\"og:url\" content=\"https:\/\/www.altercampagne.net\/?p=12426\" \/>\n<meta property=\"og:site_name\" content=\"AlterTour\" \/>\n<meta property=\"article:published_time\" content=\"2018-10-26T11:45:14+00:00\" \/>\n<meta property=\"article:modified_time\" content=\"2018-11-13T09:39:31+00:00\" \/>\n<meta property=\"og:image\" content=\"https:\/\/www.altercampagne.net\/wp-content\/uploads\/2018\/10\/2017-11-11_0001DSC01183-copie.jpg\" \/>\n\t<meta property=\"og:image:width\" content=\"1069\" \/>\n\t<meta property=\"og:image:height\" content=\"564\" \/>\n\t<meta property=\"og:image:type\" content=\"image\/jpeg\" \/>\n<meta name=\"author\" content=\"Julie\" \/>\n<meta name=\"twitter:card\" content=\"summary_large_image\" \/>\n<meta name=\"twitter:label1\" content=\"\u00c9crit par\" \/>\n\t<meta name=\"twitter:data1\" content=\"Julie\" \/>\n\t<meta name=\"twitter:label2\" content=\"Dur\u00e9e de lecture estim\u00e9e\" \/>\n\t<meta name=\"twitter:data2\" content=\"2 minutes\" \/>\n<script type=\"application\/ld+json\" class=\"yoast-schema-graph\">{\"@context\":\"https:\\\/\\\/schema.org\",\"@graph\":[{\"@type\":\"Article\",\"@id\":\"https:\\\/\\\/www.altercampagne.net\\\/?p=12426#article\",\"isPartOf\":{\"@id\":\"https:\\\/\\\/www.altercampagne.net\\\/?p=12426\"},\"author\":{\"name\":\"Julie\",\"@id\":\"https:\\\/\\\/www.altercampagne.net\\\/#\\\/schema\\\/person\\\/ea52458af5ca10d56e01a1b53249ddc4\"},\"headline\":\"10-11 nov : Assembl\u00e9e g\u00e9n\u00e9rale et prochain WE AlterTour !\",\"datePublished\":\"2018-10-26T11:45:14+00:00\",\"dateModified\":\"2018-11-13T09:39:31+00:00\",\"mainEntityOfPage\":{\"@id\":\"https:\\\/\\\/www.altercampagne.net\\\/?p=12426\"},\"wordCount\":359,\"image\":{\"@id\":\"https:\\\/\\\/www.altercampagne.net\\\/?p=12426#primaryimage\"},\"thumbnailUrl\":\"https:\\\/\\\/www.altercampagne.net\\\/wp-content\\\/uploads\\\/2018\\\/10\\\/2017-11-11_0001DSC01183-copie.jpg\",\"keywords\":[\"Assembl\u00e9e G\u00e9n\u00e9rale\",\"Palais de la Femme\"],\"articleSection\":[\"\u00cele-de-France\",\"WE de pr\u00e9paration\"],\"inLanguage\":\"fr-FR\"},{\"@type\":\"WebPage\",\"@id\":\"https:\\\/\\\/www.altercampagne.net\\\/?p=12426\",\"url\":\"https:\\\/\\\/www.altercampagne.net\\\/?p=12426\",\"name\":\"10-11 nov : Assembl\u00e9e g\u00e9n\u00e9rale et prochain WE AlterTour ! - AlterTour\",\"isPartOf\":{\"@id\":\"https:\\\/\\\/www.altercampagne.net\\\/#website\"},\"primaryImageOfPage\":{\"@id\":\"https:\\\/\\\/www.altercampagne.net\\\/?p=12426#primaryimage\"},\"image\":{\"@id\":\"https:\\\/\\\/www.altercampagne.net\\\/?p=12426#primaryimage\"},\"thumbnailUrl\":\"https:\\\/\\\/www.altercampagne.net\\\/wp-content\\\/uploads\\\/2018\\\/10\\\/2017-11-11_0001DSC01183-copie.jpg\",\"datePublished\":\"2018-10-26T11:45:14+00:00\",\"dateModified\":\"2018-11-13T09:39:31+00:00\",\"author\":{\"@id\":\"https:\\\/\\\/www.altercampagne.net\\\/#\\\/schema\\\/person\\\/ea52458af5ca10d56e01a1b53249ddc4\"},\"breadcrumb\":{\"@id\":\"https:\\\/\\\/www.altercampagne.net\\\/?p=12426#breadcrumb\"},\"inLanguage\":\"fr-FR\",\"potentialAction\":[{\"@type\":\"ReadAction\",\"target\":[\"https:\\\/\\\/www.altercampagne.net\\\/?p=12426\"]}]},{\"@type\":\"ImageObject\",\"inLanguage\":\"fr-FR\",\"@id\":\"https:\\\/\\\/www.altercampagne.net\\\/?p=12426#primaryimage\",\"url\":\"https:\\\/\\\/www.altercampagne.net\\\/wp-content\\\/uploads\\\/2018\\\/10\\\/2017-11-11_0001DSC01183-copie.jpg\",\"contentUrl\":\"https:\\\/\\\/www.altercampagne.net\\\/wp-content\\\/uploads\\\/2018\\\/10\\\/2017-11-11_0001DSC01183-copie.jpg\",\"width\":1069,\"height\":564},{\"@type\":\"BreadcrumbList\",\"@id\":\"https:\\\/\\\/www.altercampagne.net\\\/?p=12426#breadcrumb\",\"itemListElement\":[{\"@type\":\"ListItem\",\"position\":1,\"name\":\"Accueil\",\"item\":\"https:\\\/\\\/www.altercampagne.net\\\/\"},{\"@type\":\"ListItem\",\"position\":2,\"name\":\"10-11 nov : Assembl\u00e9e g\u00e9n\u00e9rale et prochain WE AlterTour !\"}]},{\"@type\":\"WebSite\",\"@id\":\"https:\\\/\\\/www.altercampagne.net\\\/#website\",\"url\":\"https:\\\/\\\/www.altercampagne.net\\\/\",\"name\":\"AlterTour\",\"description\":\"Reliez les Alternatives \u00e0 v\u00e9lo\",\"potentialAction\":[{\"@type\":\"SearchAction\",\"target\":{\"@type\":\"EntryPoint\",\"urlTemplate\":\"https:\\\/\\\/www.altercampagne.net\\\/?s={search_term_string}\"},\"query-input\":{\"@type\":\"PropertyValueSpecification\",\"valueRequired\":true,\"valueName\":\"search_term_string\"}}],\"inLanguage\":\"fr-FR\"},{\"@type\":\"Person\",\"@id\":\"https:\\\/\\\/www.altercampagne.net\\\/#\\\/schema\\\/person\\\/ea52458af5ca10d56e01a1b53249ddc4\",\"name\":\"Julie\",\"image\":{\"@type\":\"ImageObject\",\"inLanguage\":\"fr-FR\",\"@id\":\"https:\\\/\\\/secure.gravatar.com\\\/avatar\\\/33c4c11c34e0f9cccad9f436c1a60f900028dcdb26df84756951418faf70fa39?s=96&d=mm&r=g\",\"url\":\"https:\\\/\\\/secure.gravatar.com\\\/avatar\\\/33c4c11c34e0f9cccad9f436c1a60f900028dcdb26df84756951418faf70fa39?s=96&d=mm&r=g\",\"contentUrl\":\"https:\\\/\\\/secure.gravatar.com\\\/avatar\\\/33c4c11c34e0f9cccad9f436c1a60f900028dcdb26df84756951418faf70fa39?s=96&d=mm&r=g\",\"caption\":\"Julie\"},\"url\":\"https:\\\/\\\/www.altercampagne.net\\\/?author=192\"}]}<\/script>\n<!-- \/ Yoast SEO plugin. -->","yoast_head_json":{"title":"10-11 nov : Assembl\u00e9e g\u00e9n\u00e9rale et prochain WE AlterTour ! - AlterTour","robots":{"index":"index","follow":"follow","max-snippet":"max-snippet:-1","max-image-preview":"max-image-preview:large","max-video-preview":"max-video-preview:-1"},"canonical":"https:\/\/www.altercampagne.net\/?p=12426","og_locale":"fr_FR","og_type":"article","og_title":"10-11 nov : Assembl\u00e9e g\u00e9n\u00e9rale et prochain WE AlterTour ! - AlterTour","og_description":"Salut \u00e0 toi, ami.e AlterCycliste ! Samedi 10 et dimanche 11 novembre\u00a0\u00e0 Paris auront lieu l&rsquo;assembl\u00e9e g\u00e9n\u00e9rale de l&rsquo;AlterTour et le prochain WE de pr\u00e9paration, viens y participer avec nous ! Ce sera au palais de la femme, 94 rue de Charonne dans le 11e\u00a0\u00e0 PARIS, tu peux d\u00e9j\u00e0 prendre ... Read More","og_url":"https:\/\/www.altercampagne.net\/?p=12426","og_site_name":"AlterTour","article_published_time":"2018-10-26T11:45:14+00:00","article_modified_time":"2018-11-13T09:39:31+00:00","og_image":[{"width":1069,"height":564,"url":"https:\/\/www.altercampagne.net\/wp-content\/uploads\/2018\/10\/2017-11-11_0001DSC01183-copie.jpg","type":"image\/jpeg"}],"author":"Julie","twitter_card":"summary_large_image","twitter_misc":{"\u00c9crit par":"Julie","Dur\u00e9e de lecture estim\u00e9e":"2 minutes"},"schema":{"@context":"https:\/\/schema.org","@graph":[{"@type":"Article","@id":"https:\/\/www.altercampagne.net\/?p=12426#article","isPartOf":{"@id":"https:\/\/www.altercampagne.net\/?p=12426"},"author":{"name":"Julie","@id":"https:\/\/www.altercampagne.net\/#\/schema\/person\/ea52458af5ca10d56e01a1b53249ddc4"},"headline":"10-11 nov : Assembl\u00e9e g\u00e9n\u00e9rale et prochain WE AlterTour !","datePublished":"2018-10-26T11:45:14+00:00","dateModified":"2018-11-13T09:39:31+00:00","mainEntityOfPage":{"@id":"https:\/\/www.altercampagne.net\/?p=12426"},"wordCount":359,"image":{"@id":"https:\/\/www.altercampagne.net\/?p=12426#primaryimage"},"thumbnailUrl":"https:\/\/www.altercampagne.net\/wp-content\/uploads\/2018\/10\/2017-11-11_0001DSC01183-copie.jpg","keywords":["Assembl\u00e9e G\u00e9n\u00e9rale","Palais de la Femme"],"articleSection":["\u00cele-de-France","WE de pr\u00e9paration"],"inLanguage":"fr-FR"},{"@type":"WebPage","@id":"https:\/\/www.altercampagne.net\/?p=12426","url":"https:\/\/www.altercampagne.net\/?p=12426","name":"10-11 nov : Assembl\u00e9e g\u00e9n\u00e9rale et prochain WE AlterTour ! - AlterTour","isPartOf":{"@id":"https:\/\/www.altercampagne.net\/#website"},"primaryImageOfPage":{"@id":"https:\/\/www.altercampagne.net\/?p=12426#primaryimage"},"image":{"@id":"https:\/\/www.altercampagne.net\/?p=12426#primaryimage"},"thumbnailUrl":"https:\/\/www.altercampagne.net\/wp-content\/uploads\/2018\/10\/2017-11-11_0001DSC01183-copie.jpg","datePublished":"2018-10-26T11:45:14+00:00","dateModified":"2018-11-13T09:39:31+00:00","author":{"@id":"https:\/\/www.altercampagne.net\/#\/schema\/person\/ea52458af5ca10d56e01a1b53249ddc4"},"breadcrumb":{"@id":"https:\/\/www.altercampagne.net\/?p=12426#breadcrumb"},"inLanguage":"fr-FR","potentialAction":[{"@type":"ReadAction","target":["https:\/\/www.altercampagne.net\/?p=12426"]}]},{"@type":"ImageObject","inLanguage":"fr-FR","@id":"https:\/\/www.altercampagne.net\/?p=12426#primaryimage","url":"https:\/\/www.altercampagne.net\/wp-content\/uploads\/2018\/10\/2017-11-11_0001DSC01183-copie.jpg","contentUrl":"https:\/\/www.altercampagne.net\/wp-content\/uploads\/2018\/10\/2017-11-11_0001DSC01183-copie.jpg","width":1069,"height":564},{"@type":"BreadcrumbList","@id":"https:\/\/www.altercampagne.net\/?p=12426#breadcrumb","itemListElement":[{"@type":"ListItem","position":1,"name":"Accueil","item":"https:\/\/www.altercampagne.net\/"},{"@type":"ListItem","position":2,"name":"10-11 nov : Assembl\u00e9e g\u00e9n\u00e9rale et prochain WE AlterTour !"}]},{"@type":"WebSite","@id":"https:\/\/www.altercampagne.net\/#website","url":"https:\/\/www.altercampagne.net\/","name":"AlterTour","description":"Reliez les Alternatives \u00e0 v\u00e9lo","potentialAction":[{"@type":"SearchAction","target":{"@type":"EntryPoint","urlTemplate":"https:\/\/www.altercampagne.net\/?s={search_term_string}"},"query-input":{"@type":"PropertyValueSpecification","valueRequired":true,"valueName":"search_term_string"}}],"inLanguage":"fr-FR"},{"@type":"Person","@id":"https:\/\/www.altercampagne.net\/#\/schema\/person\/ea52458af5ca10d56e01a1b53249ddc4","name":"Julie","image":{"@type":"ImageObject","inLanguage":"fr-FR","@id":"https:\/\/secure.gravatar.com\/avatar\/33c4c11c34e0f9cccad9f436c1a60f900028dcdb26df84756951418faf70fa39?s=96&d=mm&r=g","url":"https:\/\/secure.gravatar.com\/avatar\/33c4c11c34e0f9cccad9f436c1a60f900028dcdb26df84756951418faf70fa39?s=96&d=mm&r=g","contentUrl":"https:\/\/secure.gravatar.com\/avatar\/33c4c11c34e0f9cccad9f436c1a60f900028dcdb26df84756951418faf70fa39?s=96&d=mm&r=g","caption":"Julie"},"url":"https:\/\/www.altercampagne.net\/?author=192"}]}},"_links":{"self":[{"href":"https:\/\/www.altercampagne.net\/index.php?rest_route=\/wp\/v2\/posts\/12426","targetHints":{"allow":["GET"]}}],"collection":[{"href":"https:\/\/www.altercampagne.net\/index.php?rest_route=\/wp\/v2\/posts"}],"about":[{"href":"https:\/\/www.altercampagne.net\/index.php?rest_route=\/wp\/v2\/types\/post"}],"author":[{"embeddable":true,"href":"https:\/\/www.altercampagne.net\/index.php?rest_route=\/wp\/v2\/users\/192"}],"replies":[{"embeddable":true,"href":"https:\/\/www.altercampagne.net\/index.php?rest_route=%2Fwp%2Fv2%2Fcomments&post=12426"}],"version-history":[{"count":0,"href":"https:\/\/www.altercampagne.net\/index.php?rest_route=\/wp\/v2\/posts\/12426\/revisions"}],"wp:featuredmedia":[{"embeddable":true,"href":"https:\/\/www.altercampagne.net\/index.php?rest_route=\/wp\/v2\/media\/12427"}],"wp:attachment":[{"href":"https:\/\/www.altercampagne.net\/index.php?rest_route=%2Fwp%2Fv2%2Fmedia&parent=12426"}],"wp:term":[{"taxonomy":"category","embeddable":true,"href":"https:\/\/www.altercampagne.net\/index.php?rest_route=%2Fwp%2Fv2%2Fcategories&post=12426"},{"taxonomy":"post_tag","embeddable":true,"href":"https:\/\/www.altercampagne.net\/index.php?rest_route=%2Fwp%2Fv2%2Ftags&post=12426"}],"curies":[{"name":"wp","href":"https:\/\/api.w.org\/{rel}","templated":true}]}}