{"id":12474,"date":"2018-11-13T10:57:27","date_gmt":"2018-11-13T09:57:27","guid":{"rendered":"http:\/\/www.altercampagne.net\/?p=12474"},"modified":"2018-11-13T11:07:15","modified_gmt":"2018-11-13T10:07:15","slug":"soutien-aux-grevistes-de-la-faim-de-gco-non-merci","status":"publish","type":"post","link":"https:\/\/www.altercampagne.net\/?p=12474","title":{"rendered":"Soutien aux gr\u00e9vistes de la faim de GCO Non Merci"},"content":{"rendered":"<p>Depuis le 22 octobre, dix femmes et hommes ont entam\u00e9 une gr\u00e8ve de la faim pour demander un moratoire sur le Grand contournement ouest de Strasbourg (GCO) et la remise \u00e0 plat du dossier. <em>\u00ab Quand on en est \u00e0 s\u2019affamer pour une cause, c\u2019est qu\u2019on ne d\u00e9fend pas simplement un pr\u00e9 carr\u00e9<\/em>, <a href=\"https:\/\/france3-regions.francetvinfo.fr\/grand-est\/bas-rhin\/strasbourg-0\/gco-strasbourg-ce-n-est-pas-jeune-c-est-combat-1567326.html\" target=\"_blank\" rel=\"noopener\" data-saferedirecturl=\"https:\/\/www.google.com\/url?q=https:\/\/france3-regions.francetvinfo.fr\/grand-est\/bas-rhin\/strasbourg-0\/gco-strasbourg-ce-n-est-pas-jeune-c-est-combat-1567326.html&amp;source=gmail&amp;ust=1542185844687000&amp;usg=AFQjCNGAGOVTC3fg_lpG3ZZ6iIEfMU0qBw\">affirme<\/a> Maurice Wintz, vice-pr\u00e9sident de l\u2019association Alsace Nature et gr\u00e9viste de la faim. <em>\u00c7a va plus loin. C\u2019est pour le futur. D\u2019ici 2050, il fera 50\u00b0 en Alsace, il faut \u00e9viter cela. Le GCO est un symbole du combat que l\u2019on doit mener. Contre le tout voiture, pour la nature et l\u2019environnement. \u00bb<\/em><u><\/u><u><\/u><\/p>\n<p><strong>Nous vous proposons d&rsquo;envoyer le courrier ci-dessous au Pr\u00e9sident de la R\u00e9publique par le dispositif du site de L&rsquo;Elys\u00e9e ou par <a href=\"mailto:emmanuel.macron@elysee.fr\" target=\"_blank\" rel=\"noopener\">emmanuel.macron@elysee.fr<\/a> ou <a href=\"http:\/\/secretariat.macron@elysee.fr\" target=\"_blank\" rel=\"noopener\" data-saferedirecturl=\"https:\/\/www.google.com\/url?q=http:\/\/secretariat.macron@elysee.fr&amp;source=gmail&amp;ust=1542185844687000&amp;usg=AFQjCNG-kY4O9oy88BU0LGyAwVYTPVY7Sw\">secretariat.macron@elysee.fr<\/a><\/strong><u><\/u><u><\/u><\/p>\n<p><strong>Merci de nous faire conna\u00eetre votre retour<\/strong><u><\/u><u><\/u><\/p>\n<p><strong>Bien cordialement,<\/strong><u><\/u><u><\/u><\/p>\n<p><strong>Contacts:<\/strong><u><\/u><u><\/u><\/p>\n<p><strong>Maurice Wintz 06 48 91 87 56 Vice-Pr\u00e9sident d&rsquo;Alsace Nature<\/strong><u><\/u><u><\/u><\/p>\n<p><strong>Michel Dupont 06 70 04 91 14 Membre du Collectif <a href=\"https:\/\/gcononmerci.org\/\" target=\"_blank\" rel=\"noopener\">GCONonMerci<\/a> Gr\u00e9viste de la faim<\/strong><u><\/u><u><\/u><\/p>\n<p><u><\/u>\u00a0<u><\/u><\/p>\n<p>Monsieur le Pr\u00e9sident de la R\u00e9publique,<u><\/u><u><\/u><\/p>\n<p>J\u2019ai \u00e9t\u00e9 sensibilis\u00e9 par les membres du Collectif GCO Non Merci au fond et \u00e0 la forme de ce projet autoroutier. J\u2019ai appris aussi que certains membres s\u2019\u00e9taient mis en gr\u00e8ve de la faim pour demander un moratoire sur le projet de GCO (Contournement Ouest de Strasbourg). Ce projet, n\u2019est pas compatible avec les enjeux climatiques et environnementaux actuels.<u><\/u><u><\/u><\/p>\n<p>Monsieur le Pr\u00e9sident, j\u2019ose croire que l\u2019engagement de citoyens qui sont pr\u00eats \u00e0 mettre leur sant\u00e9 en danger pour porter un message qui va dans le sens de vos discours sur l\u2019urgence climatique ne peut vous laisser indiff\u00e9rent.<u><\/u><u><\/u><\/p>\n<p>C\u2019est pourquoi, je me permets de vous demander avec force de prendre, \u00e0 propos du GCO, des d\u00e9cisions historiques structurantes et in\u00e9dites, \u00e0 commencer par un moratoire.<u><\/u><u><\/u><\/p>\n<p>En vous remerciant de l\u2019attention que vous porterez \u00e0 ce courrier, je vous prie de recevoir, Monsieur le Pr\u00e9sident, l\u2019expression de notre haute consid\u00e9ration.<\/p>\n","protected":false},"excerpt":{"rendered":"<p>Depuis le 22 octobre, dix femmes et hommes ont entam\u00e9 une gr\u00e8ve de la faim pour demander un moratoire sur le Grand contournement ouest de Strasbourg (GCO) et la remise \u00e0 plat du dossier. \u00ab Quand on en est \u00e0 s\u2019affamer pour une cause, c\u2019est qu\u2019on ne d\u00e9fend pas simplement &#8230; <\/p>\n<div><a href=\"https:\/\/www.altercampagne.net\/?p=12474\" class=\"more-link\">Read More<\/a><\/div>\n","protected":false},"author":214,"featured_media":12477,"comment_status":"closed","ping_status":"closed","sticky":false,"template":"","format":"standard","meta":{"footnotes":""},"categories":[3542],"tags":[3549,3830,3831,3832,3833],"class_list":["post-12474","post","type-post","status-publish","format-standard","has-post-thumbnail","hentry","category-lutte","tag-gco-non-merci","tag-greve-de-la-faim","tag-alsace-nature","tag-maurice-wintz","tag-michel-dupont"],"yoast_head":"<!-- This site is optimized with the Yoast SEO plugin v27.3 - https:\/\/yoast.com\/product\/yoast-seo-wordpress\/ -->\n<title>Soutien aux gr\u00e9vistes de la faim de GCO Non Merci - AlterTour<\/title>\n<meta name=\"robots\" content=\"index, follow, max-snippet:-1, max-image-preview:large, max-video-preview:-1\" \/>\n<link rel=\"canonical\" href=\"https:\/\/www.altercampagne.net\/?p=12474\" \/>\n<meta property=\"og:locale\" content=\"fr_FR\" \/>\n<meta property=\"og:type\" content=\"article\" \/>\n<meta property=\"og:title\" content=\"Soutien aux gr\u00e9vistes de la faim de GCO Non Merci - AlterTour\" \/>\n<meta property=\"og:description\" content=\"Depuis le 22 octobre, dix femmes et hommes ont entam\u00e9 une gr\u00e8ve de la faim pour demander un moratoire sur le Grand contournement ouest de Strasbourg (GCO) et la remise \u00e0 plat du dossier. \u00ab Quand on en est \u00e0 s\u2019affamer pour une cause, c\u2019est qu\u2019on ne d\u00e9fend pas simplement ... Read More\" \/>\n<meta property=\"og:url\" content=\"https:\/\/www.altercampagne.net\/?p=12474\" \/>\n<meta property=\"og:site_name\" content=\"AlterTour\" \/>\n<meta property=\"article:published_time\" content=\"2018-11-13T09:57:27+00:00\" \/>\n<meta property=\"article:modified_time\" content=\"2018-11-13T10:07:15+00:00\" \/>\n<meta property=\"og:image\" content=\"https:\/\/www.altercampagne.net\/wp-content\/uploads\/2018\/11\/P1120842.jpg\" \/>\n\t<meta property=\"og:image:width\" content=\"1024\" \/>\n\t<meta property=\"og:image:height\" content=\"535\" \/>\n\t<meta property=\"og:image:type\" content=\"image\/jpeg\" \/>\n<meta name=\"author\" content=\"Mathieu\" \/>\n<meta name=\"twitter:card\" content=\"summary_large_image\" \/>\n<meta name=\"twitter:label1\" content=\"\u00c9crit par\" \/>\n\t<meta name=\"twitter:data1\" content=\"Mathieu\" \/>\n\t<meta name=\"twitter:label2\" content=\"Dur\u00e9e de lecture estim\u00e9e\" \/>\n\t<meta name=\"twitter:data2\" content=\"2 minutes\" \/>\n<script type=\"application\/ld+json\" class=\"yoast-schema-graph\">{\"@context\":\"https:\\\/\\\/schema.org\",\"@graph\":[{\"@type\":\"Article\",\"@id\":\"https:\\\/\\\/www.altercampagne.net\\\/?p=12474#article\",\"isPartOf\":{\"@id\":\"https:\\\/\\\/www.altercampagne.net\\\/?p=12474\"},\"author\":{\"name\":\"Mathieu\",\"@id\":\"https:\\\/\\\/www.altercampagne.net\\\/#\\\/schema\\\/person\\\/0f261460c09e430caa0f9bcffa319109\"},\"headline\":\"Soutien aux gr\u00e9vistes de la faim de GCO Non Merci\",\"datePublished\":\"2018-11-13T09:57:27+00:00\",\"dateModified\":\"2018-11-13T10:07:15+00:00\",\"mainEntityOfPage\":{\"@id\":\"https:\\\/\\\/www.altercampagne.net\\\/?p=12474\"},\"wordCount\":355,\"image\":{\"@id\":\"https:\\\/\\\/www.altercampagne.net\\\/?p=12474#primaryimage\"},\"thumbnailUrl\":\"https:\\\/\\\/www.altercampagne.net\\\/wp-content\\\/uploads\\\/2018\\\/11\\\/P1120842.jpg\",\"keywords\":[\"GCO non merci\",\"gr\u00e8ve de la faim\",\"Alsace Nature\",\"Maurice Wintz\",\"Michel Dupont\"],\"articleSection\":[\"Lutte\"],\"inLanguage\":\"fr-FR\"},{\"@type\":\"WebPage\",\"@id\":\"https:\\\/\\\/www.altercampagne.net\\\/?p=12474\",\"url\":\"https:\\\/\\\/www.altercampagne.net\\\/?p=12474\",\"name\":\"Soutien aux gr\u00e9vistes de la faim de GCO Non Merci - AlterTour\",\"isPartOf\":{\"@id\":\"https:\\\/\\\/www.altercampagne.net\\\/#website\"},\"primaryImageOfPage\":{\"@id\":\"https:\\\/\\\/www.altercampagne.net\\\/?p=12474#primaryimage\"},\"image\":{\"@id\":\"https:\\\/\\\/www.altercampagne.net\\\/?p=12474#primaryimage\"},\"thumbnailUrl\":\"https:\\\/\\\/www.altercampagne.net\\\/wp-content\\\/uploads\\\/2018\\\/11\\\/P1120842.jpg\",\"datePublished\":\"2018-11-13T09:57:27+00:00\",\"dateModified\":\"2018-11-13T10:07:15+00:00\",\"author\":{\"@id\":\"https:\\\/\\\/www.altercampagne.net\\\/#\\\/schema\\\/person\\\/0f261460c09e430caa0f9bcffa319109\"},\"breadcrumb\":{\"@id\":\"https:\\\/\\\/www.altercampagne.net\\\/?p=12474#breadcrumb\"},\"inLanguage\":\"fr-FR\",\"potentialAction\":[{\"@type\":\"ReadAction\",\"target\":[\"https:\\\/\\\/www.altercampagne.net\\\/?p=12474\"]}]},{\"@type\":\"ImageObject\",\"inLanguage\":\"fr-FR\",\"@id\":\"https:\\\/\\\/www.altercampagne.net\\\/?p=12474#primaryimage\",\"url\":\"https:\\\/\\\/www.altercampagne.net\\\/wp-content\\\/uploads\\\/2018\\\/11\\\/P1120842.jpg\",\"contentUrl\":\"https:\\\/\\\/www.altercampagne.net\\\/wp-content\\\/uploads\\\/2018\\\/11\\\/P1120842.jpg\",\"width\":1024,\"height\":535},{\"@type\":\"BreadcrumbList\",\"@id\":\"https:\\\/\\\/www.altercampagne.net\\\/?p=12474#breadcrumb\",\"itemListElement\":[{\"@type\":\"ListItem\",\"position\":1,\"name\":\"Accueil\",\"item\":\"https:\\\/\\\/www.altercampagne.net\\\/\"},{\"@type\":\"ListItem\",\"position\":2,\"name\":\"Soutien aux gr\u00e9vistes de la faim de GCO Non Merci\"}]},{\"@type\":\"WebSite\",\"@id\":\"https:\\\/\\\/www.altercampagne.net\\\/#website\",\"url\":\"https:\\\/\\\/www.altercampagne.net\\\/\",\"name\":\"AlterTour\",\"description\":\"Reliez les Alternatives \u00e0 v\u00e9lo\",\"potentialAction\":[{\"@type\":\"SearchAction\",\"target\":{\"@type\":\"EntryPoint\",\"urlTemplate\":\"https:\\\/\\\/www.altercampagne.net\\\/?s={search_term_string}\"},\"query-input\":{\"@type\":\"PropertyValueSpecification\",\"valueRequired\":true,\"valueName\":\"search_term_string\"}}],\"inLanguage\":\"fr-FR\"},{\"@type\":\"Person\",\"@id\":\"https:\\\/\\\/www.altercampagne.net\\\/#\\\/schema\\\/person\\\/0f261460c09e430caa0f9bcffa319109\",\"name\":\"Mathieu\",\"image\":{\"@type\":\"ImageObject\",\"inLanguage\":\"fr-FR\",\"@id\":\"https:\\\/\\\/secure.gravatar.com\\\/avatar\\\/aa9d3d24c83f2141e5e2709d0f63d09a99f6be6bb7a50abc4915838d9f54501a?s=96&d=mm&r=g\",\"url\":\"https:\\\/\\\/secure.gravatar.com\\\/avatar\\\/aa9d3d24c83f2141e5e2709d0f63d09a99f6be6bb7a50abc4915838d9f54501a?s=96&d=mm&r=g\",\"contentUrl\":\"https:\\\/\\\/secure.gravatar.com\\\/avatar\\\/aa9d3d24c83f2141e5e2709d0f63d09a99f6be6bb7a50abc4915838d9f54501a?s=96&d=mm&r=g\",\"caption\":\"Mathieu\"},\"url\":\"https:\\\/\\\/www.altercampagne.net\\\/?author=214\"}]}<\/script>\n<!-- \/ Yoast SEO plugin. -->","yoast_head_json":{"title":"Soutien aux gr\u00e9vistes de la faim de GCO Non Merci - AlterTour","robots":{"index":"index","follow":"follow","max-snippet":"max-snippet:-1","max-image-preview":"max-image-preview:large","max-video-preview":"max-video-preview:-1"},"canonical":"https:\/\/www.altercampagne.net\/?p=12474","og_locale":"fr_FR","og_type":"article","og_title":"Soutien aux gr\u00e9vistes de la faim de GCO Non Merci - AlterTour","og_description":"Depuis le 22 octobre, dix femmes et hommes ont entam\u00e9 une gr\u00e8ve de la faim pour demander un moratoire sur le Grand contournement ouest de Strasbourg (GCO) et la remise \u00e0 plat du dossier. \u00ab Quand on en est \u00e0 s\u2019affamer pour une cause, c\u2019est qu\u2019on ne d\u00e9fend pas simplement ... Read More","og_url":"https:\/\/www.altercampagne.net\/?p=12474","og_site_name":"AlterTour","article_published_time":"2018-11-13T09:57:27+00:00","article_modified_time":"2018-11-13T10:07:15+00:00","og_image":[{"width":1024,"height":535,"url":"https:\/\/www.altercampagne.net\/wp-content\/uploads\/2018\/11\/P1120842.jpg","type":"image\/jpeg"}],"author":"Mathieu","twitter_card":"summary_large_image","twitter_misc":{"\u00c9crit par":"Mathieu","Dur\u00e9e de lecture estim\u00e9e":"2 minutes"},"schema":{"@context":"https:\/\/schema.org","@graph":[{"@type":"Article","@id":"https:\/\/www.altercampagne.net\/?p=12474#article","isPartOf":{"@id":"https:\/\/www.altercampagne.net\/?p=12474"},"author":{"name":"Mathieu","@id":"https:\/\/www.altercampagne.net\/#\/schema\/person\/0f261460c09e430caa0f9bcffa319109"},"headline":"Soutien aux gr\u00e9vistes de la faim de GCO Non Merci","datePublished":"2018-11-13T09:57:27+00:00","dateModified":"2018-11-13T10:07:15+00:00","mainEntityOfPage":{"@id":"https:\/\/www.altercampagne.net\/?p=12474"},"wordCount":355,"image":{"@id":"https:\/\/www.altercampagne.net\/?p=12474#primaryimage"},"thumbnailUrl":"https:\/\/www.altercampagne.net\/wp-content\/uploads\/2018\/11\/P1120842.jpg","keywords":["GCO non merci","gr\u00e8ve de la faim","Alsace Nature","Maurice Wintz","Michel Dupont"],"articleSection":["Lutte"],"inLanguage":"fr-FR"},{"@type":"WebPage","@id":"https:\/\/www.altercampagne.net\/?p=12474","url":"https:\/\/www.altercampagne.net\/?p=12474","name":"Soutien aux gr\u00e9vistes de la faim de GCO Non Merci - AlterTour","isPartOf":{"@id":"https:\/\/www.altercampagne.net\/#website"},"primaryImageOfPage":{"@id":"https:\/\/www.altercampagne.net\/?p=12474#primaryimage"},"image":{"@id":"https:\/\/www.altercampagne.net\/?p=12474#primaryimage"},"thumbnailUrl":"https:\/\/www.altercampagne.net\/wp-content\/uploads\/2018\/11\/P1120842.jpg","datePublished":"2018-11-13T09:57:27+00:00","dateModified":"2018-11-13T10:07:15+00:00","author":{"@id":"https:\/\/www.altercampagne.net\/#\/schema\/person\/0f261460c09e430caa0f9bcffa319109"},"breadcrumb":{"@id":"https:\/\/www.altercampagne.net\/?p=12474#breadcrumb"},"inLanguage":"fr-FR","potentialAction":[{"@type":"ReadAction","target":["https:\/\/www.altercampagne.net\/?p=12474"]}]},{"@type":"ImageObject","inLanguage":"fr-FR","@id":"https:\/\/www.altercampagne.net\/?p=12474#primaryimage","url":"https:\/\/www.altercampagne.net\/wp-content\/uploads\/2018\/11\/P1120842.jpg","contentUrl":"https:\/\/www.altercampagne.net\/wp-content\/uploads\/2018\/11\/P1120842.jpg","width":1024,"height":535},{"@type":"BreadcrumbList","@id":"https:\/\/www.altercampagne.net\/?p=12474#breadcrumb","itemListElement":[{"@type":"ListItem","position":1,"name":"Accueil","item":"https:\/\/www.altercampagne.net\/"},{"@type":"ListItem","position":2,"name":"Soutien aux gr\u00e9vistes de la faim de GCO Non Merci"}]},{"@type":"WebSite","@id":"https:\/\/www.altercampagne.net\/#website","url":"https:\/\/www.altercampagne.net\/","name":"AlterTour","description":"Reliez les Alternatives \u00e0 v\u00e9lo","potentialAction":[{"@type":"SearchAction","target":{"@type":"EntryPoint","urlTemplate":"https:\/\/www.altercampagne.net\/?s={search_term_string}"},"query-input":{"@type":"PropertyValueSpecification","valueRequired":true,"valueName":"search_term_string"}}],"inLanguage":"fr-FR"},{"@type":"Person","@id":"https:\/\/www.altercampagne.net\/#\/schema\/person\/0f261460c09e430caa0f9bcffa319109","name":"Mathieu","image":{"@type":"ImageObject","inLanguage":"fr-FR","@id":"https:\/\/secure.gravatar.com\/avatar\/aa9d3d24c83f2141e5e2709d0f63d09a99f6be6bb7a50abc4915838d9f54501a?s=96&d=mm&r=g","url":"https:\/\/secure.gravatar.com\/avatar\/aa9d3d24c83f2141e5e2709d0f63d09a99f6be6bb7a50abc4915838d9f54501a?s=96&d=mm&r=g","contentUrl":"https:\/\/secure.gravatar.com\/avatar\/aa9d3d24c83f2141e5e2709d0f63d09a99f6be6bb7a50abc4915838d9f54501a?s=96&d=mm&r=g","caption":"Mathieu"},"url":"https:\/\/www.altercampagne.net\/?author=214"}]}},"_links":{"self":[{"href":"https:\/\/www.altercampagne.net\/index.php?rest_route=\/wp\/v2\/posts\/12474","targetHints":{"allow":["GET"]}}],"collection":[{"href":"https:\/\/www.altercampagne.net\/index.php?rest_route=\/wp\/v2\/posts"}],"about":[{"href":"https:\/\/www.altercampagne.net\/index.php?rest_route=\/wp\/v2\/types\/post"}],"author":[{"embeddable":true,"href":"https:\/\/www.altercampagne.net\/index.php?rest_route=\/wp\/v2\/users\/214"}],"replies":[{"embeddable":true,"href":"https:\/\/www.altercampagne.net\/index.php?rest_route=%2Fwp%2Fv2%2Fcomments&post=12474"}],"version-history":[{"count":0,"href":"https:\/\/www.altercampagne.net\/index.php?rest_route=\/wp\/v2\/posts\/12474\/revisions"}],"wp:featuredmedia":[{"embeddable":true,"href":"https:\/\/www.altercampagne.net\/index.php?rest_route=\/wp\/v2\/media\/12477"}],"wp:attachment":[{"href":"https:\/\/www.altercampagne.net\/index.php?rest_route=%2Fwp%2Fv2%2Fmedia&parent=12474"}],"wp:term":[{"taxonomy":"category","embeddable":true,"href":"https:\/\/www.altercampagne.net\/index.php?rest_route=%2Fwp%2Fv2%2Fcategories&post=12474"},{"taxonomy":"post_tag","embeddable":true,"href":"https:\/\/www.altercampagne.net\/index.php?rest_route=%2Fwp%2Fv2%2Ftags&post=12474"}],"curies":[{"name":"wp","href":"https:\/\/api.w.org\/{rel}","templated":true}]}}