{"id":12799,"date":"2019-01-24T09:55:47","date_gmt":"2019-01-24T08:55:47","guid":{"rendered":"http:\/\/www.altercampagne.net\/?p=12799"},"modified":"2024-10-22T15:03:09","modified_gmt":"2024-10-22T13:03:09","slug":"bieretour-de-printemps","status":"publish","type":"post","link":"https:\/\/www.altercampagne.net\/?p=12799","title":{"rendered":"Le Bi\u00e8reTour 2019 aura lieu au printemps"},"content":{"rendered":"\n<p>Les balades \u00e0 v\u00e9lo t&rsquo;enchantent ? La bi\u00e8re te passionne ? L&rsquo;amertume ne te fait pas peur et l&rsquo;acidit\u00e9 te fait r\u00eaver ? Alors ouvre ton agenda prestement et r\u00e9serve ta semaine <strong>du samedi 27 avril au dimanche 5 mai<\/strong> pour le Bi\u00e8reTour 2019 !<\/p>\n\n\n\n<h5 class=\"wp-block-heading\">Pars \u00e0 la d\u00e9couverte de la bi\u00e8re\u2026<\/h5>\n\n\n\n<p>8 \u00e9tapes dans les&nbsp;<strong>Pays de la Loire<\/strong> \u00e0 la rencontre des producteur\u00b7rices d\u2019orge, des houblonnier\u00b7\u00e8res, des brasseur\u00b7euses amateurs et professionnel\u00b7les. Chaque jour, apr\u00e8s le v\u00e9lo, &nbsp;d\u00e9guste un bon repas bio et local, installe ta tente et c\u2019est parti pour les rencontres, les visites, les ateliers de fabrication et de d\u00e9gustation de bi\u00e8re. Les sujets de discussion ne manqueront pas entre l\u2019installation, la relocalisation de l\u2019activit\u00e9, la fili\u00e8re bio, l\u2019ind\u00e9pendance des brasseries, la production de bi\u00e8re \u00e0 la maison\u2026 La fabrication de la bi\u00e8re du champ \u00e0 la chope n\u2019aura plus de secrets pour toi ! <\/p>\n\n\n\n<h5 class=\"wp-block-heading\">\u2026 \u00e0 v\u00e9lo\u2026<\/h5>\n\n\n\n<p>On roule trois heures par jour en moyenne. Tu peux venir avec ton v\u00e9lo perso ou emprunter un des v\u00e9los de l&rsquo;association. Tu n&rsquo;as pas envie de porter tes bagages sur ton v\u00e9lo ? Confie-les au v\u00e9hicule logistique le temps de l&rsquo;\u00e9tape. Un coup de fatigue sur la route ? Viens te reposer dans le mini-bus !<\/p>\n\n\n\n<h5 class=\"wp-block-heading\">\u2026 avec des gens sympas et motiv\u00e9s&nbsp;!<\/h5>\n\n\n\n<p>Tout au long du p\u00e9riple, le groupe s&rsquo;auto-organise et se r\u00e9partit les t\u00e2ches du quotidien : pr\u00e9paration des repas, vaisselles, conduite des v\u00e9hicules, gardien\u00b7ne du temps&#8230; Une belle exp\u00e9rience collective en perspective !<br><br>Tu veux voir le parcours ? Acc\u00e9der aux inscriptions ? Encore un peu de patience, nous sommes sur le coup !<br><\/p>\n\n\n\n<p class=\"has-text-align-right\"><strong>Mathieu<\/strong><\/p>\n\n\n\n<p class=\"has-text-align-right has-white-color has-text-color has-link-color wp-elements-e0144f9824e3f3b5102a3cce89dd441e\"><strong>Mathieu Fromont<\/strong>, <a href=\"https:\/\/www.facebook.com\/BrasseriePlumeJurassienne\" target=\"_blank\" rel=\"noreferrer noopener\"><strong>Brasserie Plume Jurassienne<\/strong><\/a><\/p>\n\n\n\n<p><span class=\"visually-hidden\">Mathieu Fromont <a href=\"https:\/\/www.facebook.com\/BrasseriePlumeJurassienne\">Brasserie Plume Jurassienne<\/a> (Cramans, Jura)<\/span><\/p>\n\n\n\n<p class=\"has-text-align-center has-medium-font-size\"><strong>Du samedi 27 avril au dimanche 5 mai<\/strong><\/p>\n\n\n\n<p class=\"has-text-align-center has-medium-font-size\"><strong>de Angers \u00e0 La Roche-sur-Yon<\/strong><\/p>\n\n\n\n<p class=\"has-text-align-center has-medium-font-size\">Programme et Inscriptions sur <a rel=\"noreferrer noopener\" aria-label=\"bieretour.net (s\u2019ouvre dans un nouvel onglet)\" href=\"http:\/\/bieretour.net\" target=\"_blank\"><strong>bieretour.net<\/strong><\/a><\/p>\n\n\n\n<figure class=\"wp-block-image\"><img loading=\"lazy\" decoding=\"async\" width=\"900\" height=\"600\" src=\"http:\/\/www.altercampagne.net\/wp-content\/uploads\/2019\/01\/row-of-camping-tents_4460x4460.jpg\" alt=\"\" class=\"wp-image-12818\" srcset=\"https:\/\/www.altercampagne.net\/wp-content\/uploads\/2019\/01\/row-of-camping-tents_4460x4460.jpg 900w, https:\/\/www.altercampagne.net\/wp-content\/uploads\/2019\/01\/row-of-camping-tents_4460x4460-300x200.jpg 300w, https:\/\/www.altercampagne.net\/wp-content\/uploads\/2019\/01\/row-of-camping-tents_4460x4460-768x512.jpg 768w, https:\/\/www.altercampagne.net\/wp-content\/uploads\/2019\/01\/row-of-camping-tents_4460x4460-610x407.jpg 610w, https:\/\/www.altercampagne.net\/wp-content\/uploads\/2019\/01\/row-of-camping-tents_4460x4460-100x67.jpg 100w, https:\/\/www.altercampagne.net\/wp-content\/uploads\/2019\/01\/row-of-camping-tents_4460x4460-862x575.jpg 862w\" sizes=\"auto, (max-width: 900px) 100vw, 900px\" \/><\/figure>\n","protected":false},"excerpt":{"rendered":"<p>Les balades \u00e0 v\u00e9lo t&rsquo;enchantent ? La bi\u00e8re te passionne ? L&rsquo;amertume ne te fait pas peur et l&rsquo;acidit\u00e9 te fait r\u00eaver ? Alors ouvre ton agenda prestement et r\u00e9serve ta semaine du samedi 27 avril au dimanche 5 mai pour le Bi\u00e8reTour 2019 ! Pars \u00e0 la d\u00e9couverte de &#8230; <\/p>\n<div><a href=\"https:\/\/www.altercampagne.net\/?p=12799\" class=\"more-link\">Read More<\/a><\/div>\n","protected":false},"author":214,"featured_media":14085,"comment_status":"closed","ping_status":"closed","sticky":false,"template":"","format":"standard","meta":{"footnotes":""},"categories":[3574,4037,3773,3481],"tags":[46,256,552,827,950,2413,2605,3844,4450,4454,4466],"class_list":["post-12799","post","type-post","status-publish","format-standard","has-post-thumbnail","hentry","category-bieretour","category-biere","category-edition-2019","category-pays-de-la-loire","tag-tour","tag-bio","tag-mathieu-fromont","tag-velo","tag-biere","tag-brasserie","tag-atelier","tag-independant","tag-brasserie-plume-jurassienne","tag-brasserie-plume","tag-brasserie-artisanale"],"yoast_head":"<!-- This site is optimized with the Yoast SEO plugin v27.3 - https:\/\/yoast.com\/product\/yoast-seo-wordpress\/ -->\n<title>Le Bi\u00e8reTour 2019 aura lieu au printemps - AlterTour<\/title>\n<meta name=\"robots\" content=\"index, follow, max-snippet:-1, max-image-preview:large, max-video-preview:-1\" \/>\n<link rel=\"canonical\" href=\"https:\/\/www.altercampagne.net\/?p=12799\" \/>\n<meta property=\"og:locale\" content=\"fr_FR\" \/>\n<meta property=\"og:type\" content=\"article\" \/>\n<meta property=\"og:title\" content=\"Le Bi\u00e8reTour 2019 aura lieu au printemps - AlterTour\" \/>\n<meta property=\"og:description\" content=\"Les balades \u00e0 v\u00e9lo t&rsquo;enchantent ? La bi\u00e8re te passionne ? L&rsquo;amertume ne te fait pas peur et l&rsquo;acidit\u00e9 te fait r\u00eaver ? Alors ouvre ton agenda prestement et r\u00e9serve ta semaine du samedi 27 avril au dimanche 5 mai pour le Bi\u00e8reTour 2019 ! Pars \u00e0 la d\u00e9couverte de ... Read More\" \/>\n<meta property=\"og:url\" content=\"https:\/\/www.altercampagne.net\/?p=12799\" \/>\n<meta property=\"og:site_name\" content=\"AlterTour\" \/>\n<meta property=\"article:published_time\" content=\"2019-01-24T08:55:47+00:00\" \/>\n<meta property=\"article:modified_time\" content=\"2024-10-22T13:03:09+00:00\" \/>\n<meta property=\"og:image\" content=\"https:\/\/www.altercampagne.net\/wp-content\/uploads\/2019\/05\/2019-04-29_BiereTour.jpeg\" \/>\n\t<meta property=\"og:image:width\" content=\"799\" \/>\n\t<meta property=\"og:image:height\" content=\"533\" \/>\n\t<meta property=\"og:image:type\" content=\"image\/jpeg\" \/>\n<meta name=\"author\" content=\"Mathieu\" \/>\n<meta name=\"twitter:card\" content=\"summary_large_image\" \/>\n<meta name=\"twitter:label1\" content=\"\u00c9crit par\" \/>\n\t<meta name=\"twitter:data1\" content=\"Mathieu\" \/>\n\t<meta name=\"twitter:label2\" content=\"Dur\u00e9e de lecture estim\u00e9e\" \/>\n\t<meta name=\"twitter:data2\" content=\"2 minutes\" \/>\n<script type=\"application\/ld+json\" class=\"yoast-schema-graph\">{\"@context\":\"https:\\\/\\\/schema.org\",\"@graph\":[{\"@type\":\"Article\",\"@id\":\"https:\\\/\\\/www.altercampagne.net\\\/?p=12799#article\",\"isPartOf\":{\"@id\":\"https:\\\/\\\/www.altercampagne.net\\\/?p=12799\"},\"author\":{\"name\":\"Mathieu\",\"@id\":\"https:\\\/\\\/www.altercampagne.net\\\/#\\\/schema\\\/person\\\/0f261460c09e430caa0f9bcffa319109\"},\"headline\":\"Le Bi\u00e8reTour 2019 aura lieu au printemps\",\"datePublished\":\"2019-01-24T08:55:47+00:00\",\"dateModified\":\"2024-10-22T13:03:09+00:00\",\"mainEntityOfPage\":{\"@id\":\"https:\\\/\\\/www.altercampagne.net\\\/?p=12799\"},\"wordCount\":330,\"image\":{\"@id\":\"https:\\\/\\\/www.altercampagne.net\\\/?p=12799#primaryimage\"},\"thumbnailUrl\":\"https:\\\/\\\/www.altercampagne.net\\\/wp-content\\\/uploads\\\/2019\\\/05\\\/2019-04-29_BiereTour.jpeg\",\"keywords\":[\"tour\",\"bio\",\"Mathieu Fromont\",\"v\u00e9lo\",\"bi\u00e8re\",\"brasserie\",\"atelier\",\"ind\u00e9pendant\",\"Brasserie Plume Jurassienne\",\"brasserie plume\",\"Brasserie Artisanale\"],\"articleSection\":[\"Bi\u00e8reTour\",\"Bi\u00e8re\",\"Edition 2019\",\"Pays de la Loire\"],\"inLanguage\":\"fr-FR\"},{\"@type\":\"WebPage\",\"@id\":\"https:\\\/\\\/www.altercampagne.net\\\/?p=12799\",\"url\":\"https:\\\/\\\/www.altercampagne.net\\\/?p=12799\",\"name\":\"Le Bi\u00e8reTour 2019 aura lieu au printemps - AlterTour\",\"isPartOf\":{\"@id\":\"https:\\\/\\\/www.altercampagne.net\\\/#website\"},\"primaryImageOfPage\":{\"@id\":\"https:\\\/\\\/www.altercampagne.net\\\/?p=12799#primaryimage\"},\"image\":{\"@id\":\"https:\\\/\\\/www.altercampagne.net\\\/?p=12799#primaryimage\"},\"thumbnailUrl\":\"https:\\\/\\\/www.altercampagne.net\\\/wp-content\\\/uploads\\\/2019\\\/05\\\/2019-04-29_BiereTour.jpeg\",\"datePublished\":\"2019-01-24T08:55:47+00:00\",\"dateModified\":\"2024-10-22T13:03:09+00:00\",\"author\":{\"@id\":\"https:\\\/\\\/www.altercampagne.net\\\/#\\\/schema\\\/person\\\/0f261460c09e430caa0f9bcffa319109\"},\"breadcrumb\":{\"@id\":\"https:\\\/\\\/www.altercampagne.net\\\/?p=12799#breadcrumb\"},\"inLanguage\":\"fr-FR\",\"potentialAction\":[{\"@type\":\"ReadAction\",\"target\":[\"https:\\\/\\\/www.altercampagne.net\\\/?p=12799\"]}]},{\"@type\":\"ImageObject\",\"inLanguage\":\"fr-FR\",\"@id\":\"https:\\\/\\\/www.altercampagne.net\\\/?p=12799#primaryimage\",\"url\":\"https:\\\/\\\/www.altercampagne.net\\\/wp-content\\\/uploads\\\/2019\\\/05\\\/2019-04-29_BiereTour.jpeg\",\"contentUrl\":\"https:\\\/\\\/www.altercampagne.net\\\/wp-content\\\/uploads\\\/2019\\\/05\\\/2019-04-29_BiereTour.jpeg\",\"width\":799,\"height\":533},{\"@type\":\"BreadcrumbList\",\"@id\":\"https:\\\/\\\/www.altercampagne.net\\\/?p=12799#breadcrumb\",\"itemListElement\":[{\"@type\":\"ListItem\",\"position\":1,\"name\":\"Accueil\",\"item\":\"https:\\\/\\\/www.altercampagne.net\\\/\"},{\"@type\":\"ListItem\",\"position\":2,\"name\":\"Le Bi\u00e8reTour 2019 aura lieu au printemps\"}]},{\"@type\":\"WebSite\",\"@id\":\"https:\\\/\\\/www.altercampagne.net\\\/#website\",\"url\":\"https:\\\/\\\/www.altercampagne.net\\\/\",\"name\":\"AlterTour\",\"description\":\"Reliez les Alternatives \u00e0 v\u00e9lo\",\"potentialAction\":[{\"@type\":\"SearchAction\",\"target\":{\"@type\":\"EntryPoint\",\"urlTemplate\":\"https:\\\/\\\/www.altercampagne.net\\\/?s={search_term_string}\"},\"query-input\":{\"@type\":\"PropertyValueSpecification\",\"valueRequired\":true,\"valueName\":\"search_term_string\"}}],\"inLanguage\":\"fr-FR\"},{\"@type\":\"Person\",\"@id\":\"https:\\\/\\\/www.altercampagne.net\\\/#\\\/schema\\\/person\\\/0f261460c09e430caa0f9bcffa319109\",\"name\":\"Mathieu\",\"image\":{\"@type\":\"ImageObject\",\"inLanguage\":\"fr-FR\",\"@id\":\"https:\\\/\\\/secure.gravatar.com\\\/avatar\\\/aa9d3d24c83f2141e5e2709d0f63d09a99f6be6bb7a50abc4915838d9f54501a?s=96&d=mm&r=g\",\"url\":\"https:\\\/\\\/secure.gravatar.com\\\/avatar\\\/aa9d3d24c83f2141e5e2709d0f63d09a99f6be6bb7a50abc4915838d9f54501a?s=96&d=mm&r=g\",\"contentUrl\":\"https:\\\/\\\/secure.gravatar.com\\\/avatar\\\/aa9d3d24c83f2141e5e2709d0f63d09a99f6be6bb7a50abc4915838d9f54501a?s=96&d=mm&r=g\",\"caption\":\"Mathieu\"},\"url\":\"https:\\\/\\\/www.altercampagne.net\\\/?author=214\"}]}<\/script>\n<!-- \/ Yoast SEO plugin. -->","yoast_head_json":{"title":"Le Bi\u00e8reTour 2019 aura lieu au printemps - AlterTour","robots":{"index":"index","follow":"follow","max-snippet":"max-snippet:-1","max-image-preview":"max-image-preview:large","max-video-preview":"max-video-preview:-1"},"canonical":"https:\/\/www.altercampagne.net\/?p=12799","og_locale":"fr_FR","og_type":"article","og_title":"Le Bi\u00e8reTour 2019 aura lieu au printemps - AlterTour","og_description":"Les balades \u00e0 v\u00e9lo t&rsquo;enchantent ? La bi\u00e8re te passionne ? L&rsquo;amertume ne te fait pas peur et l&rsquo;acidit\u00e9 te fait r\u00eaver ? Alors ouvre ton agenda prestement et r\u00e9serve ta semaine du samedi 27 avril au dimanche 5 mai pour le Bi\u00e8reTour 2019 ! Pars \u00e0 la d\u00e9couverte de ... Read More","og_url":"https:\/\/www.altercampagne.net\/?p=12799","og_site_name":"AlterTour","article_published_time":"2019-01-24T08:55:47+00:00","article_modified_time":"2024-10-22T13:03:09+00:00","og_image":[{"width":799,"height":533,"url":"https:\/\/www.altercampagne.net\/wp-content\/uploads\/2019\/05\/2019-04-29_BiereTour.jpeg","type":"image\/jpeg"}],"author":"Mathieu","twitter_card":"summary_large_image","twitter_misc":{"\u00c9crit par":"Mathieu","Dur\u00e9e de lecture estim\u00e9e":"2 minutes"},"schema":{"@context":"https:\/\/schema.org","@graph":[{"@type":"Article","@id":"https:\/\/www.altercampagne.net\/?p=12799#article","isPartOf":{"@id":"https:\/\/www.altercampagne.net\/?p=12799"},"author":{"name":"Mathieu","@id":"https:\/\/www.altercampagne.net\/#\/schema\/person\/0f261460c09e430caa0f9bcffa319109"},"headline":"Le Bi\u00e8reTour 2019 aura lieu au printemps","datePublished":"2019-01-24T08:55:47+00:00","dateModified":"2024-10-22T13:03:09+00:00","mainEntityOfPage":{"@id":"https:\/\/www.altercampagne.net\/?p=12799"},"wordCount":330,"image":{"@id":"https:\/\/www.altercampagne.net\/?p=12799#primaryimage"},"thumbnailUrl":"https:\/\/www.altercampagne.net\/wp-content\/uploads\/2019\/05\/2019-04-29_BiereTour.jpeg","keywords":["tour","bio","Mathieu Fromont","v\u00e9lo","bi\u00e8re","brasserie","atelier","ind\u00e9pendant","Brasserie Plume Jurassienne","brasserie plume","Brasserie Artisanale"],"articleSection":["Bi\u00e8reTour","Bi\u00e8re","Edition 2019","Pays de la Loire"],"inLanguage":"fr-FR"},{"@type":"WebPage","@id":"https:\/\/www.altercampagne.net\/?p=12799","url":"https:\/\/www.altercampagne.net\/?p=12799","name":"Le Bi\u00e8reTour 2019 aura lieu au printemps - AlterTour","isPartOf":{"@id":"https:\/\/www.altercampagne.net\/#website"},"primaryImageOfPage":{"@id":"https:\/\/www.altercampagne.net\/?p=12799#primaryimage"},"image":{"@id":"https:\/\/www.altercampagne.net\/?p=12799#primaryimage"},"thumbnailUrl":"https:\/\/www.altercampagne.net\/wp-content\/uploads\/2019\/05\/2019-04-29_BiereTour.jpeg","datePublished":"2019-01-24T08:55:47+00:00","dateModified":"2024-10-22T13:03:09+00:00","author":{"@id":"https:\/\/www.altercampagne.net\/#\/schema\/person\/0f261460c09e430caa0f9bcffa319109"},"breadcrumb":{"@id":"https:\/\/www.altercampagne.net\/?p=12799#breadcrumb"},"inLanguage":"fr-FR","potentialAction":[{"@type":"ReadAction","target":["https:\/\/www.altercampagne.net\/?p=12799"]}]},{"@type":"ImageObject","inLanguage":"fr-FR","@id":"https:\/\/www.altercampagne.net\/?p=12799#primaryimage","url":"https:\/\/www.altercampagne.net\/wp-content\/uploads\/2019\/05\/2019-04-29_BiereTour.jpeg","contentUrl":"https:\/\/www.altercampagne.net\/wp-content\/uploads\/2019\/05\/2019-04-29_BiereTour.jpeg","width":799,"height":533},{"@type":"BreadcrumbList","@id":"https:\/\/www.altercampagne.net\/?p=12799#breadcrumb","itemListElement":[{"@type":"ListItem","position":1,"name":"Accueil","item":"https:\/\/www.altercampagne.net\/"},{"@type":"ListItem","position":2,"name":"Le Bi\u00e8reTour 2019 aura lieu au printemps"}]},{"@type":"WebSite","@id":"https:\/\/www.altercampagne.net\/#website","url":"https:\/\/www.altercampagne.net\/","name":"AlterTour","description":"Reliez les Alternatives \u00e0 v\u00e9lo","potentialAction":[{"@type":"SearchAction","target":{"@type":"EntryPoint","urlTemplate":"https:\/\/www.altercampagne.net\/?s={search_term_string}"},"query-input":{"@type":"PropertyValueSpecification","valueRequired":true,"valueName":"search_term_string"}}],"inLanguage":"fr-FR"},{"@type":"Person","@id":"https:\/\/www.altercampagne.net\/#\/schema\/person\/0f261460c09e430caa0f9bcffa319109","name":"Mathieu","image":{"@type":"ImageObject","inLanguage":"fr-FR","@id":"https:\/\/secure.gravatar.com\/avatar\/aa9d3d24c83f2141e5e2709d0f63d09a99f6be6bb7a50abc4915838d9f54501a?s=96&d=mm&r=g","url":"https:\/\/secure.gravatar.com\/avatar\/aa9d3d24c83f2141e5e2709d0f63d09a99f6be6bb7a50abc4915838d9f54501a?s=96&d=mm&r=g","contentUrl":"https:\/\/secure.gravatar.com\/avatar\/aa9d3d24c83f2141e5e2709d0f63d09a99f6be6bb7a50abc4915838d9f54501a?s=96&d=mm&r=g","caption":"Mathieu"},"url":"https:\/\/www.altercampagne.net\/?author=214"}]}},"_links":{"self":[{"href":"https:\/\/www.altercampagne.net\/index.php?rest_route=\/wp\/v2\/posts\/12799","targetHints":{"allow":["GET"]}}],"collection":[{"href":"https:\/\/www.altercampagne.net\/index.php?rest_route=\/wp\/v2\/posts"}],"about":[{"href":"https:\/\/www.altercampagne.net\/index.php?rest_route=\/wp\/v2\/types\/post"}],"author":[{"embeddable":true,"href":"https:\/\/www.altercampagne.net\/index.php?rest_route=\/wp\/v2\/users\/214"}],"replies":[{"embeddable":true,"href":"https:\/\/www.altercampagne.net\/index.php?rest_route=%2Fwp%2Fv2%2Fcomments&post=12799"}],"version-history":[{"count":4,"href":"https:\/\/www.altercampagne.net\/index.php?rest_route=\/wp\/v2\/posts\/12799\/revisions"}],"predecessor-version":[{"id":28613,"href":"https:\/\/www.altercampagne.net\/index.php?rest_route=\/wp\/v2\/posts\/12799\/revisions\/28613"}],"wp:featuredmedia":[{"embeddable":true,"href":"https:\/\/www.altercampagne.net\/index.php?rest_route=\/wp\/v2\/media\/14085"}],"wp:attachment":[{"href":"https:\/\/www.altercampagne.net\/index.php?rest_route=%2Fwp%2Fv2%2Fmedia&parent=12799"}],"wp:term":[{"taxonomy":"category","embeddable":true,"href":"https:\/\/www.altercampagne.net\/index.php?rest_route=%2Fwp%2Fv2%2Fcategories&post=12799"},{"taxonomy":"post_tag","embeddable":true,"href":"https:\/\/www.altercampagne.net\/index.php?rest_route=%2Fwp%2Fv2%2Ftags&post=12799"}],"curies":[{"name":"wp","href":"https:\/\/api.w.org\/{rel}","templated":true}]}}