{"id":12800,"date":"2019-01-25T10:09:41","date_gmt":"2019-01-25T09:09:41","guid":{"rendered":"http:\/\/www.altercampagne.net\/?p=12800"},"modified":"2019-01-26T18:52:25","modified_gmt":"2019-01-26T17:52:25","slug":"besoin-de-toi-dans-lorga","status":"publish","type":"post","link":"https:\/\/www.altercampagne.net\/?p=12800","title":{"rendered":"Besoin de toi dans l&rsquo;orga !"},"content":{"rendered":"\n<p>Nous cherchons des pr\u00e9parateurs d\u2019\u00e9tapes\u00a0! Viens d\u00e9couvrir les dessous de l\u2019AlterTour et rejoindre l\u2019aventure de l\u2019orga\u00a0!<\/p>\n\n\n\n<h5 class=\"wp-block-heading\">La pr\u00e9pa d\u2019\u00e9tape, en pratique\u00a0?<\/h5>\n\n\n\n<p>Tu n\u2019as jamais organis\u00e9&nbsp;? Pas de\nprobl\u00e8me&nbsp;! tu n\u2019es pas tout-e seul-e, Mathieu et l\u2019\u00e9quipe sont l\u00e0 pour\nt\u2019accompagner. G\u00e9n\u00e9ralement on est 2 ou 3 pr\u00e9parateurs sur des \u00e9tapes et je te\nle dis&nbsp;: \u00e7a met vite de l\u2019ambiance&nbsp;!<\/p>\n\n\n\n<p>Concr\u00e8tement il faut organiser le\nprogramme de la journ\u00e9e avec les accueillants et pr\u00e9parer l\u2019itin\u00e9raire v\u00e9lo du\ngroupe. Il faut \u00e9galement pr\u00e9voir les commandes de nourriture chez les\nagriculteurs locaux. &nbsp;Cela demande de passer quelques coups de fils et\nd\u2019envoyer des mails. Tu peux \u00e9galement te d\u00e9placer si tu es disponible.&nbsp;<\/p>\n\n\n\n<h5 class=\"wp-block-heading\">C\u2019est un projet pour toi\u00a0!<\/h5>\n\n\n\n<div class=\"wp-block-image\"><figure class=\"alignleft is-resized\"><img loading=\"lazy\" decoding=\"async\" src=\"http:\/\/www.altercampagne.net\/wp-content\/uploads\/2019\/01\/2018-07-24-25_Altertour-JSubiry-19.jpg\" alt=\"\" class=\"wp-image-12810\" width=\"240\" height=\"159\" srcset=\"https:\/\/www.altercampagne.net\/wp-content\/uploads\/2019\/01\/2018-07-24-25_Altertour-JSubiry-19.jpg 900w, https:\/\/www.altercampagne.net\/wp-content\/uploads\/2019\/01\/2018-07-24-25_Altertour-JSubiry-19-300x200.jpg 300w, https:\/\/www.altercampagne.net\/wp-content\/uploads\/2019\/01\/2018-07-24-25_Altertour-JSubiry-19-768x511.jpg 768w, https:\/\/www.altercampagne.net\/wp-content\/uploads\/2019\/01\/2018-07-24-25_Altertour-JSubiry-19-610x406.jpg 610w, https:\/\/www.altercampagne.net\/wp-content\/uploads\/2019\/01\/2018-07-24-25_Altertour-JSubiry-19-100x67.jpg 100w, https:\/\/www.altercampagne.net\/wp-content\/uploads\/2019\/01\/2018-07-24-25_Altertour-JSubiry-19-862x574.jpg 862w\" sizes=\"auto, (max-width: 240px) 100vw, 240px\" \/><\/figure><\/div>\n\n\n\n<p style=\"text-align:left\">Tu as vu que\nl\u2019AlterTour passait pr\u00e8s de chez toi&nbsp;?&nbsp;<em>C\u2019est une occasion \u00e0\nsaisir&nbsp;!<\/em><\/p>\n\n\n\n<p>Tu n\u2019a pas encore\nrejoint l\u2019orga et tu te dis pourquoi pas ?&nbsp;<em>C\u2019est le moment de se\nlancer&nbsp;!&nbsp;<\/em><\/p>\n\n\n\n<p>Tu cherchais juste\nun pr\u00e9texte pour squatter dans le Sud-Ouest entre potes cet \u00e9t\u00e9 ?<em>&nbsp;Go go\ngo !<\/em><\/p>\n\n\n\n<h5 class=\"wp-block-heading\">Parlons dates et lieux<\/h5>\n\n\n\n<p>Voici les \u00e9tapes en question :<\/p>\n\n\n\n<p><strong>\u2013 Du 27 avril au 5 mai<\/strong> pour le <a href=\"http:\/\/www.altercampagne.net\/?p=12799\">Bi\u00e8reTour<\/a> (entre Angers et La Roche sur Yon), tu peux nous rejoindre \u00e0 la prochaine t\u00e9l\u00e9-r\u00e9union du Bi\u00e8reTour : jeudi 30 janvier \u00e0 18h<\/p>\n\n\n\n<p><strong>\u2013 Du 26 au 29 juillet<\/strong> pour l\u2019<a href=\"http:\/\/www.altercampagne.net\/?page_id=150\">AlterTour <\/a>(entre Lu\u00e7on et Sablonceaux)<\/p>\n\n\n\n<p>\u2013 <strong>Du 21 au 25 ao\u00fbt<\/strong> pour l\u2019<a href=\"http:\/\/www.altercampagne.net\/?page_id=150\">AlterTour <\/a>(entre Auch et Pau)<\/p>\n\n\n\n<p>\u2013 Sur les \u00c9chapp\u00e9es Belles, nous d\u00e9finirons les parcours la semaine prochaine en t\u00e9l\u00e9-r\u00e9union<\/p>\n\n\n\n<p> Partant\u00b7e ? Bonne nouvelle ! Une seule adresse\u00a0:  <a href=\"contact@altertour.net\">contact@altertour.net<\/a><\/p>\n\n\n\n<h5 class=\"wp-block-heading\"><em>\u00ab\u00a0L\u2019ann\u00e9e derni\u00e8re c\u2019\u00e9tait ma 1\u00e8re ann\u00e9e dans l\u2019orga\u00a0\u00bb.<\/em><\/h5>\n\n\n\n<div class=\"wp-block-image\"><figure class=\"alignright is-resized\"><img loading=\"lazy\" decoding=\"async\" src=\"http:\/\/www.altercampagne.net\/wp-content\/uploads\/2019\/01\/P1110939.jpg\" alt=\"\" class=\"wp-image-12845\" width=\"224\" height=\"224\" srcset=\"https:\/\/www.altercampagne.net\/wp-content\/uploads\/2019\/01\/P1110939.jpg 600w, https:\/\/www.altercampagne.net\/wp-content\/uploads\/2019\/01\/P1110939-150x150.jpg 150w, https:\/\/www.altercampagne.net\/wp-content\/uploads\/2019\/01\/P1110939-300x300.jpg 300w, https:\/\/www.altercampagne.net\/wp-content\/uploads\/2019\/01\/P1110939-100x100.jpg 100w\" sizes=\"auto, (max-width: 224px) 100vw, 224px\" \/><figcaption>Virginie<\/figcaption><\/figure><\/div>\n\n\n\n<p><em>\u00ab J\u2019ai d\u00e9cid\u00e9 de m\u2019engager en organisant des \u00e9tapes car la premi\u00e8re r\u00e9union m\u2019a bien motiv\u00e9e. On s\u2019est lanc\u00e9 avec d\u2019autres personnes novices. \u00c7a peut faire peur au d\u00e9part mais on est tr\u00e8s bien accompagn\u00e9s. C\u2019est humainement riche et tr\u00e8s motivant tous les \u00e9changes entre nous et les alternatives. La cerise sur le g\u00e2teau c\u2019est le jour J\u00a0: voir la concr\u00e9tisation de toute la pr\u00e9paration. Ce qui est le plus g\u00e9nial, c\u2019est que tout se passe toujours tr\u00e8s bien, l\u2019autogestion permet aux organisateurs d\u2019\u00e9tapes d\u2019avoir beaucoup de soutien des participants.\u00a0\u00bb<\/em> <\/p>\n","protected":false},"excerpt":{"rendered":"<p>Nous cherchons des pr\u00e9parateurs d\u2019\u00e9tapes\u00a0! Viens d\u00e9couvrir les dessous de l\u2019AlterTour et rejoindre l\u2019aventure de l\u2019orga\u00a0! La pr\u00e9pa d\u2019\u00e9tape, en pratique\u00a0? Tu n\u2019as jamais organis\u00e9&nbsp;? Pas de probl\u00e8me&nbsp;! tu n\u2019es pas tout-e seul-e, Mathieu et l\u2019\u00e9quipe sont l\u00e0 pour t\u2019accompagner. G\u00e9n\u00e9ralement on est 2 ou 3 pr\u00e9parateurs sur des \u00e9tapes &#8230; <\/p>\n<div><a href=\"https:\/\/www.altercampagne.net\/?p=12800\" class=\"more-link\">Read More<\/a><\/div>\n","protected":false},"author":198,"featured_media":12809,"comment_status":"closed","ping_status":"closed","sticky":false,"template":"","format":"standard","meta":{"footnotes":""},"categories":[3773,3539],"tags":[358,520,2696,3840,3841,3842,3843,3845],"class_list":["post-12800","post","type-post","status-publish","format-standard","has-post-thumbnail","hentry","category-edition-2019","category-we-de-preparation","tag-altertour","tag-parcours","tag-organisation","tag-preparateur-detape","tag-etape","tag-altertour-2019","tag-realisation","tag-preparation"],"yoast_head":"<!-- This site is optimized with the Yoast SEO plugin v27.3 - https:\/\/yoast.com\/product\/yoast-seo-wordpress\/ -->\n<title>Besoin de toi dans l&#039;orga ! - AlterTour<\/title>\n<meta name=\"robots\" content=\"index, follow, max-snippet:-1, max-image-preview:large, max-video-preview:-1\" \/>\n<link rel=\"canonical\" href=\"https:\/\/www.altercampagne.net\/?p=12800\" \/>\n<meta property=\"og:locale\" content=\"fr_FR\" \/>\n<meta property=\"og:type\" content=\"article\" \/>\n<meta property=\"og:title\" content=\"Besoin de toi dans l&#039;orga ! - AlterTour\" \/>\n<meta property=\"og:description\" content=\"Nous cherchons des pr\u00e9parateurs d\u2019\u00e9tapes\u00a0! Viens d\u00e9couvrir les dessous de l\u2019AlterTour et rejoindre l\u2019aventure de l\u2019orga\u00a0! La pr\u00e9pa d\u2019\u00e9tape, en pratique\u00a0? Tu n\u2019as jamais organis\u00e9&nbsp;? Pas de probl\u00e8me&nbsp;! tu n\u2019es pas tout-e seul-e, Mathieu et l\u2019\u00e9quipe sont l\u00e0 pour t\u2019accompagner. G\u00e9n\u00e9ralement on est 2 ou 3 pr\u00e9parateurs sur des \u00e9tapes ... Read More\" \/>\n<meta property=\"og:url\" content=\"https:\/\/www.altercampagne.net\/?p=12800\" \/>\n<meta property=\"og:site_name\" content=\"AlterTour\" \/>\n<meta property=\"article:published_time\" content=\"2019-01-25T09:09:41+00:00\" \/>\n<meta property=\"article:modified_time\" content=\"2019-01-26T17:52:25+00:00\" \/>\n<meta property=\"og:image\" content=\"https:\/\/www.altercampagne.net\/wp-content\/uploads\/2019\/01\/2018-07-24-25_Altertour-JSubiry-5-bon-pour-site.jpg\" \/>\n\t<meta property=\"og:image:width\" content=\"900\" \/>\n\t<meta property=\"og:image:height\" content=\"470\" \/>\n\t<meta property=\"og:image:type\" content=\"image\/jpeg\" \/>\n<meta name=\"author\" content=\"Marine R\" \/>\n<meta name=\"twitter:card\" content=\"summary_large_image\" \/>\n<meta name=\"twitter:label1\" content=\"\u00c9crit par\" \/>\n\t<meta name=\"twitter:data1\" content=\"Marine R\" \/>\n\t<meta name=\"twitter:label2\" content=\"Dur\u00e9e de lecture estim\u00e9e\" \/>\n\t<meta name=\"twitter:data2\" content=\"2 minutes\" \/>\n<script type=\"application\/ld+json\" class=\"yoast-schema-graph\">{\"@context\":\"https:\\\/\\\/schema.org\",\"@graph\":[{\"@type\":\"Article\",\"@id\":\"https:\\\/\\\/www.altercampagne.net\\\/?p=12800#article\",\"isPartOf\":{\"@id\":\"https:\\\/\\\/www.altercampagne.net\\\/?p=12800\"},\"author\":{\"name\":\"Marine R\",\"@id\":\"https:\\\/\\\/www.altercampagne.net\\\/#\\\/schema\\\/person\\\/3afde49d8c0be52224ae61fe720b4b19\"},\"headline\":\"Besoin de toi dans l&rsquo;orga !\",\"datePublished\":\"2019-01-25T09:09:41+00:00\",\"dateModified\":\"2019-01-26T17:52:25+00:00\",\"mainEntityOfPage\":{\"@id\":\"https:\\\/\\\/www.altercampagne.net\\\/?p=12800\"},\"wordCount\":434,\"image\":{\"@id\":\"https:\\\/\\\/www.altercampagne.net\\\/?p=12800#primaryimage\"},\"thumbnailUrl\":\"https:\\\/\\\/www.altercampagne.net\\\/wp-content\\\/uploads\\\/2019\\\/01\\\/2018-07-24-25_Altertour-JSubiry-5-bon-pour-site.jpg\",\"keywords\":[\"AlterTour\",\"parcours\",\"organisation\",\"pr\u00e9parateur d'\u00e9tape\",\"\u00e9tape\",\"Altertour 2019\",\"r\u00e9alisation\",\"pr\u00e9paration\"],\"articleSection\":[\"Edition 2019\",\"WE de pr\u00e9paration\"],\"inLanguage\":\"fr-FR\"},{\"@type\":\"WebPage\",\"@id\":\"https:\\\/\\\/www.altercampagne.net\\\/?p=12800\",\"url\":\"https:\\\/\\\/www.altercampagne.net\\\/?p=12800\",\"name\":\"Besoin de toi dans l'orga ! - AlterTour\",\"isPartOf\":{\"@id\":\"https:\\\/\\\/www.altercampagne.net\\\/#website\"},\"primaryImageOfPage\":{\"@id\":\"https:\\\/\\\/www.altercampagne.net\\\/?p=12800#primaryimage\"},\"image\":{\"@id\":\"https:\\\/\\\/www.altercampagne.net\\\/?p=12800#primaryimage\"},\"thumbnailUrl\":\"https:\\\/\\\/www.altercampagne.net\\\/wp-content\\\/uploads\\\/2019\\\/01\\\/2018-07-24-25_Altertour-JSubiry-5-bon-pour-site.jpg\",\"datePublished\":\"2019-01-25T09:09:41+00:00\",\"dateModified\":\"2019-01-26T17:52:25+00:00\",\"author\":{\"@id\":\"https:\\\/\\\/www.altercampagne.net\\\/#\\\/schema\\\/person\\\/3afde49d8c0be52224ae61fe720b4b19\"},\"breadcrumb\":{\"@id\":\"https:\\\/\\\/www.altercampagne.net\\\/?p=12800#breadcrumb\"},\"inLanguage\":\"fr-FR\",\"potentialAction\":[{\"@type\":\"ReadAction\",\"target\":[\"https:\\\/\\\/www.altercampagne.net\\\/?p=12800\"]}]},{\"@type\":\"ImageObject\",\"inLanguage\":\"fr-FR\",\"@id\":\"https:\\\/\\\/www.altercampagne.net\\\/?p=12800#primaryimage\",\"url\":\"https:\\\/\\\/www.altercampagne.net\\\/wp-content\\\/uploads\\\/2019\\\/01\\\/2018-07-24-25_Altertour-JSubiry-5-bon-pour-site.jpg\",\"contentUrl\":\"https:\\\/\\\/www.altercampagne.net\\\/wp-content\\\/uploads\\\/2019\\\/01\\\/2018-07-24-25_Altertour-JSubiry-5-bon-pour-site.jpg\",\"width\":900,\"height\":470,\"caption\":\"'Altertour 2018.\"},{\"@type\":\"BreadcrumbList\",\"@id\":\"https:\\\/\\\/www.altercampagne.net\\\/?p=12800#breadcrumb\",\"itemListElement\":[{\"@type\":\"ListItem\",\"position\":1,\"name\":\"Accueil\",\"item\":\"https:\\\/\\\/www.altercampagne.net\\\/\"},{\"@type\":\"ListItem\",\"position\":2,\"name\":\"Besoin de toi dans l&rsquo;orga !\"}]},{\"@type\":\"WebSite\",\"@id\":\"https:\\\/\\\/www.altercampagne.net\\\/#website\",\"url\":\"https:\\\/\\\/www.altercampagne.net\\\/\",\"name\":\"AlterTour\",\"description\":\"Reliez les Alternatives \u00e0 v\u00e9lo\",\"potentialAction\":[{\"@type\":\"SearchAction\",\"target\":{\"@type\":\"EntryPoint\",\"urlTemplate\":\"https:\\\/\\\/www.altercampagne.net\\\/?s={search_term_string}\"},\"query-input\":{\"@type\":\"PropertyValueSpecification\",\"valueRequired\":true,\"valueName\":\"search_term_string\"}}],\"inLanguage\":\"fr-FR\"},{\"@type\":\"Person\",\"@id\":\"https:\\\/\\\/www.altercampagne.net\\\/#\\\/schema\\\/person\\\/3afde49d8c0be52224ae61fe720b4b19\",\"name\":\"Marine R\",\"image\":{\"@type\":\"ImageObject\",\"inLanguage\":\"fr-FR\",\"@id\":\"https:\\\/\\\/secure.gravatar.com\\\/avatar\\\/a3c4f944a184c737c95a33c9fc36f74b2637ea270671045d89722a608b50fd88?s=96&d=mm&r=g\",\"url\":\"https:\\\/\\\/secure.gravatar.com\\\/avatar\\\/a3c4f944a184c737c95a33c9fc36f74b2637ea270671045d89722a608b50fd88?s=96&d=mm&r=g\",\"contentUrl\":\"https:\\\/\\\/secure.gravatar.com\\\/avatar\\\/a3c4f944a184c737c95a33c9fc36f74b2637ea270671045d89722a608b50fd88?s=96&d=mm&r=g\",\"caption\":\"Marine R\"},\"url\":\"https:\\\/\\\/www.altercampagne.net\\\/?author=198\"}]}<\/script>\n<!-- \/ Yoast SEO plugin. -->","yoast_head_json":{"title":"Besoin de toi dans l'orga ! - AlterTour","robots":{"index":"index","follow":"follow","max-snippet":"max-snippet:-1","max-image-preview":"max-image-preview:large","max-video-preview":"max-video-preview:-1"},"canonical":"https:\/\/www.altercampagne.net\/?p=12800","og_locale":"fr_FR","og_type":"article","og_title":"Besoin de toi dans l'orga ! - AlterTour","og_description":"Nous cherchons des pr\u00e9parateurs d\u2019\u00e9tapes\u00a0! Viens d\u00e9couvrir les dessous de l\u2019AlterTour et rejoindre l\u2019aventure de l\u2019orga\u00a0! La pr\u00e9pa d\u2019\u00e9tape, en pratique\u00a0? Tu n\u2019as jamais organis\u00e9&nbsp;? Pas de probl\u00e8me&nbsp;! tu n\u2019es pas tout-e seul-e, Mathieu et l\u2019\u00e9quipe sont l\u00e0 pour t\u2019accompagner. G\u00e9n\u00e9ralement on est 2 ou 3 pr\u00e9parateurs sur des \u00e9tapes ... Read More","og_url":"https:\/\/www.altercampagne.net\/?p=12800","og_site_name":"AlterTour","article_published_time":"2019-01-25T09:09:41+00:00","article_modified_time":"2019-01-26T17:52:25+00:00","og_image":[{"width":900,"height":470,"url":"https:\/\/www.altercampagne.net\/wp-content\/uploads\/2019\/01\/2018-07-24-25_Altertour-JSubiry-5-bon-pour-site.jpg","type":"image\/jpeg"}],"author":"Marine R","twitter_card":"summary_large_image","twitter_misc":{"\u00c9crit par":"Marine R","Dur\u00e9e de lecture estim\u00e9e":"2 minutes"},"schema":{"@context":"https:\/\/schema.org","@graph":[{"@type":"Article","@id":"https:\/\/www.altercampagne.net\/?p=12800#article","isPartOf":{"@id":"https:\/\/www.altercampagne.net\/?p=12800"},"author":{"name":"Marine R","@id":"https:\/\/www.altercampagne.net\/#\/schema\/person\/3afde49d8c0be52224ae61fe720b4b19"},"headline":"Besoin de toi dans l&rsquo;orga !","datePublished":"2019-01-25T09:09:41+00:00","dateModified":"2019-01-26T17:52:25+00:00","mainEntityOfPage":{"@id":"https:\/\/www.altercampagne.net\/?p=12800"},"wordCount":434,"image":{"@id":"https:\/\/www.altercampagne.net\/?p=12800#primaryimage"},"thumbnailUrl":"https:\/\/www.altercampagne.net\/wp-content\/uploads\/2019\/01\/2018-07-24-25_Altertour-JSubiry-5-bon-pour-site.jpg","keywords":["AlterTour","parcours","organisation","pr\u00e9parateur d'\u00e9tape","\u00e9tape","Altertour 2019","r\u00e9alisation","pr\u00e9paration"],"articleSection":["Edition 2019","WE de pr\u00e9paration"],"inLanguage":"fr-FR"},{"@type":"WebPage","@id":"https:\/\/www.altercampagne.net\/?p=12800","url":"https:\/\/www.altercampagne.net\/?p=12800","name":"Besoin de toi dans l'orga ! - AlterTour","isPartOf":{"@id":"https:\/\/www.altercampagne.net\/#website"},"primaryImageOfPage":{"@id":"https:\/\/www.altercampagne.net\/?p=12800#primaryimage"},"image":{"@id":"https:\/\/www.altercampagne.net\/?p=12800#primaryimage"},"thumbnailUrl":"https:\/\/www.altercampagne.net\/wp-content\/uploads\/2019\/01\/2018-07-24-25_Altertour-JSubiry-5-bon-pour-site.jpg","datePublished":"2019-01-25T09:09:41+00:00","dateModified":"2019-01-26T17:52:25+00:00","author":{"@id":"https:\/\/www.altercampagne.net\/#\/schema\/person\/3afde49d8c0be52224ae61fe720b4b19"},"breadcrumb":{"@id":"https:\/\/www.altercampagne.net\/?p=12800#breadcrumb"},"inLanguage":"fr-FR","potentialAction":[{"@type":"ReadAction","target":["https:\/\/www.altercampagne.net\/?p=12800"]}]},{"@type":"ImageObject","inLanguage":"fr-FR","@id":"https:\/\/www.altercampagne.net\/?p=12800#primaryimage","url":"https:\/\/www.altercampagne.net\/wp-content\/uploads\/2019\/01\/2018-07-24-25_Altertour-JSubiry-5-bon-pour-site.jpg","contentUrl":"https:\/\/www.altercampagne.net\/wp-content\/uploads\/2019\/01\/2018-07-24-25_Altertour-JSubiry-5-bon-pour-site.jpg","width":900,"height":470,"caption":"'Altertour 2018."},{"@type":"BreadcrumbList","@id":"https:\/\/www.altercampagne.net\/?p=12800#breadcrumb","itemListElement":[{"@type":"ListItem","position":1,"name":"Accueil","item":"https:\/\/www.altercampagne.net\/"},{"@type":"ListItem","position":2,"name":"Besoin de toi dans l&rsquo;orga !"}]},{"@type":"WebSite","@id":"https:\/\/www.altercampagne.net\/#website","url":"https:\/\/www.altercampagne.net\/","name":"AlterTour","description":"Reliez les Alternatives \u00e0 v\u00e9lo","potentialAction":[{"@type":"SearchAction","target":{"@type":"EntryPoint","urlTemplate":"https:\/\/www.altercampagne.net\/?s={search_term_string}"},"query-input":{"@type":"PropertyValueSpecification","valueRequired":true,"valueName":"search_term_string"}}],"inLanguage":"fr-FR"},{"@type":"Person","@id":"https:\/\/www.altercampagne.net\/#\/schema\/person\/3afde49d8c0be52224ae61fe720b4b19","name":"Marine R","image":{"@type":"ImageObject","inLanguage":"fr-FR","@id":"https:\/\/secure.gravatar.com\/avatar\/a3c4f944a184c737c95a33c9fc36f74b2637ea270671045d89722a608b50fd88?s=96&d=mm&r=g","url":"https:\/\/secure.gravatar.com\/avatar\/a3c4f944a184c737c95a33c9fc36f74b2637ea270671045d89722a608b50fd88?s=96&d=mm&r=g","contentUrl":"https:\/\/secure.gravatar.com\/avatar\/a3c4f944a184c737c95a33c9fc36f74b2637ea270671045d89722a608b50fd88?s=96&d=mm&r=g","caption":"Marine R"},"url":"https:\/\/www.altercampagne.net\/?author=198"}]}},"_links":{"self":[{"href":"https:\/\/www.altercampagne.net\/index.php?rest_route=\/wp\/v2\/posts\/12800","targetHints":{"allow":["GET"]}}],"collection":[{"href":"https:\/\/www.altercampagne.net\/index.php?rest_route=\/wp\/v2\/posts"}],"about":[{"href":"https:\/\/www.altercampagne.net\/index.php?rest_route=\/wp\/v2\/types\/post"}],"author":[{"embeddable":true,"href":"https:\/\/www.altercampagne.net\/index.php?rest_route=\/wp\/v2\/users\/198"}],"replies":[{"embeddable":true,"href":"https:\/\/www.altercampagne.net\/index.php?rest_route=%2Fwp%2Fv2%2Fcomments&post=12800"}],"version-history":[{"count":0,"href":"https:\/\/www.altercampagne.net\/index.php?rest_route=\/wp\/v2\/posts\/12800\/revisions"}],"wp:featuredmedia":[{"embeddable":true,"href":"https:\/\/www.altercampagne.net\/index.php?rest_route=\/wp\/v2\/media\/12809"}],"wp:attachment":[{"href":"https:\/\/www.altercampagne.net\/index.php?rest_route=%2Fwp%2Fv2%2Fmedia&parent=12800"}],"wp:term":[{"taxonomy":"category","embeddable":true,"href":"https:\/\/www.altercampagne.net\/index.php?rest_route=%2Fwp%2Fv2%2Fcategories&post=12800"},{"taxonomy":"post_tag","embeddable":true,"href":"https:\/\/www.altercampagne.net\/index.php?rest_route=%2Fwp%2Fv2%2Ftags&post=12800"}],"curies":[{"name":"wp","href":"https:\/\/api.w.org\/{rel}","templated":true}]}}