{"id":12925,"date":"2019-02-20T17:24:07","date_gmt":"2019-02-20T16:24:07","guid":{"rendered":"http:\/\/www.altercampagne.net\/?p=12925"},"modified":"2019-03-08T08:57:09","modified_gmt":"2019-03-08T07:57:09","slug":"tous-en-scene-et-en-selle","status":"publish","type":"post","link":"https:\/\/www.altercampagne.net\/?p=12925","title":{"rendered":"Tous en sc\u00e8ne et en selle !"},"content":{"rendered":"\n<p><strong>L&rsquo;AlterTour s&rsquo;est retrouv\u00e9 ce week end pour le 4e week end de pr\u00e9paration de l&rsquo;AlterTour 2019.<\/strong><\/p>\n\n\n\n<p class=\"has-medium-font-size\">Un week-end sous le signe du th\u00e9\u00e2tre<\/p>\n\n\n\n<p>Retour du spectacle de l&rsquo;AlterTour 2018, projections pour cet \u00e9t\u00e9, sketchs pour sensibiliser au co\u00fbt \u00e9cologique du num\u00e9rique&#8230; on a quelques cr\u00e9atifs dans les troupes !<\/p>\n\n\n\n<p class=\"has-medium-font-size\">Un week-end pour se former<\/p>\n\n\n\n<p>Comment g\u00e9rer la comptabilit\u00e9 sur le l&rsquo;AlterTour ? Comment \u00e9crire un article sur une alternative ? Comment accueillir une personne en fauteuil sur le tour ? De nombreuses formations \u00e9taient \u00e9galement au programme !<\/p>\n\n\n\n<p class=\"has-medium-font-size\">Un week-end pour faire avancer le projet <\/p>\n\n\n\n<p>Quelques d\u00e9cisions ont \u00e9t\u00e9 prises notamment sur les alternatives pr\u00e9sentes dans le <a href=\"http:\/\/www.altercampagne.net\/wp-content\/uploads\/2018\/10\/Recueil-AT-2018-02_16_Total.pdf\" target=\"_blank\" rel=\"noreferrer noopener\" aria-label=\"Recueil des alternatives (s\u2019ouvre dans un nouvel onglet)\">Recueil des alternatives<\/a>, que nous publions avec la Revue Silence. Parmi eux : Association La marge, Un pas de cot\u00e9, Herbe \u00e0 l&rsquo;aise, GAEC des charmes , festival de la d\u00e9croissance&#8230;<\/p>\n\n\n\n<p class=\"has-medium-font-size\">Save the date : 16 et 17 mars<\/p>\n\n\n\n<p><a href=\"http:\/\/www.altercampagne.net\/?p=12995\" target=\"_blank\" rel=\"noreferrer noopener\" aria-label=\"Le prochain WE de pr\u00e9paration  (s\u2019ouvre dans un nouvel onglet)\">Le prochain WE de pr\u00e9paration <\/a>est d\u00e9doubl\u00e9, pour aller \u00e0 la rencontre de nos accueillants ! Il aura lieu sur 2 lieux inscrits sur le parcours : \u00e0 Nantes et \u00e0 Auch. Toutes les infos dans le lien !<\/p>\n\n\n\n<p>Retrouve par ici toutes <strong><a href=\"https:\/\/photos.app.goo.gl\/kF3Mmq3a6Mwk9SCg7\" target=\"_blank\" rel=\"noreferrer noopener\" aria-label=\" (s\u2019ouvre dans un nouvel onglet)\">les photos du weekend<\/a> <\/strong>!<\/p>\n\n\n\n<figure class=\"wp-block-image alignwide\"><img loading=\"lazy\" decoding=\"async\" width=\"900\" height=\"675\" src=\"http:\/\/www.altercampagne.net\/wp-content\/uploads\/2019\/02\/P1060659.jpg\" alt=\"\" class=\"wp-image-12938\" srcset=\"https:\/\/www.altercampagne.net\/wp-content\/uploads\/2019\/02\/P1060659.jpg 900w, https:\/\/www.altercampagne.net\/wp-content\/uploads\/2019\/02\/P1060659-300x225.jpg 300w, https:\/\/www.altercampagne.net\/wp-content\/uploads\/2019\/02\/P1060659-768x576.jpg 768w, https:\/\/www.altercampagne.net\/wp-content\/uploads\/2019\/02\/P1060659-610x458.jpg 610w, https:\/\/www.altercampagne.net\/wp-content\/uploads\/2019\/02\/P1060659-100x75.jpg 100w, https:\/\/www.altercampagne.net\/wp-content\/uploads\/2019\/02\/P1060659-862x647.jpg 862w\" sizes=\"auto, (max-width: 900px) 100vw, 900px\" \/><\/figure>\n\n\n\n<p><\/p>\n","protected":false},"excerpt":{"rendered":"<p>L&rsquo;AlterTour s&rsquo;est retrouv\u00e9 ce week end pour le 4e week end de pr\u00e9paration de l&rsquo;AlterTour 2019. Un week-end sous le signe du th\u00e9\u00e2tre Retour du spectacle de l&rsquo;AlterTour 2018, projections pour cet \u00e9t\u00e9, sketchs pour sensibiliser au co\u00fbt \u00e9cologique du num\u00e9rique&#8230; on a quelques cr\u00e9atifs dans les troupes ! Un &#8230; <\/p>\n<div><a href=\"https:\/\/www.altercampagne.net\/?p=12925\" class=\"more-link\">Read More<\/a><\/div>\n","protected":false},"author":198,"featured_media":13041,"comment_status":"closed","ping_status":"closed","sticky":false,"template":"","format":"standard","meta":{"footnotes":""},"categories":[3773,3539],"tags":[3565,3842,3845],"class_list":["post-12925","post","type-post","status-publish","format-standard","has-post-thumbnail","hentry","category-edition-2019","category-we-de-preparation","tag-week-end","tag-altertour-2019","tag-preparation"],"yoast_head":"<!-- This site is optimized with the Yoast SEO plugin v27.3 - https:\/\/yoast.com\/product\/yoast-seo-wordpress\/ -->\n<title>Tous en sc\u00e8ne et en selle ! - AlterTour<\/title>\n<meta name=\"robots\" content=\"index, follow, max-snippet:-1, max-image-preview:large, max-video-preview:-1\" \/>\n<link rel=\"canonical\" href=\"https:\/\/www.altercampagne.net\/?p=12925\" \/>\n<meta property=\"og:locale\" content=\"fr_FR\" \/>\n<meta property=\"og:type\" content=\"article\" \/>\n<meta property=\"og:title\" content=\"Tous en sc\u00e8ne et en selle ! - AlterTour\" \/>\n<meta property=\"og:description\" content=\"L&rsquo;AlterTour s&rsquo;est retrouv\u00e9 ce week end pour le 4e week end de pr\u00e9paration de l&rsquo;AlterTour 2019. Un week-end sous le signe du th\u00e9\u00e2tre Retour du spectacle de l&rsquo;AlterTour 2018, projections pour cet \u00e9t\u00e9, sketchs pour sensibiliser au co\u00fbt \u00e9cologique du num\u00e9rique&#8230; on a quelques cr\u00e9atifs dans les troupes ! Un ... Read More\" \/>\n<meta property=\"og:url\" content=\"https:\/\/www.altercampagne.net\/?p=12925\" \/>\n<meta property=\"og:site_name\" content=\"AlterTour\" \/>\n<meta property=\"article:published_time\" content=\"2019-02-20T16:24:07+00:00\" \/>\n<meta property=\"article:modified_time\" content=\"2019-03-08T07:57:09+00:00\" \/>\n<meta property=\"og:image\" content=\"https:\/\/www.altercampagne.net\/wp-content\/uploads\/2019\/02\/P1060623.jpg\" \/>\n\t<meta property=\"og:image:width\" content=\"844\" \/>\n\t<meta property=\"og:image:height\" content=\"441\" \/>\n\t<meta property=\"og:image:type\" content=\"image\/jpeg\" \/>\n<meta name=\"author\" content=\"Marine R\" \/>\n<meta name=\"twitter:card\" content=\"summary_large_image\" \/>\n<meta name=\"twitter:label1\" content=\"\u00c9crit par\" \/>\n\t<meta name=\"twitter:data1\" content=\"Marine R\" \/>\n\t<meta name=\"twitter:label2\" content=\"Dur\u00e9e de lecture estim\u00e9e\" \/>\n\t<meta name=\"twitter:data2\" content=\"1 minute\" \/>\n<script type=\"application\/ld+json\" class=\"yoast-schema-graph\">{\"@context\":\"https:\\\/\\\/schema.org\",\"@graph\":[{\"@type\":\"Article\",\"@id\":\"https:\\\/\\\/www.altercampagne.net\\\/?p=12925#article\",\"isPartOf\":{\"@id\":\"https:\\\/\\\/www.altercampagne.net\\\/?p=12925\"},\"author\":{\"name\":\"Marine R\",\"@id\":\"https:\\\/\\\/www.altercampagne.net\\\/#\\\/schema\\\/person\\\/3afde49d8c0be52224ae61fe720b4b19\"},\"headline\":\"Tous en sc\u00e8ne et en selle !\",\"datePublished\":\"2019-02-20T16:24:07+00:00\",\"dateModified\":\"2019-03-08T07:57:09+00:00\",\"mainEntityOfPage\":{\"@id\":\"https:\\\/\\\/www.altercampagne.net\\\/?p=12925\"},\"wordCount\":197,\"image\":{\"@id\":\"https:\\\/\\\/www.altercampagne.net\\\/?p=12925#primaryimage\"},\"thumbnailUrl\":\"https:\\\/\\\/www.altercampagne.net\\\/wp-content\\\/uploads\\\/2019\\\/02\\\/P1060623.jpg\",\"keywords\":[\"week-end\",\"Altertour 2019\",\"pr\u00e9paration\"],\"articleSection\":[\"Edition 2019\",\"WE de pr\u00e9paration\"],\"inLanguage\":\"fr-FR\"},{\"@type\":\"WebPage\",\"@id\":\"https:\\\/\\\/www.altercampagne.net\\\/?p=12925\",\"url\":\"https:\\\/\\\/www.altercampagne.net\\\/?p=12925\",\"name\":\"Tous en sc\u00e8ne et en selle ! - AlterTour\",\"isPartOf\":{\"@id\":\"https:\\\/\\\/www.altercampagne.net\\\/#website\"},\"primaryImageOfPage\":{\"@id\":\"https:\\\/\\\/www.altercampagne.net\\\/?p=12925#primaryimage\"},\"image\":{\"@id\":\"https:\\\/\\\/www.altercampagne.net\\\/?p=12925#primaryimage\"},\"thumbnailUrl\":\"https:\\\/\\\/www.altercampagne.net\\\/wp-content\\\/uploads\\\/2019\\\/02\\\/P1060623.jpg\",\"datePublished\":\"2019-02-20T16:24:07+00:00\",\"dateModified\":\"2019-03-08T07:57:09+00:00\",\"author\":{\"@id\":\"https:\\\/\\\/www.altercampagne.net\\\/#\\\/schema\\\/person\\\/3afde49d8c0be52224ae61fe720b4b19\"},\"breadcrumb\":{\"@id\":\"https:\\\/\\\/www.altercampagne.net\\\/?p=12925#breadcrumb\"},\"inLanguage\":\"fr-FR\",\"potentialAction\":[{\"@type\":\"ReadAction\",\"target\":[\"https:\\\/\\\/www.altercampagne.net\\\/?p=12925\"]}]},{\"@type\":\"ImageObject\",\"inLanguage\":\"fr-FR\",\"@id\":\"https:\\\/\\\/www.altercampagne.net\\\/?p=12925#primaryimage\",\"url\":\"https:\\\/\\\/www.altercampagne.net\\\/wp-content\\\/uploads\\\/2019\\\/02\\\/P1060623.jpg\",\"contentUrl\":\"https:\\\/\\\/www.altercampagne.net\\\/wp-content\\\/uploads\\\/2019\\\/02\\\/P1060623.jpg\",\"width\":844,\"height\":441},{\"@type\":\"BreadcrumbList\",\"@id\":\"https:\\\/\\\/www.altercampagne.net\\\/?p=12925#breadcrumb\",\"itemListElement\":[{\"@type\":\"ListItem\",\"position\":1,\"name\":\"Accueil\",\"item\":\"https:\\\/\\\/www.altercampagne.net\\\/\"},{\"@type\":\"ListItem\",\"position\":2,\"name\":\"Tous en sc\u00e8ne et en selle !\"}]},{\"@type\":\"WebSite\",\"@id\":\"https:\\\/\\\/www.altercampagne.net\\\/#website\",\"url\":\"https:\\\/\\\/www.altercampagne.net\\\/\",\"name\":\"AlterTour\",\"description\":\"Reliez les Alternatives \u00e0 v\u00e9lo\",\"potentialAction\":[{\"@type\":\"SearchAction\",\"target\":{\"@type\":\"EntryPoint\",\"urlTemplate\":\"https:\\\/\\\/www.altercampagne.net\\\/?s={search_term_string}\"},\"query-input\":{\"@type\":\"PropertyValueSpecification\",\"valueRequired\":true,\"valueName\":\"search_term_string\"}}],\"inLanguage\":\"fr-FR\"},{\"@type\":\"Person\",\"@id\":\"https:\\\/\\\/www.altercampagne.net\\\/#\\\/schema\\\/person\\\/3afde49d8c0be52224ae61fe720b4b19\",\"name\":\"Marine R\",\"image\":{\"@type\":\"ImageObject\",\"inLanguage\":\"fr-FR\",\"@id\":\"https:\\\/\\\/secure.gravatar.com\\\/avatar\\\/a3c4f944a184c737c95a33c9fc36f74b2637ea270671045d89722a608b50fd88?s=96&d=mm&r=g\",\"url\":\"https:\\\/\\\/secure.gravatar.com\\\/avatar\\\/a3c4f944a184c737c95a33c9fc36f74b2637ea270671045d89722a608b50fd88?s=96&d=mm&r=g\",\"contentUrl\":\"https:\\\/\\\/secure.gravatar.com\\\/avatar\\\/a3c4f944a184c737c95a33c9fc36f74b2637ea270671045d89722a608b50fd88?s=96&d=mm&r=g\",\"caption\":\"Marine R\"},\"url\":\"https:\\\/\\\/www.altercampagne.net\\\/?author=198\"}]}<\/script>\n<!-- \/ Yoast SEO plugin. -->","yoast_head_json":{"title":"Tous en sc\u00e8ne et en selle ! - AlterTour","robots":{"index":"index","follow":"follow","max-snippet":"max-snippet:-1","max-image-preview":"max-image-preview:large","max-video-preview":"max-video-preview:-1"},"canonical":"https:\/\/www.altercampagne.net\/?p=12925","og_locale":"fr_FR","og_type":"article","og_title":"Tous en sc\u00e8ne et en selle ! - AlterTour","og_description":"L&rsquo;AlterTour s&rsquo;est retrouv\u00e9 ce week end pour le 4e week end de pr\u00e9paration de l&rsquo;AlterTour 2019. Un week-end sous le signe du th\u00e9\u00e2tre Retour du spectacle de l&rsquo;AlterTour 2018, projections pour cet \u00e9t\u00e9, sketchs pour sensibiliser au co\u00fbt \u00e9cologique du num\u00e9rique&#8230; on a quelques cr\u00e9atifs dans les troupes ! Un ... Read More","og_url":"https:\/\/www.altercampagne.net\/?p=12925","og_site_name":"AlterTour","article_published_time":"2019-02-20T16:24:07+00:00","article_modified_time":"2019-03-08T07:57:09+00:00","og_image":[{"width":844,"height":441,"url":"https:\/\/www.altercampagne.net\/wp-content\/uploads\/2019\/02\/P1060623.jpg","type":"image\/jpeg"}],"author":"Marine R","twitter_card":"summary_large_image","twitter_misc":{"\u00c9crit par":"Marine R","Dur\u00e9e de lecture estim\u00e9e":"1 minute"},"schema":{"@context":"https:\/\/schema.org","@graph":[{"@type":"Article","@id":"https:\/\/www.altercampagne.net\/?p=12925#article","isPartOf":{"@id":"https:\/\/www.altercampagne.net\/?p=12925"},"author":{"name":"Marine R","@id":"https:\/\/www.altercampagne.net\/#\/schema\/person\/3afde49d8c0be52224ae61fe720b4b19"},"headline":"Tous en sc\u00e8ne et en selle !","datePublished":"2019-02-20T16:24:07+00:00","dateModified":"2019-03-08T07:57:09+00:00","mainEntityOfPage":{"@id":"https:\/\/www.altercampagne.net\/?p=12925"},"wordCount":197,"image":{"@id":"https:\/\/www.altercampagne.net\/?p=12925#primaryimage"},"thumbnailUrl":"https:\/\/www.altercampagne.net\/wp-content\/uploads\/2019\/02\/P1060623.jpg","keywords":["week-end","Altertour 2019","pr\u00e9paration"],"articleSection":["Edition 2019","WE de pr\u00e9paration"],"inLanguage":"fr-FR"},{"@type":"WebPage","@id":"https:\/\/www.altercampagne.net\/?p=12925","url":"https:\/\/www.altercampagne.net\/?p=12925","name":"Tous en sc\u00e8ne et en selle ! - AlterTour","isPartOf":{"@id":"https:\/\/www.altercampagne.net\/#website"},"primaryImageOfPage":{"@id":"https:\/\/www.altercampagne.net\/?p=12925#primaryimage"},"image":{"@id":"https:\/\/www.altercampagne.net\/?p=12925#primaryimage"},"thumbnailUrl":"https:\/\/www.altercampagne.net\/wp-content\/uploads\/2019\/02\/P1060623.jpg","datePublished":"2019-02-20T16:24:07+00:00","dateModified":"2019-03-08T07:57:09+00:00","author":{"@id":"https:\/\/www.altercampagne.net\/#\/schema\/person\/3afde49d8c0be52224ae61fe720b4b19"},"breadcrumb":{"@id":"https:\/\/www.altercampagne.net\/?p=12925#breadcrumb"},"inLanguage":"fr-FR","potentialAction":[{"@type":"ReadAction","target":["https:\/\/www.altercampagne.net\/?p=12925"]}]},{"@type":"ImageObject","inLanguage":"fr-FR","@id":"https:\/\/www.altercampagne.net\/?p=12925#primaryimage","url":"https:\/\/www.altercampagne.net\/wp-content\/uploads\/2019\/02\/P1060623.jpg","contentUrl":"https:\/\/www.altercampagne.net\/wp-content\/uploads\/2019\/02\/P1060623.jpg","width":844,"height":441},{"@type":"BreadcrumbList","@id":"https:\/\/www.altercampagne.net\/?p=12925#breadcrumb","itemListElement":[{"@type":"ListItem","position":1,"name":"Accueil","item":"https:\/\/www.altercampagne.net\/"},{"@type":"ListItem","position":2,"name":"Tous en sc\u00e8ne et en selle !"}]},{"@type":"WebSite","@id":"https:\/\/www.altercampagne.net\/#website","url":"https:\/\/www.altercampagne.net\/","name":"AlterTour","description":"Reliez les Alternatives \u00e0 v\u00e9lo","potentialAction":[{"@type":"SearchAction","target":{"@type":"EntryPoint","urlTemplate":"https:\/\/www.altercampagne.net\/?s={search_term_string}"},"query-input":{"@type":"PropertyValueSpecification","valueRequired":true,"valueName":"search_term_string"}}],"inLanguage":"fr-FR"},{"@type":"Person","@id":"https:\/\/www.altercampagne.net\/#\/schema\/person\/3afde49d8c0be52224ae61fe720b4b19","name":"Marine R","image":{"@type":"ImageObject","inLanguage":"fr-FR","@id":"https:\/\/secure.gravatar.com\/avatar\/a3c4f944a184c737c95a33c9fc36f74b2637ea270671045d89722a608b50fd88?s=96&d=mm&r=g","url":"https:\/\/secure.gravatar.com\/avatar\/a3c4f944a184c737c95a33c9fc36f74b2637ea270671045d89722a608b50fd88?s=96&d=mm&r=g","contentUrl":"https:\/\/secure.gravatar.com\/avatar\/a3c4f944a184c737c95a33c9fc36f74b2637ea270671045d89722a608b50fd88?s=96&d=mm&r=g","caption":"Marine R"},"url":"https:\/\/www.altercampagne.net\/?author=198"}]}},"_links":{"self":[{"href":"https:\/\/www.altercampagne.net\/index.php?rest_route=\/wp\/v2\/posts\/12925","targetHints":{"allow":["GET"]}}],"collection":[{"href":"https:\/\/www.altercampagne.net\/index.php?rest_route=\/wp\/v2\/posts"}],"about":[{"href":"https:\/\/www.altercampagne.net\/index.php?rest_route=\/wp\/v2\/types\/post"}],"author":[{"embeddable":true,"href":"https:\/\/www.altercampagne.net\/index.php?rest_route=\/wp\/v2\/users\/198"}],"replies":[{"embeddable":true,"href":"https:\/\/www.altercampagne.net\/index.php?rest_route=%2Fwp%2Fv2%2Fcomments&post=12925"}],"version-history":[{"count":0,"href":"https:\/\/www.altercampagne.net\/index.php?rest_route=\/wp\/v2\/posts\/12925\/revisions"}],"wp:featuredmedia":[{"embeddable":true,"href":"https:\/\/www.altercampagne.net\/index.php?rest_route=\/wp\/v2\/media\/13041"}],"wp:attachment":[{"href":"https:\/\/www.altercampagne.net\/index.php?rest_route=%2Fwp%2Fv2%2Fmedia&parent=12925"}],"wp:term":[{"taxonomy":"category","embeddable":true,"href":"https:\/\/www.altercampagne.net\/index.php?rest_route=%2Fwp%2Fv2%2Fcategories&post=12925"},{"taxonomy":"post_tag","embeddable":true,"href":"https:\/\/www.altercampagne.net\/index.php?rest_route=%2Fwp%2Fv2%2Ftags&post=12925"}],"curies":[{"name":"wp","href":"https:\/\/api.w.org\/{rel}","templated":true}]}}