{"id":12995,"date":"2019-02-22T12:15:38","date_gmt":"2019-02-22T11:15:38","guid":{"rendered":"http:\/\/www.altercampagne.net\/?p=12995"},"modified":"2019-03-12T09:56:50","modified_gmt":"2019-03-12T08:56:50","slug":"un-avant-gout-de-laltertour","status":"publish","type":"post","link":"https:\/\/www.altercampagne.net\/?p=12995","title":{"rendered":"Un avant go\u00fbt de l&rsquo;AlterTour"},"content":{"rendered":"\n<p><strong>Les 16-17 mars, c&rsquo;est le WE de pr\u00e9paration des \u00ab&nbsp;Accueillants&nbsp;\u00bb \u00e0 Auch et \u00e0 Nantes ! <\/strong><\/p>\n\n\n\n<p class=\"has-medium-font-size\">Le WE des \u00ab&nbsp;Accueillants&nbsp;\u00bb, qu\u2019est-ce que c\u2019est&nbsp;?<\/p>\n\n\n\n<p>C\u2019est un WE de pr\u00e9paration de l\u2019AlterTour, o\u00f9 l\u2019on rencontre ceux qui nous accueilleront cet \u00e9t\u00e9. A l\u2019ordre du jour de ce WE :<\/p>\n\n\n\n<ul class=\"wp-block-list\"><li>rencontrer !<\/li><li>r\u00eaver le programme de cet \u00e9t\u00e9 et lancer de nouveaux projets&nbsp;!<\/li><li>s\u2019organiser pour qu\u2019ils deviennent r\u00e9alit\u00e9&nbsp;\ud83d\ude42<\/li><\/ul>\n\n\n\n<p>\u00c7a ressemble \u00e0 quoi ? Voici les <a rel=\"noreferrer noopener\" href=\"https:\/\/photos.google.com\/share\/AF1QipMaDiP3PZf7Jh7m39cI7iWwA9AN1SKsQJOp7N8X9nrkK56aFxDWUk7Ixvkv6wJSjQ?key=WjR2NENYQWJRYWVzQzMxVWJ6RlFjQ1dOLW5Ca0dn\" target=\"_blank\">photos de l&rsquo;an dernier &nbsp;!<\/a><\/p>\n\n\n\n<p class=\"has-medium-font-size\">Auch et Nantes, tu peux choisir&nbsp;!<\/p>\n\n\n\n<p>Le WE se d\u00e9double sur deux villes du parcours : <\/p>\n\n\n\n<ul class=\"wp-block-list\"><li>Pour Nantes&nbsp; : B 17, Rue Paul Bellamy \u2013 44000 Nantes<\/li><li>Pour Auch : L\u2019abri des possibles, 1 place Barb\u00e8s &#8211; 32000 Auch <\/li><\/ul>\n\n\n\n<p>Passe si tu es dans le coin&nbsp;! A tr\u00e8s bient\u00f4t !<\/p>\n\n\n\n<p>Virginie, Sarah et Lo\u00efc pour la r\u00e9union d&rsquo;Auch<\/p>\n\n\n\n<p>Fabien, Ludo et Mathieu pour la r\u00e9union de Nantes<\/p>\n\n\n\n<figure class=\"wp-block-image\"><img loading=\"lazy\" decoding=\"async\" width=\"566\" height=\"399\" src=\"http:\/\/www.altercampagne.net\/wp-content\/uploads\/2019\/02\/2018-03-25_0001IMG_7825.jpg\" alt=\"\" class=\"wp-image-12999\" srcset=\"https:\/\/www.altercampagne.net\/wp-content\/uploads\/2019\/02\/2018-03-25_0001IMG_7825.jpg 566w, https:\/\/www.altercampagne.net\/wp-content\/uploads\/2019\/02\/2018-03-25_0001IMG_7825-300x211.jpg 300w, https:\/\/www.altercampagne.net\/wp-content\/uploads\/2019\/02\/2018-03-25_0001IMG_7825-100x70.jpg 100w\" sizes=\"auto, (max-width: 566px) 100vw, 566px\" \/><\/figure>\n\n\n\n<p class=\"has-medium-font-size\">Le programme du WE<br><\/p>\n\n\n\n<p><strong>Samedi <\/strong><br>09h00 &#8211; Accueil &amp; lancement de la journ\u00e9e<br>10h00 &#8211; Restitution du Coll\u00e8ge Solidaire <br>10h30 &#8211; Pr\u00e9paration des ateliers de l\u2019apr\u00e8s-midi <br>12h00 &#8211; Repas partag\u00e9<br>14h30 &#8211; Tour de pr\u00e9sentation des accueillants<br>15h45 &#8211; Ateliers th\u00e9matiques: Parcours et programme, Logistique, Communication <br>17h30 &#8211; Temps d&rsquo;\u00e9change Accueillants- pr\u00e9parateurs d\u2019\u00e9tapes pour avancer le concret des \u00e9tapes<br>18h00 &#8211; Ap\u00e9ro !<\/p>\n\n\n\n<p><strong>Dimanche <\/strong><br>09h00 &#8211; Accueil &amp; lancement de la journ\u00e9e<br>10h00 &#8211; Tour de pr\u00e9sentation des accueillants<br>11h15 &#8211; Ateliers th\u00e9matiques <br>12h30 &#8211;  Temps d&rsquo;\u00e9change Accueillants- pr\u00e9parateurs d\u2019\u00e9tapes<br>13h00 &#8211; Repas partag\u00e9 <br>14h30 &#8211; Rangement<\/p>\n\n\n\n<p class=\"has-medium-font-size\">En pratique<\/p>\n\n\n\n<p>Tu peux juste venir faire un coucou, rester<strong>&nbsp;1h, 1 journ\u00e9e ou tout le week-end<\/strong>&nbsp;!<\/p>\n\n\n\n<p>Si tu viens de loin,&nbsp;<strong>tu peux te faire h\u00e9berger<\/strong>&nbsp;chez les participant.e.s de la r\u00e9gion, envoie nous un petit mot \u00e0&nbsp;<a href=\"mailto:contact@altertour.net\">contact@altertour.net<\/a>&nbsp;(ou inscris toi dans le doc partag\u00e9 envoy\u00e9 par mail)<\/p>\n\n\n\n<p>Pour manger, chacun apporte sa contribution culinaire pour faire une&nbsp;<strong>auberge espagnole.<\/strong><\/p>\n\n\n\n<p>Retrouve les actu de l&rsquo;\u00e9v\u00e9nement ici pour <strong><a rel=\"noreferrer noopener\" aria-label=\"Nantes (s\u2019ouvre dans un nouvel onglet)\" href=\"https:\/\/www.facebook.com\/events\/1007648169424470\/\" target=\"_blank\">Nantes<\/a><\/strong> et <strong><a href=\"https:\/\/www.facebook.com\/events\/2228128854074905\/\" target=\"_blank\" rel=\"noreferrer noopener\" aria-label=\"Auch (s\u2019ouvre dans un nouvel onglet)\">Auch<\/a><\/strong><\/p>\n\n\n\n<p><br><\/p>\n","protected":false},"excerpt":{"rendered":"<p>Les 16-17 mars, c&rsquo;est le WE de pr\u00e9paration des \u00ab&nbsp;Accueillants&nbsp;\u00bb \u00e0 Auch et \u00e0 Nantes ! Le WE des \u00ab&nbsp;Accueillants&nbsp;\u00bb, qu\u2019est-ce que c\u2019est&nbsp;? C\u2019est un WE de pr\u00e9paration de l\u2019AlterTour, o\u00f9 l\u2019on rencontre ceux qui nous accueilleront cet \u00e9t\u00e9. A l\u2019ordre du jour de ce WE : rencontrer ! r\u00eaver &#8230; <\/p>\n<div><a href=\"https:\/\/www.altercampagne.net\/?p=12995\" class=\"more-link\">Read More<\/a><\/div>\n","protected":false},"author":192,"featured_media":12649,"comment_status":"closed","ping_status":"closed","sticky":false,"template":"","format":"standard","meta":{"footnotes":""},"categories":[3539,3479,3481],"tags":[434,1967,2146,3848],"class_list":["post-12995","post","type-post","status-publish","format-standard","has-post-thumbnail","hentry","category-we-de-preparation","category-nouvelle-aquitaine","category-pays-de-la-loire","tag-pleniere","tag-auch","tag-angers","tag-accueillants"],"yoast_head":"<!-- This site is optimized with the Yoast SEO plugin v27.3 - https:\/\/yoast.com\/product\/yoast-seo-wordpress\/ -->\n<title>Un avant go\u00fbt de l&#039;AlterTour - AlterTour<\/title>\n<meta name=\"robots\" content=\"index, follow, max-snippet:-1, max-image-preview:large, max-video-preview:-1\" \/>\n<link rel=\"canonical\" href=\"https:\/\/www.altercampagne.net\/?p=12995\" \/>\n<meta property=\"og:locale\" content=\"fr_FR\" \/>\n<meta property=\"og:type\" content=\"article\" \/>\n<meta property=\"og:title\" content=\"Un avant go\u00fbt de l&#039;AlterTour - AlterTour\" \/>\n<meta property=\"og:description\" content=\"Les 16-17 mars, c&rsquo;est le WE de pr\u00e9paration des \u00ab&nbsp;Accueillants&nbsp;\u00bb \u00e0 Auch et \u00e0 Nantes ! Le WE des \u00ab&nbsp;Accueillants&nbsp;\u00bb, qu\u2019est-ce que c\u2019est&nbsp;? C\u2019est un WE de pr\u00e9paration de l\u2019AlterTour, o\u00f9 l\u2019on rencontre ceux qui nous accueilleront cet \u00e9t\u00e9. A l\u2019ordre du jour de ce WE : rencontrer ! r\u00eaver ... Read More\" \/>\n<meta property=\"og:url\" content=\"https:\/\/www.altercampagne.net\/?p=12995\" \/>\n<meta property=\"og:site_name\" content=\"AlterTour\" \/>\n<meta property=\"article:published_time\" content=\"2019-02-22T11:15:38+00:00\" \/>\n<meta property=\"article:modified_time\" content=\"2019-03-12T08:56:50+00:00\" \/>\n<meta property=\"og:image\" content=\"https:\/\/www.altercampagne.net\/wp-content\/uploads\/2018\/12\/2018-03-25_0001P1020228.jpg\" \/>\n\t<meta property=\"og:image:width\" content=\"1004\" \/>\n\t<meta property=\"og:image:height\" content=\"565\" \/>\n\t<meta property=\"og:image:type\" content=\"image\/jpeg\" \/>\n<meta name=\"author\" content=\"Julie\" \/>\n<meta name=\"twitter:card\" content=\"summary_large_image\" \/>\n<meta name=\"twitter:label1\" content=\"\u00c9crit par\" \/>\n\t<meta name=\"twitter:data1\" content=\"Julie\" \/>\n\t<meta name=\"twitter:label2\" content=\"Dur\u00e9e de lecture estim\u00e9e\" \/>\n\t<meta name=\"twitter:data2\" content=\"2 minutes\" \/>\n<script type=\"application\/ld+json\" class=\"yoast-schema-graph\">{\"@context\":\"https:\\\/\\\/schema.org\",\"@graph\":[{\"@type\":\"Article\",\"@id\":\"https:\\\/\\\/www.altercampagne.net\\\/?p=12995#article\",\"isPartOf\":{\"@id\":\"https:\\\/\\\/www.altercampagne.net\\\/?p=12995\"},\"author\":{\"name\":\"Julie\",\"@id\":\"https:\\\/\\\/www.altercampagne.net\\\/#\\\/schema\\\/person\\\/ea52458af5ca10d56e01a1b53249ddc4\"},\"headline\":\"Un avant go\u00fbt de l&rsquo;AlterTour\",\"datePublished\":\"2019-02-22T11:15:38+00:00\",\"dateModified\":\"2019-03-12T08:56:50+00:00\",\"mainEntityOfPage\":{\"@id\":\"https:\\\/\\\/www.altercampagne.net\\\/?p=12995\"},\"wordCount\":367,\"image\":{\"@id\":\"https:\\\/\\\/www.altercampagne.net\\\/?p=12995#primaryimage\"},\"thumbnailUrl\":\"https:\\\/\\\/www.altercampagne.net\\\/wp-content\\\/uploads\\\/2018\\\/12\\\/2018-03-25_0001P1020228.jpg\",\"keywords\":[\"pl\u00e9ni\u00e8re\",\"Auch\",\"Angers\",\"accueillants\"],\"articleSection\":[\"WE de pr\u00e9paration\",\"Nouvelle-Aquitaine\",\"Pays de la Loire\"],\"inLanguage\":\"fr-FR\"},{\"@type\":\"WebPage\",\"@id\":\"https:\\\/\\\/www.altercampagne.net\\\/?p=12995\",\"url\":\"https:\\\/\\\/www.altercampagne.net\\\/?p=12995\",\"name\":\"Un avant go\u00fbt de l'AlterTour - AlterTour\",\"isPartOf\":{\"@id\":\"https:\\\/\\\/www.altercampagne.net\\\/#website\"},\"primaryImageOfPage\":{\"@id\":\"https:\\\/\\\/www.altercampagne.net\\\/?p=12995#primaryimage\"},\"image\":{\"@id\":\"https:\\\/\\\/www.altercampagne.net\\\/?p=12995#primaryimage\"},\"thumbnailUrl\":\"https:\\\/\\\/www.altercampagne.net\\\/wp-content\\\/uploads\\\/2018\\\/12\\\/2018-03-25_0001P1020228.jpg\",\"datePublished\":\"2019-02-22T11:15:38+00:00\",\"dateModified\":\"2019-03-12T08:56:50+00:00\",\"author\":{\"@id\":\"https:\\\/\\\/www.altercampagne.net\\\/#\\\/schema\\\/person\\\/ea52458af5ca10d56e01a1b53249ddc4\"},\"breadcrumb\":{\"@id\":\"https:\\\/\\\/www.altercampagne.net\\\/?p=12995#breadcrumb\"},\"inLanguage\":\"fr-FR\",\"potentialAction\":[{\"@type\":\"ReadAction\",\"target\":[\"https:\\\/\\\/www.altercampagne.net\\\/?p=12995\"]}]},{\"@type\":\"ImageObject\",\"inLanguage\":\"fr-FR\",\"@id\":\"https:\\\/\\\/www.altercampagne.net\\\/?p=12995#primaryimage\",\"url\":\"https:\\\/\\\/www.altercampagne.net\\\/wp-content\\\/uploads\\\/2018\\\/12\\\/2018-03-25_0001P1020228.jpg\",\"contentUrl\":\"https:\\\/\\\/www.altercampagne.net\\\/wp-content\\\/uploads\\\/2018\\\/12\\\/2018-03-25_0001P1020228.jpg\",\"width\":1004,\"height\":565},{\"@type\":\"BreadcrumbList\",\"@id\":\"https:\\\/\\\/www.altercampagne.net\\\/?p=12995#breadcrumb\",\"itemListElement\":[{\"@type\":\"ListItem\",\"position\":1,\"name\":\"Accueil\",\"item\":\"https:\\\/\\\/www.altercampagne.net\\\/\"},{\"@type\":\"ListItem\",\"position\":2,\"name\":\"Un avant go\u00fbt de l&rsquo;AlterTour\"}]},{\"@type\":\"WebSite\",\"@id\":\"https:\\\/\\\/www.altercampagne.net\\\/#website\",\"url\":\"https:\\\/\\\/www.altercampagne.net\\\/\",\"name\":\"AlterTour\",\"description\":\"Reliez les Alternatives \u00e0 v\u00e9lo\",\"potentialAction\":[{\"@type\":\"SearchAction\",\"target\":{\"@type\":\"EntryPoint\",\"urlTemplate\":\"https:\\\/\\\/www.altercampagne.net\\\/?s={search_term_string}\"},\"query-input\":{\"@type\":\"PropertyValueSpecification\",\"valueRequired\":true,\"valueName\":\"search_term_string\"}}],\"inLanguage\":\"fr-FR\"},{\"@type\":\"Person\",\"@id\":\"https:\\\/\\\/www.altercampagne.net\\\/#\\\/schema\\\/person\\\/ea52458af5ca10d56e01a1b53249ddc4\",\"name\":\"Julie\",\"image\":{\"@type\":\"ImageObject\",\"inLanguage\":\"fr-FR\",\"@id\":\"https:\\\/\\\/secure.gravatar.com\\\/avatar\\\/33c4c11c34e0f9cccad9f436c1a60f900028dcdb26df84756951418faf70fa39?s=96&d=mm&r=g\",\"url\":\"https:\\\/\\\/secure.gravatar.com\\\/avatar\\\/33c4c11c34e0f9cccad9f436c1a60f900028dcdb26df84756951418faf70fa39?s=96&d=mm&r=g\",\"contentUrl\":\"https:\\\/\\\/secure.gravatar.com\\\/avatar\\\/33c4c11c34e0f9cccad9f436c1a60f900028dcdb26df84756951418faf70fa39?s=96&d=mm&r=g\",\"caption\":\"Julie\"},\"url\":\"https:\\\/\\\/www.altercampagne.net\\\/?author=192\"}]}<\/script>\n<!-- \/ Yoast SEO plugin. -->","yoast_head_json":{"title":"Un avant go\u00fbt de l'AlterTour - AlterTour","robots":{"index":"index","follow":"follow","max-snippet":"max-snippet:-1","max-image-preview":"max-image-preview:large","max-video-preview":"max-video-preview:-1"},"canonical":"https:\/\/www.altercampagne.net\/?p=12995","og_locale":"fr_FR","og_type":"article","og_title":"Un avant go\u00fbt de l'AlterTour - AlterTour","og_description":"Les 16-17 mars, c&rsquo;est le WE de pr\u00e9paration des \u00ab&nbsp;Accueillants&nbsp;\u00bb \u00e0 Auch et \u00e0 Nantes ! Le WE des \u00ab&nbsp;Accueillants&nbsp;\u00bb, qu\u2019est-ce que c\u2019est&nbsp;? C\u2019est un WE de pr\u00e9paration de l\u2019AlterTour, o\u00f9 l\u2019on rencontre ceux qui nous accueilleront cet \u00e9t\u00e9. A l\u2019ordre du jour de ce WE : rencontrer ! r\u00eaver ... Read More","og_url":"https:\/\/www.altercampagne.net\/?p=12995","og_site_name":"AlterTour","article_published_time":"2019-02-22T11:15:38+00:00","article_modified_time":"2019-03-12T08:56:50+00:00","og_image":[{"width":1004,"height":565,"url":"https:\/\/www.altercampagne.net\/wp-content\/uploads\/2018\/12\/2018-03-25_0001P1020228.jpg","type":"image\/jpeg"}],"author":"Julie","twitter_card":"summary_large_image","twitter_misc":{"\u00c9crit par":"Julie","Dur\u00e9e de lecture estim\u00e9e":"2 minutes"},"schema":{"@context":"https:\/\/schema.org","@graph":[{"@type":"Article","@id":"https:\/\/www.altercampagne.net\/?p=12995#article","isPartOf":{"@id":"https:\/\/www.altercampagne.net\/?p=12995"},"author":{"name":"Julie","@id":"https:\/\/www.altercampagne.net\/#\/schema\/person\/ea52458af5ca10d56e01a1b53249ddc4"},"headline":"Un avant go\u00fbt de l&rsquo;AlterTour","datePublished":"2019-02-22T11:15:38+00:00","dateModified":"2019-03-12T08:56:50+00:00","mainEntityOfPage":{"@id":"https:\/\/www.altercampagne.net\/?p=12995"},"wordCount":367,"image":{"@id":"https:\/\/www.altercampagne.net\/?p=12995#primaryimage"},"thumbnailUrl":"https:\/\/www.altercampagne.net\/wp-content\/uploads\/2018\/12\/2018-03-25_0001P1020228.jpg","keywords":["pl\u00e9ni\u00e8re","Auch","Angers","accueillants"],"articleSection":["WE de pr\u00e9paration","Nouvelle-Aquitaine","Pays de la Loire"],"inLanguage":"fr-FR"},{"@type":"WebPage","@id":"https:\/\/www.altercampagne.net\/?p=12995","url":"https:\/\/www.altercampagne.net\/?p=12995","name":"Un avant go\u00fbt de l'AlterTour - AlterTour","isPartOf":{"@id":"https:\/\/www.altercampagne.net\/#website"},"primaryImageOfPage":{"@id":"https:\/\/www.altercampagne.net\/?p=12995#primaryimage"},"image":{"@id":"https:\/\/www.altercampagne.net\/?p=12995#primaryimage"},"thumbnailUrl":"https:\/\/www.altercampagne.net\/wp-content\/uploads\/2018\/12\/2018-03-25_0001P1020228.jpg","datePublished":"2019-02-22T11:15:38+00:00","dateModified":"2019-03-12T08:56:50+00:00","author":{"@id":"https:\/\/www.altercampagne.net\/#\/schema\/person\/ea52458af5ca10d56e01a1b53249ddc4"},"breadcrumb":{"@id":"https:\/\/www.altercampagne.net\/?p=12995#breadcrumb"},"inLanguage":"fr-FR","potentialAction":[{"@type":"ReadAction","target":["https:\/\/www.altercampagne.net\/?p=12995"]}]},{"@type":"ImageObject","inLanguage":"fr-FR","@id":"https:\/\/www.altercampagne.net\/?p=12995#primaryimage","url":"https:\/\/www.altercampagne.net\/wp-content\/uploads\/2018\/12\/2018-03-25_0001P1020228.jpg","contentUrl":"https:\/\/www.altercampagne.net\/wp-content\/uploads\/2018\/12\/2018-03-25_0001P1020228.jpg","width":1004,"height":565},{"@type":"BreadcrumbList","@id":"https:\/\/www.altercampagne.net\/?p=12995#breadcrumb","itemListElement":[{"@type":"ListItem","position":1,"name":"Accueil","item":"https:\/\/www.altercampagne.net\/"},{"@type":"ListItem","position":2,"name":"Un avant go\u00fbt de l&rsquo;AlterTour"}]},{"@type":"WebSite","@id":"https:\/\/www.altercampagne.net\/#website","url":"https:\/\/www.altercampagne.net\/","name":"AlterTour","description":"Reliez les Alternatives \u00e0 v\u00e9lo","potentialAction":[{"@type":"SearchAction","target":{"@type":"EntryPoint","urlTemplate":"https:\/\/www.altercampagne.net\/?s={search_term_string}"},"query-input":{"@type":"PropertyValueSpecification","valueRequired":true,"valueName":"search_term_string"}}],"inLanguage":"fr-FR"},{"@type":"Person","@id":"https:\/\/www.altercampagne.net\/#\/schema\/person\/ea52458af5ca10d56e01a1b53249ddc4","name":"Julie","image":{"@type":"ImageObject","inLanguage":"fr-FR","@id":"https:\/\/secure.gravatar.com\/avatar\/33c4c11c34e0f9cccad9f436c1a60f900028dcdb26df84756951418faf70fa39?s=96&d=mm&r=g","url":"https:\/\/secure.gravatar.com\/avatar\/33c4c11c34e0f9cccad9f436c1a60f900028dcdb26df84756951418faf70fa39?s=96&d=mm&r=g","contentUrl":"https:\/\/secure.gravatar.com\/avatar\/33c4c11c34e0f9cccad9f436c1a60f900028dcdb26df84756951418faf70fa39?s=96&d=mm&r=g","caption":"Julie"},"url":"https:\/\/www.altercampagne.net\/?author=192"}]}},"_links":{"self":[{"href":"https:\/\/www.altercampagne.net\/index.php?rest_route=\/wp\/v2\/posts\/12995","targetHints":{"allow":["GET"]}}],"collection":[{"href":"https:\/\/www.altercampagne.net\/index.php?rest_route=\/wp\/v2\/posts"}],"about":[{"href":"https:\/\/www.altercampagne.net\/index.php?rest_route=\/wp\/v2\/types\/post"}],"author":[{"embeddable":true,"href":"https:\/\/www.altercampagne.net\/index.php?rest_route=\/wp\/v2\/users\/192"}],"replies":[{"embeddable":true,"href":"https:\/\/www.altercampagne.net\/index.php?rest_route=%2Fwp%2Fv2%2Fcomments&post=12995"}],"version-history":[{"count":0,"href":"https:\/\/www.altercampagne.net\/index.php?rest_route=\/wp\/v2\/posts\/12995\/revisions"}],"wp:featuredmedia":[{"embeddable":true,"href":"https:\/\/www.altercampagne.net\/index.php?rest_route=\/wp\/v2\/media\/12649"}],"wp:attachment":[{"href":"https:\/\/www.altercampagne.net\/index.php?rest_route=%2Fwp%2Fv2%2Fmedia&parent=12995"}],"wp:term":[{"taxonomy":"category","embeddable":true,"href":"https:\/\/www.altercampagne.net\/index.php?rest_route=%2Fwp%2Fv2%2Fcategories&post=12995"},{"taxonomy":"post_tag","embeddable":true,"href":"https:\/\/www.altercampagne.net\/index.php?rest_route=%2Fwp%2Fv2%2Ftags&post=12995"}],"curies":[{"name":"wp","href":"https:\/\/api.w.org\/{rel}","templated":true}]}}