{"id":13066,"date":"2018-08-19T20:27:35","date_gmt":"2018-08-19T18:27:35","guid":{"rendered":"http:\/\/www.altercampagne.net\/?p=13066"},"modified":"2019-02-20T10:08:25","modified_gmt":"2019-02-20T09:08:25","slug":"echappee-belle-democratie-participative-et-journee-de-la-jupe","status":"publish","type":"post","link":"https:\/\/www.altercampagne.net\/?p=13066","title":{"rendered":"\u00c9chapp\u00e9e Belle, d\u00e9mocratie participative et journ\u00e9e de la jupe"},"content":{"rendered":"\n<p>A l\u2019invitation de mon amie Dutti, militante \u00e9cologique engag\u00e9e et membre active de l\u2019AlterTour depuis plusieurs ann\u00e9es, j\u2019ai pu rejoindre le temps d\u2019un week-end l\u2019\u00c9chapp\u00e9e Belle qui revenait des jardins-en-chantant (un artiste maraicher et sa compagne qui m\u00e9ritent le d\u00e9tour \u00e0 Herrlisheim pr\u00e8s<br> de Colmar) pour se rendre \u00e0 Kingersheim \u00e0 la rencontre de la d\u00e9mocratie participative pr\u00e9sent\u00e9e par le maire Jo Spiegel et les r\u00e9alisations \u00e9cologiques qui ont redonn\u00e9 une deuxi\u00e8me vie aux Sheds avec un restaurant bio pouvant faire office de salle de spectacle, recevoir un march\u00e9 paysan hebdomadaire, une \u00e9picerie permanente, un jardin p\u00e9dagogique \u00e0 quelques pas.<\/p>\n\n\n\n<h5 class=\"wp-block-heading\"> L\u2019\u00c9chapp\u00e9e Belle rejoint l&rsquo;AlterTour <\/h5>\n\n\n\n<p> Apr\u00e8s quelques kilom\u00e8tres de course contre la montre, la joyeuse \u00e9quip\u00e9e ayant r\u00e9alis\u00e9 qu\u2019un repas all\u00e9chant les attendait, nous rejoignons sous les applaudissements l\u2019AlterTour d\u00e9j\u00e0 bien attabl\u00e9 autour d\u2019un repas pr\u00e9par\u00e9 par leur soin avec des aliments bio d\u00e9licieux. On comprend mieux cette soudaine acc\u00e9l\u00e9ration du rythme de p\u00e9dalage \u00e0 priori contraire \u00e0 la philosophie de l\u2019AlterTour. Mais le ventre a ses limites et tant d\u2019efforts m\u00e9ritent r\u00e9confort.<\/p>\n\n\n\n<h5 class=\"wp-block-heading\">La d\u00e9mocratie participative \u00e0 Kingersheim <\/h5>\n\n\n\n<p> Une tr\u00e8s longue soir\u00e9e \u00e0 l\u2019\u00e9coute de Jo Spiegel et de la d\u00e9mocratie participative \u00e0 l\u2019\u0153uvre dans sa ville devant un public attentif malgr\u00e9 la fatigue, s\u00e9duit par l\u2019id\u00e9e m\u00eame si ses limites n\u2019ont pas \u00e9chapp\u00e9 \u00e0 tous et que le profil du politique professionnel classique a joliment \u00e9t\u00e9 interpell\u00e9 par un jeune homme de l\u2019assistance. Les dirigeants du monde de demain que veulent b\u00e2tir les alter mondialistes auront-ils le look de Jo Spiegel ? Oui, r\u00e9pondra ce dernier amus\u00e9. Assur\u00e9ment si c\u2019est vous, vous me ressemblerez\u2026<br> La d\u00e9mocratie participative a montr\u00e9 ses limites aussi lorsque Jo Spiegel a \u00e9voqu\u00e9 la cr\u00e9ation de la salle de pri\u00e8re pour la communaut\u00e9 musulmane loin d\u2019obtenir l\u2019unanimit\u00e9 de la population et qui a abouti malgr\u00e9 tout mais pourrait bien signer la fin de cette municipalit\u00e9 aux prochaines \u00e9lections.<br> Lorsque la peur gagne les citoyens faut-il la laisser gouverner ?<br> Apr\u00e8s une nuit sous tente et un r\u00e9veil au son d\u2019un sympathique refrain, un petit d\u00e9jeuner g\u00e9n\u00e9reux et vari\u00e9 pr\u00e9par\u00e9 par des b\u00e9n\u00e9voles enthousiastes, on s\u2019installe en cercle pour un \u00e9change sur les ressentis des participants. <\/p>\n\n\n\n<h5 class=\"wp-block-heading\">La journ\u00e9e de la jupe<\/h5>\n\n\n\n<p>C\u2019est la journ\u00e9e de la jupe et \u00e0 l\u2019AlterTour, de nombreux gar\u00e7ons la<br> porteront avec beaucoup d\u2019humour et de l\u00e9g\u00e8ret\u00e9.<br> D\u00e9\u00e7ue de mon cot\u00e9 de n\u2019avoir qu\u2019un short cycliste et un jogging pour m\u2019adapter \u00e0 la frugalit\u00e9 du tour, je suis ravie de la tournure tr\u00e8s alter de cette journ\u00e9e de la jupe \u00e0 l\u2019initiative d\u2019une prof de couture qui \u00e9voquera sans tabou la f\u00e9minit\u00e9, l\u2019\u00e9l\u00e9gance, ses exigences (comme l\u2019\u00e9pilation). Un grand vent de l\u00e9g\u00e8ret\u00e9 flottera ainsi sur cette journ\u00e9e m\u00eame si d\u2019aucune se montrera choqu\u00e9e qu\u2019on parle de poils \u00e0 l\u2019AlterTour et pense qu\u2019il s\u2019agit de sexisme que d\u2019\u00e9voquer les diff\u00e9rences li\u00e9es au genre ?<br> Un gar\u00e7on qui ne porte pas de jupe (car il n\u2019en a pas) voit dans cette d\u00e9marche l\u2019\u00e9quivalent du port de la boubou africaine. Un deuxi\u00e8me qui porte une robe tr\u00e8s sexy y voit un amusement semblant lourd \u00e0 porter lorsque j\u2019\u00e9voque le harc\u00e8lement des rues fait aux femmes en jupe ; il ne voit pas le rapport et semble mal \u00e0 l\u2019aise par mon attention \u00e0 son costume du jour. Un troisi\u00e8me souriant dans sa longue robe moulante semble pr\u00eat \u00e0 toutes les discussions mais le programme de la journ\u00e9e ne nous donnera pas ce temps.<\/p>\n\n\n\n<h5 class=\"wp-block-heading\">Le v\u00e9lo et la pollution<\/h5>\n\n\n\n<p> Le d\u00e9part en v\u00e9lo pour le village d\u2019Ungersheim o\u00f9 la municipalit\u00e9 \u00e9colo pratique la d\u00e9mocratie participative et l\u2019ouverture aux projets alter depuis plusieurs ann\u00e9es se fera l\u2019apr\u00e8s-midi malgr\u00e9 la chaleur \u00e9touffante. La joyeuse troupe p\u00e9dale, insouciante et ravie des projets enthousiasmants<br> rencontr\u00e9s et \u00e0 d\u00e9couvrir, indiff\u00e9rente au pic de pollution \u00e0 l\u2019ozone et aux conseils de prudence.<br> Vivre en mode alter n\u2019est pas sans risque mais peut \u00eatre demain ou apr\u00e8s demain, nos enfants vivront plus sereinement, plus sainement, plus attentifs aux autres, plus conscients que leur sant\u00e9 d\u00e9pend de la sant\u00e9 de la plan\u00e8te, plus conscients que rien ne changera vraiment tant que les femmes<br> porteront seules la jupe tandis que les hommes s\u2019accaparent le costume- cravate.<br> Merci \u00e0 Dutti de m\u2019avoir fait d\u00e9couvrir et partager cette joyeuse et passionnante \u00e9quip\u00e9e porteuse d\u2019espoir pour demain, promesse d\u2019un relooking du monde et de leurs dirigeants.<\/p>\n\n\n\n<p style=\"text-align:right\"><br> <strong>Monique<\/strong><\/p>\n","protected":false},"excerpt":{"rendered":"<p>A l\u2019invitation de mon amie Dutti, militante \u00e9cologique engag\u00e9e et membre active de l\u2019AlterTour depuis plusieurs ann\u00e9es, j\u2019ai pu rejoindre le temps d\u2019un week-end l\u2019\u00c9chapp\u00e9e Belle qui revenait des jardins-en-chantant (un artiste maraicher et sa compagne qui m\u00e9ritent le d\u00e9tour \u00e0 Herrlisheim pr\u00e8s de Colmar) pour se rendre \u00e0 Kingersheim &#8230; <\/p>\n<div><a href=\"https:\/\/www.altercampagne.net\/?p=13066\" class=\"more-link\">Read More<\/a><\/div>\n","protected":false},"author":214,"featured_media":13067,"comment_status":"closed","ping_status":"closed","sticky":false,"template":"","format":"standard","meta":{"footnotes":""},"categories":[3231,3475,3470],"tags":[3346,3376,3657,3855],"class_list":["post-13066","post","type-post","status-publish","format-standard","has-post-thumbnail","hentry","category-echappee-belle","category-grand-est","category-edition-2018","tag-ungersheim","tag-kingersheim","tag-democratie-participative","tag-journee-de-la-jupe"],"yoast_head":"<!-- This site is optimized with the Yoast SEO plugin v27.3 - https:\/\/yoast.com\/product\/yoast-seo-wordpress\/ -->\n<title>\u00c9chapp\u00e9e Belle, d\u00e9mocratie participative et journ\u00e9e de la jupe - AlterTour<\/title>\n<meta name=\"robots\" content=\"index, follow, max-snippet:-1, max-image-preview:large, max-video-preview:-1\" \/>\n<link rel=\"canonical\" href=\"https:\/\/www.altercampagne.net\/?p=13066\" \/>\n<meta property=\"og:locale\" content=\"fr_FR\" \/>\n<meta property=\"og:type\" content=\"article\" \/>\n<meta property=\"og:title\" content=\"\u00c9chapp\u00e9e Belle, d\u00e9mocratie participative et journ\u00e9e de la jupe - AlterTour\" \/>\n<meta property=\"og:description\" content=\"A l\u2019invitation de mon amie Dutti, militante \u00e9cologique engag\u00e9e et membre active de l\u2019AlterTour depuis plusieurs ann\u00e9es, j\u2019ai pu rejoindre le temps d\u2019un week-end l\u2019\u00c9chapp\u00e9e Belle qui revenait des jardins-en-chantant (un artiste maraicher et sa compagne qui m\u00e9ritent le d\u00e9tour \u00e0 Herrlisheim pr\u00e8s de Colmar) pour se rendre \u00e0 Kingersheim ... Read More\" \/>\n<meta property=\"og:url\" content=\"https:\/\/www.altercampagne.net\/?p=13066\" \/>\n<meta property=\"og:site_name\" content=\"AlterTour\" \/>\n<meta property=\"article:published_time\" content=\"2018-08-19T18:27:35+00:00\" \/>\n<meta property=\"article:modified_time\" content=\"2019-02-20T09:08:25+00:00\" \/>\n<meta property=\"og:image\" content=\"https:\/\/www.altercampagne.net\/wp-content\/uploads\/2019\/02\/2018-08-18_0001IMGP5514.jpg\" \/>\n\t<meta property=\"og:image:width\" content=\"800\" \/>\n\t<meta property=\"og:image:height\" content=\"419\" \/>\n\t<meta property=\"og:image:type\" content=\"image\/jpeg\" \/>\n<meta name=\"author\" content=\"Mathieu\" \/>\n<meta name=\"twitter:card\" content=\"summary_large_image\" \/>\n<meta name=\"twitter:label1\" content=\"\u00c9crit par\" \/>\n\t<meta name=\"twitter:data1\" content=\"Mathieu\" \/>\n\t<meta name=\"twitter:label2\" content=\"Dur\u00e9e de lecture estim\u00e9e\" \/>\n\t<meta name=\"twitter:data2\" content=\"4 minutes\" \/>\n<script type=\"application\/ld+json\" class=\"yoast-schema-graph\">{\"@context\":\"https:\\\/\\\/schema.org\",\"@graph\":[{\"@type\":\"Article\",\"@id\":\"https:\\\/\\\/www.altercampagne.net\\\/?p=13066#article\",\"isPartOf\":{\"@id\":\"https:\\\/\\\/www.altercampagne.net\\\/?p=13066\"},\"author\":{\"name\":\"Mathieu\",\"@id\":\"https:\\\/\\\/www.altercampagne.net\\\/#\\\/schema\\\/person\\\/0f261460c09e430caa0f9bcffa319109\"},\"headline\":\"\u00c9chapp\u00e9e Belle, d\u00e9mocratie participative et journ\u00e9e de la jupe\",\"datePublished\":\"2018-08-19T18:27:35+00:00\",\"dateModified\":\"2019-02-20T09:08:25+00:00\",\"mainEntityOfPage\":{\"@id\":\"https:\\\/\\\/www.altercampagne.net\\\/?p=13066\"},\"wordCount\":843,\"image\":{\"@id\":\"https:\\\/\\\/www.altercampagne.net\\\/?p=13066#primaryimage\"},\"thumbnailUrl\":\"https:\\\/\\\/www.altercampagne.net\\\/wp-content\\\/uploads\\\/2019\\\/02\\\/2018-08-18_0001IMGP5514.jpg\",\"keywords\":[\"Ungersheim\",\"Kingersheim\",\"d\u00e9mocratie participative\",\"journ\u00e9e de la jupe\"],\"articleSection\":[\"Echapp\u00e9e Belle\",\"Grand Est\",\"\u00c9dition 2018\"],\"inLanguage\":\"fr-FR\"},{\"@type\":\"WebPage\",\"@id\":\"https:\\\/\\\/www.altercampagne.net\\\/?p=13066\",\"url\":\"https:\\\/\\\/www.altercampagne.net\\\/?p=13066\",\"name\":\"\u00c9chapp\u00e9e Belle, d\u00e9mocratie participative et journ\u00e9e de la jupe - AlterTour\",\"isPartOf\":{\"@id\":\"https:\\\/\\\/www.altercampagne.net\\\/#website\"},\"primaryImageOfPage\":{\"@id\":\"https:\\\/\\\/www.altercampagne.net\\\/?p=13066#primaryimage\"},\"image\":{\"@id\":\"https:\\\/\\\/www.altercampagne.net\\\/?p=13066#primaryimage\"},\"thumbnailUrl\":\"https:\\\/\\\/www.altercampagne.net\\\/wp-content\\\/uploads\\\/2019\\\/02\\\/2018-08-18_0001IMGP5514.jpg\",\"datePublished\":\"2018-08-19T18:27:35+00:00\",\"dateModified\":\"2019-02-20T09:08:25+00:00\",\"author\":{\"@id\":\"https:\\\/\\\/www.altercampagne.net\\\/#\\\/schema\\\/person\\\/0f261460c09e430caa0f9bcffa319109\"},\"breadcrumb\":{\"@id\":\"https:\\\/\\\/www.altercampagne.net\\\/?p=13066#breadcrumb\"},\"inLanguage\":\"fr-FR\",\"potentialAction\":[{\"@type\":\"ReadAction\",\"target\":[\"https:\\\/\\\/www.altercampagne.net\\\/?p=13066\"]}]},{\"@type\":\"ImageObject\",\"inLanguage\":\"fr-FR\",\"@id\":\"https:\\\/\\\/www.altercampagne.net\\\/?p=13066#primaryimage\",\"url\":\"https:\\\/\\\/www.altercampagne.net\\\/wp-content\\\/uploads\\\/2019\\\/02\\\/2018-08-18_0001IMGP5514.jpg\",\"contentUrl\":\"https:\\\/\\\/www.altercampagne.net\\\/wp-content\\\/uploads\\\/2019\\\/02\\\/2018-08-18_0001IMGP5514.jpg\",\"width\":800,\"height\":419},{\"@type\":\"BreadcrumbList\",\"@id\":\"https:\\\/\\\/www.altercampagne.net\\\/?p=13066#breadcrumb\",\"itemListElement\":[{\"@type\":\"ListItem\",\"position\":1,\"name\":\"Accueil\",\"item\":\"https:\\\/\\\/www.altercampagne.net\\\/\"},{\"@type\":\"ListItem\",\"position\":2,\"name\":\"\u00c9chapp\u00e9e Belle, d\u00e9mocratie participative et journ\u00e9e de la jupe\"}]},{\"@type\":\"WebSite\",\"@id\":\"https:\\\/\\\/www.altercampagne.net\\\/#website\",\"url\":\"https:\\\/\\\/www.altercampagne.net\\\/\",\"name\":\"AlterTour\",\"description\":\"Reliez les Alternatives \u00e0 v\u00e9lo\",\"potentialAction\":[{\"@type\":\"SearchAction\",\"target\":{\"@type\":\"EntryPoint\",\"urlTemplate\":\"https:\\\/\\\/www.altercampagne.net\\\/?s={search_term_string}\"},\"query-input\":{\"@type\":\"PropertyValueSpecification\",\"valueRequired\":true,\"valueName\":\"search_term_string\"}}],\"inLanguage\":\"fr-FR\"},{\"@type\":\"Person\",\"@id\":\"https:\\\/\\\/www.altercampagne.net\\\/#\\\/schema\\\/person\\\/0f261460c09e430caa0f9bcffa319109\",\"name\":\"Mathieu\",\"image\":{\"@type\":\"ImageObject\",\"inLanguage\":\"fr-FR\",\"@id\":\"https:\\\/\\\/secure.gravatar.com\\\/avatar\\\/aa9d3d24c83f2141e5e2709d0f63d09a99f6be6bb7a50abc4915838d9f54501a?s=96&d=mm&r=g\",\"url\":\"https:\\\/\\\/secure.gravatar.com\\\/avatar\\\/aa9d3d24c83f2141e5e2709d0f63d09a99f6be6bb7a50abc4915838d9f54501a?s=96&d=mm&r=g\",\"contentUrl\":\"https:\\\/\\\/secure.gravatar.com\\\/avatar\\\/aa9d3d24c83f2141e5e2709d0f63d09a99f6be6bb7a50abc4915838d9f54501a?s=96&d=mm&r=g\",\"caption\":\"Mathieu\"},\"url\":\"https:\\\/\\\/www.altercampagne.net\\\/?author=214\"}]}<\/script>\n<!-- \/ Yoast SEO plugin. -->","yoast_head_json":{"title":"\u00c9chapp\u00e9e Belle, d\u00e9mocratie participative et journ\u00e9e de la jupe - AlterTour","robots":{"index":"index","follow":"follow","max-snippet":"max-snippet:-1","max-image-preview":"max-image-preview:large","max-video-preview":"max-video-preview:-1"},"canonical":"https:\/\/www.altercampagne.net\/?p=13066","og_locale":"fr_FR","og_type":"article","og_title":"\u00c9chapp\u00e9e Belle, d\u00e9mocratie participative et journ\u00e9e de la jupe - AlterTour","og_description":"A l\u2019invitation de mon amie Dutti, militante \u00e9cologique engag\u00e9e et membre active de l\u2019AlterTour depuis plusieurs ann\u00e9es, j\u2019ai pu rejoindre le temps d\u2019un week-end l\u2019\u00c9chapp\u00e9e Belle qui revenait des jardins-en-chantant (un artiste maraicher et sa compagne qui m\u00e9ritent le d\u00e9tour \u00e0 Herrlisheim pr\u00e8s de Colmar) pour se rendre \u00e0 Kingersheim ... Read More","og_url":"https:\/\/www.altercampagne.net\/?p=13066","og_site_name":"AlterTour","article_published_time":"2018-08-19T18:27:35+00:00","article_modified_time":"2019-02-20T09:08:25+00:00","og_image":[{"width":800,"height":419,"url":"https:\/\/www.altercampagne.net\/wp-content\/uploads\/2019\/02\/2018-08-18_0001IMGP5514.jpg","type":"image\/jpeg"}],"author":"Mathieu","twitter_card":"summary_large_image","twitter_misc":{"\u00c9crit par":"Mathieu","Dur\u00e9e de lecture estim\u00e9e":"4 minutes"},"schema":{"@context":"https:\/\/schema.org","@graph":[{"@type":"Article","@id":"https:\/\/www.altercampagne.net\/?p=13066#article","isPartOf":{"@id":"https:\/\/www.altercampagne.net\/?p=13066"},"author":{"name":"Mathieu","@id":"https:\/\/www.altercampagne.net\/#\/schema\/person\/0f261460c09e430caa0f9bcffa319109"},"headline":"\u00c9chapp\u00e9e Belle, d\u00e9mocratie participative et journ\u00e9e de la jupe","datePublished":"2018-08-19T18:27:35+00:00","dateModified":"2019-02-20T09:08:25+00:00","mainEntityOfPage":{"@id":"https:\/\/www.altercampagne.net\/?p=13066"},"wordCount":843,"image":{"@id":"https:\/\/www.altercampagne.net\/?p=13066#primaryimage"},"thumbnailUrl":"https:\/\/www.altercampagne.net\/wp-content\/uploads\/2019\/02\/2018-08-18_0001IMGP5514.jpg","keywords":["Ungersheim","Kingersheim","d\u00e9mocratie participative","journ\u00e9e de la jupe"],"articleSection":["Echapp\u00e9e Belle","Grand Est","\u00c9dition 2018"],"inLanguage":"fr-FR"},{"@type":"WebPage","@id":"https:\/\/www.altercampagne.net\/?p=13066","url":"https:\/\/www.altercampagne.net\/?p=13066","name":"\u00c9chapp\u00e9e Belle, d\u00e9mocratie participative et journ\u00e9e de la jupe - AlterTour","isPartOf":{"@id":"https:\/\/www.altercampagne.net\/#website"},"primaryImageOfPage":{"@id":"https:\/\/www.altercampagne.net\/?p=13066#primaryimage"},"image":{"@id":"https:\/\/www.altercampagne.net\/?p=13066#primaryimage"},"thumbnailUrl":"https:\/\/www.altercampagne.net\/wp-content\/uploads\/2019\/02\/2018-08-18_0001IMGP5514.jpg","datePublished":"2018-08-19T18:27:35+00:00","dateModified":"2019-02-20T09:08:25+00:00","author":{"@id":"https:\/\/www.altercampagne.net\/#\/schema\/person\/0f261460c09e430caa0f9bcffa319109"},"breadcrumb":{"@id":"https:\/\/www.altercampagne.net\/?p=13066#breadcrumb"},"inLanguage":"fr-FR","potentialAction":[{"@type":"ReadAction","target":["https:\/\/www.altercampagne.net\/?p=13066"]}]},{"@type":"ImageObject","inLanguage":"fr-FR","@id":"https:\/\/www.altercampagne.net\/?p=13066#primaryimage","url":"https:\/\/www.altercampagne.net\/wp-content\/uploads\/2019\/02\/2018-08-18_0001IMGP5514.jpg","contentUrl":"https:\/\/www.altercampagne.net\/wp-content\/uploads\/2019\/02\/2018-08-18_0001IMGP5514.jpg","width":800,"height":419},{"@type":"BreadcrumbList","@id":"https:\/\/www.altercampagne.net\/?p=13066#breadcrumb","itemListElement":[{"@type":"ListItem","position":1,"name":"Accueil","item":"https:\/\/www.altercampagne.net\/"},{"@type":"ListItem","position":2,"name":"\u00c9chapp\u00e9e Belle, d\u00e9mocratie participative et journ\u00e9e de la jupe"}]},{"@type":"WebSite","@id":"https:\/\/www.altercampagne.net\/#website","url":"https:\/\/www.altercampagne.net\/","name":"AlterTour","description":"Reliez les Alternatives \u00e0 v\u00e9lo","potentialAction":[{"@type":"SearchAction","target":{"@type":"EntryPoint","urlTemplate":"https:\/\/www.altercampagne.net\/?s={search_term_string}"},"query-input":{"@type":"PropertyValueSpecification","valueRequired":true,"valueName":"search_term_string"}}],"inLanguage":"fr-FR"},{"@type":"Person","@id":"https:\/\/www.altercampagne.net\/#\/schema\/person\/0f261460c09e430caa0f9bcffa319109","name":"Mathieu","image":{"@type":"ImageObject","inLanguage":"fr-FR","@id":"https:\/\/secure.gravatar.com\/avatar\/aa9d3d24c83f2141e5e2709d0f63d09a99f6be6bb7a50abc4915838d9f54501a?s=96&d=mm&r=g","url":"https:\/\/secure.gravatar.com\/avatar\/aa9d3d24c83f2141e5e2709d0f63d09a99f6be6bb7a50abc4915838d9f54501a?s=96&d=mm&r=g","contentUrl":"https:\/\/secure.gravatar.com\/avatar\/aa9d3d24c83f2141e5e2709d0f63d09a99f6be6bb7a50abc4915838d9f54501a?s=96&d=mm&r=g","caption":"Mathieu"},"url":"https:\/\/www.altercampagne.net\/?author=214"}]}},"_links":{"self":[{"href":"https:\/\/www.altercampagne.net\/index.php?rest_route=\/wp\/v2\/posts\/13066","targetHints":{"allow":["GET"]}}],"collection":[{"href":"https:\/\/www.altercampagne.net\/index.php?rest_route=\/wp\/v2\/posts"}],"about":[{"href":"https:\/\/www.altercampagne.net\/index.php?rest_route=\/wp\/v2\/types\/post"}],"author":[{"embeddable":true,"href":"https:\/\/www.altercampagne.net\/index.php?rest_route=\/wp\/v2\/users\/214"}],"replies":[{"embeddable":true,"href":"https:\/\/www.altercampagne.net\/index.php?rest_route=%2Fwp%2Fv2%2Fcomments&post=13066"}],"version-history":[{"count":0,"href":"https:\/\/www.altercampagne.net\/index.php?rest_route=\/wp\/v2\/posts\/13066\/revisions"}],"wp:featuredmedia":[{"embeddable":true,"href":"https:\/\/www.altercampagne.net\/index.php?rest_route=\/wp\/v2\/media\/13067"}],"wp:attachment":[{"href":"https:\/\/www.altercampagne.net\/index.php?rest_route=%2Fwp%2Fv2%2Fmedia&parent=13066"}],"wp:term":[{"taxonomy":"category","embeddable":true,"href":"https:\/\/www.altercampagne.net\/index.php?rest_route=%2Fwp%2Fv2%2Fcategories&post=13066"},{"taxonomy":"post_tag","embeddable":true,"href":"https:\/\/www.altercampagne.net\/index.php?rest_route=%2Fwp%2Fv2%2Ftags&post=13066"}],"curies":[{"name":"wp","href":"https:\/\/api.w.org\/{rel}","templated":true}]}}