{"id":13124,"date":"2019-02-20T08:26:59","date_gmt":"2019-02-20T07:26:59","guid":{"rendered":"http:\/\/www.altercampagne.net\/?p=13124"},"modified":"2019-03-08T08:53:08","modified_gmt":"2019-03-08T07:53:08","slug":"la-decroissance-ou-en-est-on","status":"publish","type":"post","link":"https:\/\/www.altercampagne.net\/?p=13124","title":{"rendered":"La d\u00e9croissance, o\u00f9 en est-on ?"},"content":{"rendered":"\n<p><strong>D\u00e9croissants et des d\u00e9bats<\/strong><\/p>\n\n\n\n<p><em>Quels sont les d\u00e9bats qui animent les acteurs et les actrices de la d\u00e9croissance&nbsp;? Les sujets qui sont travaill\u00e9s aujourd\u2019hui ? <\/em>Silence<em>\n est all\u00e9 interroger un certain nombre de protagonistes du mouvement \nd\u00e9croissant porteu\u00b7ses d\u2019une vision \u00e9mancipatrice de celle-ci.<\/em><\/p>\n\n\n\n<p><strong>Une dynamique internationale de recherches d\u00e9croissantes<\/strong><\/p>\n\n\n\n<p><em>Aucune \u00ab\u00a0Internationale\u00a0\u00bb politique ne s\u2019est encore cr\u00e9\u00e9e pour \nporter un projet de d\u00e9croissance\u2026 m\u00eame si de nombreuses rencontres \nscientifiques transnationales ont permis \u00e0 la recherche dans ce domaine \nde tresser un r\u00e9seau qui pourrait porter ses fruits.<\/em><\/p>\n\n\n\n<p><strong><em>Cargonomia<\/em>, une coop\u00e9rative d\u2019activit\u00e9s d\u00e9croissante \u00e0 Budapest<\/strong><\/p>\n\n\n\n<p><em>Vincent Li\u00e9gey, militant de la d\u00e9croissance, a cofond\u00e9 \u00e0 Budapest\n une initiative qui allie transports doux et relocalisation de \nl\u2019\u00e9conomie&nbsp;: <\/em>Cargonomia<em>. Il interroge ici les interactions entre exp\u00e9rimentation pratique et transformation sociale et politique.<\/em><\/p>\n\n\n\n<p><strong>Les pratiques de simplicit\u00e9 volontaire, entre r\u00e9cup\u00e9ration et r\u00e9appropriation<\/strong><\/p>\n\n\n\n<p><em>Par sa capacit\u00e9 infinie \u00e0 r\u00e9cup\u00e9rer tout ce qui sort de son \ngiron, le capitalisme parvient \u00e0 d\u00e9tourner les pratiques de simplicit\u00e9 \nvolontaire\u2026 mais ce n\u2019est pas une fatalit\u00e9.<\/em><\/p>\n\n\n\n<p><strong>\u00c0 Lyon, les nouveaux r\u00e9seaux de la d\u00e9croissance<\/strong><\/p>\n\n\n\n<p><em>Les r\u00e9seaux militants d\u00e9croissants, plut\u00f4t absents de la sc\u00e8ne \n\u00e9cologiste il y a quelques ann\u00e9es, se renouvellent partout en France. \nExemple \u00e0 Lyon, terreau historique de la d\u00e9croissance, avec la revue Les\n Lucioles, le R\u00e9seau universitaire d\u00e9croissant et le collectif des \nD\u00e9c\u00e2bl\u00e9s.<\/em><\/p>\n\n\n\n<h4 class=\"wp-block-heading\"> <strong>Des articles<\/strong> <\/h4>\n\n\n\n<p>Les algues marines, un fertilisant bio<br>\nVous ne casserez pas ! R\u00e9sistances villageoises aux extensions de carri\u00e8re<br>\nNucl\u00e9aire : petite histoire de l\u2019uranium<br>\nLes moyens violents sont incompatibles avec une soci\u00e9t\u00e9 anarchiste<br>\nEurope, ouvre-toi !<\/p>\n\n\n\n<h4 class=\"wp-block-heading\"> <strong>Des chroniques et des br\u00e8ves<\/strong> <\/h4>\n\n\n\n<p> Bonnes nouvelles de la terre : Dans le Morvan, un village accueille des demandeu\u00b7ses d\u2019asile<br>\nChroniques terriennes : De l&rsquo;\u00e9conomie circulaire en politique&#8230;<br>\nD\u00e9sarmons ! : Vous avez dit un d\u00e9bat \u00ab\u00a0sans tabou\u00a0\u00bb ?<br>\nUn lieu \u00e0 soi : Les b\u00e9guinages : cit\u00e9s de femmes dans les villes europ\u00e9ennes du Moyen \u00c2ge<br>\nL&rsquo;\u00e9cologie, c&rsquo;est la sant\u00e9\u2009: 2019 : sale temps pour le glyphosate !<\/p>\n\n\n\n<p>Belle journ\u00e9e et bonne lecture !<\/p>\n\n\n\n<p>Retrouvez la Revue Silence en Biocoop et\/ou abonnez-vous directement sur leur site : <a href=\"http:\/\/www.revuesilence.net\/\" target=\"_blank\" rel=\"noreferrer noopener\">http:\/\/www.revuesilence.net\/<\/a><br>\nToutes nos publications sur la <a href=\"http:\/\/www.altercampagne.net\/?cat=3248\">Revue Silence<\/a><\/p>\n\n\n\n<figure class=\"wp-block-image\"><img loading=\"lazy\" decoding=\"async\" width=\"595\" height=\"842\" src=\"http:\/\/www.altercampagne.net\/wp-content\/uploads\/2019\/03\/476bd.jpg\" alt=\"\" class=\"wp-image-13131\" srcset=\"https:\/\/www.altercampagne.net\/wp-content\/uploads\/2019\/03\/476bd.jpg 595w, https:\/\/www.altercampagne.net\/wp-content\/uploads\/2019\/03\/476bd-212x300.jpg 212w, https:\/\/www.altercampagne.net\/wp-content\/uploads\/2019\/03\/476bd-100x142.jpg 100w\" sizes=\"auto, (max-width: 595px) 100vw, 595px\" \/><\/figure>\n","protected":false},"excerpt":{"rendered":"<p>D\u00e9croissants et des d\u00e9bats Quels sont les d\u00e9bats qui animent les acteurs et les actrices de la d\u00e9croissance&nbsp;? Les sujets qui sont travaill\u00e9s aujourd\u2019hui ? Silence est all\u00e9 interroger un certain nombre de protagonistes du mouvement d\u00e9croissant porteu\u00b7ses d\u2019une vision \u00e9mancipatrice de celle-ci. Une dynamique internationale de recherches d\u00e9croissantes Aucune &#8230; <\/p>\n<div><a href=\"https:\/\/www.altercampagne.net\/?p=13124\" class=\"more-link\">Read More<\/a><\/div>\n","protected":false},"author":214,"featured_media":13130,"comment_status":"closed","ping_status":"closed","sticky":false,"template":"","format":"standard","meta":{"footnotes":""},"categories":[3248],"tags":[217,685,3856,3858,3859],"class_list":["post-13124","post","type-post","status-publish","format-standard","has-post-thumbnail","hentry","category-silence","tag-decroissance","tag-vincent-liegey","tag-mars-2019","tag-cargonomia","tag-budapest"],"yoast_head":"<!-- This site is optimized with the Yoast SEO plugin v27.3 - https:\/\/yoast.com\/product\/yoast-seo-wordpress\/ -->\n<title>La d\u00e9croissance, o\u00f9 en est-on ? - AlterTour<\/title>\n<meta name=\"robots\" content=\"index, follow, max-snippet:-1, max-image-preview:large, max-video-preview:-1\" \/>\n<link rel=\"canonical\" href=\"https:\/\/www.altercampagne.net\/?p=13124\" \/>\n<meta property=\"og:locale\" content=\"fr_FR\" \/>\n<meta property=\"og:type\" content=\"article\" \/>\n<meta property=\"og:title\" content=\"La d\u00e9croissance, o\u00f9 en est-on ? - AlterTour\" \/>\n<meta property=\"og:description\" content=\"D\u00e9croissants et des d\u00e9bats Quels sont les d\u00e9bats qui animent les acteurs et les actrices de la d\u00e9croissance&nbsp;? Les sujets qui sont travaill\u00e9s aujourd\u2019hui ? Silence est all\u00e9 interroger un certain nombre de protagonistes du mouvement d\u00e9croissant porteu\u00b7ses d\u2019une vision \u00e9mancipatrice de celle-ci. Une dynamique internationale de recherches d\u00e9croissantes Aucune ... Read More\" \/>\n<meta property=\"og:url\" content=\"https:\/\/www.altercampagne.net\/?p=13124\" \/>\n<meta property=\"og:site_name\" content=\"AlterTour\" \/>\n<meta property=\"article:published_time\" content=\"2019-02-20T07:26:59+00:00\" \/>\n<meta property=\"article:modified_time\" content=\"2019-03-08T07:53:08+00:00\" \/>\n<meta property=\"og:image\" content=\"https:\/\/www.altercampagne.net\/wp-content\/uploads\/2019\/02\/476bd-illustration.jpg\" \/>\n\t<meta property=\"og:image:width\" content=\"595\" \/>\n\t<meta property=\"og:image:height\" content=\"311\" \/>\n\t<meta property=\"og:image:type\" content=\"image\/jpeg\" \/>\n<meta name=\"author\" content=\"Mathieu\" \/>\n<meta name=\"twitter:card\" content=\"summary_large_image\" \/>\n<meta name=\"twitter:label1\" content=\"\u00c9crit par\" \/>\n\t<meta name=\"twitter:data1\" content=\"Mathieu\" \/>\n\t<meta name=\"twitter:label2\" content=\"Dur\u00e9e de lecture estim\u00e9e\" \/>\n\t<meta name=\"twitter:data2\" content=\"2 minutes\" \/>\n<script type=\"application\/ld+json\" class=\"yoast-schema-graph\">{\"@context\":\"https:\\\/\\\/schema.org\",\"@graph\":[{\"@type\":\"Article\",\"@id\":\"https:\\\/\\\/www.altercampagne.net\\\/?p=13124#article\",\"isPartOf\":{\"@id\":\"https:\\\/\\\/www.altercampagne.net\\\/?p=13124\"},\"author\":{\"name\":\"Mathieu\",\"@id\":\"https:\\\/\\\/www.altercampagne.net\\\/#\\\/schema\\\/person\\\/0f261460c09e430caa0f9bcffa319109\"},\"headline\":\"La d\u00e9croissance, o\u00f9 en est-on ?\",\"datePublished\":\"2019-02-20T07:26:59+00:00\",\"dateModified\":\"2019-03-08T07:53:08+00:00\",\"mainEntityOfPage\":{\"@id\":\"https:\\\/\\\/www.altercampagne.net\\\/?p=13124\"},\"wordCount\":396,\"image\":{\"@id\":\"https:\\\/\\\/www.altercampagne.net\\\/?p=13124#primaryimage\"},\"thumbnailUrl\":\"https:\\\/\\\/www.altercampagne.net\\\/wp-content\\\/uploads\\\/2019\\\/02\\\/476bd-illustration.jpg\",\"keywords\":[\"d\u00e9croissance\",\"Vincent Liegey\",\"mars 2019\",\"Cargonomia\",\"Budapest\"],\"articleSection\":[\"Silence\"],\"inLanguage\":\"fr-FR\"},{\"@type\":\"WebPage\",\"@id\":\"https:\\\/\\\/www.altercampagne.net\\\/?p=13124\",\"url\":\"https:\\\/\\\/www.altercampagne.net\\\/?p=13124\",\"name\":\"La d\u00e9croissance, o\u00f9 en est-on ? - AlterTour\",\"isPartOf\":{\"@id\":\"https:\\\/\\\/www.altercampagne.net\\\/#website\"},\"primaryImageOfPage\":{\"@id\":\"https:\\\/\\\/www.altercampagne.net\\\/?p=13124#primaryimage\"},\"image\":{\"@id\":\"https:\\\/\\\/www.altercampagne.net\\\/?p=13124#primaryimage\"},\"thumbnailUrl\":\"https:\\\/\\\/www.altercampagne.net\\\/wp-content\\\/uploads\\\/2019\\\/02\\\/476bd-illustration.jpg\",\"datePublished\":\"2019-02-20T07:26:59+00:00\",\"dateModified\":\"2019-03-08T07:53:08+00:00\",\"author\":{\"@id\":\"https:\\\/\\\/www.altercampagne.net\\\/#\\\/schema\\\/person\\\/0f261460c09e430caa0f9bcffa319109\"},\"breadcrumb\":{\"@id\":\"https:\\\/\\\/www.altercampagne.net\\\/?p=13124#breadcrumb\"},\"inLanguage\":\"fr-FR\",\"potentialAction\":[{\"@type\":\"ReadAction\",\"target\":[\"https:\\\/\\\/www.altercampagne.net\\\/?p=13124\"]}]},{\"@type\":\"ImageObject\",\"inLanguage\":\"fr-FR\",\"@id\":\"https:\\\/\\\/www.altercampagne.net\\\/?p=13124#primaryimage\",\"url\":\"https:\\\/\\\/www.altercampagne.net\\\/wp-content\\\/uploads\\\/2019\\\/02\\\/476bd-illustration.jpg\",\"contentUrl\":\"https:\\\/\\\/www.altercampagne.net\\\/wp-content\\\/uploads\\\/2019\\\/02\\\/476bd-illustration.jpg\",\"width\":595,\"height\":311},{\"@type\":\"BreadcrumbList\",\"@id\":\"https:\\\/\\\/www.altercampagne.net\\\/?p=13124#breadcrumb\",\"itemListElement\":[{\"@type\":\"ListItem\",\"position\":1,\"name\":\"Accueil\",\"item\":\"https:\\\/\\\/www.altercampagne.net\\\/\"},{\"@type\":\"ListItem\",\"position\":2,\"name\":\"La d\u00e9croissance, o\u00f9 en est-on ?\"}]},{\"@type\":\"WebSite\",\"@id\":\"https:\\\/\\\/www.altercampagne.net\\\/#website\",\"url\":\"https:\\\/\\\/www.altercampagne.net\\\/\",\"name\":\"AlterTour\",\"description\":\"Reliez les Alternatives \u00e0 v\u00e9lo\",\"potentialAction\":[{\"@type\":\"SearchAction\",\"target\":{\"@type\":\"EntryPoint\",\"urlTemplate\":\"https:\\\/\\\/www.altercampagne.net\\\/?s={search_term_string}\"},\"query-input\":{\"@type\":\"PropertyValueSpecification\",\"valueRequired\":true,\"valueName\":\"search_term_string\"}}],\"inLanguage\":\"fr-FR\"},{\"@type\":\"Person\",\"@id\":\"https:\\\/\\\/www.altercampagne.net\\\/#\\\/schema\\\/person\\\/0f261460c09e430caa0f9bcffa319109\",\"name\":\"Mathieu\",\"image\":{\"@type\":\"ImageObject\",\"inLanguage\":\"fr-FR\",\"@id\":\"https:\\\/\\\/secure.gravatar.com\\\/avatar\\\/aa9d3d24c83f2141e5e2709d0f63d09a99f6be6bb7a50abc4915838d9f54501a?s=96&d=mm&r=g\",\"url\":\"https:\\\/\\\/secure.gravatar.com\\\/avatar\\\/aa9d3d24c83f2141e5e2709d0f63d09a99f6be6bb7a50abc4915838d9f54501a?s=96&d=mm&r=g\",\"contentUrl\":\"https:\\\/\\\/secure.gravatar.com\\\/avatar\\\/aa9d3d24c83f2141e5e2709d0f63d09a99f6be6bb7a50abc4915838d9f54501a?s=96&d=mm&r=g\",\"caption\":\"Mathieu\"},\"url\":\"https:\\\/\\\/www.altercampagne.net\\\/?author=214\"}]}<\/script>\n<!-- \/ Yoast SEO plugin. -->","yoast_head_json":{"title":"La d\u00e9croissance, o\u00f9 en est-on ? - AlterTour","robots":{"index":"index","follow":"follow","max-snippet":"max-snippet:-1","max-image-preview":"max-image-preview:large","max-video-preview":"max-video-preview:-1"},"canonical":"https:\/\/www.altercampagne.net\/?p=13124","og_locale":"fr_FR","og_type":"article","og_title":"La d\u00e9croissance, o\u00f9 en est-on ? - AlterTour","og_description":"D\u00e9croissants et des d\u00e9bats Quels sont les d\u00e9bats qui animent les acteurs et les actrices de la d\u00e9croissance&nbsp;? Les sujets qui sont travaill\u00e9s aujourd\u2019hui ? Silence est all\u00e9 interroger un certain nombre de protagonistes du mouvement d\u00e9croissant porteu\u00b7ses d\u2019une vision \u00e9mancipatrice de celle-ci. Une dynamique internationale de recherches d\u00e9croissantes Aucune ... Read More","og_url":"https:\/\/www.altercampagne.net\/?p=13124","og_site_name":"AlterTour","article_published_time":"2019-02-20T07:26:59+00:00","article_modified_time":"2019-03-08T07:53:08+00:00","og_image":[{"width":595,"height":311,"url":"https:\/\/www.altercampagne.net\/wp-content\/uploads\/2019\/02\/476bd-illustration.jpg","type":"image\/jpeg"}],"author":"Mathieu","twitter_card":"summary_large_image","twitter_misc":{"\u00c9crit par":"Mathieu","Dur\u00e9e de lecture estim\u00e9e":"2 minutes"},"schema":{"@context":"https:\/\/schema.org","@graph":[{"@type":"Article","@id":"https:\/\/www.altercampagne.net\/?p=13124#article","isPartOf":{"@id":"https:\/\/www.altercampagne.net\/?p=13124"},"author":{"name":"Mathieu","@id":"https:\/\/www.altercampagne.net\/#\/schema\/person\/0f261460c09e430caa0f9bcffa319109"},"headline":"La d\u00e9croissance, o\u00f9 en est-on ?","datePublished":"2019-02-20T07:26:59+00:00","dateModified":"2019-03-08T07:53:08+00:00","mainEntityOfPage":{"@id":"https:\/\/www.altercampagne.net\/?p=13124"},"wordCount":396,"image":{"@id":"https:\/\/www.altercampagne.net\/?p=13124#primaryimage"},"thumbnailUrl":"https:\/\/www.altercampagne.net\/wp-content\/uploads\/2019\/02\/476bd-illustration.jpg","keywords":["d\u00e9croissance","Vincent Liegey","mars 2019","Cargonomia","Budapest"],"articleSection":["Silence"],"inLanguage":"fr-FR"},{"@type":"WebPage","@id":"https:\/\/www.altercampagne.net\/?p=13124","url":"https:\/\/www.altercampagne.net\/?p=13124","name":"La d\u00e9croissance, o\u00f9 en est-on ? - AlterTour","isPartOf":{"@id":"https:\/\/www.altercampagne.net\/#website"},"primaryImageOfPage":{"@id":"https:\/\/www.altercampagne.net\/?p=13124#primaryimage"},"image":{"@id":"https:\/\/www.altercampagne.net\/?p=13124#primaryimage"},"thumbnailUrl":"https:\/\/www.altercampagne.net\/wp-content\/uploads\/2019\/02\/476bd-illustration.jpg","datePublished":"2019-02-20T07:26:59+00:00","dateModified":"2019-03-08T07:53:08+00:00","author":{"@id":"https:\/\/www.altercampagne.net\/#\/schema\/person\/0f261460c09e430caa0f9bcffa319109"},"breadcrumb":{"@id":"https:\/\/www.altercampagne.net\/?p=13124#breadcrumb"},"inLanguage":"fr-FR","potentialAction":[{"@type":"ReadAction","target":["https:\/\/www.altercampagne.net\/?p=13124"]}]},{"@type":"ImageObject","inLanguage":"fr-FR","@id":"https:\/\/www.altercampagne.net\/?p=13124#primaryimage","url":"https:\/\/www.altercampagne.net\/wp-content\/uploads\/2019\/02\/476bd-illustration.jpg","contentUrl":"https:\/\/www.altercampagne.net\/wp-content\/uploads\/2019\/02\/476bd-illustration.jpg","width":595,"height":311},{"@type":"BreadcrumbList","@id":"https:\/\/www.altercampagne.net\/?p=13124#breadcrumb","itemListElement":[{"@type":"ListItem","position":1,"name":"Accueil","item":"https:\/\/www.altercampagne.net\/"},{"@type":"ListItem","position":2,"name":"La d\u00e9croissance, o\u00f9 en est-on ?"}]},{"@type":"WebSite","@id":"https:\/\/www.altercampagne.net\/#website","url":"https:\/\/www.altercampagne.net\/","name":"AlterTour","description":"Reliez les Alternatives \u00e0 v\u00e9lo","potentialAction":[{"@type":"SearchAction","target":{"@type":"EntryPoint","urlTemplate":"https:\/\/www.altercampagne.net\/?s={search_term_string}"},"query-input":{"@type":"PropertyValueSpecification","valueRequired":true,"valueName":"search_term_string"}}],"inLanguage":"fr-FR"},{"@type":"Person","@id":"https:\/\/www.altercampagne.net\/#\/schema\/person\/0f261460c09e430caa0f9bcffa319109","name":"Mathieu","image":{"@type":"ImageObject","inLanguage":"fr-FR","@id":"https:\/\/secure.gravatar.com\/avatar\/aa9d3d24c83f2141e5e2709d0f63d09a99f6be6bb7a50abc4915838d9f54501a?s=96&d=mm&r=g","url":"https:\/\/secure.gravatar.com\/avatar\/aa9d3d24c83f2141e5e2709d0f63d09a99f6be6bb7a50abc4915838d9f54501a?s=96&d=mm&r=g","contentUrl":"https:\/\/secure.gravatar.com\/avatar\/aa9d3d24c83f2141e5e2709d0f63d09a99f6be6bb7a50abc4915838d9f54501a?s=96&d=mm&r=g","caption":"Mathieu"},"url":"https:\/\/www.altercampagne.net\/?author=214"}]}},"_links":{"self":[{"href":"https:\/\/www.altercampagne.net\/index.php?rest_route=\/wp\/v2\/posts\/13124","targetHints":{"allow":["GET"]}}],"collection":[{"href":"https:\/\/www.altercampagne.net\/index.php?rest_route=\/wp\/v2\/posts"}],"about":[{"href":"https:\/\/www.altercampagne.net\/index.php?rest_route=\/wp\/v2\/types\/post"}],"author":[{"embeddable":true,"href":"https:\/\/www.altercampagne.net\/index.php?rest_route=\/wp\/v2\/users\/214"}],"replies":[{"embeddable":true,"href":"https:\/\/www.altercampagne.net\/index.php?rest_route=%2Fwp%2Fv2%2Fcomments&post=13124"}],"version-history":[{"count":0,"href":"https:\/\/www.altercampagne.net\/index.php?rest_route=\/wp\/v2\/posts\/13124\/revisions"}],"wp:featuredmedia":[{"embeddable":true,"href":"https:\/\/www.altercampagne.net\/index.php?rest_route=\/wp\/v2\/media\/13130"}],"wp:attachment":[{"href":"https:\/\/www.altercampagne.net\/index.php?rest_route=%2Fwp%2Fv2%2Fmedia&parent=13124"}],"wp:term":[{"taxonomy":"category","embeddable":true,"href":"https:\/\/www.altercampagne.net\/index.php?rest_route=%2Fwp%2Fv2%2Fcategories&post=13124"},{"taxonomy":"post_tag","embeddable":true,"href":"https:\/\/www.altercampagne.net\/index.php?rest_route=%2Fwp%2Fv2%2Ftags&post=13124"}],"curies":[{"name":"wp","href":"https:\/\/api.w.org\/{rel}","templated":true}]}}