{"id":13139,"date":"2018-12-19T09:11:37","date_gmt":"2018-12-19T08:11:37","guid":{"rendered":"http:\/\/www.altercampagne.net\/?p=13139"},"modified":"2019-03-08T09:20:20","modified_gmt":"2019-03-08T08:20:20","slug":"alternatives-en-cote-dor-et-yonne","status":"publish","type":"post","link":"https:\/\/www.altercampagne.net\/?p=13139","title":{"rendered":"Alternatives en C\u00f4te-d&rsquo;Or et Yonne"},"content":{"rendered":"\n<p><strong>L\u2019\u00e9cole d\u00e9mocratique de Dijon&nbsp;: apprendre en toute libert\u00e9<\/strong><\/p>\n\n\n\n<p><em>\u00c0 Dijon s\u2019est ouverte en mai 2014 la premi\u00e8re \u00ab\u00a0\u00e9cole \nd\u00e9mocratique\u00a0\u00bb de France. Un lieu o\u00f9 l\u2019on exp\u00e9rimente au quotidien \nd\u2019autres mani\u00e8res d\u2019apprendre et d\u2019\u00eatre en relation.<\/em><\/p>\n\n\n\n<p><strong>Le quartier libre des Lentill\u00e8res&nbsp;: une ZAD mara\u00eech\u00e8re urbaine<\/strong><\/p>\n\n\n\n<p><em>Depuis 2010, le dernier espace mara\u00eecher de Dijon est occup\u00e9 pour\n maintenir des zones mara\u00eech\u00e8res en ville. Aujourd\u2019hui, plus de 80 \npersonnes vivent sur 8&nbsp;ha, accompagn\u00e9es par une centaine de jardini\u00b7\u00e8res\n et autant de participant\u00b7es aux march\u00e9s \u00e0 prix libres. Un \n\u00ab\u00a0\u00e9co-quartier\u00a0\u00bb sans b\u00e9ton.<\/em><\/p>\n\n\n\n<p><strong>Autour d\u2019Avallon<\/strong><\/p>\n\n\n\n<p><em>Pierre-Emmanuel Weck, photographe, habite \u00e0 Avallon, dans le sud \nde l\u2019Yonne. Il nous pr\u00e9sente quelques initiatives de son voisinage en \nphotos.<\/em><\/p>\n\n\n\n<p><strong><em>Germinal&nbsp;:<\/em> la coop\u00e9ration au service de la bio et du local<\/strong><\/p>\n\n\n\n<p><em>La coop\u00e9rative <\/em>Germinal<em> g\u00e8re quatre magasins bio dans le\n d\u00e9partement de l\u2019Yonne. Elle est aujourd\u2019hui un exemple dans le monde \ncoop\u00e9ratif du maintien des engagements sur une longue p\u00e9riode.<\/em><\/p>\n\n\n\n<p><strong><em>Fruimalin<\/em> rend les fruits solidaires<\/strong><\/p>\n\n\n\n<p><em>Depuis plus de dix ans, l\u2019association <\/em>Fruimalin<em> met en \nplace des actions de cueillette et de valorisation des fruits non \nr\u00e9colt\u00e9s, collectant plus de 5 tonnes par an dans l\u2019agglom\u00e9ration \ndijonnaise.<\/em><\/p>\n\n\n\n<p><strong><em>Risomes,<\/em> un r\u00e9seau d\u2019initiatives au sein d\u2019un village dynamique<\/strong><\/p>\n\n\n\n<p><em>Depuis 2015, en seulement trois ans, \u00e0 partir d\u2019un appel lanc\u00e9 \npar deux couples nouveaux arrivants, la commune de M\u00e2lain, \u00e0 20 km \u00e0 \nl\u2019ouest de Dijon, a vu se d\u00e9velopper tout un chapelet d\u2019initiatives \n\u00e9cologiques et solidaires.<\/em><\/p>\n\n\n\n<p><strong>Alternatives en C\u00f4te-d&rsquo;Or et Yonne<\/strong><\/p>\n\n\n\n<h4 class=\"wp-block-heading\">Des articles,  des <strong>chroniques et des br\u00e8ves<\/strong>  <\/h4>\n\n\n\n<p>L&rsquo;aberration de la voiture \u00e0 hydrog\u00e8ne en 10 arguments simples<br>\nLes alternatives, r\u00e9ponse aux risques d&rsquo;effondrement ?<br>\nUniferme f\u00eate ses 40 ans<br>\nMarcher pour la for\u00eat<br>\nLes utopies de Rutger Bregman et les n\u00f4tres<br>\nL\u2019efficacit\u00e9 \u00e9nerg\u00e9tique, n\u00e9cessaire mais pas suffisante<br>\nLa gratuit\u00e9 des transports publics, \u00e7a marche ! <br>\nPhotos : La ZAD des Lentill\u00e8res<\/p>\n\n\n\n<p>Belle journ\u00e9e et bonne lecture !<\/p>\n\n\n\n<p>Retrouvez la Revue Silence en Biocoop et\/ou abonnez-vous directement sur leur site : <a href=\"http:\/\/www.revuesilence.net\/\" target=\"_blank\" rel=\"noreferrer noopener\">http:\/\/www.revuesilence.net\/<\/a><br>\nToutes nos publications sur la <a href=\"http:\/\/www.altercampagne.net\/?cat=3248\">Revue Silence<\/a><\/p>\n\n\n\n<figure class=\"wp-block-image\"><img loading=\"lazy\" decoding=\"async\" width=\"595\" height=\"842\" src=\"http:\/\/www.altercampagne.net\/wp-content\/uploads\/2019\/03\/474bd.jpg\" alt=\"\" class=\"wp-image-13141\" srcset=\"https:\/\/www.altercampagne.net\/wp-content\/uploads\/2019\/03\/474bd.jpg 595w, https:\/\/www.altercampagne.net\/wp-content\/uploads\/2019\/03\/474bd-212x300.jpg 212w, https:\/\/www.altercampagne.net\/wp-content\/uploads\/2019\/03\/474bd-100x142.jpg 100w\" sizes=\"auto, (max-width: 595px) 100vw, 595px\" \/><\/figure>\n","protected":false},"excerpt":{"rendered":"<p>L\u2019\u00e9cole d\u00e9mocratique de Dijon&nbsp;: apprendre en toute libert\u00e9 \u00c0 Dijon s\u2019est ouverte en mai 2014 la premi\u00e8re \u00ab\u00a0\u00e9cole d\u00e9mocratique\u00a0\u00bb de France. Un lieu o\u00f9 l\u2019on exp\u00e9rimente au quotidien d\u2019autres mani\u00e8res d\u2019apprendre et d\u2019\u00eatre en relation. Le quartier libre des Lentill\u00e8res&nbsp;: une ZAD mara\u00eech\u00e8re urbaine Depuis 2010, le dernier espace mara\u00eecher &#8230; <\/p>\n<div><a href=\"https:\/\/www.altercampagne.net\/?p=13139\" class=\"more-link\">Read More<\/a><\/div>\n","protected":false},"author":214,"featured_media":13140,"comment_status":"closed","ping_status":"closed","sticky":false,"template":"","format":"standard","meta":{"footnotes":""},"categories":[3248],"tags":[902,1038,1057,3870,3871,3872,3873,3874],"class_list":["post-13139","post","type-post","status-publish","format-standard","has-post-thumbnail","hentry","category-silence","tag-fruimalin","tag-cote-dor","tag-yonne","tag-janvier-2019","tag-lentilleres","tag-zad-maraichere-urbaine","tag-cooperative-germinal","tag-risomes"],"yoast_head":"<!-- This site is optimized with the Yoast SEO plugin v27.3 - https:\/\/yoast.com\/product\/yoast-seo-wordpress\/ -->\n<title>Alternatives en C\u00f4te-d&#039;Or et Yonne - AlterTour<\/title>\n<meta name=\"robots\" content=\"index, follow, max-snippet:-1, max-image-preview:large, max-video-preview:-1\" \/>\n<link rel=\"canonical\" href=\"https:\/\/www.altercampagne.net\/?p=13139\" \/>\n<meta property=\"og:locale\" content=\"fr_FR\" \/>\n<meta property=\"og:type\" content=\"article\" \/>\n<meta property=\"og:title\" content=\"Alternatives en C\u00f4te-d&#039;Or et Yonne - AlterTour\" \/>\n<meta property=\"og:description\" content=\"L\u2019\u00e9cole d\u00e9mocratique de Dijon&nbsp;: apprendre en toute libert\u00e9 \u00c0 Dijon s\u2019est ouverte en mai 2014 la premi\u00e8re \u00ab\u00a0\u00e9cole d\u00e9mocratique\u00a0\u00bb de France. Un lieu o\u00f9 l\u2019on exp\u00e9rimente au quotidien d\u2019autres mani\u00e8res d\u2019apprendre et d\u2019\u00eatre en relation. Le quartier libre des Lentill\u00e8res&nbsp;: une ZAD mara\u00eech\u00e8re urbaine Depuis 2010, le dernier espace mara\u00eecher ... Read More\" \/>\n<meta property=\"og:url\" content=\"https:\/\/www.altercampagne.net\/?p=13139\" \/>\n<meta property=\"og:site_name\" content=\"AlterTour\" \/>\n<meta property=\"article:published_time\" content=\"2018-12-19T08:11:37+00:00\" \/>\n<meta property=\"article:modified_time\" content=\"2019-03-08T08:20:20+00:00\" \/>\n<meta property=\"og:image\" content=\"https:\/\/www.altercampagne.net\/wp-content\/uploads\/2019\/03\/474bd-illustration.jpg\" \/>\n\t<meta property=\"og:image:width\" content=\"595\" \/>\n\t<meta property=\"og:image:height\" content=\"311\" \/>\n\t<meta property=\"og:image:type\" content=\"image\/jpeg\" \/>\n<meta name=\"author\" content=\"Mathieu\" \/>\n<meta name=\"twitter:card\" content=\"summary_large_image\" \/>\n<meta name=\"twitter:label1\" content=\"\u00c9crit par\" \/>\n\t<meta name=\"twitter:data1\" content=\"Mathieu\" \/>\n\t<meta name=\"twitter:label2\" content=\"Dur\u00e9e de lecture estim\u00e9e\" \/>\n\t<meta name=\"twitter:data2\" content=\"2 minutes\" \/>\n<script type=\"application\/ld+json\" class=\"yoast-schema-graph\">{\"@context\":\"https:\\\/\\\/schema.org\",\"@graph\":[{\"@type\":\"Article\",\"@id\":\"https:\\\/\\\/www.altercampagne.net\\\/?p=13139#article\",\"isPartOf\":{\"@id\":\"https:\\\/\\\/www.altercampagne.net\\\/?p=13139\"},\"author\":{\"name\":\"Mathieu\",\"@id\":\"https:\\\/\\\/www.altercampagne.net\\\/#\\\/schema\\\/person\\\/0f261460c09e430caa0f9bcffa319109\"},\"headline\":\"Alternatives en C\u00f4te-d&rsquo;Or et Yonne\",\"datePublished\":\"2018-12-19T08:11:37+00:00\",\"dateModified\":\"2019-03-08T08:20:20+00:00\",\"mainEntityOfPage\":{\"@id\":\"https:\\\/\\\/www.altercampagne.net\\\/?p=13139\"},\"wordCount\":384,\"image\":{\"@id\":\"https:\\\/\\\/www.altercampagne.net\\\/?p=13139#primaryimage\"},\"thumbnailUrl\":\"https:\\\/\\\/www.altercampagne.net\\\/wp-content\\\/uploads\\\/2019\\\/03\\\/474bd-illustration.jpg\",\"keywords\":[\"Fruimalin\",\"c\u00f4te-d'or\",\"yonne\",\"Janvier 2019\",\"Lentill\u00e8res\",\"ZAD mara\u00eech\u00e8re urbaine\",\"coop\u00e9rative Germinal\",\"Risomes\"],\"articleSection\":[\"Silence\"],\"inLanguage\":\"fr-FR\"},{\"@type\":\"WebPage\",\"@id\":\"https:\\\/\\\/www.altercampagne.net\\\/?p=13139\",\"url\":\"https:\\\/\\\/www.altercampagne.net\\\/?p=13139\",\"name\":\"Alternatives en C\u00f4te-d'Or et Yonne - AlterTour\",\"isPartOf\":{\"@id\":\"https:\\\/\\\/www.altercampagne.net\\\/#website\"},\"primaryImageOfPage\":{\"@id\":\"https:\\\/\\\/www.altercampagne.net\\\/?p=13139#primaryimage\"},\"image\":{\"@id\":\"https:\\\/\\\/www.altercampagne.net\\\/?p=13139#primaryimage\"},\"thumbnailUrl\":\"https:\\\/\\\/www.altercampagne.net\\\/wp-content\\\/uploads\\\/2019\\\/03\\\/474bd-illustration.jpg\",\"datePublished\":\"2018-12-19T08:11:37+00:00\",\"dateModified\":\"2019-03-08T08:20:20+00:00\",\"author\":{\"@id\":\"https:\\\/\\\/www.altercampagne.net\\\/#\\\/schema\\\/person\\\/0f261460c09e430caa0f9bcffa319109\"},\"breadcrumb\":{\"@id\":\"https:\\\/\\\/www.altercampagne.net\\\/?p=13139#breadcrumb\"},\"inLanguage\":\"fr-FR\",\"potentialAction\":[{\"@type\":\"ReadAction\",\"target\":[\"https:\\\/\\\/www.altercampagne.net\\\/?p=13139\"]}]},{\"@type\":\"ImageObject\",\"inLanguage\":\"fr-FR\",\"@id\":\"https:\\\/\\\/www.altercampagne.net\\\/?p=13139#primaryimage\",\"url\":\"https:\\\/\\\/www.altercampagne.net\\\/wp-content\\\/uploads\\\/2019\\\/03\\\/474bd-illustration.jpg\",\"contentUrl\":\"https:\\\/\\\/www.altercampagne.net\\\/wp-content\\\/uploads\\\/2019\\\/03\\\/474bd-illustration.jpg\",\"width\":595,\"height\":311},{\"@type\":\"BreadcrumbList\",\"@id\":\"https:\\\/\\\/www.altercampagne.net\\\/?p=13139#breadcrumb\",\"itemListElement\":[{\"@type\":\"ListItem\",\"position\":1,\"name\":\"Accueil\",\"item\":\"https:\\\/\\\/www.altercampagne.net\\\/\"},{\"@type\":\"ListItem\",\"position\":2,\"name\":\"Alternatives en C\u00f4te-d&rsquo;Or et Yonne\"}]},{\"@type\":\"WebSite\",\"@id\":\"https:\\\/\\\/www.altercampagne.net\\\/#website\",\"url\":\"https:\\\/\\\/www.altercampagne.net\\\/\",\"name\":\"AlterTour\",\"description\":\"Reliez les Alternatives \u00e0 v\u00e9lo\",\"potentialAction\":[{\"@type\":\"SearchAction\",\"target\":{\"@type\":\"EntryPoint\",\"urlTemplate\":\"https:\\\/\\\/www.altercampagne.net\\\/?s={search_term_string}\"},\"query-input\":{\"@type\":\"PropertyValueSpecification\",\"valueRequired\":true,\"valueName\":\"search_term_string\"}}],\"inLanguage\":\"fr-FR\"},{\"@type\":\"Person\",\"@id\":\"https:\\\/\\\/www.altercampagne.net\\\/#\\\/schema\\\/person\\\/0f261460c09e430caa0f9bcffa319109\",\"name\":\"Mathieu\",\"image\":{\"@type\":\"ImageObject\",\"inLanguage\":\"fr-FR\",\"@id\":\"https:\\\/\\\/secure.gravatar.com\\\/avatar\\\/aa9d3d24c83f2141e5e2709d0f63d09a99f6be6bb7a50abc4915838d9f54501a?s=96&d=mm&r=g\",\"url\":\"https:\\\/\\\/secure.gravatar.com\\\/avatar\\\/aa9d3d24c83f2141e5e2709d0f63d09a99f6be6bb7a50abc4915838d9f54501a?s=96&d=mm&r=g\",\"contentUrl\":\"https:\\\/\\\/secure.gravatar.com\\\/avatar\\\/aa9d3d24c83f2141e5e2709d0f63d09a99f6be6bb7a50abc4915838d9f54501a?s=96&d=mm&r=g\",\"caption\":\"Mathieu\"},\"url\":\"https:\\\/\\\/www.altercampagne.net\\\/?author=214\"}]}<\/script>\n<!-- \/ Yoast SEO plugin. -->","yoast_head_json":{"title":"Alternatives en C\u00f4te-d'Or et Yonne - AlterTour","robots":{"index":"index","follow":"follow","max-snippet":"max-snippet:-1","max-image-preview":"max-image-preview:large","max-video-preview":"max-video-preview:-1"},"canonical":"https:\/\/www.altercampagne.net\/?p=13139","og_locale":"fr_FR","og_type":"article","og_title":"Alternatives en C\u00f4te-d'Or et Yonne - AlterTour","og_description":"L\u2019\u00e9cole d\u00e9mocratique de Dijon&nbsp;: apprendre en toute libert\u00e9 \u00c0 Dijon s\u2019est ouverte en mai 2014 la premi\u00e8re \u00ab\u00a0\u00e9cole d\u00e9mocratique\u00a0\u00bb de France. Un lieu o\u00f9 l\u2019on exp\u00e9rimente au quotidien d\u2019autres mani\u00e8res d\u2019apprendre et d\u2019\u00eatre en relation. Le quartier libre des Lentill\u00e8res&nbsp;: une ZAD mara\u00eech\u00e8re urbaine Depuis 2010, le dernier espace mara\u00eecher ... Read More","og_url":"https:\/\/www.altercampagne.net\/?p=13139","og_site_name":"AlterTour","article_published_time":"2018-12-19T08:11:37+00:00","article_modified_time":"2019-03-08T08:20:20+00:00","og_image":[{"width":595,"height":311,"url":"https:\/\/www.altercampagne.net\/wp-content\/uploads\/2019\/03\/474bd-illustration.jpg","type":"image\/jpeg"}],"author":"Mathieu","twitter_card":"summary_large_image","twitter_misc":{"\u00c9crit par":"Mathieu","Dur\u00e9e de lecture estim\u00e9e":"2 minutes"},"schema":{"@context":"https:\/\/schema.org","@graph":[{"@type":"Article","@id":"https:\/\/www.altercampagne.net\/?p=13139#article","isPartOf":{"@id":"https:\/\/www.altercampagne.net\/?p=13139"},"author":{"name":"Mathieu","@id":"https:\/\/www.altercampagne.net\/#\/schema\/person\/0f261460c09e430caa0f9bcffa319109"},"headline":"Alternatives en C\u00f4te-d&rsquo;Or et Yonne","datePublished":"2018-12-19T08:11:37+00:00","dateModified":"2019-03-08T08:20:20+00:00","mainEntityOfPage":{"@id":"https:\/\/www.altercampagne.net\/?p=13139"},"wordCount":384,"image":{"@id":"https:\/\/www.altercampagne.net\/?p=13139#primaryimage"},"thumbnailUrl":"https:\/\/www.altercampagne.net\/wp-content\/uploads\/2019\/03\/474bd-illustration.jpg","keywords":["Fruimalin","c\u00f4te-d'or","yonne","Janvier 2019","Lentill\u00e8res","ZAD mara\u00eech\u00e8re urbaine","coop\u00e9rative Germinal","Risomes"],"articleSection":["Silence"],"inLanguage":"fr-FR"},{"@type":"WebPage","@id":"https:\/\/www.altercampagne.net\/?p=13139","url":"https:\/\/www.altercampagne.net\/?p=13139","name":"Alternatives en C\u00f4te-d'Or et Yonne - AlterTour","isPartOf":{"@id":"https:\/\/www.altercampagne.net\/#website"},"primaryImageOfPage":{"@id":"https:\/\/www.altercampagne.net\/?p=13139#primaryimage"},"image":{"@id":"https:\/\/www.altercampagne.net\/?p=13139#primaryimage"},"thumbnailUrl":"https:\/\/www.altercampagne.net\/wp-content\/uploads\/2019\/03\/474bd-illustration.jpg","datePublished":"2018-12-19T08:11:37+00:00","dateModified":"2019-03-08T08:20:20+00:00","author":{"@id":"https:\/\/www.altercampagne.net\/#\/schema\/person\/0f261460c09e430caa0f9bcffa319109"},"breadcrumb":{"@id":"https:\/\/www.altercampagne.net\/?p=13139#breadcrumb"},"inLanguage":"fr-FR","potentialAction":[{"@type":"ReadAction","target":["https:\/\/www.altercampagne.net\/?p=13139"]}]},{"@type":"ImageObject","inLanguage":"fr-FR","@id":"https:\/\/www.altercampagne.net\/?p=13139#primaryimage","url":"https:\/\/www.altercampagne.net\/wp-content\/uploads\/2019\/03\/474bd-illustration.jpg","contentUrl":"https:\/\/www.altercampagne.net\/wp-content\/uploads\/2019\/03\/474bd-illustration.jpg","width":595,"height":311},{"@type":"BreadcrumbList","@id":"https:\/\/www.altercampagne.net\/?p=13139#breadcrumb","itemListElement":[{"@type":"ListItem","position":1,"name":"Accueil","item":"https:\/\/www.altercampagne.net\/"},{"@type":"ListItem","position":2,"name":"Alternatives en C\u00f4te-d&rsquo;Or et Yonne"}]},{"@type":"WebSite","@id":"https:\/\/www.altercampagne.net\/#website","url":"https:\/\/www.altercampagne.net\/","name":"AlterTour","description":"Reliez les Alternatives \u00e0 v\u00e9lo","potentialAction":[{"@type":"SearchAction","target":{"@type":"EntryPoint","urlTemplate":"https:\/\/www.altercampagne.net\/?s={search_term_string}"},"query-input":{"@type":"PropertyValueSpecification","valueRequired":true,"valueName":"search_term_string"}}],"inLanguage":"fr-FR"},{"@type":"Person","@id":"https:\/\/www.altercampagne.net\/#\/schema\/person\/0f261460c09e430caa0f9bcffa319109","name":"Mathieu","image":{"@type":"ImageObject","inLanguage":"fr-FR","@id":"https:\/\/secure.gravatar.com\/avatar\/aa9d3d24c83f2141e5e2709d0f63d09a99f6be6bb7a50abc4915838d9f54501a?s=96&d=mm&r=g","url":"https:\/\/secure.gravatar.com\/avatar\/aa9d3d24c83f2141e5e2709d0f63d09a99f6be6bb7a50abc4915838d9f54501a?s=96&d=mm&r=g","contentUrl":"https:\/\/secure.gravatar.com\/avatar\/aa9d3d24c83f2141e5e2709d0f63d09a99f6be6bb7a50abc4915838d9f54501a?s=96&d=mm&r=g","caption":"Mathieu"},"url":"https:\/\/www.altercampagne.net\/?author=214"}]}},"_links":{"self":[{"href":"https:\/\/www.altercampagne.net\/index.php?rest_route=\/wp\/v2\/posts\/13139","targetHints":{"allow":["GET"]}}],"collection":[{"href":"https:\/\/www.altercampagne.net\/index.php?rest_route=\/wp\/v2\/posts"}],"about":[{"href":"https:\/\/www.altercampagne.net\/index.php?rest_route=\/wp\/v2\/types\/post"}],"author":[{"embeddable":true,"href":"https:\/\/www.altercampagne.net\/index.php?rest_route=\/wp\/v2\/users\/214"}],"replies":[{"embeddable":true,"href":"https:\/\/www.altercampagne.net\/index.php?rest_route=%2Fwp%2Fv2%2Fcomments&post=13139"}],"version-history":[{"count":0,"href":"https:\/\/www.altercampagne.net\/index.php?rest_route=\/wp\/v2\/posts\/13139\/revisions"}],"wp:featuredmedia":[{"embeddable":true,"href":"https:\/\/www.altercampagne.net\/index.php?rest_route=\/wp\/v2\/media\/13140"}],"wp:attachment":[{"href":"https:\/\/www.altercampagne.net\/index.php?rest_route=%2Fwp%2Fv2%2Fmedia&parent=13139"}],"wp:term":[{"taxonomy":"category","embeddable":true,"href":"https:\/\/www.altercampagne.net\/index.php?rest_route=%2Fwp%2Fv2%2Fcategories&post=13139"},{"taxonomy":"post_tag","embeddable":true,"href":"https:\/\/www.altercampagne.net\/index.php?rest_route=%2Fwp%2Fv2%2Ftags&post=13139"}],"curies":[{"name":"wp","href":"https:\/\/api.w.org\/{rel}","templated":true}]}}