{"id":13143,"date":"2018-11-30T09:23:19","date_gmt":"2018-11-30T08:23:19","guid":{"rendered":"http:\/\/www.altercampagne.net\/?p=13143"},"modified":"2019-03-08T09:47:12","modified_gmt":"2019-03-08T08:47:12","slug":"la-montagne-du-calme","status":"publish","type":"post","link":"https:\/\/www.altercampagne.net\/?p=13143","title":{"rendered":"La montagne : du calme !"},"content":{"rendered":"\n<p><strong>Ski alpin&nbsp;: la fuite en avant<\/strong><\/p>\n\n\n\n<p><em>Au fil des ans, l\u2019implantation de remont\u00e9es m\u00e9caniques et la \nr\u00e9alisation d\u2019espaces skiables se sont intensifi\u00e9es au d\u00e9triment de la \nmontagne. Un processus qui devait valoriser un espace singulier et \nsauvage est aujourd\u2019hui en train de le d\u00e9truire. Entretien avec Vincent \nNeirinck, de <\/em>Mountain Wilderness.<\/p>\n\n\n\n<p><strong>Le vallon du Lou montre ses crocs&nbsp;!<\/strong><\/p>\n\n\n\n<p><em>Nous sommes en 2018 apr\u00e8s J\u00e9sus-Christ. Toute la Savoie est \noccup\u00e9e par les remont\u00e9es m\u00e9caniques\u2026Toute ? Non ! Une petite vall\u00e9e \nr\u00e9siste encore et toujours \u00e0 l&rsquo;envahisseur. Entretien avec Aur\u00e9lie \nConte, pr\u00e9sidente de <\/em>Demain vivre aux Belleville<em>, association pour une approche plus r\u00e9siliente de la montagne.<\/em><\/p>\n\n\n\n<p><strong>Pr\u00e9server la qui\u00e9tude de la montagne<\/strong><\/p>\n\n\n\n<p><em>Aujourd\u2019hui, plus des trois quarts de la population fran\u00e7aise \nvivent en ville. L\u2019acc\u00e8s \u00e0 des territoires sauvages et montagneux, sans \nmarqueurs humains ostensibles, se fait donc rare et fragile. <\/em>Mountain Wilderness<em> porte une s\u00e9rie de campagnes afin de rendre la montagne plus accessible tout en la pr\u00e9servant.<\/em><\/p>\n\n\n\n<p><strong>Usages de l&rsquo;eau, production de l&rsquo;\u00e9nergie : des d\u00e9fis imm\u00e9diats<\/strong><\/p>\n\n\n\n<p><em>L\u2019eau, source de vie, se fait de plus en plus rare aux sommets. \nL\u2019acc\u00e9l\u00e9ration du r\u00e9chauffement climatique met en tension diff\u00e9rents \nusages de l\u2019eau disponible en montagne. Face \u00e0 la fragilit\u00e9 des \n\u00e9cosyst\u00e8mes, des habitant\u00b7es s\u2019organisent pour pr\u00e9server et valoriser \nles ressources naturelles.<\/em><\/p>\n\n\n\n<h4 class=\"wp-block-heading\">Des articles,  des chroniques et des br\u00e8ves  <\/h4>\n\n\n\n<p>50 000 \u00ab\u00a0Hambi Bleibt!\u00a0\u00bb pour la for\u00eat de Hambach<br>\nDialogue de sourds \u00e0 Notre-Dame-des-Landes<br>\nLa r\u00e9ouverture de mines en France plomb\u00e9e pour l&rsquo;instant<br>\nLa Baraque, un quartier alternatif et autog\u00e9r\u00e9<br>\nExCRAdition g\u00e9n\u00e9rale !<\/p>\n\n\n\n<p>Belle journ\u00e9e et bonne lecture !<\/p>\n\n\n\n<p>Retrouvez la Revue Silence en Biocoop et\/ou abonnez-vous directement sur leur site : <a rel=\"noreferrer noopener\" href=\"http:\/\/www.revuesilence.net\/\" target=\"_blank\">http:\/\/www.revuesilence.net\/<\/a><\/p>\n\n\n\n<p> Toutes nos publications sur la <a href=\"http:\/\/www.altercampagne.net\/?cat=3248\">Revue Silence<\/a><\/p>\n\n\n\n<figure class=\"wp-block-image\"><img loading=\"lazy\" decoding=\"async\" width=\"595\" height=\"842\" src=\"http:\/\/www.altercampagne.net\/wp-content\/uploads\/2019\/03\/473bd.jpg\" alt=\"\" class=\"wp-image-13147\" srcset=\"https:\/\/www.altercampagne.net\/wp-content\/uploads\/2019\/03\/473bd.jpg 595w, https:\/\/www.altercampagne.net\/wp-content\/uploads\/2019\/03\/473bd-212x300.jpg 212w, https:\/\/www.altercampagne.net\/wp-content\/uploads\/2019\/03\/473bd-100x142.jpg 100w\" sizes=\"auto, (max-width: 595px) 100vw, 595px\" \/><\/figure>\n","protected":false},"excerpt":{"rendered":"<p>Ski alpin&nbsp;: la fuite en avant Au fil des ans, l\u2019implantation de remont\u00e9es m\u00e9caniques et la r\u00e9alisation d\u2019espaces skiables se sont intensifi\u00e9es au d\u00e9triment de la montagne. Un processus qui devait valoriser un espace singulier et sauvage est aujourd\u2019hui en train de le d\u00e9truire. Entretien avec Vincent Neirinck, de Mountain &#8230; <\/p>\n<div><a href=\"https:\/\/www.altercampagne.net\/?p=13143\" class=\"more-link\">Read More<\/a><\/div>\n","protected":false},"author":214,"featured_media":13144,"comment_status":"closed","ping_status":"closed","sticky":false,"template":"","format":"standard","meta":{"footnotes":""},"categories":[3248],"tags":[144,818,1577,3875,3876,3877,3878,3879,3880,3881,3883],"class_list":["post-13143","post","type-post","status-publish","format-standard","has-post-thumbnail","hentry","category-silence","tag-notre-dame-des-landes","tag-savoie","tag-la-baraque","tag-montagne","tag-vincent-neirinck","tag-mountain-wilderness","tag-aurelie-conte","tag-demain-vivre-aux-belleville","tag-foret-de-hambach","tag-hambi-bleibt","tag-festival-stop-mines"],"yoast_head":"<!-- This site is optimized with the Yoast SEO plugin v27.3 - https:\/\/yoast.com\/product\/yoast-seo-wordpress\/ -->\n<title>La montagne : du calme ! - AlterTour<\/title>\n<meta name=\"robots\" content=\"index, follow, max-snippet:-1, max-image-preview:large, max-video-preview:-1\" \/>\n<link rel=\"canonical\" href=\"https:\/\/www.altercampagne.net\/?p=13143\" \/>\n<meta property=\"og:locale\" content=\"fr_FR\" \/>\n<meta property=\"og:type\" content=\"article\" \/>\n<meta property=\"og:title\" content=\"La montagne : du calme ! - AlterTour\" \/>\n<meta property=\"og:description\" content=\"Ski alpin&nbsp;: la fuite en avant Au fil des ans, l\u2019implantation de remont\u00e9es m\u00e9caniques et la r\u00e9alisation d\u2019espaces skiables se sont intensifi\u00e9es au d\u00e9triment de la montagne. Un processus qui devait valoriser un espace singulier et sauvage est aujourd\u2019hui en train de le d\u00e9truire. Entretien avec Vincent Neirinck, de Mountain ... Read More\" \/>\n<meta property=\"og:url\" content=\"https:\/\/www.altercampagne.net\/?p=13143\" \/>\n<meta property=\"og:site_name\" content=\"AlterTour\" \/>\n<meta property=\"article:published_time\" content=\"2018-11-30T08:23:19+00:00\" \/>\n<meta property=\"article:modified_time\" content=\"2019-03-08T08:47:12+00:00\" \/>\n<meta property=\"og:image\" content=\"https:\/\/www.altercampagne.net\/wp-content\/uploads\/2019\/03\/473bd-illustration.jpg\" \/>\n\t<meta property=\"og:image:width\" content=\"595\" \/>\n\t<meta property=\"og:image:height\" content=\"310\" \/>\n\t<meta property=\"og:image:type\" content=\"image\/jpeg\" \/>\n<meta name=\"author\" content=\"Mathieu\" \/>\n<meta name=\"twitter:card\" content=\"summary_large_image\" \/>\n<meta name=\"twitter:label1\" content=\"\u00c9crit par\" \/>\n\t<meta name=\"twitter:data1\" content=\"Mathieu\" \/>\n\t<meta name=\"twitter:label2\" content=\"Dur\u00e9e de lecture estim\u00e9e\" \/>\n\t<meta name=\"twitter:data2\" content=\"2 minutes\" \/>\n<script type=\"application\/ld+json\" class=\"yoast-schema-graph\">{\"@context\":\"https:\\\/\\\/schema.org\",\"@graph\":[{\"@type\":\"Article\",\"@id\":\"https:\\\/\\\/www.altercampagne.net\\\/?p=13143#article\",\"isPartOf\":{\"@id\":\"https:\\\/\\\/www.altercampagne.net\\\/?p=13143\"},\"author\":{\"name\":\"Mathieu\",\"@id\":\"https:\\\/\\\/www.altercampagne.net\\\/#\\\/schema\\\/person\\\/0f261460c09e430caa0f9bcffa319109\"},\"headline\":\"La montagne : du calme !\",\"datePublished\":\"2018-11-30T08:23:19+00:00\",\"dateModified\":\"2019-03-08T08:47:12+00:00\",\"mainEntityOfPage\":{\"@id\":\"https:\\\/\\\/www.altercampagne.net\\\/?p=13143\"},\"wordCount\":327,\"image\":{\"@id\":\"https:\\\/\\\/www.altercampagne.net\\\/?p=13143#primaryimage\"},\"thumbnailUrl\":\"https:\\\/\\\/www.altercampagne.net\\\/wp-content\\\/uploads\\\/2019\\\/03\\\/473bd-illustration.jpg\",\"keywords\":[\"Notre Dame des Landes\",\"Savoie\",\"la baraque\",\"montagne\",\"Vincent Neirinck\",\"Mountain Wilderness\",\"Aur\u00e9lie Conte\",\"Demain vivre aux Belleville\",\"for\u00eat de Hambach\",\"Hambi Bleibt\",\"festival Stop Mines\"],\"articleSection\":[\"Silence\"],\"inLanguage\":\"fr-FR\"},{\"@type\":\"WebPage\",\"@id\":\"https:\\\/\\\/www.altercampagne.net\\\/?p=13143\",\"url\":\"https:\\\/\\\/www.altercampagne.net\\\/?p=13143\",\"name\":\"La montagne : du calme ! - AlterTour\",\"isPartOf\":{\"@id\":\"https:\\\/\\\/www.altercampagne.net\\\/#website\"},\"primaryImageOfPage\":{\"@id\":\"https:\\\/\\\/www.altercampagne.net\\\/?p=13143#primaryimage\"},\"image\":{\"@id\":\"https:\\\/\\\/www.altercampagne.net\\\/?p=13143#primaryimage\"},\"thumbnailUrl\":\"https:\\\/\\\/www.altercampagne.net\\\/wp-content\\\/uploads\\\/2019\\\/03\\\/473bd-illustration.jpg\",\"datePublished\":\"2018-11-30T08:23:19+00:00\",\"dateModified\":\"2019-03-08T08:47:12+00:00\",\"author\":{\"@id\":\"https:\\\/\\\/www.altercampagne.net\\\/#\\\/schema\\\/person\\\/0f261460c09e430caa0f9bcffa319109\"},\"breadcrumb\":{\"@id\":\"https:\\\/\\\/www.altercampagne.net\\\/?p=13143#breadcrumb\"},\"inLanguage\":\"fr-FR\",\"potentialAction\":[{\"@type\":\"ReadAction\",\"target\":[\"https:\\\/\\\/www.altercampagne.net\\\/?p=13143\"]}]},{\"@type\":\"ImageObject\",\"inLanguage\":\"fr-FR\",\"@id\":\"https:\\\/\\\/www.altercampagne.net\\\/?p=13143#primaryimage\",\"url\":\"https:\\\/\\\/www.altercampagne.net\\\/wp-content\\\/uploads\\\/2019\\\/03\\\/473bd-illustration.jpg\",\"contentUrl\":\"https:\\\/\\\/www.altercampagne.net\\\/wp-content\\\/uploads\\\/2019\\\/03\\\/473bd-illustration.jpg\",\"width\":595,\"height\":310},{\"@type\":\"BreadcrumbList\",\"@id\":\"https:\\\/\\\/www.altercampagne.net\\\/?p=13143#breadcrumb\",\"itemListElement\":[{\"@type\":\"ListItem\",\"position\":1,\"name\":\"Accueil\",\"item\":\"https:\\\/\\\/www.altercampagne.net\\\/\"},{\"@type\":\"ListItem\",\"position\":2,\"name\":\"La montagne : du calme !\"}]},{\"@type\":\"WebSite\",\"@id\":\"https:\\\/\\\/www.altercampagne.net\\\/#website\",\"url\":\"https:\\\/\\\/www.altercampagne.net\\\/\",\"name\":\"AlterTour\",\"description\":\"Reliez les Alternatives \u00e0 v\u00e9lo\",\"potentialAction\":[{\"@type\":\"SearchAction\",\"target\":{\"@type\":\"EntryPoint\",\"urlTemplate\":\"https:\\\/\\\/www.altercampagne.net\\\/?s={search_term_string}\"},\"query-input\":{\"@type\":\"PropertyValueSpecification\",\"valueRequired\":true,\"valueName\":\"search_term_string\"}}],\"inLanguage\":\"fr-FR\"},{\"@type\":\"Person\",\"@id\":\"https:\\\/\\\/www.altercampagne.net\\\/#\\\/schema\\\/person\\\/0f261460c09e430caa0f9bcffa319109\",\"name\":\"Mathieu\",\"image\":{\"@type\":\"ImageObject\",\"inLanguage\":\"fr-FR\",\"@id\":\"https:\\\/\\\/secure.gravatar.com\\\/avatar\\\/aa9d3d24c83f2141e5e2709d0f63d09a99f6be6bb7a50abc4915838d9f54501a?s=96&d=mm&r=g\",\"url\":\"https:\\\/\\\/secure.gravatar.com\\\/avatar\\\/aa9d3d24c83f2141e5e2709d0f63d09a99f6be6bb7a50abc4915838d9f54501a?s=96&d=mm&r=g\",\"contentUrl\":\"https:\\\/\\\/secure.gravatar.com\\\/avatar\\\/aa9d3d24c83f2141e5e2709d0f63d09a99f6be6bb7a50abc4915838d9f54501a?s=96&d=mm&r=g\",\"caption\":\"Mathieu\"},\"url\":\"https:\\\/\\\/www.altercampagne.net\\\/?author=214\"}]}<\/script>\n<!-- \/ Yoast SEO plugin. -->","yoast_head_json":{"title":"La montagne : du calme ! - AlterTour","robots":{"index":"index","follow":"follow","max-snippet":"max-snippet:-1","max-image-preview":"max-image-preview:large","max-video-preview":"max-video-preview:-1"},"canonical":"https:\/\/www.altercampagne.net\/?p=13143","og_locale":"fr_FR","og_type":"article","og_title":"La montagne : du calme ! - AlterTour","og_description":"Ski alpin&nbsp;: la fuite en avant Au fil des ans, l\u2019implantation de remont\u00e9es m\u00e9caniques et la r\u00e9alisation d\u2019espaces skiables se sont intensifi\u00e9es au d\u00e9triment de la montagne. Un processus qui devait valoriser un espace singulier et sauvage est aujourd\u2019hui en train de le d\u00e9truire. Entretien avec Vincent Neirinck, de Mountain ... Read More","og_url":"https:\/\/www.altercampagne.net\/?p=13143","og_site_name":"AlterTour","article_published_time":"2018-11-30T08:23:19+00:00","article_modified_time":"2019-03-08T08:47:12+00:00","og_image":[{"width":595,"height":310,"url":"https:\/\/www.altercampagne.net\/wp-content\/uploads\/2019\/03\/473bd-illustration.jpg","type":"image\/jpeg"}],"author":"Mathieu","twitter_card":"summary_large_image","twitter_misc":{"\u00c9crit par":"Mathieu","Dur\u00e9e de lecture estim\u00e9e":"2 minutes"},"schema":{"@context":"https:\/\/schema.org","@graph":[{"@type":"Article","@id":"https:\/\/www.altercampagne.net\/?p=13143#article","isPartOf":{"@id":"https:\/\/www.altercampagne.net\/?p=13143"},"author":{"name":"Mathieu","@id":"https:\/\/www.altercampagne.net\/#\/schema\/person\/0f261460c09e430caa0f9bcffa319109"},"headline":"La montagne : du calme !","datePublished":"2018-11-30T08:23:19+00:00","dateModified":"2019-03-08T08:47:12+00:00","mainEntityOfPage":{"@id":"https:\/\/www.altercampagne.net\/?p=13143"},"wordCount":327,"image":{"@id":"https:\/\/www.altercampagne.net\/?p=13143#primaryimage"},"thumbnailUrl":"https:\/\/www.altercampagne.net\/wp-content\/uploads\/2019\/03\/473bd-illustration.jpg","keywords":["Notre Dame des Landes","Savoie","la baraque","montagne","Vincent Neirinck","Mountain Wilderness","Aur\u00e9lie Conte","Demain vivre aux Belleville","for\u00eat de Hambach","Hambi Bleibt","festival Stop Mines"],"articleSection":["Silence"],"inLanguage":"fr-FR"},{"@type":"WebPage","@id":"https:\/\/www.altercampagne.net\/?p=13143","url":"https:\/\/www.altercampagne.net\/?p=13143","name":"La montagne : du calme ! - AlterTour","isPartOf":{"@id":"https:\/\/www.altercampagne.net\/#website"},"primaryImageOfPage":{"@id":"https:\/\/www.altercampagne.net\/?p=13143#primaryimage"},"image":{"@id":"https:\/\/www.altercampagne.net\/?p=13143#primaryimage"},"thumbnailUrl":"https:\/\/www.altercampagne.net\/wp-content\/uploads\/2019\/03\/473bd-illustration.jpg","datePublished":"2018-11-30T08:23:19+00:00","dateModified":"2019-03-08T08:47:12+00:00","author":{"@id":"https:\/\/www.altercampagne.net\/#\/schema\/person\/0f261460c09e430caa0f9bcffa319109"},"breadcrumb":{"@id":"https:\/\/www.altercampagne.net\/?p=13143#breadcrumb"},"inLanguage":"fr-FR","potentialAction":[{"@type":"ReadAction","target":["https:\/\/www.altercampagne.net\/?p=13143"]}]},{"@type":"ImageObject","inLanguage":"fr-FR","@id":"https:\/\/www.altercampagne.net\/?p=13143#primaryimage","url":"https:\/\/www.altercampagne.net\/wp-content\/uploads\/2019\/03\/473bd-illustration.jpg","contentUrl":"https:\/\/www.altercampagne.net\/wp-content\/uploads\/2019\/03\/473bd-illustration.jpg","width":595,"height":310},{"@type":"BreadcrumbList","@id":"https:\/\/www.altercampagne.net\/?p=13143#breadcrumb","itemListElement":[{"@type":"ListItem","position":1,"name":"Accueil","item":"https:\/\/www.altercampagne.net\/"},{"@type":"ListItem","position":2,"name":"La montagne : du calme !"}]},{"@type":"WebSite","@id":"https:\/\/www.altercampagne.net\/#website","url":"https:\/\/www.altercampagne.net\/","name":"AlterTour","description":"Reliez les Alternatives \u00e0 v\u00e9lo","potentialAction":[{"@type":"SearchAction","target":{"@type":"EntryPoint","urlTemplate":"https:\/\/www.altercampagne.net\/?s={search_term_string}"},"query-input":{"@type":"PropertyValueSpecification","valueRequired":true,"valueName":"search_term_string"}}],"inLanguage":"fr-FR"},{"@type":"Person","@id":"https:\/\/www.altercampagne.net\/#\/schema\/person\/0f261460c09e430caa0f9bcffa319109","name":"Mathieu","image":{"@type":"ImageObject","inLanguage":"fr-FR","@id":"https:\/\/secure.gravatar.com\/avatar\/aa9d3d24c83f2141e5e2709d0f63d09a99f6be6bb7a50abc4915838d9f54501a?s=96&d=mm&r=g","url":"https:\/\/secure.gravatar.com\/avatar\/aa9d3d24c83f2141e5e2709d0f63d09a99f6be6bb7a50abc4915838d9f54501a?s=96&d=mm&r=g","contentUrl":"https:\/\/secure.gravatar.com\/avatar\/aa9d3d24c83f2141e5e2709d0f63d09a99f6be6bb7a50abc4915838d9f54501a?s=96&d=mm&r=g","caption":"Mathieu"},"url":"https:\/\/www.altercampagne.net\/?author=214"}]}},"_links":{"self":[{"href":"https:\/\/www.altercampagne.net\/index.php?rest_route=\/wp\/v2\/posts\/13143","targetHints":{"allow":["GET"]}}],"collection":[{"href":"https:\/\/www.altercampagne.net\/index.php?rest_route=\/wp\/v2\/posts"}],"about":[{"href":"https:\/\/www.altercampagne.net\/index.php?rest_route=\/wp\/v2\/types\/post"}],"author":[{"embeddable":true,"href":"https:\/\/www.altercampagne.net\/index.php?rest_route=\/wp\/v2\/users\/214"}],"replies":[{"embeddable":true,"href":"https:\/\/www.altercampagne.net\/index.php?rest_route=%2Fwp%2Fv2%2Fcomments&post=13143"}],"version-history":[{"count":0,"href":"https:\/\/www.altercampagne.net\/index.php?rest_route=\/wp\/v2\/posts\/13143\/revisions"}],"wp:featuredmedia":[{"embeddable":true,"href":"https:\/\/www.altercampagne.net\/index.php?rest_route=\/wp\/v2\/media\/13144"}],"wp:attachment":[{"href":"https:\/\/www.altercampagne.net\/index.php?rest_route=%2Fwp%2Fv2%2Fmedia&parent=13143"}],"wp:term":[{"taxonomy":"category","embeddable":true,"href":"https:\/\/www.altercampagne.net\/index.php?rest_route=%2Fwp%2Fv2%2Fcategories&post=13143"},{"taxonomy":"post_tag","embeddable":true,"href":"https:\/\/www.altercampagne.net\/index.php?rest_route=%2Fwp%2Fv2%2Ftags&post=13143"}],"curies":[{"name":"wp","href":"https:\/\/api.w.org\/{rel}","templated":true}]}}