{"id":13150,"date":"2018-10-24T09:39:25","date_gmt":"2018-10-24T07:39:25","guid":{"rendered":"http:\/\/www.altercampagne.net\/?p=13150"},"modified":"2019-03-08T09:45:48","modified_gmt":"2019-03-08T08:45:48","slug":"nous-vieillirons-ensemble","status":"publish","type":"post","link":"https:\/\/www.altercampagne.net\/?p=13150","title":{"rendered":"Nous vieillirons ensemble !"},"content":{"rendered":"\n<p><strong>Vieillir en habitat collectif<\/strong><\/p>\n\n\n\n<p><em>Comment concilier les besoins de s\u00e9curit\u00e9 et d&rsquo;autonomie \u00e0 l&rsquo;\u00e2ge \nde la retraite puis dans la vieillesse&nbsp;? Il existe tout un panel de \nr\u00e9ponses qui passent g\u00e9n\u00e9ralement par une dimension collective dans \nl&rsquo;habitat.<\/em><\/p>\n\n\n\n<p><strong>Il n&rsquo;y a pas d&rsquo;\u00e2ge pour l&rsquo;habitat participatif&nbsp;!<\/strong><\/p>\n\n\n\n<p>\u00ab\u00a0Mieux vieillir que dans d&rsquo;autres situations d&rsquo;habitat (dans son \ndomicile traditionnel, en institution), tel est le d\u00e9fi relev\u00e9 par \nl&rsquo;habitat participatif\u00a0\u00bb,<em> note la chercheuse Anne Labit. Mais quelles en sont les conditions&nbsp;?<\/em><\/p>\n\n\n\n<p><strong>\u00c0 <em>Chamarel<\/em>, vieillir ensemble, c&rsquo;est politique&nbsp;!<\/strong><\/p>\n\n\n\n<p><em>C&rsquo;est une utopie devenue r\u00e9alit\u00e9&nbsp;: un immeuble enti\u00e8rement con\u00e7u \net autog\u00e9r\u00e9 par ses habitant\u00b7es, des personnes retrait\u00e9es, \u00e0 \nVaulx-en-Velin, pr\u00e8s de Lyon. Un projet militant.<\/em><\/p>\n\n\n\n<p><strong>Quelques recommandations pour \u00e9viter l\u2019\u00e9chec<\/strong><\/p>\n\n\n\n<p><em>Deux m\u00e9diatrices engag\u00e9es dans le suivi de groupes de \ncohabitant\u00b7es t\u00e9moignent de leur exp\u00e9rience et pointent du doigt \nquelques \u00e9cueils \u00e0 \u00e9viter pour ce type de projet.<\/em><\/p>\n\n\n\n<h4 class=\"wp-block-heading\"> Des articles,  des chroniques et des br\u00e8ves   <\/h4>\n\n\n\n<p>Les secrets des entreprises seront bien gard\u00e9s<br>\nD\u00e9coloniser la Kanaky \u2013 Nouvelle Cal\u00e9donie<br>\nP\u00f4le emploi : pr\u00e9carit\u00e9 2.0<br>\nDes routes aux centrales, les dangers du bitume<br>\nLa roue libre : des femmes et des v\u00e9los<br>\nL&rsquo;\u00e9cole libre des Collines bleues<br>\nLa mobilit\u00e9 urbaine servie sur un plateau vert<br>\nUn engrais vert : le tr\u00e8fle incarnat <br>\nLes banques salissent la plan\u00e8te : nettoyons-les\u2009!<\/p>\n\n\n\n<p>Belle journ\u00e9e et bonne lecture !<\/p>\n\n\n\n<p>Retrouvez la Revue Silence en Biocoop et\/ou abonnez-vous directement sur leur site : <a rel=\"noreferrer noopener\" href=\"http:\/\/www.revuesilence.net\/\" target=\"_blank\">http:\/\/www.revuesilence.net\/<\/a><\/p>\n\n\n\n<p> Toutes nos publications sur la <a href=\"http:\/\/www.altercampagne.net\/?cat=3248\">Revue Silence<\/a><\/p>\n\n\n\n<figure class=\"wp-block-image\"><img loading=\"lazy\" decoding=\"async\" width=\"595\" height=\"842\" src=\"http:\/\/www.altercampagne.net\/wp-content\/uploads\/2019\/03\/472bd.jpg\" alt=\"\" class=\"wp-image-13152\" srcset=\"https:\/\/www.altercampagne.net\/wp-content\/uploads\/2019\/03\/472bd.jpg 595w, https:\/\/www.altercampagne.net\/wp-content\/uploads\/2019\/03\/472bd-212x300.jpg 212w, https:\/\/www.altercampagne.net\/wp-content\/uploads\/2019\/03\/472bd-100x142.jpg 100w\" sizes=\"auto, (max-width: 595px) 100vw, 595px\" \/><\/figure>\n","protected":false},"excerpt":{"rendered":"<p>Vieillir en habitat collectif Comment concilier les besoins de s\u00e9curit\u00e9 et d&rsquo;autonomie \u00e0 l&rsquo;\u00e2ge de la retraite puis dans la vieillesse&nbsp;? Il existe tout un panel de r\u00e9ponses qui passent g\u00e9n\u00e9ralement par une dimension collective dans l&rsquo;habitat. Il n&rsquo;y a pas d&rsquo;\u00e2ge pour l&rsquo;habitat participatif&nbsp;! \u00ab\u00a0Mieux vieillir que dans d&rsquo;autres &#8230; <\/p>\n<div><a href=\"https:\/\/www.altercampagne.net\/?p=13150\" class=\"more-link\">Read More<\/a><\/div>\n","protected":false},"author":214,"featured_media":13151,"comment_status":"closed","ping_status":"closed","sticky":false,"template":"","format":"standard","meta":{"footnotes":""},"categories":[3248],"tags":[318,3032,3884,3885,3886],"class_list":["post-13150","post","type-post","status-publish","format-standard","has-post-thumbnail","hentry","category-silence","tag-habitat-collectif","tag-habitat-participatif","tag-vieillesse","tag-kanaky","tag-nouvelle-caledonie"],"yoast_head":"<!-- This site is optimized with the Yoast SEO plugin v27.3 - https:\/\/yoast.com\/product\/yoast-seo-wordpress\/ -->\n<title>Nous vieillirons ensemble ! - AlterTour<\/title>\n<meta name=\"robots\" content=\"index, follow, max-snippet:-1, max-image-preview:large, max-video-preview:-1\" \/>\n<link rel=\"canonical\" href=\"https:\/\/www.altercampagne.net\/?p=13150\" \/>\n<meta property=\"og:locale\" content=\"fr_FR\" \/>\n<meta property=\"og:type\" content=\"article\" \/>\n<meta property=\"og:title\" content=\"Nous vieillirons ensemble ! - AlterTour\" \/>\n<meta property=\"og:description\" content=\"Vieillir en habitat collectif Comment concilier les besoins de s\u00e9curit\u00e9 et d&rsquo;autonomie \u00e0 l&rsquo;\u00e2ge de la retraite puis dans la vieillesse&nbsp;? Il existe tout un panel de r\u00e9ponses qui passent g\u00e9n\u00e9ralement par une dimension collective dans l&rsquo;habitat. Il n&rsquo;y a pas d&rsquo;\u00e2ge pour l&rsquo;habitat participatif&nbsp;! \u00ab\u00a0Mieux vieillir que dans d&rsquo;autres ... Read More\" \/>\n<meta property=\"og:url\" content=\"https:\/\/www.altercampagne.net\/?p=13150\" \/>\n<meta property=\"og:site_name\" content=\"AlterTour\" \/>\n<meta property=\"article:published_time\" content=\"2018-10-24T07:39:25+00:00\" \/>\n<meta property=\"article:modified_time\" content=\"2019-03-08T08:45:48+00:00\" \/>\n<meta property=\"og:image\" content=\"https:\/\/www.altercampagne.net\/wp-content\/uploads\/2019\/03\/472bd-illustration.jpg\" \/>\n\t<meta property=\"og:image:width\" content=\"595\" \/>\n\t<meta property=\"og:image:height\" content=\"311\" \/>\n\t<meta property=\"og:image:type\" content=\"image\/jpeg\" \/>\n<meta name=\"author\" content=\"Mathieu\" \/>\n<meta name=\"twitter:card\" content=\"summary_large_image\" \/>\n<meta name=\"twitter:label1\" content=\"\u00c9crit par\" \/>\n\t<meta name=\"twitter:data1\" content=\"Mathieu\" \/>\n\t<meta name=\"twitter:label2\" content=\"Dur\u00e9e de lecture estim\u00e9e\" \/>\n\t<meta name=\"twitter:data2\" content=\"1 minute\" \/>\n<script type=\"application\/ld+json\" class=\"yoast-schema-graph\">{\"@context\":\"https:\\\/\\\/schema.org\",\"@graph\":[{\"@type\":\"Article\",\"@id\":\"https:\\\/\\\/www.altercampagne.net\\\/?p=13150#article\",\"isPartOf\":{\"@id\":\"https:\\\/\\\/www.altercampagne.net\\\/?p=13150\"},\"author\":{\"name\":\"Mathieu\",\"@id\":\"https:\\\/\\\/www.altercampagne.net\\\/#\\\/schema\\\/person\\\/0f261460c09e430caa0f9bcffa319109\"},\"headline\":\"Nous vieillirons ensemble !\",\"datePublished\":\"2018-10-24T07:39:25+00:00\",\"dateModified\":\"2019-03-08T08:45:48+00:00\",\"mainEntityOfPage\":{\"@id\":\"https:\\\/\\\/www.altercampagne.net\\\/?p=13150\"},\"wordCount\":276,\"image\":{\"@id\":\"https:\\\/\\\/www.altercampagne.net\\\/?p=13150#primaryimage\"},\"thumbnailUrl\":\"https:\\\/\\\/www.altercampagne.net\\\/wp-content\\\/uploads\\\/2019\\\/03\\\/472bd-illustration.jpg\",\"keywords\":[\"habitat collectif\",\"habitat participatif\",\"vieillesse\",\"Kanaky\",\"Nouvelle Cal\u00e9donie\"],\"articleSection\":[\"Silence\"],\"inLanguage\":\"fr-FR\"},{\"@type\":\"WebPage\",\"@id\":\"https:\\\/\\\/www.altercampagne.net\\\/?p=13150\",\"url\":\"https:\\\/\\\/www.altercampagne.net\\\/?p=13150\",\"name\":\"Nous vieillirons ensemble ! - AlterTour\",\"isPartOf\":{\"@id\":\"https:\\\/\\\/www.altercampagne.net\\\/#website\"},\"primaryImageOfPage\":{\"@id\":\"https:\\\/\\\/www.altercampagne.net\\\/?p=13150#primaryimage\"},\"image\":{\"@id\":\"https:\\\/\\\/www.altercampagne.net\\\/?p=13150#primaryimage\"},\"thumbnailUrl\":\"https:\\\/\\\/www.altercampagne.net\\\/wp-content\\\/uploads\\\/2019\\\/03\\\/472bd-illustration.jpg\",\"datePublished\":\"2018-10-24T07:39:25+00:00\",\"dateModified\":\"2019-03-08T08:45:48+00:00\",\"author\":{\"@id\":\"https:\\\/\\\/www.altercampagne.net\\\/#\\\/schema\\\/person\\\/0f261460c09e430caa0f9bcffa319109\"},\"breadcrumb\":{\"@id\":\"https:\\\/\\\/www.altercampagne.net\\\/?p=13150#breadcrumb\"},\"inLanguage\":\"fr-FR\",\"potentialAction\":[{\"@type\":\"ReadAction\",\"target\":[\"https:\\\/\\\/www.altercampagne.net\\\/?p=13150\"]}]},{\"@type\":\"ImageObject\",\"inLanguage\":\"fr-FR\",\"@id\":\"https:\\\/\\\/www.altercampagne.net\\\/?p=13150#primaryimage\",\"url\":\"https:\\\/\\\/www.altercampagne.net\\\/wp-content\\\/uploads\\\/2019\\\/03\\\/472bd-illustration.jpg\",\"contentUrl\":\"https:\\\/\\\/www.altercampagne.net\\\/wp-content\\\/uploads\\\/2019\\\/03\\\/472bd-illustration.jpg\",\"width\":595,\"height\":311},{\"@type\":\"BreadcrumbList\",\"@id\":\"https:\\\/\\\/www.altercampagne.net\\\/?p=13150#breadcrumb\",\"itemListElement\":[{\"@type\":\"ListItem\",\"position\":1,\"name\":\"Accueil\",\"item\":\"https:\\\/\\\/www.altercampagne.net\\\/\"},{\"@type\":\"ListItem\",\"position\":2,\"name\":\"Nous vieillirons ensemble !\"}]},{\"@type\":\"WebSite\",\"@id\":\"https:\\\/\\\/www.altercampagne.net\\\/#website\",\"url\":\"https:\\\/\\\/www.altercampagne.net\\\/\",\"name\":\"AlterTour\",\"description\":\"Reliez les Alternatives \u00e0 v\u00e9lo\",\"potentialAction\":[{\"@type\":\"SearchAction\",\"target\":{\"@type\":\"EntryPoint\",\"urlTemplate\":\"https:\\\/\\\/www.altercampagne.net\\\/?s={search_term_string}\"},\"query-input\":{\"@type\":\"PropertyValueSpecification\",\"valueRequired\":true,\"valueName\":\"search_term_string\"}}],\"inLanguage\":\"fr-FR\"},{\"@type\":\"Person\",\"@id\":\"https:\\\/\\\/www.altercampagne.net\\\/#\\\/schema\\\/person\\\/0f261460c09e430caa0f9bcffa319109\",\"name\":\"Mathieu\",\"image\":{\"@type\":\"ImageObject\",\"inLanguage\":\"fr-FR\",\"@id\":\"https:\\\/\\\/secure.gravatar.com\\\/avatar\\\/aa9d3d24c83f2141e5e2709d0f63d09a99f6be6bb7a50abc4915838d9f54501a?s=96&d=mm&r=g\",\"url\":\"https:\\\/\\\/secure.gravatar.com\\\/avatar\\\/aa9d3d24c83f2141e5e2709d0f63d09a99f6be6bb7a50abc4915838d9f54501a?s=96&d=mm&r=g\",\"contentUrl\":\"https:\\\/\\\/secure.gravatar.com\\\/avatar\\\/aa9d3d24c83f2141e5e2709d0f63d09a99f6be6bb7a50abc4915838d9f54501a?s=96&d=mm&r=g\",\"caption\":\"Mathieu\"},\"url\":\"https:\\\/\\\/www.altercampagne.net\\\/?author=214\"}]}<\/script>\n<!-- \/ Yoast SEO plugin. -->","yoast_head_json":{"title":"Nous vieillirons ensemble ! - AlterTour","robots":{"index":"index","follow":"follow","max-snippet":"max-snippet:-1","max-image-preview":"max-image-preview:large","max-video-preview":"max-video-preview:-1"},"canonical":"https:\/\/www.altercampagne.net\/?p=13150","og_locale":"fr_FR","og_type":"article","og_title":"Nous vieillirons ensemble ! - AlterTour","og_description":"Vieillir en habitat collectif Comment concilier les besoins de s\u00e9curit\u00e9 et d&rsquo;autonomie \u00e0 l&rsquo;\u00e2ge de la retraite puis dans la vieillesse&nbsp;? Il existe tout un panel de r\u00e9ponses qui passent g\u00e9n\u00e9ralement par une dimension collective dans l&rsquo;habitat. Il n&rsquo;y a pas d&rsquo;\u00e2ge pour l&rsquo;habitat participatif&nbsp;! \u00ab\u00a0Mieux vieillir que dans d&rsquo;autres ... Read More","og_url":"https:\/\/www.altercampagne.net\/?p=13150","og_site_name":"AlterTour","article_published_time":"2018-10-24T07:39:25+00:00","article_modified_time":"2019-03-08T08:45:48+00:00","og_image":[{"width":595,"height":311,"url":"https:\/\/www.altercampagne.net\/wp-content\/uploads\/2019\/03\/472bd-illustration.jpg","type":"image\/jpeg"}],"author":"Mathieu","twitter_card":"summary_large_image","twitter_misc":{"\u00c9crit par":"Mathieu","Dur\u00e9e de lecture estim\u00e9e":"1 minute"},"schema":{"@context":"https:\/\/schema.org","@graph":[{"@type":"Article","@id":"https:\/\/www.altercampagne.net\/?p=13150#article","isPartOf":{"@id":"https:\/\/www.altercampagne.net\/?p=13150"},"author":{"name":"Mathieu","@id":"https:\/\/www.altercampagne.net\/#\/schema\/person\/0f261460c09e430caa0f9bcffa319109"},"headline":"Nous vieillirons ensemble !","datePublished":"2018-10-24T07:39:25+00:00","dateModified":"2019-03-08T08:45:48+00:00","mainEntityOfPage":{"@id":"https:\/\/www.altercampagne.net\/?p=13150"},"wordCount":276,"image":{"@id":"https:\/\/www.altercampagne.net\/?p=13150#primaryimage"},"thumbnailUrl":"https:\/\/www.altercampagne.net\/wp-content\/uploads\/2019\/03\/472bd-illustration.jpg","keywords":["habitat collectif","habitat participatif","vieillesse","Kanaky","Nouvelle Cal\u00e9donie"],"articleSection":["Silence"],"inLanguage":"fr-FR"},{"@type":"WebPage","@id":"https:\/\/www.altercampagne.net\/?p=13150","url":"https:\/\/www.altercampagne.net\/?p=13150","name":"Nous vieillirons ensemble ! - AlterTour","isPartOf":{"@id":"https:\/\/www.altercampagne.net\/#website"},"primaryImageOfPage":{"@id":"https:\/\/www.altercampagne.net\/?p=13150#primaryimage"},"image":{"@id":"https:\/\/www.altercampagne.net\/?p=13150#primaryimage"},"thumbnailUrl":"https:\/\/www.altercampagne.net\/wp-content\/uploads\/2019\/03\/472bd-illustration.jpg","datePublished":"2018-10-24T07:39:25+00:00","dateModified":"2019-03-08T08:45:48+00:00","author":{"@id":"https:\/\/www.altercampagne.net\/#\/schema\/person\/0f261460c09e430caa0f9bcffa319109"},"breadcrumb":{"@id":"https:\/\/www.altercampagne.net\/?p=13150#breadcrumb"},"inLanguage":"fr-FR","potentialAction":[{"@type":"ReadAction","target":["https:\/\/www.altercampagne.net\/?p=13150"]}]},{"@type":"ImageObject","inLanguage":"fr-FR","@id":"https:\/\/www.altercampagne.net\/?p=13150#primaryimage","url":"https:\/\/www.altercampagne.net\/wp-content\/uploads\/2019\/03\/472bd-illustration.jpg","contentUrl":"https:\/\/www.altercampagne.net\/wp-content\/uploads\/2019\/03\/472bd-illustration.jpg","width":595,"height":311},{"@type":"BreadcrumbList","@id":"https:\/\/www.altercampagne.net\/?p=13150#breadcrumb","itemListElement":[{"@type":"ListItem","position":1,"name":"Accueil","item":"https:\/\/www.altercampagne.net\/"},{"@type":"ListItem","position":2,"name":"Nous vieillirons ensemble !"}]},{"@type":"WebSite","@id":"https:\/\/www.altercampagne.net\/#website","url":"https:\/\/www.altercampagne.net\/","name":"AlterTour","description":"Reliez les Alternatives \u00e0 v\u00e9lo","potentialAction":[{"@type":"SearchAction","target":{"@type":"EntryPoint","urlTemplate":"https:\/\/www.altercampagne.net\/?s={search_term_string}"},"query-input":{"@type":"PropertyValueSpecification","valueRequired":true,"valueName":"search_term_string"}}],"inLanguage":"fr-FR"},{"@type":"Person","@id":"https:\/\/www.altercampagne.net\/#\/schema\/person\/0f261460c09e430caa0f9bcffa319109","name":"Mathieu","image":{"@type":"ImageObject","inLanguage":"fr-FR","@id":"https:\/\/secure.gravatar.com\/avatar\/aa9d3d24c83f2141e5e2709d0f63d09a99f6be6bb7a50abc4915838d9f54501a?s=96&d=mm&r=g","url":"https:\/\/secure.gravatar.com\/avatar\/aa9d3d24c83f2141e5e2709d0f63d09a99f6be6bb7a50abc4915838d9f54501a?s=96&d=mm&r=g","contentUrl":"https:\/\/secure.gravatar.com\/avatar\/aa9d3d24c83f2141e5e2709d0f63d09a99f6be6bb7a50abc4915838d9f54501a?s=96&d=mm&r=g","caption":"Mathieu"},"url":"https:\/\/www.altercampagne.net\/?author=214"}]}},"_links":{"self":[{"href":"https:\/\/www.altercampagne.net\/index.php?rest_route=\/wp\/v2\/posts\/13150","targetHints":{"allow":["GET"]}}],"collection":[{"href":"https:\/\/www.altercampagne.net\/index.php?rest_route=\/wp\/v2\/posts"}],"about":[{"href":"https:\/\/www.altercampagne.net\/index.php?rest_route=\/wp\/v2\/types\/post"}],"author":[{"embeddable":true,"href":"https:\/\/www.altercampagne.net\/index.php?rest_route=\/wp\/v2\/users\/214"}],"replies":[{"embeddable":true,"href":"https:\/\/www.altercampagne.net\/index.php?rest_route=%2Fwp%2Fv2%2Fcomments&post=13150"}],"version-history":[{"count":0,"href":"https:\/\/www.altercampagne.net\/index.php?rest_route=\/wp\/v2\/posts\/13150\/revisions"}],"wp:featuredmedia":[{"embeddable":true,"href":"https:\/\/www.altercampagne.net\/index.php?rest_route=\/wp\/v2\/media\/13151"}],"wp:attachment":[{"href":"https:\/\/www.altercampagne.net\/index.php?rest_route=%2Fwp%2Fv2%2Fmedia&parent=13150"}],"wp:term":[{"taxonomy":"category","embeddable":true,"href":"https:\/\/www.altercampagne.net\/index.php?rest_route=%2Fwp%2Fv2%2Fcategories&post=13150"},{"taxonomy":"post_tag","embeddable":true,"href":"https:\/\/www.altercampagne.net\/index.php?rest_route=%2Fwp%2Fv2%2Ftags&post=13150"}],"curies":[{"name":"wp","href":"https:\/\/api.w.org\/{rel}","templated":true}]}}