{"id":13155,"date":"2018-09-26T09:56:29","date_gmt":"2018-09-26T07:56:29","guid":{"rendered":"http:\/\/www.altercampagne.net\/?p=13155"},"modified":"2019-03-08T10:11:36","modified_gmt":"2019-03-08T09:11:36","slug":"larbre-cet-allie-meconnu","status":"publish","type":"post","link":"https:\/\/www.altercampagne.net\/?p=13155","title":{"rendered":"L\u2019arbre, cet alli\u00e9 m\u00e9connu"},"content":{"rendered":"\n<p><strong>Les propri\u00e9t\u00e9s insoup\u00e7onn\u00e9es des arbres<\/strong><\/p>\n\n\n\n<p><em>Les r\u00e9centes d\u00e9couvertes autour des arbres forment un univers \nfascinant. \u00c0 travers quelques exemples et anecdotes, en voici un \n\u00e9chantillon.<\/em><\/p>\n\n\n\n<p><strong>L\u2019arbre et le CO<sub>2<\/sub> : source d\u2019\u00e9nergies et de d\u00e9bats<\/strong><\/p>\n\n\n\n<p><em>L\u2019exploitation des for\u00eats vit une intensification sans pr\u00e9c\u00e9dent,\n surtout pour la r\u00e9colte du bois \u00e9nergie. Tout cela au nom de postulats \nqui, \u00e0 force d\u2019\u00eatre r\u00e9p\u00e9t\u00e9s, semblent aussi \u00e9vidents \nqu\u2019incontournables&nbsp;: le bois serait un combustible abondant et \n\u00e9cologique.<\/em><\/p>\n\n\n\n<p><strong>L\u2019arbre&nbsp;: une clef pour le climat<\/strong><\/p>\n\n\n\n<p><em>L\u2019arbre, l\u2019\u00e9vaporation, le sol jouent dans le climat un r\u00f4le \nd\u00e9terminant, qui d\u00e9passe largement la question des \u00e9missions de gaz \u00e0 \neffet de serre habituellement mise en avant.<\/em><\/p>\n\n\n\n<p><strong>L\u2019agroforesterie&nbsp;: l\u2019alliance des arbres et de l\u2019agriculture<\/strong><\/p>\n\n\n\n<p><em>L\u2019agriculture n\u2019est pas forc\u00e9ment synonyme de d\u00e9forestation. \nL\u2019arbre, au contraire d\u2019autres plantes, comporte une vaste surface \na\u00e9rienne et souterraine. Les plantes et les arbres peuvent donc partager\n l\u2019espace dans une logique de compl\u00e9mentarit\u00e9, ce qui fait de l\u2019arbre un\n alli\u00e9 des productions agricoles.<\/em><\/p>\n\n\n\n<p><strong>D\u00e9fendre l\u2019arbre en ville<\/strong><\/p>\n\n\n\n<p><em>En&nbsp;2011 et 2012, la commune de N\u00eemes d\u00e9cide de faire abattre 80 \nplatanes et micocouliers&nbsp; du&nbsp;secteur sauvegard\u00e9 de la ville pour&nbsp;les \nremplacer par les abribus&nbsp;d\u2019un futur Tram\u2019bus. Des habitant\u00b7es se \nmobilisent alors contre l\u2019abattage ill\u00e9gal de ces arbres centenaires. <\/em><\/p>\n\n\n\n<p><strong>Lutte pour la pr\u00e9servation d\u2019un campus aux odeurs de pins<\/strong><\/p>\n\n\n\n<p><em>En plein c\u0153ur du massif des Calanques, le campus universitaire de\n Luminy, facult\u00e9 des sciences d\u2019Aix-Marseille, d\u00e9tonne. \u00celot au milieu \ndu parc national, il est l\u2019h\u00e9ritage d\u2019une pr\u00e9emption par l\u2019\u00c9tat en \n1945&nbsp;; il faisait figure de bien commun au m\u00eame titre que les arbres qui\n composent la pin\u00e8de.<\/em><\/p>\n\n\n\n<h4 class=\"wp-block-heading\"> Des articles,  des chroniques et des br\u00e8ves  <\/h4>\n\n\n\n<p>Le d\u00e9veloppement, un colonialisme qui ne dit pas son nom<br>\nRafiki, une voix pour l&rsquo;\u00eele Maurice<br>\nLe prolifique jardin des Fraternit\u00e9s ouvri\u00e8res<br>\nLe probl\u00e9matique essor des \u00e9nergies renouvelables<br>\nEotopia, confronter l\u2019utopie \u00e0 la r\u00e9alit\u00e9<br>\nBretz\u2019Selle \u2013 Les ateliers v\u00e9los o\u00f9 c\u2019est toi le m\u00e9cano<\/p>\n\n\n\n<p>Belle journ\u00e9e et bonne lecture !<\/p>\n\n\n\n<p>Retrouvez la Revue Silence en Biocoop et\/ou abonnez-vous directement sur leur site : <a rel=\"noreferrer noopener\" href=\"http:\/\/www.revuesilence.net\/\" target=\"_blank\">http:\/\/www.revuesilence.net\/<\/a><\/p>\n\n\n\n<p> Toutes nos publications sur la <a href=\"http:\/\/www.altercampagne.net\/?cat=3248\">Revue Silence<\/a><\/p>\n\n\n\n<figure class=\"wp-block-image\"><img loading=\"lazy\" decoding=\"async\" width=\"595\" height=\"842\" src=\"http:\/\/www.altercampagne.net\/wp-content\/uploads\/2019\/03\/471bd.jpg\" alt=\"\" class=\"wp-image-13156\" srcset=\"https:\/\/www.altercampagne.net\/wp-content\/uploads\/2019\/03\/471bd.jpg 595w, https:\/\/www.altercampagne.net\/wp-content\/uploads\/2019\/03\/471bd-212x300.jpg 212w, https:\/\/www.altercampagne.net\/wp-content\/uploads\/2019\/03\/471bd-100x142.jpg 100w\" sizes=\"auto, (max-width: 595px) 100vw, 595px\" \/><\/figure>\n","protected":false},"excerpt":{"rendered":"<p>Les propri\u00e9t\u00e9s insoup\u00e7onn\u00e9es des arbres Les r\u00e9centes d\u00e9couvertes autour des arbres forment un univers fascinant. \u00c0 travers quelques exemples et anecdotes, en voici un \u00e9chantillon. L\u2019arbre et le CO2 : source d\u2019\u00e9nergies et de d\u00e9bats L\u2019exploitation des for\u00eats vit une intensification sans pr\u00e9c\u00e9dent, surtout pour la r\u00e9colte du bois \u00e9nergie. &#8230; <\/p>\n<div><a href=\"https:\/\/www.altercampagne.net\/?p=13155\" class=\"more-link\">Read More<\/a><\/div>\n","protected":false},"author":214,"featured_media":13157,"comment_status":"closed","ping_status":"closed","sticky":false,"template":"","format":"standard","meta":{"footnotes":""},"categories":[3248],"tags":[294,788,3350,3887,3888,3889,3890,3892,3893],"class_list":["post-13155","post","type-post","status-publish","format-standard","has-post-thumbnail","hentry","category-silence","tag-permaculture","tag-jardin-des-fraternites-ouvrieres","tag-bretzselle","tag-octobre-2018","tag-arbre","tag-deforestation","tag-arbre-en-ville","tag-eotopia","tag-gilbert-cardon"],"yoast_head":"<!-- This site is optimized with the Yoast SEO plugin v27.3 - https:\/\/yoast.com\/product\/yoast-seo-wordpress\/ -->\n<title>L\u2019arbre, cet alli\u00e9 m\u00e9connu - AlterTour<\/title>\n<meta name=\"robots\" content=\"index, follow, max-snippet:-1, max-image-preview:large, max-video-preview:-1\" \/>\n<link rel=\"canonical\" href=\"https:\/\/www.altercampagne.net\/?p=13155\" \/>\n<meta property=\"og:locale\" content=\"fr_FR\" \/>\n<meta property=\"og:type\" content=\"article\" \/>\n<meta property=\"og:title\" content=\"L\u2019arbre, cet alli\u00e9 m\u00e9connu - AlterTour\" \/>\n<meta property=\"og:description\" content=\"Les propri\u00e9t\u00e9s insoup\u00e7onn\u00e9es des arbres Les r\u00e9centes d\u00e9couvertes autour des arbres forment un univers fascinant. \u00c0 travers quelques exemples et anecdotes, en voici un \u00e9chantillon. L\u2019arbre et le CO2 : source d\u2019\u00e9nergies et de d\u00e9bats L\u2019exploitation des for\u00eats vit une intensification sans pr\u00e9c\u00e9dent, surtout pour la r\u00e9colte du bois \u00e9nergie. ... Read More\" \/>\n<meta property=\"og:url\" content=\"https:\/\/www.altercampagne.net\/?p=13155\" \/>\n<meta property=\"og:site_name\" content=\"AlterTour\" \/>\n<meta property=\"article:published_time\" content=\"2018-09-26T07:56:29+00:00\" \/>\n<meta property=\"article:modified_time\" content=\"2019-03-08T09:11:36+00:00\" \/>\n<meta property=\"og:image\" content=\"https:\/\/www.altercampagne.net\/wp-content\/uploads\/2019\/03\/471bd-illustration.jpg\" \/>\n\t<meta property=\"og:image:width\" content=\"595\" \/>\n\t<meta property=\"og:image:height\" content=\"311\" \/>\n\t<meta property=\"og:image:type\" content=\"image\/jpeg\" \/>\n<meta name=\"author\" content=\"Mathieu\" \/>\n<meta name=\"twitter:card\" content=\"summary_large_image\" \/>\n<meta name=\"twitter:label1\" content=\"\u00c9crit par\" \/>\n\t<meta name=\"twitter:data1\" content=\"Mathieu\" \/>\n\t<meta name=\"twitter:label2\" content=\"Dur\u00e9e de lecture estim\u00e9e\" \/>\n\t<meta name=\"twitter:data2\" content=\"2 minutes\" \/>\n<script type=\"application\/ld+json\" class=\"yoast-schema-graph\">{\"@context\":\"https:\\\/\\\/schema.org\",\"@graph\":[{\"@type\":\"Article\",\"@id\":\"https:\\\/\\\/www.altercampagne.net\\\/?p=13155#article\",\"isPartOf\":{\"@id\":\"https:\\\/\\\/www.altercampagne.net\\\/?p=13155\"},\"author\":{\"name\":\"Mathieu\",\"@id\":\"https:\\\/\\\/www.altercampagne.net\\\/#\\\/schema\\\/person\\\/0f261460c09e430caa0f9bcffa319109\"},\"headline\":\"L\u2019arbre, cet alli\u00e9 m\u00e9connu\",\"datePublished\":\"2018-09-26T07:56:29+00:00\",\"dateModified\":\"2019-03-08T09:11:36+00:00\",\"mainEntityOfPage\":{\"@id\":\"https:\\\/\\\/www.altercampagne.net\\\/?p=13155\"},\"wordCount\":419,\"image\":{\"@id\":\"https:\\\/\\\/www.altercampagne.net\\\/?p=13155#primaryimage\"},\"thumbnailUrl\":\"https:\\\/\\\/www.altercampagne.net\\\/wp-content\\\/uploads\\\/2019\\\/03\\\/471bd-illustration.jpg\",\"keywords\":[\"permaculture\",\"jardin des Fraternit\u00e9s Ouvri\u00e8res\",\"Bretz'Selle\",\"Octobre 2018\",\"arbre\",\"d\u00e9forestation\",\"arbre en ville\",\"Eotopia\",\"Gilbert Cardon\"],\"articleSection\":[\"Silence\"],\"inLanguage\":\"fr-FR\"},{\"@type\":\"WebPage\",\"@id\":\"https:\\\/\\\/www.altercampagne.net\\\/?p=13155\",\"url\":\"https:\\\/\\\/www.altercampagne.net\\\/?p=13155\",\"name\":\"L\u2019arbre, cet alli\u00e9 m\u00e9connu - AlterTour\",\"isPartOf\":{\"@id\":\"https:\\\/\\\/www.altercampagne.net\\\/#website\"},\"primaryImageOfPage\":{\"@id\":\"https:\\\/\\\/www.altercampagne.net\\\/?p=13155#primaryimage\"},\"image\":{\"@id\":\"https:\\\/\\\/www.altercampagne.net\\\/?p=13155#primaryimage\"},\"thumbnailUrl\":\"https:\\\/\\\/www.altercampagne.net\\\/wp-content\\\/uploads\\\/2019\\\/03\\\/471bd-illustration.jpg\",\"datePublished\":\"2018-09-26T07:56:29+00:00\",\"dateModified\":\"2019-03-08T09:11:36+00:00\",\"author\":{\"@id\":\"https:\\\/\\\/www.altercampagne.net\\\/#\\\/schema\\\/person\\\/0f261460c09e430caa0f9bcffa319109\"},\"breadcrumb\":{\"@id\":\"https:\\\/\\\/www.altercampagne.net\\\/?p=13155#breadcrumb\"},\"inLanguage\":\"fr-FR\",\"potentialAction\":[{\"@type\":\"ReadAction\",\"target\":[\"https:\\\/\\\/www.altercampagne.net\\\/?p=13155\"]}]},{\"@type\":\"ImageObject\",\"inLanguage\":\"fr-FR\",\"@id\":\"https:\\\/\\\/www.altercampagne.net\\\/?p=13155#primaryimage\",\"url\":\"https:\\\/\\\/www.altercampagne.net\\\/wp-content\\\/uploads\\\/2019\\\/03\\\/471bd-illustration.jpg\",\"contentUrl\":\"https:\\\/\\\/www.altercampagne.net\\\/wp-content\\\/uploads\\\/2019\\\/03\\\/471bd-illustration.jpg\",\"width\":595,\"height\":311},{\"@type\":\"BreadcrumbList\",\"@id\":\"https:\\\/\\\/www.altercampagne.net\\\/?p=13155#breadcrumb\",\"itemListElement\":[{\"@type\":\"ListItem\",\"position\":1,\"name\":\"Accueil\",\"item\":\"https:\\\/\\\/www.altercampagne.net\\\/\"},{\"@type\":\"ListItem\",\"position\":2,\"name\":\"L\u2019arbre, cet alli\u00e9 m\u00e9connu\"}]},{\"@type\":\"WebSite\",\"@id\":\"https:\\\/\\\/www.altercampagne.net\\\/#website\",\"url\":\"https:\\\/\\\/www.altercampagne.net\\\/\",\"name\":\"AlterTour\",\"description\":\"Reliez les Alternatives \u00e0 v\u00e9lo\",\"potentialAction\":[{\"@type\":\"SearchAction\",\"target\":{\"@type\":\"EntryPoint\",\"urlTemplate\":\"https:\\\/\\\/www.altercampagne.net\\\/?s={search_term_string}\"},\"query-input\":{\"@type\":\"PropertyValueSpecification\",\"valueRequired\":true,\"valueName\":\"search_term_string\"}}],\"inLanguage\":\"fr-FR\"},{\"@type\":\"Person\",\"@id\":\"https:\\\/\\\/www.altercampagne.net\\\/#\\\/schema\\\/person\\\/0f261460c09e430caa0f9bcffa319109\",\"name\":\"Mathieu\",\"image\":{\"@type\":\"ImageObject\",\"inLanguage\":\"fr-FR\",\"@id\":\"https:\\\/\\\/secure.gravatar.com\\\/avatar\\\/aa9d3d24c83f2141e5e2709d0f63d09a99f6be6bb7a50abc4915838d9f54501a?s=96&d=mm&r=g\",\"url\":\"https:\\\/\\\/secure.gravatar.com\\\/avatar\\\/aa9d3d24c83f2141e5e2709d0f63d09a99f6be6bb7a50abc4915838d9f54501a?s=96&d=mm&r=g\",\"contentUrl\":\"https:\\\/\\\/secure.gravatar.com\\\/avatar\\\/aa9d3d24c83f2141e5e2709d0f63d09a99f6be6bb7a50abc4915838d9f54501a?s=96&d=mm&r=g\",\"caption\":\"Mathieu\"},\"url\":\"https:\\\/\\\/www.altercampagne.net\\\/?author=214\"}]}<\/script>\n<!-- \/ Yoast SEO plugin. -->","yoast_head_json":{"title":"L\u2019arbre, cet alli\u00e9 m\u00e9connu - AlterTour","robots":{"index":"index","follow":"follow","max-snippet":"max-snippet:-1","max-image-preview":"max-image-preview:large","max-video-preview":"max-video-preview:-1"},"canonical":"https:\/\/www.altercampagne.net\/?p=13155","og_locale":"fr_FR","og_type":"article","og_title":"L\u2019arbre, cet alli\u00e9 m\u00e9connu - AlterTour","og_description":"Les propri\u00e9t\u00e9s insoup\u00e7onn\u00e9es des arbres Les r\u00e9centes d\u00e9couvertes autour des arbres forment un univers fascinant. \u00c0 travers quelques exemples et anecdotes, en voici un \u00e9chantillon. L\u2019arbre et le CO2 : source d\u2019\u00e9nergies et de d\u00e9bats L\u2019exploitation des for\u00eats vit une intensification sans pr\u00e9c\u00e9dent, surtout pour la r\u00e9colte du bois \u00e9nergie. ... Read More","og_url":"https:\/\/www.altercampagne.net\/?p=13155","og_site_name":"AlterTour","article_published_time":"2018-09-26T07:56:29+00:00","article_modified_time":"2019-03-08T09:11:36+00:00","og_image":[{"width":595,"height":311,"url":"https:\/\/www.altercampagne.net\/wp-content\/uploads\/2019\/03\/471bd-illustration.jpg","type":"image\/jpeg"}],"author":"Mathieu","twitter_card":"summary_large_image","twitter_misc":{"\u00c9crit par":"Mathieu","Dur\u00e9e de lecture estim\u00e9e":"2 minutes"},"schema":{"@context":"https:\/\/schema.org","@graph":[{"@type":"Article","@id":"https:\/\/www.altercampagne.net\/?p=13155#article","isPartOf":{"@id":"https:\/\/www.altercampagne.net\/?p=13155"},"author":{"name":"Mathieu","@id":"https:\/\/www.altercampagne.net\/#\/schema\/person\/0f261460c09e430caa0f9bcffa319109"},"headline":"L\u2019arbre, cet alli\u00e9 m\u00e9connu","datePublished":"2018-09-26T07:56:29+00:00","dateModified":"2019-03-08T09:11:36+00:00","mainEntityOfPage":{"@id":"https:\/\/www.altercampagne.net\/?p=13155"},"wordCount":419,"image":{"@id":"https:\/\/www.altercampagne.net\/?p=13155#primaryimage"},"thumbnailUrl":"https:\/\/www.altercampagne.net\/wp-content\/uploads\/2019\/03\/471bd-illustration.jpg","keywords":["permaculture","jardin des Fraternit\u00e9s Ouvri\u00e8res","Bretz'Selle","Octobre 2018","arbre","d\u00e9forestation","arbre en ville","Eotopia","Gilbert Cardon"],"articleSection":["Silence"],"inLanguage":"fr-FR"},{"@type":"WebPage","@id":"https:\/\/www.altercampagne.net\/?p=13155","url":"https:\/\/www.altercampagne.net\/?p=13155","name":"L\u2019arbre, cet alli\u00e9 m\u00e9connu - AlterTour","isPartOf":{"@id":"https:\/\/www.altercampagne.net\/#website"},"primaryImageOfPage":{"@id":"https:\/\/www.altercampagne.net\/?p=13155#primaryimage"},"image":{"@id":"https:\/\/www.altercampagne.net\/?p=13155#primaryimage"},"thumbnailUrl":"https:\/\/www.altercampagne.net\/wp-content\/uploads\/2019\/03\/471bd-illustration.jpg","datePublished":"2018-09-26T07:56:29+00:00","dateModified":"2019-03-08T09:11:36+00:00","author":{"@id":"https:\/\/www.altercampagne.net\/#\/schema\/person\/0f261460c09e430caa0f9bcffa319109"},"breadcrumb":{"@id":"https:\/\/www.altercampagne.net\/?p=13155#breadcrumb"},"inLanguage":"fr-FR","potentialAction":[{"@type":"ReadAction","target":["https:\/\/www.altercampagne.net\/?p=13155"]}]},{"@type":"ImageObject","inLanguage":"fr-FR","@id":"https:\/\/www.altercampagne.net\/?p=13155#primaryimage","url":"https:\/\/www.altercampagne.net\/wp-content\/uploads\/2019\/03\/471bd-illustration.jpg","contentUrl":"https:\/\/www.altercampagne.net\/wp-content\/uploads\/2019\/03\/471bd-illustration.jpg","width":595,"height":311},{"@type":"BreadcrumbList","@id":"https:\/\/www.altercampagne.net\/?p=13155#breadcrumb","itemListElement":[{"@type":"ListItem","position":1,"name":"Accueil","item":"https:\/\/www.altercampagne.net\/"},{"@type":"ListItem","position":2,"name":"L\u2019arbre, cet alli\u00e9 m\u00e9connu"}]},{"@type":"WebSite","@id":"https:\/\/www.altercampagne.net\/#website","url":"https:\/\/www.altercampagne.net\/","name":"AlterTour","description":"Reliez les Alternatives \u00e0 v\u00e9lo","potentialAction":[{"@type":"SearchAction","target":{"@type":"EntryPoint","urlTemplate":"https:\/\/www.altercampagne.net\/?s={search_term_string}"},"query-input":{"@type":"PropertyValueSpecification","valueRequired":true,"valueName":"search_term_string"}}],"inLanguage":"fr-FR"},{"@type":"Person","@id":"https:\/\/www.altercampagne.net\/#\/schema\/person\/0f261460c09e430caa0f9bcffa319109","name":"Mathieu","image":{"@type":"ImageObject","inLanguage":"fr-FR","@id":"https:\/\/secure.gravatar.com\/avatar\/aa9d3d24c83f2141e5e2709d0f63d09a99f6be6bb7a50abc4915838d9f54501a?s=96&d=mm&r=g","url":"https:\/\/secure.gravatar.com\/avatar\/aa9d3d24c83f2141e5e2709d0f63d09a99f6be6bb7a50abc4915838d9f54501a?s=96&d=mm&r=g","contentUrl":"https:\/\/secure.gravatar.com\/avatar\/aa9d3d24c83f2141e5e2709d0f63d09a99f6be6bb7a50abc4915838d9f54501a?s=96&d=mm&r=g","caption":"Mathieu"},"url":"https:\/\/www.altercampagne.net\/?author=214"}]}},"_links":{"self":[{"href":"https:\/\/www.altercampagne.net\/index.php?rest_route=\/wp\/v2\/posts\/13155","targetHints":{"allow":["GET"]}}],"collection":[{"href":"https:\/\/www.altercampagne.net\/index.php?rest_route=\/wp\/v2\/posts"}],"about":[{"href":"https:\/\/www.altercampagne.net\/index.php?rest_route=\/wp\/v2\/types\/post"}],"author":[{"embeddable":true,"href":"https:\/\/www.altercampagne.net\/index.php?rest_route=\/wp\/v2\/users\/214"}],"replies":[{"embeddable":true,"href":"https:\/\/www.altercampagne.net\/index.php?rest_route=%2Fwp%2Fv2%2Fcomments&post=13155"}],"version-history":[{"count":0,"href":"https:\/\/www.altercampagne.net\/index.php?rest_route=\/wp\/v2\/posts\/13155\/revisions"}],"wp:featuredmedia":[{"embeddable":true,"href":"https:\/\/www.altercampagne.net\/index.php?rest_route=\/wp\/v2\/media\/13157"}],"wp:attachment":[{"href":"https:\/\/www.altercampagne.net\/index.php?rest_route=%2Fwp%2Fv2%2Fmedia&parent=13155"}],"wp:term":[{"taxonomy":"category","embeddable":true,"href":"https:\/\/www.altercampagne.net\/index.php?rest_route=%2Fwp%2Fv2%2Fcategories&post=13155"},{"taxonomy":"post_tag","embeddable":true,"href":"https:\/\/www.altercampagne.net\/index.php?rest_route=%2Fwp%2Fv2%2Ftags&post=13155"}],"curies":[{"name":"wp","href":"https:\/\/api.w.org\/{rel}","templated":true}]}}