{"id":13159,"date":"2018-08-27T10:15:01","date_gmt":"2018-08-27T08:15:01","guid":{"rendered":"http:\/\/www.altercampagne.net\/?p=13159"},"modified":"2019-03-08T10:21:43","modified_gmt":"2019-03-08T09:21:43","slug":"autogerons-les-coop-alimentaires","status":"publish","type":"post","link":"https:\/\/www.altercampagne.net\/?p=13159","title":{"rendered":"Autog\u00e9rons les coop&rsquo; alimentaires !"},"content":{"rendered":"\n<p><strong>Les <em>Diony-Coop<\/em>, c&rsquo;est l&rsquo;anarchie\u2026 la vraie !<\/strong><\/p>\n\n\n\n<p><em>La mani\u00e8re dont une coop\u00e9rative autog\u00e9r\u00e9e d\u00e9cide de s&rsquo;organiser est \u00e9minemment politique. La preuve avec <\/em>Diony-Coop<em>, en Seine-Saint-Denis, qui bouscule les id\u00e9es re\u00e7ues sur le fonctionnement d&rsquo;un collectif de plusieurs centaines de personnes. <\/em><\/p>\n\n\n\n<p><strong>Oser l&rsquo;autogestion dans les coop\u00e9ratives alimentaires<\/strong><\/p>\n\n\n\n<p><em>Coop\u00e9rateur de <\/em>Diony-Coop<em> en Seine-Saint-Denis, \nJean-Claude Richard apporte quelques conseils pratiques et politiques \npour cr\u00e9er une coop\u00e9rative alimentaire autog\u00e9r\u00e9e. <\/em><\/p>\n\n\n\n<p><strong><em>Prairial<\/em>, la premi\u00e8re coop\u00e9rative \u00e9colo de France<\/strong><\/p>\n\n\n\n<p><em>Cr\u00e9\u00e9e en 1971, <\/em>Prairial<em> \u00e9tait \u00e0 l\u2019origine une \ncoop\u00e9rative de consommation. Elle a fonctionn\u00e9 uniquement avec des \nb\u00e9n\u00e9voles pendant huit ans. Le temps d\u2019une soir\u00e9e, d\u2019anciens membres de \nla coop\u00e9rative qui ont fond\u00e9 la nouvelle Scop et des salari\u00e9\u00b7es \nanalysent leur histoire.<\/em><\/p>\n\n\n\n<p><strong>Le renouveau multiforme des coop\u00e9ratives de consommation<\/strong><\/p>\n\n\n\n<p><em>L\u2019int\u00e9r\u00eat port\u00e9 aujourd\u2019hui \u00e0 une consommation plus responsable, \nen particulier en mati\u00e8re d\u2019alimentation, se traduit par un nouvel essor\n des coop\u00e9ratives de consommation. Jean-Fran\u00e7ois Draperi apporte un \n\u00e9clairage sur leur histoire, qui explore d&rsquo;autres pistes que les \npremiers articles de ce dossier. <\/em><\/p>\n\n\n\n<h4 class=\"wp-block-heading\">Des articles,  des chroniques et des br\u00e8ves   <\/h4>\n\n\n\n<p>Murray Bookchin nous aide \u00e0 penser la crise \u00e9cologique<br>\nLa non-violence en h\u00e9ritage<br>\nLes mirages \u00e9colo-s\u00e9curitaires de la voiture autonome<br>\nLes villes et les territoires en transition en Gironde<br>\nDe New-Delhi \u00e0 Gen\u00e8ve, marcher pour \u00ab\u00a0la victoire du monde\u00a0\u00bb !<br>\nCompagnonnage alternatif et solidaire<\/p>\n\n\n\n<p>Belle journ\u00e9e et bonne lecture !<\/p>\n\n\n\n<p>Retrouvez la Revue Silence en Biocoop et\/ou abonnez-vous directement sur leur site : <a rel=\"noreferrer noopener\" href=\"http:\/\/www.revuesilence.net\/\" target=\"_blank\">http:\/\/www.revuesilence.net\/<\/a><\/p>\n\n\n\n<p> Toutes nos publications sur la <a href=\"http:\/\/www.altercampagne.net\/?cat=3248\">Revue Silence<\/a><\/p>\n\n\n\n<figure class=\"wp-block-image\"><img loading=\"lazy\" decoding=\"async\" width=\"595\" height=\"842\" src=\"http:\/\/www.altercampagne.net\/wp-content\/uploads\/2019\/03\/470bd.jpg\" alt=\"\" class=\"wp-image-13161\" srcset=\"https:\/\/www.altercampagne.net\/wp-content\/uploads\/2019\/03\/470bd.jpg 595w, https:\/\/www.altercampagne.net\/wp-content\/uploads\/2019\/03\/470bd-212x300.jpg 212w, https:\/\/www.altercampagne.net\/wp-content\/uploads\/2019\/03\/470bd-100x142.jpg 100w\" sizes=\"auto, (max-width: 595px) 100vw, 595px\" \/><\/figure>\n","protected":false},"excerpt":{"rendered":"<p>Les Diony-Coop, c&rsquo;est l&rsquo;anarchie\u2026 la vraie ! La mani\u00e8re dont une coop\u00e9rative autog\u00e9r\u00e9e d\u00e9cide de s&rsquo;organiser est \u00e9minemment politique. La preuve avec Diony-Coop, en Seine-Saint-Denis, qui bouscule les id\u00e9es re\u00e7ues sur le fonctionnement d&rsquo;un collectif de plusieurs centaines de personnes. Oser l&rsquo;autogestion dans les coop\u00e9ratives alimentaires Coop\u00e9rateur de Diony-Coop en &#8230; <\/p>\n<div><a href=\"https:\/\/www.altercampagne.net\/?p=13159\" class=\"more-link\">Read More<\/a><\/div>\n","protected":false},"author":214,"featured_media":13160,"comment_status":"closed","ping_status":"closed","sticky":false,"template":"","format":"standard","meta":{"footnotes":""},"categories":[3248],"tags":[3284,3866,3894,3895,3896,3897,3898,3899,3900,3901,3902],"class_list":["post-13159","post","type-post","status-publish","format-standard","has-post-thumbnail","hentry","category-silence","tag-seine-saint-denis","tag-pinar-selek","tag-septembre-2018","tag-coop-alimentaires","tag-diony-coop","tag-anarchie","tag-cooperative-autogeree","tag-jean-claude-richard","tag-prairial","tag-murray-bookchin","tag-non-violence-xxi"],"yoast_head":"<!-- This site is optimized with the Yoast SEO plugin v27.3 - https:\/\/yoast.com\/product\/yoast-seo-wordpress\/ -->\n<title>Autog\u00e9rons les coop&#039; alimentaires ! - AlterTour<\/title>\n<meta name=\"robots\" content=\"index, follow, max-snippet:-1, max-image-preview:large, max-video-preview:-1\" \/>\n<link rel=\"canonical\" href=\"https:\/\/www.altercampagne.net\/?p=13159\" \/>\n<meta property=\"og:locale\" content=\"fr_FR\" \/>\n<meta property=\"og:type\" content=\"article\" \/>\n<meta property=\"og:title\" content=\"Autog\u00e9rons les coop&#039; alimentaires ! - AlterTour\" \/>\n<meta property=\"og:description\" content=\"Les Diony-Coop, c&rsquo;est l&rsquo;anarchie\u2026 la vraie ! La mani\u00e8re dont une coop\u00e9rative autog\u00e9r\u00e9e d\u00e9cide de s&rsquo;organiser est \u00e9minemment politique. La preuve avec Diony-Coop, en Seine-Saint-Denis, qui bouscule les id\u00e9es re\u00e7ues sur le fonctionnement d&rsquo;un collectif de plusieurs centaines de personnes. Oser l&rsquo;autogestion dans les coop\u00e9ratives alimentaires Coop\u00e9rateur de Diony-Coop en ... Read More\" \/>\n<meta property=\"og:url\" content=\"https:\/\/www.altercampagne.net\/?p=13159\" \/>\n<meta property=\"og:site_name\" content=\"AlterTour\" \/>\n<meta property=\"article:published_time\" content=\"2018-08-27T08:15:01+00:00\" \/>\n<meta property=\"article:modified_time\" content=\"2019-03-08T09:21:43+00:00\" \/>\n<meta property=\"og:image\" content=\"https:\/\/www.altercampagne.net\/wp-content\/uploads\/2019\/03\/470hd-illustration.jpg\" \/>\n\t<meta property=\"og:image:width\" content=\"595\" \/>\n\t<meta property=\"og:image:height\" content=\"311\" \/>\n\t<meta property=\"og:image:type\" content=\"image\/jpeg\" \/>\n<meta name=\"author\" content=\"Mathieu\" \/>\n<meta name=\"twitter:card\" content=\"summary_large_image\" \/>\n<meta name=\"twitter:label1\" content=\"\u00c9crit par\" \/>\n\t<meta name=\"twitter:data1\" content=\"Mathieu\" \/>\n\t<meta name=\"twitter:label2\" content=\"Dur\u00e9e de lecture estim\u00e9e\" \/>\n\t<meta name=\"twitter:data2\" content=\"1 minute\" \/>\n<script type=\"application\/ld+json\" class=\"yoast-schema-graph\">{\"@context\":\"https:\\\/\\\/schema.org\",\"@graph\":[{\"@type\":\"Article\",\"@id\":\"https:\\\/\\\/www.altercampagne.net\\\/?p=13159#article\",\"isPartOf\":{\"@id\":\"https:\\\/\\\/www.altercampagne.net\\\/?p=13159\"},\"author\":{\"name\":\"Mathieu\",\"@id\":\"https:\\\/\\\/www.altercampagne.net\\\/#\\\/schema\\\/person\\\/0f261460c09e430caa0f9bcffa319109\"},\"headline\":\"Autog\u00e9rons les coop&rsquo; alimentaires !\",\"datePublished\":\"2018-08-27T08:15:01+00:00\",\"dateModified\":\"2019-03-08T09:21:43+00:00\",\"mainEntityOfPage\":{\"@id\":\"https:\\\/\\\/www.altercampagne.net\\\/?p=13159\"},\"wordCount\":286,\"image\":{\"@id\":\"https:\\\/\\\/www.altercampagne.net\\\/?p=13159#primaryimage\"},\"thumbnailUrl\":\"https:\\\/\\\/www.altercampagne.net\\\/wp-content\\\/uploads\\\/2019\\\/03\\\/470hd-illustration.jpg\",\"keywords\":[\"Seine-Saint-Denis\",\"Pinar Selek\",\"septembre 2018\",\"coop' alimentaires\",\"Diony-Coop\",\"anarchie\",\"coop\u00e9rative autog\u00e9r\u00e9e\",\"Jean-Claude Richard\",\"Prairial\",\"Murray Bookchin\",\"Non-violence XXI\"],\"articleSection\":[\"Silence\"],\"inLanguage\":\"fr-FR\"},{\"@type\":\"WebPage\",\"@id\":\"https:\\\/\\\/www.altercampagne.net\\\/?p=13159\",\"url\":\"https:\\\/\\\/www.altercampagne.net\\\/?p=13159\",\"name\":\"Autog\u00e9rons les coop' alimentaires ! - AlterTour\",\"isPartOf\":{\"@id\":\"https:\\\/\\\/www.altercampagne.net\\\/#website\"},\"primaryImageOfPage\":{\"@id\":\"https:\\\/\\\/www.altercampagne.net\\\/?p=13159#primaryimage\"},\"image\":{\"@id\":\"https:\\\/\\\/www.altercampagne.net\\\/?p=13159#primaryimage\"},\"thumbnailUrl\":\"https:\\\/\\\/www.altercampagne.net\\\/wp-content\\\/uploads\\\/2019\\\/03\\\/470hd-illustration.jpg\",\"datePublished\":\"2018-08-27T08:15:01+00:00\",\"dateModified\":\"2019-03-08T09:21:43+00:00\",\"author\":{\"@id\":\"https:\\\/\\\/www.altercampagne.net\\\/#\\\/schema\\\/person\\\/0f261460c09e430caa0f9bcffa319109\"},\"breadcrumb\":{\"@id\":\"https:\\\/\\\/www.altercampagne.net\\\/?p=13159#breadcrumb\"},\"inLanguage\":\"fr-FR\",\"potentialAction\":[{\"@type\":\"ReadAction\",\"target\":[\"https:\\\/\\\/www.altercampagne.net\\\/?p=13159\"]}]},{\"@type\":\"ImageObject\",\"inLanguage\":\"fr-FR\",\"@id\":\"https:\\\/\\\/www.altercampagne.net\\\/?p=13159#primaryimage\",\"url\":\"https:\\\/\\\/www.altercampagne.net\\\/wp-content\\\/uploads\\\/2019\\\/03\\\/470hd-illustration.jpg\",\"contentUrl\":\"https:\\\/\\\/www.altercampagne.net\\\/wp-content\\\/uploads\\\/2019\\\/03\\\/470hd-illustration.jpg\",\"width\":595,\"height\":311},{\"@type\":\"BreadcrumbList\",\"@id\":\"https:\\\/\\\/www.altercampagne.net\\\/?p=13159#breadcrumb\",\"itemListElement\":[{\"@type\":\"ListItem\",\"position\":1,\"name\":\"Accueil\",\"item\":\"https:\\\/\\\/www.altercampagne.net\\\/\"},{\"@type\":\"ListItem\",\"position\":2,\"name\":\"Autog\u00e9rons les coop&rsquo; alimentaires !\"}]},{\"@type\":\"WebSite\",\"@id\":\"https:\\\/\\\/www.altercampagne.net\\\/#website\",\"url\":\"https:\\\/\\\/www.altercampagne.net\\\/\",\"name\":\"AlterTour\",\"description\":\"Reliez les Alternatives \u00e0 v\u00e9lo\",\"potentialAction\":[{\"@type\":\"SearchAction\",\"target\":{\"@type\":\"EntryPoint\",\"urlTemplate\":\"https:\\\/\\\/www.altercampagne.net\\\/?s={search_term_string}\"},\"query-input\":{\"@type\":\"PropertyValueSpecification\",\"valueRequired\":true,\"valueName\":\"search_term_string\"}}],\"inLanguage\":\"fr-FR\"},{\"@type\":\"Person\",\"@id\":\"https:\\\/\\\/www.altercampagne.net\\\/#\\\/schema\\\/person\\\/0f261460c09e430caa0f9bcffa319109\",\"name\":\"Mathieu\",\"image\":{\"@type\":\"ImageObject\",\"inLanguage\":\"fr-FR\",\"@id\":\"https:\\\/\\\/secure.gravatar.com\\\/avatar\\\/aa9d3d24c83f2141e5e2709d0f63d09a99f6be6bb7a50abc4915838d9f54501a?s=96&d=mm&r=g\",\"url\":\"https:\\\/\\\/secure.gravatar.com\\\/avatar\\\/aa9d3d24c83f2141e5e2709d0f63d09a99f6be6bb7a50abc4915838d9f54501a?s=96&d=mm&r=g\",\"contentUrl\":\"https:\\\/\\\/secure.gravatar.com\\\/avatar\\\/aa9d3d24c83f2141e5e2709d0f63d09a99f6be6bb7a50abc4915838d9f54501a?s=96&d=mm&r=g\",\"caption\":\"Mathieu\"},\"url\":\"https:\\\/\\\/www.altercampagne.net\\\/?author=214\"}]}<\/script>\n<!-- \/ Yoast SEO plugin. -->","yoast_head_json":{"title":"Autog\u00e9rons les coop' alimentaires ! - AlterTour","robots":{"index":"index","follow":"follow","max-snippet":"max-snippet:-1","max-image-preview":"max-image-preview:large","max-video-preview":"max-video-preview:-1"},"canonical":"https:\/\/www.altercampagne.net\/?p=13159","og_locale":"fr_FR","og_type":"article","og_title":"Autog\u00e9rons les coop' alimentaires ! - AlterTour","og_description":"Les Diony-Coop, c&rsquo;est l&rsquo;anarchie\u2026 la vraie ! La mani\u00e8re dont une coop\u00e9rative autog\u00e9r\u00e9e d\u00e9cide de s&rsquo;organiser est \u00e9minemment politique. La preuve avec Diony-Coop, en Seine-Saint-Denis, qui bouscule les id\u00e9es re\u00e7ues sur le fonctionnement d&rsquo;un collectif de plusieurs centaines de personnes. Oser l&rsquo;autogestion dans les coop\u00e9ratives alimentaires Coop\u00e9rateur de Diony-Coop en ... Read More","og_url":"https:\/\/www.altercampagne.net\/?p=13159","og_site_name":"AlterTour","article_published_time":"2018-08-27T08:15:01+00:00","article_modified_time":"2019-03-08T09:21:43+00:00","og_image":[{"width":595,"height":311,"url":"https:\/\/www.altercampagne.net\/wp-content\/uploads\/2019\/03\/470hd-illustration.jpg","type":"image\/jpeg"}],"author":"Mathieu","twitter_card":"summary_large_image","twitter_misc":{"\u00c9crit par":"Mathieu","Dur\u00e9e de lecture estim\u00e9e":"1 minute"},"schema":{"@context":"https:\/\/schema.org","@graph":[{"@type":"Article","@id":"https:\/\/www.altercampagne.net\/?p=13159#article","isPartOf":{"@id":"https:\/\/www.altercampagne.net\/?p=13159"},"author":{"name":"Mathieu","@id":"https:\/\/www.altercampagne.net\/#\/schema\/person\/0f261460c09e430caa0f9bcffa319109"},"headline":"Autog\u00e9rons les coop&rsquo; alimentaires !","datePublished":"2018-08-27T08:15:01+00:00","dateModified":"2019-03-08T09:21:43+00:00","mainEntityOfPage":{"@id":"https:\/\/www.altercampagne.net\/?p=13159"},"wordCount":286,"image":{"@id":"https:\/\/www.altercampagne.net\/?p=13159#primaryimage"},"thumbnailUrl":"https:\/\/www.altercampagne.net\/wp-content\/uploads\/2019\/03\/470hd-illustration.jpg","keywords":["Seine-Saint-Denis","Pinar Selek","septembre 2018","coop' alimentaires","Diony-Coop","anarchie","coop\u00e9rative autog\u00e9r\u00e9e","Jean-Claude Richard","Prairial","Murray Bookchin","Non-violence XXI"],"articleSection":["Silence"],"inLanguage":"fr-FR"},{"@type":"WebPage","@id":"https:\/\/www.altercampagne.net\/?p=13159","url":"https:\/\/www.altercampagne.net\/?p=13159","name":"Autog\u00e9rons les coop' alimentaires ! - AlterTour","isPartOf":{"@id":"https:\/\/www.altercampagne.net\/#website"},"primaryImageOfPage":{"@id":"https:\/\/www.altercampagne.net\/?p=13159#primaryimage"},"image":{"@id":"https:\/\/www.altercampagne.net\/?p=13159#primaryimage"},"thumbnailUrl":"https:\/\/www.altercampagne.net\/wp-content\/uploads\/2019\/03\/470hd-illustration.jpg","datePublished":"2018-08-27T08:15:01+00:00","dateModified":"2019-03-08T09:21:43+00:00","author":{"@id":"https:\/\/www.altercampagne.net\/#\/schema\/person\/0f261460c09e430caa0f9bcffa319109"},"breadcrumb":{"@id":"https:\/\/www.altercampagne.net\/?p=13159#breadcrumb"},"inLanguage":"fr-FR","potentialAction":[{"@type":"ReadAction","target":["https:\/\/www.altercampagne.net\/?p=13159"]}]},{"@type":"ImageObject","inLanguage":"fr-FR","@id":"https:\/\/www.altercampagne.net\/?p=13159#primaryimage","url":"https:\/\/www.altercampagne.net\/wp-content\/uploads\/2019\/03\/470hd-illustration.jpg","contentUrl":"https:\/\/www.altercampagne.net\/wp-content\/uploads\/2019\/03\/470hd-illustration.jpg","width":595,"height":311},{"@type":"BreadcrumbList","@id":"https:\/\/www.altercampagne.net\/?p=13159#breadcrumb","itemListElement":[{"@type":"ListItem","position":1,"name":"Accueil","item":"https:\/\/www.altercampagne.net\/"},{"@type":"ListItem","position":2,"name":"Autog\u00e9rons les coop&rsquo; alimentaires !"}]},{"@type":"WebSite","@id":"https:\/\/www.altercampagne.net\/#website","url":"https:\/\/www.altercampagne.net\/","name":"AlterTour","description":"Reliez les Alternatives \u00e0 v\u00e9lo","potentialAction":[{"@type":"SearchAction","target":{"@type":"EntryPoint","urlTemplate":"https:\/\/www.altercampagne.net\/?s={search_term_string}"},"query-input":{"@type":"PropertyValueSpecification","valueRequired":true,"valueName":"search_term_string"}}],"inLanguage":"fr-FR"},{"@type":"Person","@id":"https:\/\/www.altercampagne.net\/#\/schema\/person\/0f261460c09e430caa0f9bcffa319109","name":"Mathieu","image":{"@type":"ImageObject","inLanguage":"fr-FR","@id":"https:\/\/secure.gravatar.com\/avatar\/aa9d3d24c83f2141e5e2709d0f63d09a99f6be6bb7a50abc4915838d9f54501a?s=96&d=mm&r=g","url":"https:\/\/secure.gravatar.com\/avatar\/aa9d3d24c83f2141e5e2709d0f63d09a99f6be6bb7a50abc4915838d9f54501a?s=96&d=mm&r=g","contentUrl":"https:\/\/secure.gravatar.com\/avatar\/aa9d3d24c83f2141e5e2709d0f63d09a99f6be6bb7a50abc4915838d9f54501a?s=96&d=mm&r=g","caption":"Mathieu"},"url":"https:\/\/www.altercampagne.net\/?author=214"}]}},"_links":{"self":[{"href":"https:\/\/www.altercampagne.net\/index.php?rest_route=\/wp\/v2\/posts\/13159","targetHints":{"allow":["GET"]}}],"collection":[{"href":"https:\/\/www.altercampagne.net\/index.php?rest_route=\/wp\/v2\/posts"}],"about":[{"href":"https:\/\/www.altercampagne.net\/index.php?rest_route=\/wp\/v2\/types\/post"}],"author":[{"embeddable":true,"href":"https:\/\/www.altercampagne.net\/index.php?rest_route=\/wp\/v2\/users\/214"}],"replies":[{"embeddable":true,"href":"https:\/\/www.altercampagne.net\/index.php?rest_route=%2Fwp%2Fv2%2Fcomments&post=13159"}],"version-history":[{"count":0,"href":"https:\/\/www.altercampagne.net\/index.php?rest_route=\/wp\/v2\/posts\/13159\/revisions"}],"wp:featuredmedia":[{"embeddable":true,"href":"https:\/\/www.altercampagne.net\/index.php?rest_route=\/wp\/v2\/media\/13160"}],"wp:attachment":[{"href":"https:\/\/www.altercampagne.net\/index.php?rest_route=%2Fwp%2Fv2%2Fmedia&parent=13159"}],"wp:term":[{"taxonomy":"category","embeddable":true,"href":"https:\/\/www.altercampagne.net\/index.php?rest_route=%2Fwp%2Fv2%2Fcategories&post=13159"},{"taxonomy":"post_tag","embeddable":true,"href":"https:\/\/www.altercampagne.net\/index.php?rest_route=%2Fwp%2Fv2%2Ftags&post=13159"}],"curies":[{"name":"wp","href":"https:\/\/api.w.org\/{rel}","templated":true}]}}