{"id":1318,"date":"2015-05-13T11:58:30","date_gmt":"2015-05-13T09:58:30","guid":{"rendered":"http:\/\/www.altercampagne.net\/?p=1318"},"modified":"2020-02-24T15:23:57","modified_gmt":"2020-02-24T14:23:57","slug":"1318","status":"publish","type":"post","link":"https:\/\/www.altercampagne.net\/?p=1318","title":{"rendered":"Les Bure Haleurs les 18 et 19 juillet 2015 \u00e0 Bure"},"content":{"rendered":"<p><a href=\"http:\/\/www.altercampagne.net\/?page_id=172&amp;route=6\"><img loading=\"lazy\" decoding=\"async\" class=\" wp-image-1212 size-medium alignleft\" src=\"http:\/\/www.altercampagne.net\/wp-content\/uploads\/2015\/04\/2015-07-19-Bure-Haleurs-300x219.jpg\" alt=\"Bure Haleur AlterTour 2015\" width=\"300\" height=\"219\" srcset=\"https:\/\/www.altercampagne.net\/wp-content\/uploads\/2015\/04\/2015-07-19-Bure-Haleurs-300x219.jpg 300w, https:\/\/www.altercampagne.net\/wp-content\/uploads\/2015\/04\/2015-07-19-Bure-Haleurs.jpg 960w\" sizes=\"auto, (max-width: 300px) 100vw, 300px\" \/><\/a>\u00ab\u00a0On est \u00e9videmment enti\u00e8rement acoustique, donc tout terrain. On sort les instruments et on envoie la pur\u00e9e ! \u00bb. Le ton est donn\u00e9 : gamme de Mi\u2026litants.<br \/>\nLes <strong><a href=\"https:\/\/lehalagedudebat.wordpress.com\/\" target=\"_blank\" rel=\"noopener noreferrer\">Bure Haleurs<\/a><\/strong> sont des originaux : accord\u00e9on, guitares, euphonium et violon accompagnent le d\u00e9bat sur le nucl\u00e9aire et ses d\u00e9chets par des chansons engageantes. Partant du principe qu\u2019une des voies de propagation de la radioactivit\u00e9 est l\u2019eau, ces musiciens partent \u00e0 v\u00e9lo le long de chemins de halage pour relier villes et villages coinc\u00e9s entre Fessenheim, Cattenom et Bure, voire<br \/>\nplus loin. Beaucoup plus loin. En 2014, ils ont par exemple reli\u00e9 Bure \u00e0 Paris par les bords de Marne.<br \/>\nIls poussent \u00e9galement la chansonnette en animant sur demande des soir\u00e9es festivo-militantes. Et \u00e7a tombe bien : l\u2019AlterTour les a sollicit\u00e9s pour \u00e9gayer notre arriv\u00e9e \u00e0 la Maison de R\u00e9sistance \u00e0 la Poubelle Nucl\u00e9aire &#8211; <a href=\"http:\/\/burezoneblog.over-blog.com\/\" target=\"_blank\" rel=\"noopener noreferrer\"><strong>Bure Zone Libre<\/strong><\/a> les 18 et 19 juillet 2015. \u00c7a devrait guincher \u00e0 fond et AVEC du fond !<\/p>\n<p>Lien vers l&rsquo;\u00e9tape du <a href=\"http:\/\/www.altercampagne.net\/?page_id=172&amp;route=6\"><strong>dimanche 19 juillet 2015<\/strong><\/a><\/p>\n","protected":false},"excerpt":{"rendered":"<p>\u00ab\u00a0On est \u00e9videmment enti\u00e8rement acoustique, donc tout terrain. On sort les instruments et on envoie la pur\u00e9e ! \u00bb. Le ton est donn\u00e9 : gamme de Mi\u2026litants. Les Bure Haleurs sont des originaux : accord\u00e9on, guitares, euphonium et violon accompagnent le d\u00e9bat sur le nucl\u00e9aire et ses d\u00e9chets par des &#8230; <\/p>\n<div><a href=\"https:\/\/www.altercampagne.net\/?p=1318\" class=\"more-link\">Read More<\/a><\/div>\n","protected":false},"author":214,"featured_media":0,"comment_status":"closed","ping_status":"closed","sticky":false,"template":"","format":"standard","meta":{"footnotes":""},"categories":[3475,3487,3460,3542],"tags":[25,171,190,191,192,205,206,232,247,376,1514],"class_list":["post-1318","post","type-post","status-publish","format-standard","hentry","category-grand-est","category-energie","category-edition-2015","category-lutte","tag-bure","tag-bure-haleurs","tag-bure-zone-libre","tag-maison-de-resistance-a-la-poubelle-nucleaire","tag-altertour-2015","tag-18-juillet-2015","tag-19-juillet-2015","tag-nucleaire","tag-lorraine","tag-dechet-nucleaire","tag-meuse","no-post-thumbnail"],"yoast_head":"<!-- This site is optimized with the Yoast SEO plugin v27.3 - https:\/\/yoast.com\/product\/yoast-seo-wordpress\/ -->\n<title>Les Bure Haleurs les 18 et 19 juillet 2015 \u00e0 Bure - AlterTour<\/title>\n<meta name=\"robots\" content=\"index, follow, max-snippet:-1, max-image-preview:large, max-video-preview:-1\" \/>\n<link rel=\"canonical\" href=\"https:\/\/www.altercampagne.net\/?p=1318\" \/>\n<meta property=\"og:locale\" content=\"fr_FR\" \/>\n<meta property=\"og:type\" content=\"article\" \/>\n<meta property=\"og:title\" content=\"Les Bure Haleurs les 18 et 19 juillet 2015 \u00e0 Bure - AlterTour\" \/>\n<meta property=\"og:description\" content=\"\u00ab\u00a0On est \u00e9videmment enti\u00e8rement acoustique, donc tout terrain. On sort les instruments et on envoie la pur\u00e9e ! \u00bb. Le ton est donn\u00e9 : gamme de Mi\u2026litants. Les Bure Haleurs sont des originaux : accord\u00e9on, guitares, euphonium et violon accompagnent le d\u00e9bat sur le nucl\u00e9aire et ses d\u00e9chets par des ... Read More\" \/>\n<meta property=\"og:url\" content=\"https:\/\/www.altercampagne.net\/?p=1318\" \/>\n<meta property=\"og:site_name\" content=\"AlterTour\" \/>\n<meta property=\"article:published_time\" content=\"2015-05-13T09:58:30+00:00\" \/>\n<meta property=\"article:modified_time\" content=\"2020-02-24T14:23:57+00:00\" \/>\n<meta property=\"og:image\" content=\"http:\/\/www.altercampagne.net\/wp-content\/uploads\/2015\/04\/2015-07-19-Bure-Haleurs-300x219.jpg\" \/>\n<meta name=\"author\" content=\"Mathieu\" \/>\n<meta name=\"twitter:card\" content=\"summary_large_image\" \/>\n<meta name=\"twitter:label1\" content=\"\u00c9crit par\" \/>\n\t<meta name=\"twitter:data1\" content=\"Mathieu\" \/>\n\t<meta name=\"twitter:label2\" content=\"Dur\u00e9e de lecture estim\u00e9e\" \/>\n\t<meta name=\"twitter:data2\" content=\"1 minute\" \/>\n<script type=\"application\/ld+json\" class=\"yoast-schema-graph\">{\"@context\":\"https:\\\/\\\/schema.org\",\"@graph\":[{\"@type\":\"Article\",\"@id\":\"https:\\\/\\\/www.altercampagne.net\\\/?p=1318#article\",\"isPartOf\":{\"@id\":\"https:\\\/\\\/www.altercampagne.net\\\/?p=1318\"},\"author\":{\"name\":\"Mathieu\",\"@id\":\"https:\\\/\\\/www.altercampagne.net\\\/#\\\/schema\\\/person\\\/0f261460c09e430caa0f9bcffa319109\"},\"headline\":\"Les Bure Haleurs les 18 et 19 juillet 2015 \u00e0 Bure\",\"datePublished\":\"2015-05-13T09:58:30+00:00\",\"dateModified\":\"2020-02-24T14:23:57+00:00\",\"mainEntityOfPage\":{\"@id\":\"https:\\\/\\\/www.altercampagne.net\\\/?p=1318\"},\"wordCount\":178,\"image\":{\"@id\":\"https:\\\/\\\/www.altercampagne.net\\\/?p=1318#primaryimage\"},\"thumbnailUrl\":\"http:\\\/\\\/www.altercampagne.net\\\/wp-content\\\/uploads\\\/2015\\\/04\\\/2015-07-19-Bure-Haleurs-300x219.jpg\",\"keywords\":[\"Bure\",\"Bure Haleurs\",\"Bure zone libre\",\"maison de r\u00e9sistance \u00e0 la poubelle nucl\u00e9aire\",\"AlterTour 2015\",\"18 juillet 2015\",\"19 juillet 2015\",\"nucl\u00e9aire\",\"Lorraine\",\"d\u00e9chet nucl\u00e9aire\",\"Meuse\"],\"articleSection\":[\"Grand Est\",\"\u00c9nergie\",\"\u00c9dition 2015\",\"Lutte\"],\"inLanguage\":\"fr-FR\"},{\"@type\":\"WebPage\",\"@id\":\"https:\\\/\\\/www.altercampagne.net\\\/?p=1318\",\"url\":\"https:\\\/\\\/www.altercampagne.net\\\/?p=1318\",\"name\":\"Les Bure Haleurs les 18 et 19 juillet 2015 \u00e0 Bure - AlterTour\",\"isPartOf\":{\"@id\":\"https:\\\/\\\/www.altercampagne.net\\\/#website\"},\"primaryImageOfPage\":{\"@id\":\"https:\\\/\\\/www.altercampagne.net\\\/?p=1318#primaryimage\"},\"image\":{\"@id\":\"https:\\\/\\\/www.altercampagne.net\\\/?p=1318#primaryimage\"},\"thumbnailUrl\":\"http:\\\/\\\/www.altercampagne.net\\\/wp-content\\\/uploads\\\/2015\\\/04\\\/2015-07-19-Bure-Haleurs-300x219.jpg\",\"datePublished\":\"2015-05-13T09:58:30+00:00\",\"dateModified\":\"2020-02-24T14:23:57+00:00\",\"author\":{\"@id\":\"https:\\\/\\\/www.altercampagne.net\\\/#\\\/schema\\\/person\\\/0f261460c09e430caa0f9bcffa319109\"},\"breadcrumb\":{\"@id\":\"https:\\\/\\\/www.altercampagne.net\\\/?p=1318#breadcrumb\"},\"inLanguage\":\"fr-FR\",\"potentialAction\":[{\"@type\":\"ReadAction\",\"target\":[\"https:\\\/\\\/www.altercampagne.net\\\/?p=1318\"]}]},{\"@type\":\"ImageObject\",\"inLanguage\":\"fr-FR\",\"@id\":\"https:\\\/\\\/www.altercampagne.net\\\/?p=1318#primaryimage\",\"url\":\"https:\\\/\\\/www.altercampagne.net\\\/wp-content\\\/uploads\\\/2015\\\/04\\\/2015-07-19-Bure-Haleurs.jpg\",\"contentUrl\":\"https:\\\/\\\/www.altercampagne.net\\\/wp-content\\\/uploads\\\/2015\\\/04\\\/2015-07-19-Bure-Haleurs.jpg\",\"width\":960,\"height\":700,\"caption\":\"Bure Haleur AlterTour 2015\"},{\"@type\":\"BreadcrumbList\",\"@id\":\"https:\\\/\\\/www.altercampagne.net\\\/?p=1318#breadcrumb\",\"itemListElement\":[{\"@type\":\"ListItem\",\"position\":1,\"name\":\"Accueil\",\"item\":\"https:\\\/\\\/www.altercampagne.net\\\/\"},{\"@type\":\"ListItem\",\"position\":2,\"name\":\"Les Bure Haleurs les 18 et 19 juillet 2015 \u00e0 Bure\"}]},{\"@type\":\"WebSite\",\"@id\":\"https:\\\/\\\/www.altercampagne.net\\\/#website\",\"url\":\"https:\\\/\\\/www.altercampagne.net\\\/\",\"name\":\"AlterTour\",\"description\":\"Reliez les Alternatives \u00e0 v\u00e9lo\",\"potentialAction\":[{\"@type\":\"SearchAction\",\"target\":{\"@type\":\"EntryPoint\",\"urlTemplate\":\"https:\\\/\\\/www.altercampagne.net\\\/?s={search_term_string}\"},\"query-input\":{\"@type\":\"PropertyValueSpecification\",\"valueRequired\":true,\"valueName\":\"search_term_string\"}}],\"inLanguage\":\"fr-FR\"},{\"@type\":\"Person\",\"@id\":\"https:\\\/\\\/www.altercampagne.net\\\/#\\\/schema\\\/person\\\/0f261460c09e430caa0f9bcffa319109\",\"name\":\"Mathieu\",\"image\":{\"@type\":\"ImageObject\",\"inLanguage\":\"fr-FR\",\"@id\":\"https:\\\/\\\/secure.gravatar.com\\\/avatar\\\/aa9d3d24c83f2141e5e2709d0f63d09a99f6be6bb7a50abc4915838d9f54501a?s=96&d=mm&r=g\",\"url\":\"https:\\\/\\\/secure.gravatar.com\\\/avatar\\\/aa9d3d24c83f2141e5e2709d0f63d09a99f6be6bb7a50abc4915838d9f54501a?s=96&d=mm&r=g\",\"contentUrl\":\"https:\\\/\\\/secure.gravatar.com\\\/avatar\\\/aa9d3d24c83f2141e5e2709d0f63d09a99f6be6bb7a50abc4915838d9f54501a?s=96&d=mm&r=g\",\"caption\":\"Mathieu\"},\"url\":\"https:\\\/\\\/www.altercampagne.net\\\/?author=214\"}]}<\/script>\n<!-- \/ Yoast SEO plugin. -->","yoast_head_json":{"title":"Les Bure Haleurs les 18 et 19 juillet 2015 \u00e0 Bure - AlterTour","robots":{"index":"index","follow":"follow","max-snippet":"max-snippet:-1","max-image-preview":"max-image-preview:large","max-video-preview":"max-video-preview:-1"},"canonical":"https:\/\/www.altercampagne.net\/?p=1318","og_locale":"fr_FR","og_type":"article","og_title":"Les Bure Haleurs les 18 et 19 juillet 2015 \u00e0 Bure - AlterTour","og_description":"\u00ab\u00a0On est \u00e9videmment enti\u00e8rement acoustique, donc tout terrain. On sort les instruments et on envoie la pur\u00e9e ! \u00bb. Le ton est donn\u00e9 : gamme de Mi\u2026litants. Les Bure Haleurs sont des originaux : accord\u00e9on, guitares, euphonium et violon accompagnent le d\u00e9bat sur le nucl\u00e9aire et ses d\u00e9chets par des ... Read More","og_url":"https:\/\/www.altercampagne.net\/?p=1318","og_site_name":"AlterTour","article_published_time":"2015-05-13T09:58:30+00:00","article_modified_time":"2020-02-24T14:23:57+00:00","og_image":[{"url":"http:\/\/www.altercampagne.net\/wp-content\/uploads\/2015\/04\/2015-07-19-Bure-Haleurs-300x219.jpg","type":"","width":"","height":""}],"author":"Mathieu","twitter_card":"summary_large_image","twitter_misc":{"\u00c9crit par":"Mathieu","Dur\u00e9e de lecture estim\u00e9e":"1 minute"},"schema":{"@context":"https:\/\/schema.org","@graph":[{"@type":"Article","@id":"https:\/\/www.altercampagne.net\/?p=1318#article","isPartOf":{"@id":"https:\/\/www.altercampagne.net\/?p=1318"},"author":{"name":"Mathieu","@id":"https:\/\/www.altercampagne.net\/#\/schema\/person\/0f261460c09e430caa0f9bcffa319109"},"headline":"Les Bure Haleurs les 18 et 19 juillet 2015 \u00e0 Bure","datePublished":"2015-05-13T09:58:30+00:00","dateModified":"2020-02-24T14:23:57+00:00","mainEntityOfPage":{"@id":"https:\/\/www.altercampagne.net\/?p=1318"},"wordCount":178,"image":{"@id":"https:\/\/www.altercampagne.net\/?p=1318#primaryimage"},"thumbnailUrl":"http:\/\/www.altercampagne.net\/wp-content\/uploads\/2015\/04\/2015-07-19-Bure-Haleurs-300x219.jpg","keywords":["Bure","Bure Haleurs","Bure zone libre","maison de r\u00e9sistance \u00e0 la poubelle nucl\u00e9aire","AlterTour 2015","18 juillet 2015","19 juillet 2015","nucl\u00e9aire","Lorraine","d\u00e9chet nucl\u00e9aire","Meuse"],"articleSection":["Grand Est","\u00c9nergie","\u00c9dition 2015","Lutte"],"inLanguage":"fr-FR"},{"@type":"WebPage","@id":"https:\/\/www.altercampagne.net\/?p=1318","url":"https:\/\/www.altercampagne.net\/?p=1318","name":"Les Bure Haleurs les 18 et 19 juillet 2015 \u00e0 Bure - AlterTour","isPartOf":{"@id":"https:\/\/www.altercampagne.net\/#website"},"primaryImageOfPage":{"@id":"https:\/\/www.altercampagne.net\/?p=1318#primaryimage"},"image":{"@id":"https:\/\/www.altercampagne.net\/?p=1318#primaryimage"},"thumbnailUrl":"http:\/\/www.altercampagne.net\/wp-content\/uploads\/2015\/04\/2015-07-19-Bure-Haleurs-300x219.jpg","datePublished":"2015-05-13T09:58:30+00:00","dateModified":"2020-02-24T14:23:57+00:00","author":{"@id":"https:\/\/www.altercampagne.net\/#\/schema\/person\/0f261460c09e430caa0f9bcffa319109"},"breadcrumb":{"@id":"https:\/\/www.altercampagne.net\/?p=1318#breadcrumb"},"inLanguage":"fr-FR","potentialAction":[{"@type":"ReadAction","target":["https:\/\/www.altercampagne.net\/?p=1318"]}]},{"@type":"ImageObject","inLanguage":"fr-FR","@id":"https:\/\/www.altercampagne.net\/?p=1318#primaryimage","url":"https:\/\/www.altercampagne.net\/wp-content\/uploads\/2015\/04\/2015-07-19-Bure-Haleurs.jpg","contentUrl":"https:\/\/www.altercampagne.net\/wp-content\/uploads\/2015\/04\/2015-07-19-Bure-Haleurs.jpg","width":960,"height":700,"caption":"Bure Haleur AlterTour 2015"},{"@type":"BreadcrumbList","@id":"https:\/\/www.altercampagne.net\/?p=1318#breadcrumb","itemListElement":[{"@type":"ListItem","position":1,"name":"Accueil","item":"https:\/\/www.altercampagne.net\/"},{"@type":"ListItem","position":2,"name":"Les Bure Haleurs les 18 et 19 juillet 2015 \u00e0 Bure"}]},{"@type":"WebSite","@id":"https:\/\/www.altercampagne.net\/#website","url":"https:\/\/www.altercampagne.net\/","name":"AlterTour","description":"Reliez les Alternatives \u00e0 v\u00e9lo","potentialAction":[{"@type":"SearchAction","target":{"@type":"EntryPoint","urlTemplate":"https:\/\/www.altercampagne.net\/?s={search_term_string}"},"query-input":{"@type":"PropertyValueSpecification","valueRequired":true,"valueName":"search_term_string"}}],"inLanguage":"fr-FR"},{"@type":"Person","@id":"https:\/\/www.altercampagne.net\/#\/schema\/person\/0f261460c09e430caa0f9bcffa319109","name":"Mathieu","image":{"@type":"ImageObject","inLanguage":"fr-FR","@id":"https:\/\/secure.gravatar.com\/avatar\/aa9d3d24c83f2141e5e2709d0f63d09a99f6be6bb7a50abc4915838d9f54501a?s=96&d=mm&r=g","url":"https:\/\/secure.gravatar.com\/avatar\/aa9d3d24c83f2141e5e2709d0f63d09a99f6be6bb7a50abc4915838d9f54501a?s=96&d=mm&r=g","contentUrl":"https:\/\/secure.gravatar.com\/avatar\/aa9d3d24c83f2141e5e2709d0f63d09a99f6be6bb7a50abc4915838d9f54501a?s=96&d=mm&r=g","caption":"Mathieu"},"url":"https:\/\/www.altercampagne.net\/?author=214"}]}},"_links":{"self":[{"href":"https:\/\/www.altercampagne.net\/index.php?rest_route=\/wp\/v2\/posts\/1318","targetHints":{"allow":["GET"]}}],"collection":[{"href":"https:\/\/www.altercampagne.net\/index.php?rest_route=\/wp\/v2\/posts"}],"about":[{"href":"https:\/\/www.altercampagne.net\/index.php?rest_route=\/wp\/v2\/types\/post"}],"author":[{"embeddable":true,"href":"https:\/\/www.altercampagne.net\/index.php?rest_route=\/wp\/v2\/users\/214"}],"replies":[{"embeddable":true,"href":"https:\/\/www.altercampagne.net\/index.php?rest_route=%2Fwp%2Fv2%2Fcomments&post=1318"}],"version-history":[{"count":2,"href":"https:\/\/www.altercampagne.net\/index.php?rest_route=\/wp\/v2\/posts\/1318\/revisions"}],"predecessor-version":[{"id":17362,"href":"https:\/\/www.altercampagne.net\/index.php?rest_route=\/wp\/v2\/posts\/1318\/revisions\/17362"}],"wp:attachment":[{"href":"https:\/\/www.altercampagne.net\/index.php?rest_route=%2Fwp%2Fv2%2Fmedia&parent=1318"}],"wp:term":[{"taxonomy":"category","embeddable":true,"href":"https:\/\/www.altercampagne.net\/index.php?rest_route=%2Fwp%2Fv2%2Fcategories&post=1318"},{"taxonomy":"post_tag","embeddable":true,"href":"https:\/\/www.altercampagne.net\/index.php?rest_route=%2Fwp%2Fv2%2Ftags&post=1318"}],"curies":[{"name":"wp","href":"https:\/\/api.w.org\/{rel}","templated":true}]}}