{"id":13184,"date":"2019-03-16T12:03:52","date_gmt":"2019-03-16T11:03:52","guid":{"rendered":"http:\/\/www.altercampagne.net\/?p=13184"},"modified":"2019-09-13T11:26:17","modified_gmt":"2019-09-13T09:26:17","slug":"we-de-lancement-de-laltertour-2019","status":"publish","type":"post","link":"https:\/\/www.altercampagne.net\/?p=13184","title":{"rendered":"WE de lancement de l&rsquo;AlterTour 2019"},"content":{"rendered":"\n<p><strong>Aussi connu sous le nom \u00ab\u00a0WE de R\u00e9paration des V\u00e9los de l&rsquo;AlterTour\u00a0\u00bb, ce week-end aux airs de vacances aura lieu \u00e0 Monni\u00e8res les 20-21-22 avril ! On vous attend pour profiter du soleil du Jura !<\/strong><\/p>\n\n\n\n<p class=\"has-medium-font-size\">C&rsquo;est pour qui ?<\/p>\n\n\n\n<p><strong>Qui veut&nbsp;!<\/strong><strong>&nbsp;<\/strong>Ce week-end est ouvert \u00e0 toute personne voulant donner un coup de main \u00e0 l&rsquo;AlterTour. Vous pouvez venir avec vos ami\u00b7es, la famille, des personnes de votre r\u00e9seau&#8230; l&rsquo;id\u00e9e est que chacun\u00b7e y trouve son compte, selon ses envies, ses comp\u00e9tences&#8230;<\/p>\n\n\n\n<p class=\"has-medium-font-size\">On y fait quoi ?<\/p>\n\n\n\n<p>Ce week-end, c&rsquo;est un moment o\u00f9&#8230;<\/p>\n\n\n\n<ul class=\"wp-block-list\"><li>On <strong>r\u00e9vise et r\u00e9pare les v\u00e9los<\/strong>&nbsp;et on se forme les un\u00b7e\u00b7s les autres&nbsp; <\/li><li>On <strong>peaufine les \u00e9tapes de l&rsquo;AlterTour<\/strong><\/li><li>On fait des&nbsp;<strong>petits ateliers concrets<\/strong>&nbsp;pour faire des fanions, r\u00e9viser les recettes,&#8230;<\/li><li>O<strong>n partage des id\u00e9es et comp\u00e9tences<\/strong>&nbsp; : la prise de d\u00e9cision collective, la compta quotidienne,&#8230;<\/li><li>On pr\u00e9pare des animations artistiques pour l&rsquo;AlterTour : th\u00e9\u00e2tre, concerts&#8230;<\/li><li><\/li><\/ul>\n\n\n\n<p>Et surtout on se retrouve, on profite du printemps et on fait la f\u00eate ! <\/p>\n\n\n\n<p>A NE PAS MANQUER : le brainstorming de l&rsquo;ap\u00e9ro pour baptiser les v\u00e9los de l&rsquo;AlterTour 2019 ! Attention \u00e0 la cr\u00e9ativit\u00e9 de la temp\u00eate de cerveau \ud83d\ude42<\/p>\n\n\n\n<p class=\"has-medium-font-size\">C&rsquo;est o\u00f9, je viens comment ?<\/p>\n\n\n\n<p>Voici l&rsquo;adresse : Chez Mathieu: 1 Rue du Clo\u00eetre &#8211; 39100 Monni\u00e8res. A 3,3 km de la Gare de Dole.<br><\/p>\n\n\n\n<p>Tu peux bien s\u00fbr venir pour 1 jour comme pour 3, en fonction de tes disponibilit\u00e9s.&nbsp;<br>Nous organiserons des navettes depuis la gare pour les personnes arrivant en train.&nbsp;Pr\u00e9viens nous de ta venue \u00e0 contact@altertour.net !<\/p>\n\n\n\n<figure class=\"wp-block-image\"><img decoding=\"async\" src=\"http:\/\/www.altercampagne.net\/wp-content\/uploads\/2018\/05\/IMG_0161-cadre.jpg\" alt=\"L\u2019attribut alt de cette image est vide, son nom de fichier est IMG_0161-cadre.jpg.\"\/><\/figure>\n\n\n\n<p class=\"has-medium-font-size\">On dort o\u00f9, on mange quoi ?<\/p>\n\n\n\n<p>On pourra&nbsp;<strong>planter nos tentes<\/strong>&nbsp;sur le grand terrain attenant \u00e0 la maison. <br><\/p>\n\n\n\n<p><strong>Au niveau repas<\/strong>,&nbsp;c&rsquo;est l&rsquo;AlterTour qui prend en charge les courses, mais les Altercyclistes qui les feront et pr\u00e9pareront les repas, on s&rsquo;organisera sur place avec un petit tableau des t\u00e2ches !<\/p>\n\n\n\n<p class=\"has-medium-font-size\">Faut que je pense \u00e0 apporter quelque chose ?<br><\/p>\n\n\n\n<ul class=\"wp-block-list\"><li>Tes&nbsp;<strong>affaires de camping<\/strong>&nbsp;(tente, sac de couchage, matelas, oreiller, doudou&#8230;)<\/li><li>Un&nbsp;<strong>instrument<\/strong>,&nbsp;un truc qui fait du bruit, un carnet de chants&#8230; si tu as<\/li><li>Des&nbsp;<strong>jeux&nbsp;<\/strong>(p\u00e9tanque, m\u00f6lkki, jeux de soci\u00e9t\u00e9&#8230;)<\/li><li>Tes&nbsp;<strong>id\u00e9es de nouvelles recettes<\/strong>&nbsp;pour l&rsquo;AlterTour <\/li><li><strong>Pied de maintien<\/strong>&nbsp;pour les v\u00e9los et de quoi les bricoler si tu as<\/li><\/ul>\n\n\n\n<p class=\"has-medium-font-size\">A quoi \u00e7a va ressembler ?<\/p>\n\n\n\n<p>Voici<strong><a rel=\"noreferrer noopener\" href=\"https:\/\/photos.google.com\/share\/AF1QipM9-qR9xJRJ3sX-tMakjaYwAhdF-sG7O2rQeBAhML9aXhkAe3z3YADsqcfwVQQYsQ?key=dXNmcUZEYVV5Q2pZRjFTR19iZEU2ZDJ5RWxaRXhR\" target=\"_blank\">&nbsp;les photos de l&rsquo;an dernier&nbsp;<\/a><\/strong><\/p>\n\n\n\n<figure class=\"wp-block-image\"><img loading=\"lazy\" decoding=\"async\" width=\"709\" height=\"487\" src=\"http:\/\/www.altercampagne.net\/wp-content\/uploads\/2018\/05\/4.-IMG_0088-copie-2-1.jpg\" alt=\"\" class=\"wp-image-10485\" srcset=\"https:\/\/www.altercampagne.net\/wp-content\/uploads\/2018\/05\/4.-IMG_0088-copie-2-1.jpg 709w, https:\/\/www.altercampagne.net\/wp-content\/uploads\/2018\/05\/4.-IMG_0088-copie-2-1-300x206.jpg 300w, https:\/\/www.altercampagne.net\/wp-content\/uploads\/2018\/05\/4.-IMG_0088-copie-2-1-610x419.jpg 610w, https:\/\/www.altercampagne.net\/wp-content\/uploads\/2018\/05\/4.-IMG_0088-copie-2-1-100x69.jpg 100w\" sizes=\"auto, (max-width: 709px) 100vw, 709px\" \/><\/figure>\n\n\n\n<p>On vous attend ! \ud83d\ude42<\/p>\n\n\n\n<p>Marion et Julie<\/p>\n","protected":false},"excerpt":{"rendered":"<p>Aussi connu sous le nom \u00ab\u00a0WE de R\u00e9paration des V\u00e9los de l&rsquo;AlterTour\u00a0\u00bb, ce week-end aux airs de vacances aura lieu \u00e0 Monni\u00e8res les 20-21-22 avril ! On vous attend pour profiter du soleil du Jura ! C&rsquo;est pour qui ? Qui veut&nbsp;!&nbsp;Ce week-end est ouvert \u00e0 toute personne voulant donner &#8230; <\/p>\n<div><a href=\"https:\/\/www.altercampagne.net\/?p=13184\" class=\"more-link\">Read More<\/a><\/div>\n","protected":false},"author":192,"featured_media":13189,"comment_status":"closed","ping_status":"closed","sticky":false,"template":"","format":"standard","meta":{"footnotes":""},"categories":[3495,3773,3539,3932],"tags":[598,2090,2092,3564,3904,3905],"class_list":["post-13184","post","type-post","status-publish","format-standard","has-post-thumbnail","hentry","category-bourgogne-franche-comte","category-edition-2019","category-we-de-preparation","category-velo","tag-jura","tag-werva","tag-week-end-de-reparation-des-velos-de-laltertour","tag-reparation-des-velos","tag-monnieres","tag-we-de-lancement"],"yoast_head":"<!-- This site is optimized with the Yoast SEO plugin v27.3 - https:\/\/yoast.com\/product\/yoast-seo-wordpress\/ -->\n<title>WE de lancement de l&#039;AlterTour 2019 - AlterTour<\/title>\n<meta name=\"robots\" content=\"index, follow, max-snippet:-1, max-image-preview:large, max-video-preview:-1\" \/>\n<link rel=\"canonical\" href=\"https:\/\/www.altercampagne.net\/?p=13184\" \/>\n<meta property=\"og:locale\" content=\"fr_FR\" \/>\n<meta property=\"og:type\" content=\"article\" \/>\n<meta property=\"og:title\" content=\"WE de lancement de l&#039;AlterTour 2019 - AlterTour\" \/>\n<meta property=\"og:description\" content=\"Aussi connu sous le nom \u00ab\u00a0WE de R\u00e9paration des V\u00e9los de l&rsquo;AlterTour\u00a0\u00bb, ce week-end aux airs de vacances aura lieu \u00e0 Monni\u00e8res les 20-21-22 avril ! On vous attend pour profiter du soleil du Jura ! C&rsquo;est pour qui ? Qui veut&nbsp;!&nbsp;Ce week-end est ouvert \u00e0 toute personne voulant donner ... Read More\" \/>\n<meta property=\"og:url\" content=\"https:\/\/www.altercampagne.net\/?p=13184\" \/>\n<meta property=\"og:site_name\" content=\"AlterTour\" \/>\n<meta property=\"article:published_time\" content=\"2019-03-16T11:03:52+00:00\" \/>\n<meta property=\"article:modified_time\" content=\"2019-09-13T09:26:17+00:00\" \/>\n<meta property=\"og:image\" content=\"https:\/\/www.altercampagne.net\/wp-content\/uploads\/2019\/03\/2018-07-24-Villetaneuse-126-blog.jpg\" \/>\n\t<meta property=\"og:image:width\" content=\"612\" \/>\n\t<meta property=\"og:image:height\" content=\"349\" \/>\n\t<meta property=\"og:image:type\" content=\"image\/jpeg\" \/>\n<meta name=\"author\" content=\"Julie\" \/>\n<meta name=\"twitter:card\" content=\"summary_large_image\" \/>\n<meta name=\"twitter:label1\" content=\"\u00c9crit par\" \/>\n\t<meta name=\"twitter:data1\" content=\"Julie\" \/>\n\t<meta name=\"twitter:label2\" content=\"Dur\u00e9e de lecture estim\u00e9e\" \/>\n\t<meta name=\"twitter:data2\" content=\"2 minutes\" \/>\n<script type=\"application\/ld+json\" class=\"yoast-schema-graph\">{\"@context\":\"https:\\\/\\\/schema.org\",\"@graph\":[{\"@type\":\"Article\",\"@id\":\"https:\\\/\\\/www.altercampagne.net\\\/?p=13184#article\",\"isPartOf\":{\"@id\":\"https:\\\/\\\/www.altercampagne.net\\\/?p=13184\"},\"author\":{\"name\":\"Julie\",\"@id\":\"https:\\\/\\\/www.altercampagne.net\\\/#\\\/schema\\\/person\\\/ea52458af5ca10d56e01a1b53249ddc4\"},\"headline\":\"WE de lancement de l&rsquo;AlterTour 2019\",\"datePublished\":\"2019-03-16T11:03:52+00:00\",\"dateModified\":\"2019-09-13T09:26:17+00:00\",\"mainEntityOfPage\":{\"@id\":\"https:\\\/\\\/www.altercampagne.net\\\/?p=13184\"},\"wordCount\":444,\"image\":{\"@id\":\"https:\\\/\\\/www.altercampagne.net\\\/?p=13184#primaryimage\"},\"thumbnailUrl\":\"https:\\\/\\\/www.altercampagne.net\\\/wp-content\\\/uploads\\\/2019\\\/03\\\/2018-07-24-Villetaneuse-126-blog.jpg\",\"keywords\":[\"jura\",\"werva\",\"Week-end de r\u00e9paration des v\u00e9los de l'AlterTour\",\"r\u00e9paration des v\u00e9los\",\"monnieres\",\"WE de lancement\"],\"articleSection\":[\"Bourgogne-Franche-Comt\u00e9\",\"Edition 2019\",\"WE de pr\u00e9paration\",\"V\u00e9lo\"],\"inLanguage\":\"fr-FR\"},{\"@type\":\"WebPage\",\"@id\":\"https:\\\/\\\/www.altercampagne.net\\\/?p=13184\",\"url\":\"https:\\\/\\\/www.altercampagne.net\\\/?p=13184\",\"name\":\"WE de lancement de l'AlterTour 2019 - AlterTour\",\"isPartOf\":{\"@id\":\"https:\\\/\\\/www.altercampagne.net\\\/#website\"},\"primaryImageOfPage\":{\"@id\":\"https:\\\/\\\/www.altercampagne.net\\\/?p=13184#primaryimage\"},\"image\":{\"@id\":\"https:\\\/\\\/www.altercampagne.net\\\/?p=13184#primaryimage\"},\"thumbnailUrl\":\"https:\\\/\\\/www.altercampagne.net\\\/wp-content\\\/uploads\\\/2019\\\/03\\\/2018-07-24-Villetaneuse-126-blog.jpg\",\"datePublished\":\"2019-03-16T11:03:52+00:00\",\"dateModified\":\"2019-09-13T09:26:17+00:00\",\"author\":{\"@id\":\"https:\\\/\\\/www.altercampagne.net\\\/#\\\/schema\\\/person\\\/ea52458af5ca10d56e01a1b53249ddc4\"},\"breadcrumb\":{\"@id\":\"https:\\\/\\\/www.altercampagne.net\\\/?p=13184#breadcrumb\"},\"inLanguage\":\"fr-FR\",\"potentialAction\":[{\"@type\":\"ReadAction\",\"target\":[\"https:\\\/\\\/www.altercampagne.net\\\/?p=13184\"]}]},{\"@type\":\"ImageObject\",\"inLanguage\":\"fr-FR\",\"@id\":\"https:\\\/\\\/www.altercampagne.net\\\/?p=13184#primaryimage\",\"url\":\"https:\\\/\\\/www.altercampagne.net\\\/wp-content\\\/uploads\\\/2019\\\/03\\\/2018-07-24-Villetaneuse-126-blog.jpg\",\"contentUrl\":\"https:\\\/\\\/www.altercampagne.net\\\/wp-content\\\/uploads\\\/2019\\\/03\\\/2018-07-24-Villetaneuse-126-blog.jpg\",\"width\":612,\"height\":349,\"caption\":\"Association\"},{\"@type\":\"BreadcrumbList\",\"@id\":\"https:\\\/\\\/www.altercampagne.net\\\/?p=13184#breadcrumb\",\"itemListElement\":[{\"@type\":\"ListItem\",\"position\":1,\"name\":\"Accueil\",\"item\":\"https:\\\/\\\/www.altercampagne.net\\\/\"},{\"@type\":\"ListItem\",\"position\":2,\"name\":\"WE de lancement de l&rsquo;AlterTour 2019\"}]},{\"@type\":\"WebSite\",\"@id\":\"https:\\\/\\\/www.altercampagne.net\\\/#website\",\"url\":\"https:\\\/\\\/www.altercampagne.net\\\/\",\"name\":\"AlterTour\",\"description\":\"Reliez les Alternatives \u00e0 v\u00e9lo\",\"potentialAction\":[{\"@type\":\"SearchAction\",\"target\":{\"@type\":\"EntryPoint\",\"urlTemplate\":\"https:\\\/\\\/www.altercampagne.net\\\/?s={search_term_string}\"},\"query-input\":{\"@type\":\"PropertyValueSpecification\",\"valueRequired\":true,\"valueName\":\"search_term_string\"}}],\"inLanguage\":\"fr-FR\"},{\"@type\":\"Person\",\"@id\":\"https:\\\/\\\/www.altercampagne.net\\\/#\\\/schema\\\/person\\\/ea52458af5ca10d56e01a1b53249ddc4\",\"name\":\"Julie\",\"image\":{\"@type\":\"ImageObject\",\"inLanguage\":\"fr-FR\",\"@id\":\"https:\\\/\\\/secure.gravatar.com\\\/avatar\\\/33c4c11c34e0f9cccad9f436c1a60f900028dcdb26df84756951418faf70fa39?s=96&d=mm&r=g\",\"url\":\"https:\\\/\\\/secure.gravatar.com\\\/avatar\\\/33c4c11c34e0f9cccad9f436c1a60f900028dcdb26df84756951418faf70fa39?s=96&d=mm&r=g\",\"contentUrl\":\"https:\\\/\\\/secure.gravatar.com\\\/avatar\\\/33c4c11c34e0f9cccad9f436c1a60f900028dcdb26df84756951418faf70fa39?s=96&d=mm&r=g\",\"caption\":\"Julie\"},\"url\":\"https:\\\/\\\/www.altercampagne.net\\\/?author=192\"}]}<\/script>\n<!-- \/ Yoast SEO plugin. -->","yoast_head_json":{"title":"WE de lancement de l'AlterTour 2019 - AlterTour","robots":{"index":"index","follow":"follow","max-snippet":"max-snippet:-1","max-image-preview":"max-image-preview:large","max-video-preview":"max-video-preview:-1"},"canonical":"https:\/\/www.altercampagne.net\/?p=13184","og_locale":"fr_FR","og_type":"article","og_title":"WE de lancement de l'AlterTour 2019 - AlterTour","og_description":"Aussi connu sous le nom \u00ab\u00a0WE de R\u00e9paration des V\u00e9los de l&rsquo;AlterTour\u00a0\u00bb, ce week-end aux airs de vacances aura lieu \u00e0 Monni\u00e8res les 20-21-22 avril ! On vous attend pour profiter du soleil du Jura ! C&rsquo;est pour qui ? Qui veut&nbsp;!&nbsp;Ce week-end est ouvert \u00e0 toute personne voulant donner ... Read More","og_url":"https:\/\/www.altercampagne.net\/?p=13184","og_site_name":"AlterTour","article_published_time":"2019-03-16T11:03:52+00:00","article_modified_time":"2019-09-13T09:26:17+00:00","og_image":[{"width":612,"height":349,"url":"https:\/\/www.altercampagne.net\/wp-content\/uploads\/2019\/03\/2018-07-24-Villetaneuse-126-blog.jpg","type":"image\/jpeg"}],"author":"Julie","twitter_card":"summary_large_image","twitter_misc":{"\u00c9crit par":"Julie","Dur\u00e9e de lecture estim\u00e9e":"2 minutes"},"schema":{"@context":"https:\/\/schema.org","@graph":[{"@type":"Article","@id":"https:\/\/www.altercampagne.net\/?p=13184#article","isPartOf":{"@id":"https:\/\/www.altercampagne.net\/?p=13184"},"author":{"name":"Julie","@id":"https:\/\/www.altercampagne.net\/#\/schema\/person\/ea52458af5ca10d56e01a1b53249ddc4"},"headline":"WE de lancement de l&rsquo;AlterTour 2019","datePublished":"2019-03-16T11:03:52+00:00","dateModified":"2019-09-13T09:26:17+00:00","mainEntityOfPage":{"@id":"https:\/\/www.altercampagne.net\/?p=13184"},"wordCount":444,"image":{"@id":"https:\/\/www.altercampagne.net\/?p=13184#primaryimage"},"thumbnailUrl":"https:\/\/www.altercampagne.net\/wp-content\/uploads\/2019\/03\/2018-07-24-Villetaneuse-126-blog.jpg","keywords":["jura","werva","Week-end de r\u00e9paration des v\u00e9los de l'AlterTour","r\u00e9paration des v\u00e9los","monnieres","WE de lancement"],"articleSection":["Bourgogne-Franche-Comt\u00e9","Edition 2019","WE de pr\u00e9paration","V\u00e9lo"],"inLanguage":"fr-FR"},{"@type":"WebPage","@id":"https:\/\/www.altercampagne.net\/?p=13184","url":"https:\/\/www.altercampagne.net\/?p=13184","name":"WE de lancement de l'AlterTour 2019 - AlterTour","isPartOf":{"@id":"https:\/\/www.altercampagne.net\/#website"},"primaryImageOfPage":{"@id":"https:\/\/www.altercampagne.net\/?p=13184#primaryimage"},"image":{"@id":"https:\/\/www.altercampagne.net\/?p=13184#primaryimage"},"thumbnailUrl":"https:\/\/www.altercampagne.net\/wp-content\/uploads\/2019\/03\/2018-07-24-Villetaneuse-126-blog.jpg","datePublished":"2019-03-16T11:03:52+00:00","dateModified":"2019-09-13T09:26:17+00:00","author":{"@id":"https:\/\/www.altercampagne.net\/#\/schema\/person\/ea52458af5ca10d56e01a1b53249ddc4"},"breadcrumb":{"@id":"https:\/\/www.altercampagne.net\/?p=13184#breadcrumb"},"inLanguage":"fr-FR","potentialAction":[{"@type":"ReadAction","target":["https:\/\/www.altercampagne.net\/?p=13184"]}]},{"@type":"ImageObject","inLanguage":"fr-FR","@id":"https:\/\/www.altercampagne.net\/?p=13184#primaryimage","url":"https:\/\/www.altercampagne.net\/wp-content\/uploads\/2019\/03\/2018-07-24-Villetaneuse-126-blog.jpg","contentUrl":"https:\/\/www.altercampagne.net\/wp-content\/uploads\/2019\/03\/2018-07-24-Villetaneuse-126-blog.jpg","width":612,"height":349,"caption":"Association"},{"@type":"BreadcrumbList","@id":"https:\/\/www.altercampagne.net\/?p=13184#breadcrumb","itemListElement":[{"@type":"ListItem","position":1,"name":"Accueil","item":"https:\/\/www.altercampagne.net\/"},{"@type":"ListItem","position":2,"name":"WE de lancement de l&rsquo;AlterTour 2019"}]},{"@type":"WebSite","@id":"https:\/\/www.altercampagne.net\/#website","url":"https:\/\/www.altercampagne.net\/","name":"AlterTour","description":"Reliez les Alternatives \u00e0 v\u00e9lo","potentialAction":[{"@type":"SearchAction","target":{"@type":"EntryPoint","urlTemplate":"https:\/\/www.altercampagne.net\/?s={search_term_string}"},"query-input":{"@type":"PropertyValueSpecification","valueRequired":true,"valueName":"search_term_string"}}],"inLanguage":"fr-FR"},{"@type":"Person","@id":"https:\/\/www.altercampagne.net\/#\/schema\/person\/ea52458af5ca10d56e01a1b53249ddc4","name":"Julie","image":{"@type":"ImageObject","inLanguage":"fr-FR","@id":"https:\/\/secure.gravatar.com\/avatar\/33c4c11c34e0f9cccad9f436c1a60f900028dcdb26df84756951418faf70fa39?s=96&d=mm&r=g","url":"https:\/\/secure.gravatar.com\/avatar\/33c4c11c34e0f9cccad9f436c1a60f900028dcdb26df84756951418faf70fa39?s=96&d=mm&r=g","contentUrl":"https:\/\/secure.gravatar.com\/avatar\/33c4c11c34e0f9cccad9f436c1a60f900028dcdb26df84756951418faf70fa39?s=96&d=mm&r=g","caption":"Julie"},"url":"https:\/\/www.altercampagne.net\/?author=192"}]}},"_links":{"self":[{"href":"https:\/\/www.altercampagne.net\/index.php?rest_route=\/wp\/v2\/posts\/13184","targetHints":{"allow":["GET"]}}],"collection":[{"href":"https:\/\/www.altercampagne.net\/index.php?rest_route=\/wp\/v2\/posts"}],"about":[{"href":"https:\/\/www.altercampagne.net\/index.php?rest_route=\/wp\/v2\/types\/post"}],"author":[{"embeddable":true,"href":"https:\/\/www.altercampagne.net\/index.php?rest_route=\/wp\/v2\/users\/192"}],"replies":[{"embeddable":true,"href":"https:\/\/www.altercampagne.net\/index.php?rest_route=%2Fwp%2Fv2%2Fcomments&post=13184"}],"version-history":[{"count":0,"href":"https:\/\/www.altercampagne.net\/index.php?rest_route=\/wp\/v2\/posts\/13184\/revisions"}],"wp:featuredmedia":[{"embeddable":true,"href":"https:\/\/www.altercampagne.net\/index.php?rest_route=\/wp\/v2\/media\/13189"}],"wp:attachment":[{"href":"https:\/\/www.altercampagne.net\/index.php?rest_route=%2Fwp%2Fv2%2Fmedia&parent=13184"}],"wp:term":[{"taxonomy":"category","embeddable":true,"href":"https:\/\/www.altercampagne.net\/index.php?rest_route=%2Fwp%2Fv2%2Fcategories&post=13184"},{"taxonomy":"post_tag","embeddable":true,"href":"https:\/\/www.altercampagne.net\/index.php?rest_route=%2Fwp%2Fv2%2Ftags&post=13184"}],"curies":[{"name":"wp","href":"https:\/\/api.w.org\/{rel}","templated":true}]}}