{"id":1344,"date":"2015-05-19T12:19:36","date_gmt":"2015-05-19T10:19:36","guid":{"rendered":"http:\/\/www.altercampagne.net\/?p=1344"},"modified":"2020-02-24T17:27:48","modified_gmt":"2020-02-24T16:27:48","slug":"altertour-2015-les-inscriptions-sont-ouvertes","status":"publish","type":"post","link":"https:\/\/www.altercampagne.net\/?p=1344","title":{"rendered":"AlterTour 2015 &#8211; Les inscriptions sont ouvertes !"},"content":{"rendered":"<p><a href=\"http:\/\/www.altercampagne.net\/?page_id=178\"><img loading=\"lazy\" decoding=\"async\" class=\" wp-image-1352 size-medium alignleft\" src=\"http:\/\/www.altercampagne.net\/wp-content\/uploads\/2015\/05\/2015-05-19-inscriptions-300x202.jpg\" alt=\"Inscriptions AlterTour 2015\" width=\"300\" height=\"202\"><\/a>L&rsquo;AlterTour est une aventure humaine, joyeuse, cr\u00e9ative et collective. Il relie \u00e0 v\u00e9lo des Alternatives agissant sur l&rsquo;alimentation, les d\u00e9placements, l&rsquo;\u00e9nergie, l&rsquo;habitat, la gestion des d\u00e9chets&#8230;<\/p>\n<p>Chaque \u00e9t\u00e9, 250 Altercyclistes de tout \u00e2ge et d\u2019horizons diff\u00e9rents d\u00e9couvrent des acteurs de la transition, la d\u00e9croissance, l\u2019\u00e9cologie, l\u2019autogestion&#8230;<\/p>\n<p>Pour cette <strong>8<sup>\u00e8me<\/sup> \u00e9dition<\/strong>, ils visiteront la Lorraine, le Luxembourg, la Champagne-Ardenne, la Belgique et le Nord Pas-de-Calais du <strong>18 juillet au 23 ao\u00fbt 2015<\/strong>.<\/p>\n<p style=\"padding-left: 30px;\">Th\u00e8me 2015 : \u00ab\u00a0<strong>E(t)moi pour le climat&nbsp;!?<\/strong>\u00ab\u00a0<\/p>\n<p>Depuis les accords de Kyoto en 1995, les \u00c9tats se rassemblent une fois par an. Fin 2015, la COP21 aura lieu \u00e0 Paris. \u00c7a y est ? C\u2019est Le Grand Soir ? Et si pour contrebalancer les d\u00e9sordres climatiques, il valait mieux changer radicalement de paradigme ?<\/p>\n<p>Les <strong>inscriptions<\/strong> sont ouvertes jusqu&rsquo;au <strong>6 juillet 2015<\/strong> sur le site internet de l&rsquo;AlterTour :<\/p>\n<p>Acc\u00e8s au <a href=\"http:\/\/www.altercampagne.net\/?page_id=150\">parcours<\/a><br \/>\nAcc\u00e8s au <a href=\"http:\/\/www.altercampagne.net\/?page_id=172\">programme<\/a><br \/>\nAcc\u00e8s aux <a href=\"http:\/\/www.altercampagne.net\/?page_id=178\">inscriptions<\/a><br \/>\nAcc\u00e8s au <a href=\"http:\/\/www.altercampagne.net\/?page_id=176\">Recueil des Alternatives<\/a> de l&rsquo;AlterTour 2015<br \/>\nAcc\u00e8s aux <a href=\"http:\/\/www.altercampagne.net\/wp-content\/uploads\/2015\/05\/Fly-AlterTour-2015.pdf\">Flyers et affiches 2015<\/a><\/p>\n<p style=\"padding-left: 30px;\"><strong>AlterTour, le film&nbsp;!<\/strong><\/p>\n<p>Eric Fretel, Philippe Borrel et Julien Da Rocha travaillent actuellement sur la r\u00e9alisation d\u2019un documentaire sur l\u2019AlterTour. Le tournage est programm\u00e9 pour cet \u00e9t\u00e9.<\/p>\n<p>C\u2019est un film en autoproduction que chacun peut soutenir via la campagne de financement participatif&nbsp;: <a href=\"https:\/\/www.ecobole.eu\/fr\/alterour-le-film\" target=\"_blank\" rel=\"noopener noreferrer\">AlterTour le film<\/a> sur Ecobole.<\/p>\n<p><iframe loading=\"lazy\" src=\"https:\/\/www.ecobole.eu\/fr\/projects\/alterour-le-film\/widgets\/12489\" width=\"600\" height=\"250\" frameborder=\"0\"><\/iframe><\/p>\n<p>Aidez-nous \u00e0 faire conna\u00eetre l&rsquo;AlterTour :<\/p>\n<p>. Parlez-en autour de vous.<br \/>\n. Transf\u00e9rez ce message dans vos r\u00e9seaux.<br \/>\n. Diffusez des affiches et des flyers lors de vos manifestations, dans vos r\u00e9seaux&#8230;<\/p>\n<p>Le num\u00e9ro de juin 2015 de la <a href=\"http:\/\/www.revuesilence.net\/\" target=\"_blank\" rel=\"noopener noreferrer\">Revue S!lence<\/a> et sera consacr\u00e9 au climat et contiendra le Recueil des Alternatives de l\u2019AlterTour 2015.<\/p>\n<p>Venez p\u00e9daler, go\u00fbter \u00e0 l\u2019autogestion, partager une belle tranche de vie collective dans la simplicit\u00e9 volontaire !<br \/>\nL\u2019AlterTour est un relais solidaire ouvert \u00e0 tous sans exigence de performance ou de dur\u00e9e (inscription \u00e0 la journ\u00e9e).<\/p>\n<p style=\"text-align: center;\"><a href=\"http:\/\/www.altercampagne.net\/wp-content\/uploads\/2014\/10\/2015-05-05-Affiche-AlterTour.jpg\"><img loading=\"lazy\" decoding=\"async\" class=\"aligncenter size-large wp-image-1303\" src=\"http:\/\/www.altercampagne.net\/wp-content\/uploads\/2014\/10\/2015-05-05-Affiche-AlterTour-724x1024.jpg\" alt=\"Affiche AlterTour 2015\" width=\"640\" height=\"905\" srcset=\"https:\/\/www.altercampagne.net\/wp-content\/uploads\/2014\/10\/2015-05-05-Affiche-AlterTour-724x1024.jpg 724w, https:\/\/www.altercampagne.net\/wp-content\/uploads\/2014\/10\/2015-05-05-Affiche-AlterTour-212x300.jpg 212w, https:\/\/www.altercampagne.net\/wp-content\/uploads\/2014\/10\/2015-05-05-Affiche-AlterTour.jpg 842w\" sizes=\"auto, (max-width: 640px) 100vw, 640px\" \/><\/a><\/p>\n","protected":false},"excerpt":{"rendered":"<p>L&rsquo;AlterTour est une aventure humaine, joyeuse, cr\u00e9ative et collective. Il relie \u00e0 v\u00e9lo des Alternatives agissant sur l&rsquo;alimentation, les d\u00e9placements, l&rsquo;\u00e9nergie, l&rsquo;habitat, la gestion des d\u00e9chets&#8230; Chaque \u00e9t\u00e9, 250 Altercyclistes de tout \u00e2ge et d\u2019horizons diff\u00e9rents d\u00e9couvrent des acteurs de la transition, la d\u00e9croissance, l\u2019\u00e9cologie, l\u2019autogestion&#8230; Pour cette 8\u00e8me \u00e9dition, &#8230; <\/p>\n<div><a href=\"https:\/\/www.altercampagne.net\/?p=1344\" class=\"more-link\">Read More<\/a><\/div>\n","protected":false},"author":214,"featured_media":0,"comment_status":"closed","ping_status":"closed","sticky":false,"template":"","format":"standard","meta":{"footnotes":""},"categories":[3469,3460],"tags":[197,217,216,215,214,213,212,211,210,13,196,192,168,73,44,35,22],"class_list":["post-1344","post","type-post","status-publish","format-standard","hentry","category-programmes","category-edition-2015","tag-ecobole","tag-decroissance","tag-flyers","tag-affiches","tag-recueil-2015","tag-programme-2015","tag-eric-fretel","tag-altertour-le-lilm","tag-inscription","tag-revue-silence","tag-philippe-borrel","tag-altertour-2015","tag-julien-da-rocha","tag-transition","tag-climat","tag-autogestion","tag-parcours-2015","no-post-thumbnail"],"yoast_head":"<!-- This site is optimized with the Yoast SEO plugin v27.3 - https:\/\/yoast.com\/product\/yoast-seo-wordpress\/ -->\n<title>AlterTour 2015 - Les inscriptions sont ouvertes ! - AlterTour<\/title>\n<meta name=\"robots\" content=\"index, follow, max-snippet:-1, max-image-preview:large, max-video-preview:-1\" \/>\n<link rel=\"canonical\" href=\"https:\/\/www.altercampagne.net\/?p=1344\" \/>\n<meta property=\"og:locale\" content=\"fr_FR\" \/>\n<meta property=\"og:type\" content=\"article\" \/>\n<meta property=\"og:title\" content=\"AlterTour 2015 - Les inscriptions sont ouvertes ! - AlterTour\" \/>\n<meta property=\"og:description\" content=\"L&rsquo;AlterTour est une aventure humaine, joyeuse, cr\u00e9ative et collective. Il relie \u00e0 v\u00e9lo des Alternatives agissant sur l&rsquo;alimentation, les d\u00e9placements, l&rsquo;\u00e9nergie, l&rsquo;habitat, la gestion des d\u00e9chets&#8230; Chaque \u00e9t\u00e9, 250 Altercyclistes de tout \u00e2ge et d\u2019horizons diff\u00e9rents d\u00e9couvrent des acteurs de la transition, la d\u00e9croissance, l\u2019\u00e9cologie, l\u2019autogestion&#8230; Pour cette 8\u00e8me \u00e9dition, ... Read More\" \/>\n<meta property=\"og:url\" content=\"https:\/\/www.altercampagne.net\/?p=1344\" \/>\n<meta property=\"og:site_name\" content=\"AlterTour\" \/>\n<meta property=\"article:published_time\" content=\"2015-05-19T10:19:36+00:00\" \/>\n<meta property=\"article:modified_time\" content=\"2020-02-24T16:27:48+00:00\" \/>\n<meta property=\"og:image\" content=\"http:\/\/www.altercampagne.net\/wp-content\/uploads\/2015\/05\/2015-05-19-inscriptions-300x202.jpg\" \/>\n<meta name=\"author\" content=\"Mathieu\" \/>\n<meta name=\"twitter:card\" content=\"summary_large_image\" \/>\n<meta name=\"twitter:label1\" content=\"\u00c9crit par\" \/>\n\t<meta name=\"twitter:data1\" content=\"Mathieu\" \/>\n\t<meta name=\"twitter:label2\" content=\"Dur\u00e9e de lecture estim\u00e9e\" \/>\n\t<meta name=\"twitter:data2\" content=\"2 minutes\" \/>\n<script type=\"application\/ld+json\" class=\"yoast-schema-graph\">{\"@context\":\"https:\\\/\\\/schema.org\",\"@graph\":[{\"@type\":\"Article\",\"@id\":\"https:\\\/\\\/www.altercampagne.net\\\/?p=1344#article\",\"isPartOf\":{\"@id\":\"https:\\\/\\\/www.altercampagne.net\\\/?p=1344\"},\"author\":{\"name\":\"Mathieu\",\"@id\":\"https:\\\/\\\/www.altercampagne.net\\\/#\\\/schema\\\/person\\\/0f261460c09e430caa0f9bcffa319109\"},\"headline\":\"AlterTour 2015 &#8211; Les inscriptions sont ouvertes !\",\"datePublished\":\"2015-05-19T10:19:36+00:00\",\"dateModified\":\"2020-02-24T16:27:48+00:00\",\"mainEntityOfPage\":{\"@id\":\"https:\\\/\\\/www.altercampagne.net\\\/?p=1344\"},\"wordCount\":327,\"image\":{\"@id\":\"https:\\\/\\\/www.altercampagne.net\\\/?p=1344#primaryimage\"},\"thumbnailUrl\":\"http:\\\/\\\/www.altercampagne.net\\\/wp-content\\\/uploads\\\/2015\\\/05\\\/2015-05-19-inscriptions-300x202.jpg\",\"keywords\":[\"Ecobole\",\"d\u00e9croissance\",\"flyers\",\"affiches\",\"Recueil 2015\",\"programme 2015\",\"Eric Fretel\",\"AlterTour le lilm\",\"inscription\",\"revue Silence\",\"Philippe Borrel\",\"AlterTour 2015\",\"Julien Da Rocha\",\"Transition\",\"climat\",\"autogestion\",\"parcours 2015\"],\"articleSection\":[\"Programmes\",\"\u00c9dition 2015\"],\"inLanguage\":\"fr-FR\"},{\"@type\":\"WebPage\",\"@id\":\"https:\\\/\\\/www.altercampagne.net\\\/?p=1344\",\"url\":\"https:\\\/\\\/www.altercampagne.net\\\/?p=1344\",\"name\":\"AlterTour 2015 - Les inscriptions sont ouvertes ! - AlterTour\",\"isPartOf\":{\"@id\":\"https:\\\/\\\/www.altercampagne.net\\\/#website\"},\"primaryImageOfPage\":{\"@id\":\"https:\\\/\\\/www.altercampagne.net\\\/?p=1344#primaryimage\"},\"image\":{\"@id\":\"https:\\\/\\\/www.altercampagne.net\\\/?p=1344#primaryimage\"},\"thumbnailUrl\":\"http:\\\/\\\/www.altercampagne.net\\\/wp-content\\\/uploads\\\/2015\\\/05\\\/2015-05-19-inscriptions-300x202.jpg\",\"datePublished\":\"2015-05-19T10:19:36+00:00\",\"dateModified\":\"2020-02-24T16:27:48+00:00\",\"author\":{\"@id\":\"https:\\\/\\\/www.altercampagne.net\\\/#\\\/schema\\\/person\\\/0f261460c09e430caa0f9bcffa319109\"},\"breadcrumb\":{\"@id\":\"https:\\\/\\\/www.altercampagne.net\\\/?p=1344#breadcrumb\"},\"inLanguage\":\"fr-FR\",\"potentialAction\":[{\"@type\":\"ReadAction\",\"target\":[\"https:\\\/\\\/www.altercampagne.net\\\/?p=1344\"]}]},{\"@type\":\"ImageObject\",\"inLanguage\":\"fr-FR\",\"@id\":\"https:\\\/\\\/www.altercampagne.net\\\/?p=1344#primaryimage\",\"url\":\"https:\\\/\\\/www.altercampagne.net\\\/wp-content\\\/uploads\\\/2015\\\/05\\\/2015-05-19-inscriptions.jpg\",\"contentUrl\":\"https:\\\/\\\/www.altercampagne.net\\\/wp-content\\\/uploads\\\/2015\\\/05\\\/2015-05-19-inscriptions.jpg\",\"width\":695,\"height\":467},{\"@type\":\"BreadcrumbList\",\"@id\":\"https:\\\/\\\/www.altercampagne.net\\\/?p=1344#breadcrumb\",\"itemListElement\":[{\"@type\":\"ListItem\",\"position\":1,\"name\":\"Accueil\",\"item\":\"https:\\\/\\\/www.altercampagne.net\\\/\"},{\"@type\":\"ListItem\",\"position\":2,\"name\":\"AlterTour 2015 &#8211; Les inscriptions sont ouvertes !\"}]},{\"@type\":\"WebSite\",\"@id\":\"https:\\\/\\\/www.altercampagne.net\\\/#website\",\"url\":\"https:\\\/\\\/www.altercampagne.net\\\/\",\"name\":\"AlterTour\",\"description\":\"Reliez les Alternatives \u00e0 v\u00e9lo\",\"potentialAction\":[{\"@type\":\"SearchAction\",\"target\":{\"@type\":\"EntryPoint\",\"urlTemplate\":\"https:\\\/\\\/www.altercampagne.net\\\/?s={search_term_string}\"},\"query-input\":{\"@type\":\"PropertyValueSpecification\",\"valueRequired\":true,\"valueName\":\"search_term_string\"}}],\"inLanguage\":\"fr-FR\"},{\"@type\":\"Person\",\"@id\":\"https:\\\/\\\/www.altercampagne.net\\\/#\\\/schema\\\/person\\\/0f261460c09e430caa0f9bcffa319109\",\"name\":\"Mathieu\",\"image\":{\"@type\":\"ImageObject\",\"inLanguage\":\"fr-FR\",\"@id\":\"https:\\\/\\\/secure.gravatar.com\\\/avatar\\\/aa9d3d24c83f2141e5e2709d0f63d09a99f6be6bb7a50abc4915838d9f54501a?s=96&d=mm&r=g\",\"url\":\"https:\\\/\\\/secure.gravatar.com\\\/avatar\\\/aa9d3d24c83f2141e5e2709d0f63d09a99f6be6bb7a50abc4915838d9f54501a?s=96&d=mm&r=g\",\"contentUrl\":\"https:\\\/\\\/secure.gravatar.com\\\/avatar\\\/aa9d3d24c83f2141e5e2709d0f63d09a99f6be6bb7a50abc4915838d9f54501a?s=96&d=mm&r=g\",\"caption\":\"Mathieu\"},\"url\":\"https:\\\/\\\/www.altercampagne.net\\\/?author=214\"}]}<\/script>\n<!-- \/ Yoast SEO plugin. -->","yoast_head_json":{"title":"AlterTour 2015 - Les inscriptions sont ouvertes ! - AlterTour","robots":{"index":"index","follow":"follow","max-snippet":"max-snippet:-1","max-image-preview":"max-image-preview:large","max-video-preview":"max-video-preview:-1"},"canonical":"https:\/\/www.altercampagne.net\/?p=1344","og_locale":"fr_FR","og_type":"article","og_title":"AlterTour 2015 - Les inscriptions sont ouvertes ! - AlterTour","og_description":"L&rsquo;AlterTour est une aventure humaine, joyeuse, cr\u00e9ative et collective. Il relie \u00e0 v\u00e9lo des Alternatives agissant sur l&rsquo;alimentation, les d\u00e9placements, l&rsquo;\u00e9nergie, l&rsquo;habitat, la gestion des d\u00e9chets&#8230; Chaque \u00e9t\u00e9, 250 Altercyclistes de tout \u00e2ge et d\u2019horizons diff\u00e9rents d\u00e9couvrent des acteurs de la transition, la d\u00e9croissance, l\u2019\u00e9cologie, l\u2019autogestion&#8230; Pour cette 8\u00e8me \u00e9dition, ... Read More","og_url":"https:\/\/www.altercampagne.net\/?p=1344","og_site_name":"AlterTour","article_published_time":"2015-05-19T10:19:36+00:00","article_modified_time":"2020-02-24T16:27:48+00:00","og_image":[{"url":"http:\/\/www.altercampagne.net\/wp-content\/uploads\/2015\/05\/2015-05-19-inscriptions-300x202.jpg","type":"","width":"","height":""}],"author":"Mathieu","twitter_card":"summary_large_image","twitter_misc":{"\u00c9crit par":"Mathieu","Dur\u00e9e de lecture estim\u00e9e":"2 minutes"},"schema":{"@context":"https:\/\/schema.org","@graph":[{"@type":"Article","@id":"https:\/\/www.altercampagne.net\/?p=1344#article","isPartOf":{"@id":"https:\/\/www.altercampagne.net\/?p=1344"},"author":{"name":"Mathieu","@id":"https:\/\/www.altercampagne.net\/#\/schema\/person\/0f261460c09e430caa0f9bcffa319109"},"headline":"AlterTour 2015 &#8211; Les inscriptions sont ouvertes !","datePublished":"2015-05-19T10:19:36+00:00","dateModified":"2020-02-24T16:27:48+00:00","mainEntityOfPage":{"@id":"https:\/\/www.altercampagne.net\/?p=1344"},"wordCount":327,"image":{"@id":"https:\/\/www.altercampagne.net\/?p=1344#primaryimage"},"thumbnailUrl":"http:\/\/www.altercampagne.net\/wp-content\/uploads\/2015\/05\/2015-05-19-inscriptions-300x202.jpg","keywords":["Ecobole","d\u00e9croissance","flyers","affiches","Recueil 2015","programme 2015","Eric Fretel","AlterTour le lilm","inscription","revue Silence","Philippe Borrel","AlterTour 2015","Julien Da Rocha","Transition","climat","autogestion","parcours 2015"],"articleSection":["Programmes","\u00c9dition 2015"],"inLanguage":"fr-FR"},{"@type":"WebPage","@id":"https:\/\/www.altercampagne.net\/?p=1344","url":"https:\/\/www.altercampagne.net\/?p=1344","name":"AlterTour 2015 - Les inscriptions sont ouvertes ! - AlterTour","isPartOf":{"@id":"https:\/\/www.altercampagne.net\/#website"},"primaryImageOfPage":{"@id":"https:\/\/www.altercampagne.net\/?p=1344#primaryimage"},"image":{"@id":"https:\/\/www.altercampagne.net\/?p=1344#primaryimage"},"thumbnailUrl":"http:\/\/www.altercampagne.net\/wp-content\/uploads\/2015\/05\/2015-05-19-inscriptions-300x202.jpg","datePublished":"2015-05-19T10:19:36+00:00","dateModified":"2020-02-24T16:27:48+00:00","author":{"@id":"https:\/\/www.altercampagne.net\/#\/schema\/person\/0f261460c09e430caa0f9bcffa319109"},"breadcrumb":{"@id":"https:\/\/www.altercampagne.net\/?p=1344#breadcrumb"},"inLanguage":"fr-FR","potentialAction":[{"@type":"ReadAction","target":["https:\/\/www.altercampagne.net\/?p=1344"]}]},{"@type":"ImageObject","inLanguage":"fr-FR","@id":"https:\/\/www.altercampagne.net\/?p=1344#primaryimage","url":"https:\/\/www.altercampagne.net\/wp-content\/uploads\/2015\/05\/2015-05-19-inscriptions.jpg","contentUrl":"https:\/\/www.altercampagne.net\/wp-content\/uploads\/2015\/05\/2015-05-19-inscriptions.jpg","width":695,"height":467},{"@type":"BreadcrumbList","@id":"https:\/\/www.altercampagne.net\/?p=1344#breadcrumb","itemListElement":[{"@type":"ListItem","position":1,"name":"Accueil","item":"https:\/\/www.altercampagne.net\/"},{"@type":"ListItem","position":2,"name":"AlterTour 2015 &#8211; Les inscriptions sont ouvertes !"}]},{"@type":"WebSite","@id":"https:\/\/www.altercampagne.net\/#website","url":"https:\/\/www.altercampagne.net\/","name":"AlterTour","description":"Reliez les Alternatives \u00e0 v\u00e9lo","potentialAction":[{"@type":"SearchAction","target":{"@type":"EntryPoint","urlTemplate":"https:\/\/www.altercampagne.net\/?s={search_term_string}"},"query-input":{"@type":"PropertyValueSpecification","valueRequired":true,"valueName":"search_term_string"}}],"inLanguage":"fr-FR"},{"@type":"Person","@id":"https:\/\/www.altercampagne.net\/#\/schema\/person\/0f261460c09e430caa0f9bcffa319109","name":"Mathieu","image":{"@type":"ImageObject","inLanguage":"fr-FR","@id":"https:\/\/secure.gravatar.com\/avatar\/aa9d3d24c83f2141e5e2709d0f63d09a99f6be6bb7a50abc4915838d9f54501a?s=96&d=mm&r=g","url":"https:\/\/secure.gravatar.com\/avatar\/aa9d3d24c83f2141e5e2709d0f63d09a99f6be6bb7a50abc4915838d9f54501a?s=96&d=mm&r=g","contentUrl":"https:\/\/secure.gravatar.com\/avatar\/aa9d3d24c83f2141e5e2709d0f63d09a99f6be6bb7a50abc4915838d9f54501a?s=96&d=mm&r=g","caption":"Mathieu"},"url":"https:\/\/www.altercampagne.net\/?author=214"}]}},"_links":{"self":[{"href":"https:\/\/www.altercampagne.net\/index.php?rest_route=\/wp\/v2\/posts\/1344","targetHints":{"allow":["GET"]}}],"collection":[{"href":"https:\/\/www.altercampagne.net\/index.php?rest_route=\/wp\/v2\/posts"}],"about":[{"href":"https:\/\/www.altercampagne.net\/index.php?rest_route=\/wp\/v2\/types\/post"}],"author":[{"embeddable":true,"href":"https:\/\/www.altercampagne.net\/index.php?rest_route=\/wp\/v2\/users\/214"}],"replies":[{"embeddable":true,"href":"https:\/\/www.altercampagne.net\/index.php?rest_route=%2Fwp%2Fv2%2Fcomments&post=1344"}],"version-history":[{"count":1,"href":"https:\/\/www.altercampagne.net\/index.php?rest_route=\/wp\/v2\/posts\/1344\/revisions"}],"predecessor-version":[{"id":17458,"href":"https:\/\/www.altercampagne.net\/index.php?rest_route=\/wp\/v2\/posts\/1344\/revisions\/17458"}],"wp:attachment":[{"href":"https:\/\/www.altercampagne.net\/index.php?rest_route=%2Fwp%2Fv2%2Fmedia&parent=1344"}],"wp:term":[{"taxonomy":"category","embeddable":true,"href":"https:\/\/www.altercampagne.net\/index.php?rest_route=%2Fwp%2Fv2%2Fcategories&post=1344"},{"taxonomy":"post_tag","embeddable":true,"href":"https:\/\/www.altercampagne.net\/index.php?rest_route=%2Fwp%2Fv2%2Ftags&post=1344"}],"curies":[{"name":"wp","href":"https:\/\/api.w.org\/{rel}","templated":true}]}}