{"id":13444,"date":"2019-04-12T22:04:54","date_gmt":"2019-04-12T20:04:54","guid":{"rendered":"http:\/\/www.altercampagne.net\/?p=13444"},"modified":"2020-02-24T18:24:35","modified_gmt":"2020-02-24T17:24:35","slug":"une-escapade-en-midi-pyrenees-de-brengues-a-septfonds","status":"publish","type":"post","link":"https:\/\/www.altercampagne.net\/?p=13444","title":{"rendered":"Une escapade en Midi-Pyr\u00e9n\u00e9es, de Brengues \u00e0 Septfonds"},"content":{"rendered":"\n<p><strong>Allez ! on vous met un peu l&rsquo;eau \u00e0 la bouche en attendant le mois d&rsquo;ao\u00fbt ?  Nous : Sigol\u00e8ne, Sylvie et Val\u00e9rie, fameux trio des \u00e9tapes du Lot (et un poil plus), sommes all\u00e9es \u00e0 la rencontre des alternatives et de nos accueillants du 12 au 16 ao\u00fbt 2019.<\/strong><\/p>\n\n\n\n<p>Dominique et Jean-Luc nous ont pr\u00e9sent\u00e9 \u00e0 Brengues le&nbsp; r\u00e9sultat d&rsquo;un long travail d&rsquo;implantation du <strong>parc photovolta\u00efque<\/strong> sur la commune.&nbsp;Bel ouvrage abouti ! Un d\u00e9tour par la boulangerie du village nous a permis de d\u00e9guster leur gouteux g\u00e2teau au noix&#8230; et nous avons m\u00eame&nbsp; tremp\u00e9 nos orteils dans le C\u00e9l\u00e9 au bord duquel nous poserons nos tentes. \u00c7a sent la baignade !<\/p>\n\n\n\n<figure class=\"wp-block-image\"><img loading=\"lazy\" decoding=\"async\" width=\"680\" height=\"383\" src=\"http:\/\/www.altercampagne.net\/wp-content\/uploads\/2019\/04\/2019-08-12-Brengues.jpg\" alt=\"\" class=\"wp-image-13450\" srcset=\"https:\/\/www.altercampagne.net\/wp-content\/uploads\/2019\/04\/2019-08-12-Brengues.jpg 680w, https:\/\/www.altercampagne.net\/wp-content\/uploads\/2019\/04\/2019-08-12-Brengues-300x169.jpg 300w, https:\/\/www.altercampagne.net\/wp-content\/uploads\/2019\/04\/2019-08-12-Brengues-610x344.jpg 610w, https:\/\/www.altercampagne.net\/wp-content\/uploads\/2019\/04\/2019-08-12-Brengues-100x56.jpg 100w\" sizes=\"auto, (max-width: 680px) 100vw, 680px\" \/><\/figure>\n\n\n\n<p>A Figeac, 20 personnes des diff\u00e9rentes associations ont r\u00e9pondu \u00e0 notre proposition de partager un repas au restaurant solidaire&nbsp; \u00ab\u00a0la petite graine solidaire\u00a0\u00bb o\u00f9 nous d\u00e9jeunerons le 13 ao\u00fbt. Nous avons interrog\u00e9 tous les Possibles pour nos rencontres, de \u00ab\u00a0<strong>l&rsquo;Arrosoir<\/strong>\u00a0\u00bb \u00e0 \u00ab\u00a0<strong>la Roue f\u00e9d\u00e8re<\/strong>\u00a0\u00bb en passant par <strong>Figeacteur<\/strong>, chacun a donn\u00e9 ses id\u00e9es.<\/p>\n\n\n\n<p>Antenne d&rsquo;Oc, radio du Lot a saisi l&rsquo;opportunit\u00e9 de notre passage pour nous&nbsp; interviewer dans une ambiance fort sympathique.<\/p>\n\n\n\n<p>Nous cr\u00e8cherons<strong> 2 nuits \u00e0 Carayac parmi les brebis chez Gervaise et Denis, les bergers du Causse<\/strong>, dont les fromages nous chatouillent encore les papilles !&nbsp; En cours de pr\u00e9paration ou de r\u00e9flexion&nbsp;: v\u00e9lorution, march\u00e9 de producteurs, musique et rencontres&#8230;<\/p>\n\n\n\n<p>A Concots, la famille Aillet, encore des bergers (et oui nous sommes sur les Causses du Lot !) nous a fait visiter le bois de la logette et nous pr\u00e9pare un accueil festif. Au village, nous avons surpris Gilles et Oudin en pleine activit\u00e9 dans<strong> l&rsquo;imprimerie associative \u00ab\u00a0Trace\u00a0\u00bb.<\/strong> Apr\u00e8s nous \u00eatre mutuellement pr\u00e9sent\u00e9s, c&rsquo;est d\u00e9cid\u00e9,&nbsp; ils nous recevront dans leurs locaux. Un groupe de citoyens nous a accueillies dans une de leurs r\u00e9unions pour \u00e9changer sur le mode de gouvernance de l&rsquo;Altertour et le groupe fait d&rsquo;ores et d\u00e9j\u00e0 chauffer ses m\u00e9ninges pour nous rencontrer le 15 ao\u00fbt.<\/p>\n\n\n\n<p>A Septfonds, Amandine, Marie Claude et Elie&nbsp; nous ont expos\u00e9 l\u2019activit\u00e9 du <strong>tiers-lieu la \u00ab\u00a0Chemin\u00e9e\u00a0\u00bb<\/strong>,&nbsp; et propos\u00e9 un programme bien dynamique, \u00e0 base de moxibustion et de manches \u00e0 air.<\/p>\n\n\n\n<figure class=\"wp-block-image\"><img loading=\"lazy\" decoding=\"async\" width=\"725\" height=\"408\" src=\"http:\/\/www.altercampagne.net\/wp-content\/uploads\/2019\/04\/2019-08-16-Septfonds.jpg\" alt=\"\" class=\"wp-image-13449\" srcset=\"https:\/\/www.altercampagne.net\/wp-content\/uploads\/2019\/04\/2019-08-16-Septfonds.jpg 725w, https:\/\/www.altercampagne.net\/wp-content\/uploads\/2019\/04\/2019-08-16-Septfonds-300x169.jpg 300w, https:\/\/www.altercampagne.net\/wp-content\/uploads\/2019\/04\/2019-08-16-Septfonds-610x343.jpg 610w, https:\/\/www.altercampagne.net\/wp-content\/uploads\/2019\/04\/2019-08-16-Septfonds-100x56.jpg 100w\" sizes=\"auto, (max-width: 725px) 100vw, 725px\" \/><\/figure>\n\n\n\n<p>Nous les remercions tous pour leur accueil et leur disponibilit\u00e9. Quant \u00e0 nous, on ne vous dit que \u00e7a : <\/p>\n\n\n\n<p class=\"has-text-align-center has-medium-font-size\"><strong>Ne loupez pas les \u00e9tapes du 12 au 16 ao\u00fbt 2019 !<\/strong><\/p>\n\n\n\n<p>A bient\u00f4t<\/p>\n\n\n\n<p>Sigol\u00e8ne, Sylvie et Val\u00e9rie<\/p>\n","protected":false},"excerpt":{"rendered":"<p>Allez ! on vous met un peu l&rsquo;eau \u00e0 la bouche en attendant le mois d&rsquo;ao\u00fbt ? Nous : Sigol\u00e8ne, Sylvie et Val\u00e9rie, fameux trio des \u00e9tapes du Lot (et un poil plus), sommes all\u00e9es \u00e0 la rencontre des alternatives et de nos accueillants du 12 au 16 ao\u00fbt 2019. &#8230; <\/p>\n<div><a href=\"https:\/\/www.altercampagne.net\/?p=13444\" class=\"more-link\">Read More<\/a><\/div>\n","protected":false},"author":207,"featured_media":13448,"comment_status":"closed","ping_status":"closed","sticky":false,"template":"","format":"standard","meta":{"footnotes":""},"categories":[3483,3773,3480],"tags":[],"class_list":["post-13444","post","type-post","status-publish","format-standard","has-post-thumbnail","hentry","category-agriculture","category-edition-2019","category-occitanie"],"yoast_head":"<!-- This site is optimized with the Yoast SEO plugin v27.3 - https:\/\/yoast.com\/product\/yoast-seo-wordpress\/ -->\n<title>Une escapade en Midi-Pyr\u00e9n\u00e9es, de Brengues \u00e0 Septfonds - AlterTour<\/title>\n<meta name=\"robots\" content=\"index, follow, max-snippet:-1, max-image-preview:large, max-video-preview:-1\" \/>\n<link rel=\"canonical\" href=\"https:\/\/www.altercampagne.net\/?p=13444\" \/>\n<meta property=\"og:locale\" content=\"fr_FR\" \/>\n<meta property=\"og:type\" content=\"article\" \/>\n<meta property=\"og:title\" content=\"Une escapade en Midi-Pyr\u00e9n\u00e9es, de Brengues \u00e0 Septfonds - AlterTour\" \/>\n<meta property=\"og:description\" content=\"Allez ! on vous met un peu l&rsquo;eau \u00e0 la bouche en attendant le mois d&rsquo;ao\u00fbt ? Nous : Sigol\u00e8ne, Sylvie et Val\u00e9rie, fameux trio des \u00e9tapes du Lot (et un poil plus), sommes all\u00e9es \u00e0 la rencontre des alternatives et de nos accueillants du 12 au 16 ao\u00fbt 2019. ... Read More\" \/>\n<meta property=\"og:url\" content=\"https:\/\/www.altercampagne.net\/?p=13444\" \/>\n<meta property=\"og:site_name\" content=\"AlterTour\" \/>\n<meta property=\"article:published_time\" content=\"2019-04-12T20:04:54+00:00\" \/>\n<meta property=\"article:modified_time\" content=\"2020-02-24T17:24:35+00:00\" \/>\n<meta property=\"og:image\" content=\"https:\/\/www.altercampagne.net\/wp-content\/uploads\/2019\/04\/2019-08-14-Carayac.jpg\" \/>\n\t<meta property=\"og:image:width\" content=\"771\" \/>\n\t<meta property=\"og:image:height\" content=\"408\" \/>\n\t<meta property=\"og:image:type\" content=\"image\/jpeg\" \/>\n<meta name=\"author\" content=\"Val\u00e9rie M\" \/>\n<meta name=\"twitter:card\" content=\"summary_large_image\" \/>\n<meta name=\"twitter:label1\" content=\"\u00c9crit par\" \/>\n\t<meta name=\"twitter:data1\" content=\"Val\u00e9rie M\" \/>\n\t<meta name=\"twitter:label2\" content=\"Dur\u00e9e de lecture estim\u00e9e\" \/>\n\t<meta name=\"twitter:data2\" content=\"2 minutes\" \/>\n<script type=\"application\/ld+json\" class=\"yoast-schema-graph\">{\"@context\":\"https:\\\/\\\/schema.org\",\"@graph\":[{\"@type\":\"Article\",\"@id\":\"https:\\\/\\\/www.altercampagne.net\\\/?p=13444#article\",\"isPartOf\":{\"@id\":\"https:\\\/\\\/www.altercampagne.net\\\/?p=13444\"},\"author\":{\"name\":\"Val\u00e9rie M\",\"@id\":\"https:\\\/\\\/www.altercampagne.net\\\/#\\\/schema\\\/person\\\/b51ff5ba81b0c6a3abb4d3ac9512e8cf\"},\"headline\":\"Une escapade en Midi-Pyr\u00e9n\u00e9es, de Brengues \u00e0 Septfonds\",\"datePublished\":\"2019-04-12T20:04:54+00:00\",\"dateModified\":\"2020-02-24T17:24:35+00:00\",\"mainEntityOfPage\":{\"@id\":\"https:\\\/\\\/www.altercampagne.net\\\/?p=13444\"},\"wordCount\":432,\"image\":{\"@id\":\"https:\\\/\\\/www.altercampagne.net\\\/?p=13444#primaryimage\"},\"thumbnailUrl\":\"https:\\\/\\\/www.altercampagne.net\\\/wp-content\\\/uploads\\\/2019\\\/04\\\/2019-08-14-Carayac.jpg\",\"articleSection\":[\"Agriculture\",\"Edition 2019\",\"Occitanie\"],\"inLanguage\":\"fr-FR\"},{\"@type\":\"WebPage\",\"@id\":\"https:\\\/\\\/www.altercampagne.net\\\/?p=13444\",\"url\":\"https:\\\/\\\/www.altercampagne.net\\\/?p=13444\",\"name\":\"Une escapade en Midi-Pyr\u00e9n\u00e9es, de Brengues \u00e0 Septfonds - AlterTour\",\"isPartOf\":{\"@id\":\"https:\\\/\\\/www.altercampagne.net\\\/#website\"},\"primaryImageOfPage\":{\"@id\":\"https:\\\/\\\/www.altercampagne.net\\\/?p=13444#primaryimage\"},\"image\":{\"@id\":\"https:\\\/\\\/www.altercampagne.net\\\/?p=13444#primaryimage\"},\"thumbnailUrl\":\"https:\\\/\\\/www.altercampagne.net\\\/wp-content\\\/uploads\\\/2019\\\/04\\\/2019-08-14-Carayac.jpg\",\"datePublished\":\"2019-04-12T20:04:54+00:00\",\"dateModified\":\"2020-02-24T17:24:35+00:00\",\"author\":{\"@id\":\"https:\\\/\\\/www.altercampagne.net\\\/#\\\/schema\\\/person\\\/b51ff5ba81b0c6a3abb4d3ac9512e8cf\"},\"breadcrumb\":{\"@id\":\"https:\\\/\\\/www.altercampagne.net\\\/?p=13444#breadcrumb\"},\"inLanguage\":\"fr-FR\",\"potentialAction\":[{\"@type\":\"ReadAction\",\"target\":[\"https:\\\/\\\/www.altercampagne.net\\\/?p=13444\"]}]},{\"@type\":\"ImageObject\",\"inLanguage\":\"fr-FR\",\"@id\":\"https:\\\/\\\/www.altercampagne.net\\\/?p=13444#primaryimage\",\"url\":\"https:\\\/\\\/www.altercampagne.net\\\/wp-content\\\/uploads\\\/2019\\\/04\\\/2019-08-14-Carayac.jpg\",\"contentUrl\":\"https:\\\/\\\/www.altercampagne.net\\\/wp-content\\\/uploads\\\/2019\\\/04\\\/2019-08-14-Carayac.jpg\",\"width\":771,\"height\":408},{\"@type\":\"BreadcrumbList\",\"@id\":\"https:\\\/\\\/www.altercampagne.net\\\/?p=13444#breadcrumb\",\"itemListElement\":[{\"@type\":\"ListItem\",\"position\":1,\"name\":\"Accueil\",\"item\":\"https:\\\/\\\/www.altercampagne.net\\\/\"},{\"@type\":\"ListItem\",\"position\":2,\"name\":\"Une escapade en Midi-Pyr\u00e9n\u00e9es, de Brengues \u00e0 Septfonds\"}]},{\"@type\":\"WebSite\",\"@id\":\"https:\\\/\\\/www.altercampagne.net\\\/#website\",\"url\":\"https:\\\/\\\/www.altercampagne.net\\\/\",\"name\":\"AlterTour\",\"description\":\"Reliez les Alternatives \u00e0 v\u00e9lo\",\"potentialAction\":[{\"@type\":\"SearchAction\",\"target\":{\"@type\":\"EntryPoint\",\"urlTemplate\":\"https:\\\/\\\/www.altercampagne.net\\\/?s={search_term_string}\"},\"query-input\":{\"@type\":\"PropertyValueSpecification\",\"valueRequired\":true,\"valueName\":\"search_term_string\"}}],\"inLanguage\":\"fr-FR\"},{\"@type\":\"Person\",\"@id\":\"https:\\\/\\\/www.altercampagne.net\\\/#\\\/schema\\\/person\\\/b51ff5ba81b0c6a3abb4d3ac9512e8cf\",\"name\":\"Val\u00e9rie M\",\"image\":{\"@type\":\"ImageObject\",\"inLanguage\":\"fr-FR\",\"@id\":\"https:\\\/\\\/secure.gravatar.com\\\/avatar\\\/db9ecc9561637ed429fd8be2405af78b439ab531b3e3c4ab75a6864c87354d02?s=96&d=mm&r=g\",\"url\":\"https:\\\/\\\/secure.gravatar.com\\\/avatar\\\/db9ecc9561637ed429fd8be2405af78b439ab531b3e3c4ab75a6864c87354d02?s=96&d=mm&r=g\",\"contentUrl\":\"https:\\\/\\\/secure.gravatar.com\\\/avatar\\\/db9ecc9561637ed429fd8be2405af78b439ab531b3e3c4ab75a6864c87354d02?s=96&d=mm&r=g\",\"caption\":\"Val\u00e9rie M\"},\"url\":\"https:\\\/\\\/www.altercampagne.net\\\/?author=207\"}]}<\/script>\n<!-- \/ Yoast SEO plugin. -->","yoast_head_json":{"title":"Une escapade en Midi-Pyr\u00e9n\u00e9es, de Brengues \u00e0 Septfonds - AlterTour","robots":{"index":"index","follow":"follow","max-snippet":"max-snippet:-1","max-image-preview":"max-image-preview:large","max-video-preview":"max-video-preview:-1"},"canonical":"https:\/\/www.altercampagne.net\/?p=13444","og_locale":"fr_FR","og_type":"article","og_title":"Une escapade en Midi-Pyr\u00e9n\u00e9es, de Brengues \u00e0 Septfonds - AlterTour","og_description":"Allez ! on vous met un peu l&rsquo;eau \u00e0 la bouche en attendant le mois d&rsquo;ao\u00fbt ? Nous : Sigol\u00e8ne, Sylvie et Val\u00e9rie, fameux trio des \u00e9tapes du Lot (et un poil plus), sommes all\u00e9es \u00e0 la rencontre des alternatives et de nos accueillants du 12 au 16 ao\u00fbt 2019. ... Read More","og_url":"https:\/\/www.altercampagne.net\/?p=13444","og_site_name":"AlterTour","article_published_time":"2019-04-12T20:04:54+00:00","article_modified_time":"2020-02-24T17:24:35+00:00","og_image":[{"width":771,"height":408,"url":"https:\/\/www.altercampagne.net\/wp-content\/uploads\/2019\/04\/2019-08-14-Carayac.jpg","type":"image\/jpeg"}],"author":"Val\u00e9rie M","twitter_card":"summary_large_image","twitter_misc":{"\u00c9crit par":"Val\u00e9rie M","Dur\u00e9e de lecture estim\u00e9e":"2 minutes"},"schema":{"@context":"https:\/\/schema.org","@graph":[{"@type":"Article","@id":"https:\/\/www.altercampagne.net\/?p=13444#article","isPartOf":{"@id":"https:\/\/www.altercampagne.net\/?p=13444"},"author":{"name":"Val\u00e9rie M","@id":"https:\/\/www.altercampagne.net\/#\/schema\/person\/b51ff5ba81b0c6a3abb4d3ac9512e8cf"},"headline":"Une escapade en Midi-Pyr\u00e9n\u00e9es, de Brengues \u00e0 Septfonds","datePublished":"2019-04-12T20:04:54+00:00","dateModified":"2020-02-24T17:24:35+00:00","mainEntityOfPage":{"@id":"https:\/\/www.altercampagne.net\/?p=13444"},"wordCount":432,"image":{"@id":"https:\/\/www.altercampagne.net\/?p=13444#primaryimage"},"thumbnailUrl":"https:\/\/www.altercampagne.net\/wp-content\/uploads\/2019\/04\/2019-08-14-Carayac.jpg","articleSection":["Agriculture","Edition 2019","Occitanie"],"inLanguage":"fr-FR"},{"@type":"WebPage","@id":"https:\/\/www.altercampagne.net\/?p=13444","url":"https:\/\/www.altercampagne.net\/?p=13444","name":"Une escapade en Midi-Pyr\u00e9n\u00e9es, de Brengues \u00e0 Septfonds - AlterTour","isPartOf":{"@id":"https:\/\/www.altercampagne.net\/#website"},"primaryImageOfPage":{"@id":"https:\/\/www.altercampagne.net\/?p=13444#primaryimage"},"image":{"@id":"https:\/\/www.altercampagne.net\/?p=13444#primaryimage"},"thumbnailUrl":"https:\/\/www.altercampagne.net\/wp-content\/uploads\/2019\/04\/2019-08-14-Carayac.jpg","datePublished":"2019-04-12T20:04:54+00:00","dateModified":"2020-02-24T17:24:35+00:00","author":{"@id":"https:\/\/www.altercampagne.net\/#\/schema\/person\/b51ff5ba81b0c6a3abb4d3ac9512e8cf"},"breadcrumb":{"@id":"https:\/\/www.altercampagne.net\/?p=13444#breadcrumb"},"inLanguage":"fr-FR","potentialAction":[{"@type":"ReadAction","target":["https:\/\/www.altercampagne.net\/?p=13444"]}]},{"@type":"ImageObject","inLanguage":"fr-FR","@id":"https:\/\/www.altercampagne.net\/?p=13444#primaryimage","url":"https:\/\/www.altercampagne.net\/wp-content\/uploads\/2019\/04\/2019-08-14-Carayac.jpg","contentUrl":"https:\/\/www.altercampagne.net\/wp-content\/uploads\/2019\/04\/2019-08-14-Carayac.jpg","width":771,"height":408},{"@type":"BreadcrumbList","@id":"https:\/\/www.altercampagne.net\/?p=13444#breadcrumb","itemListElement":[{"@type":"ListItem","position":1,"name":"Accueil","item":"https:\/\/www.altercampagne.net\/"},{"@type":"ListItem","position":2,"name":"Une escapade en Midi-Pyr\u00e9n\u00e9es, de Brengues \u00e0 Septfonds"}]},{"@type":"WebSite","@id":"https:\/\/www.altercampagne.net\/#website","url":"https:\/\/www.altercampagne.net\/","name":"AlterTour","description":"Reliez les Alternatives \u00e0 v\u00e9lo","potentialAction":[{"@type":"SearchAction","target":{"@type":"EntryPoint","urlTemplate":"https:\/\/www.altercampagne.net\/?s={search_term_string}"},"query-input":{"@type":"PropertyValueSpecification","valueRequired":true,"valueName":"search_term_string"}}],"inLanguage":"fr-FR"},{"@type":"Person","@id":"https:\/\/www.altercampagne.net\/#\/schema\/person\/b51ff5ba81b0c6a3abb4d3ac9512e8cf","name":"Val\u00e9rie M","image":{"@type":"ImageObject","inLanguage":"fr-FR","@id":"https:\/\/secure.gravatar.com\/avatar\/db9ecc9561637ed429fd8be2405af78b439ab531b3e3c4ab75a6864c87354d02?s=96&d=mm&r=g","url":"https:\/\/secure.gravatar.com\/avatar\/db9ecc9561637ed429fd8be2405af78b439ab531b3e3c4ab75a6864c87354d02?s=96&d=mm&r=g","contentUrl":"https:\/\/secure.gravatar.com\/avatar\/db9ecc9561637ed429fd8be2405af78b439ab531b3e3c4ab75a6864c87354d02?s=96&d=mm&r=g","caption":"Val\u00e9rie M"},"url":"https:\/\/www.altercampagne.net\/?author=207"}]}},"_links":{"self":[{"href":"https:\/\/www.altercampagne.net\/index.php?rest_route=\/wp\/v2\/posts\/13444","targetHints":{"allow":["GET"]}}],"collection":[{"href":"https:\/\/www.altercampagne.net\/index.php?rest_route=\/wp\/v2\/posts"}],"about":[{"href":"https:\/\/www.altercampagne.net\/index.php?rest_route=\/wp\/v2\/types\/post"}],"author":[{"embeddable":true,"href":"https:\/\/www.altercampagne.net\/index.php?rest_route=\/wp\/v2\/users\/207"}],"replies":[{"embeddable":true,"href":"https:\/\/www.altercampagne.net\/index.php?rest_route=%2Fwp%2Fv2%2Fcomments&post=13444"}],"version-history":[{"count":1,"href":"https:\/\/www.altercampagne.net\/index.php?rest_route=\/wp\/v2\/posts\/13444\/revisions"}],"predecessor-version":[{"id":17526,"href":"https:\/\/www.altercampagne.net\/index.php?rest_route=\/wp\/v2\/posts\/13444\/revisions\/17526"}],"wp:featuredmedia":[{"embeddable":true,"href":"https:\/\/www.altercampagne.net\/index.php?rest_route=\/wp\/v2\/media\/13448"}],"wp:attachment":[{"href":"https:\/\/www.altercampagne.net\/index.php?rest_route=%2Fwp%2Fv2%2Fmedia&parent=13444"}],"wp:term":[{"taxonomy":"category","embeddable":true,"href":"https:\/\/www.altercampagne.net\/index.php?rest_route=%2Fwp%2Fv2%2Fcategories&post=13444"},{"taxonomy":"post_tag","embeddable":true,"href":"https:\/\/www.altercampagne.net\/index.php?rest_route=%2Fwp%2Fv2%2Ftags&post=13444"}],"curies":[{"name":"wp","href":"https:\/\/api.w.org\/{rel}","templated":true}]}}