{"id":13482,"date":"2019-04-01T20:45:59","date_gmt":"2019-04-01T18:45:59","guid":{"rendered":"http:\/\/www.altercampagne.net\/?p=13482"},"modified":"2019-05-12T23:34:57","modified_gmt":"2019-05-12T21:34:57","slug":"le-14-juillet-venez-fabriquer-des-livres-avec-la-marge","status":"publish","type":"post","link":"https:\/\/www.altercampagne.net\/?p=13482","title":{"rendered":"Les cartoneras \u00e0 Angers avec La Marge"},"content":{"rendered":"\n<p><strong>L\u2019AlterTour rencontrera l\u2019atelier d\u2019\u00e9dition participatif&nbsp;&nbsp;La Marge le 14 Juillet 2019 \u00e0 Angers.<\/strong>&nbsp;<\/p>\n\n\n\n<h4 class=\"wp-block-heading\">Du carton au livre<\/h4>\n\n\n\n<p>Il y a s\u00fbrement des pays qui valent le coup et des bonnes id\u00e9es qui voyagent un peu partout\u2026 <\/p>\n\n\n\n<p>De la crise argentine \u00e0 la douceur angevine, le r\u00e9seau des <em>cartoneras <\/em>s\u2019est \u00e9tendu jusqu\u2019\u00e0 nous, gr\u00e2ce aux cinq membres fondateurs de <strong><a href=\"http:\/\/www.atelierlamarge.fr \" target=\"_blank\" rel=\"noreferrer noopener\" aria-label=\" (s\u2019ouvre dans un nouvel onglet)\">La Marge<\/a><\/strong>. \u00c0 partir de cartons r\u00e9cup\u00e9r\u00e9s, l\u2019atelier d\u2019\u00e9dition participatif propose de fabriquer des couvertures de livre uniques, d\u00e9cor\u00e9es et peintes \u00e0 la main, pour chacun des manuscrits \u00e9dit\u00e9s par le collectif. <\/p>\n\n\n\n<h4 class=\"wp-block-heading\">Des textes engag\u00e9s<\/h4>\n\n\n\n<p>Ces ateliers gratuits sont ouverts \u00e0 tous et donnent lieu \u00e0 un vernissage tous les deux mois pour la sortie du livre. De ces textes, ramass\u00e9s \u00e0 tous vents et pass\u00e9s au crible par le comit\u00e9 de lecture, \u00e9manent des mots percutants, des paroles engag\u00e9es, la fureur de vivre et la rage de vaincre. <\/p>\n\n\n\n<h4 class=\"wp-block-heading\">Des livres voyageurs<\/h4>\n\n\n\n<p>Et, pour la toute nouvelle revue de po\u00e9sie bilingue, <em>La Velociraptora Histrionica, <\/em>Flora, fer de lance du projet, s\u2019amuse \u00e0 traduire les textes glan\u00e9s au cours de ses voyages pour ensuite les diffuser jusqu\u2019aux fins fonds de l\u2019Uruguay, de la Belgique ou de l\u2019Espagne\u2026 <br><\/p>\n\n\n\n<figure class=\"wp-block-image\"><img loading=\"lazy\" decoding=\"async\" width=\"686\" height=\"500\" src=\"http:\/\/www.altercampagne.net\/wp-content\/uploads\/2019\/04\/2019-07-14-La-Marge-.jpg\" alt=\"\" class=\"wp-image-13381\" srcset=\"https:\/\/www.altercampagne.net\/wp-content\/uploads\/2019\/04\/2019-07-14-La-Marge-.jpg 686w, https:\/\/www.altercampagne.net\/wp-content\/uploads\/2019\/04\/2019-07-14-La-Marge--300x219.jpg 300w, https:\/\/www.altercampagne.net\/wp-content\/uploads\/2019\/04\/2019-07-14-La-Marge--610x445.jpg 610w, https:\/\/www.altercampagne.net\/wp-content\/uploads\/2019\/04\/2019-07-14-La-Marge--100x73.jpg 100w\" sizes=\"auto, (max-width: 686px) 100vw, 686px\" \/><\/figure>\n\n\n\n<p>L\u2019AlterTour rencontrera l\u2019atelier d\u2019\u00e9dition participatif&nbsp;<strong>&nbsp;La Marge le 14 Juillet 2019 \u00e0 Angers<\/strong>.&nbsp;Pour plus d\u2019infos consultez le&nbsp;<strong><a rel=\"noreferrer noopener\" aria-label=\"programme (s\u2019ouvre dans un nouvel onglet)\" href=\"http:\/\/www.altercampagne.net\/?page_id=13601\" target=\"_blank\">programme<\/a><\/strong>.<\/p>\n","protected":false},"excerpt":{"rendered":"<p>De la crise argentine \u00e0 la douceur angevine, le r\u00e9seau des cartoneras s\u2019est \u00e9tendu jusqu\u2019\u00e0 nous, gr\u00e2ce aux cinq membres fondateurs de La Marge. \u00c0 partir de cartons r\u00e9cup\u00e9r\u00e9s, l\u2019atelier d\u2019\u00e9dition participatif propose de fabriquer des couvertures de livre uniques, d\u00e9cor\u00e9es et peintes \u00e0 la main, pour chacun des manuscrits \u00e9dit\u00e9s par le collectif.<\/p>\n","protected":false},"author":229,"featured_media":13516,"comment_status":"closed","ping_status":"closed","sticky":false,"template":"","format":"standard","meta":{"footnotes":""},"categories":[3473,3490,3773,3469,3488,3481,3540],"tags":[2146,3618,3913,3914,3915],"class_list":["post-13482","post","type-post","status-publish","format-standard","has-post-thumbnail","hentry","category-centre-val-de-loire","category-culture","category-edition-2019","category-programmes","category-social","category-pays-de-la-loire","category-transverse","tag-angers","tag-art","tag-edition","tag-livres","tag-fabrication"],"yoast_head":"<!-- This site is optimized with the Yoast SEO plugin v27.3 - https:\/\/yoast.com\/product\/yoast-seo-wordpress\/ -->\n<title>Les cartoneras \u00e0 Angers avec La Marge - AlterTour<\/title>\n<meta name=\"robots\" content=\"index, follow, max-snippet:-1, max-image-preview:large, max-video-preview:-1\" \/>\n<link rel=\"canonical\" href=\"https:\/\/www.altercampagne.net\/?p=13482\" \/>\n<meta property=\"og:locale\" content=\"fr_FR\" \/>\n<meta property=\"og:type\" content=\"article\" \/>\n<meta property=\"og:title\" content=\"Les cartoneras \u00e0 Angers avec La Marge - AlterTour\" \/>\n<meta property=\"og:description\" content=\"De la crise argentine \u00e0 la douceur angevine, le r\u00e9seau des cartoneras s\u2019est \u00e9tendu jusqu\u2019\u00e0 nous, gr\u00e2ce aux cinq membres fondateurs de La Marge. \u00c0 partir de cartons r\u00e9cup\u00e9r\u00e9s, l\u2019atelier d\u2019\u00e9dition participatif propose de fabriquer des couvertures de livre uniques, d\u00e9cor\u00e9es et peintes \u00e0 la main, pour chacun des manuscrits \u00e9dit\u00e9s par le collectif.\" \/>\n<meta property=\"og:url\" content=\"https:\/\/www.altercampagne.net\/?p=13482\" \/>\n<meta property=\"og:site_name\" content=\"AlterTour\" \/>\n<meta property=\"article:published_time\" content=\"2019-04-01T18:45:59+00:00\" \/>\n<meta property=\"article:modified_time\" content=\"2019-05-12T21:34:57+00:00\" \/>\n<meta property=\"og:image\" content=\"https:\/\/www.altercampagne.net\/wp-content\/uploads\/2019\/05\/19-03-16-Ple\u0301niere-Nantes7-e1556477287159.jpg\" \/>\n\t<meta property=\"og:image:width\" content=\"665\" \/>\n\t<meta property=\"og:image:height\" content=\"347\" \/>\n\t<meta property=\"og:image:type\" content=\"image\/jpeg\" \/>\n<meta name=\"author\" content=\"Maelle\" \/>\n<meta name=\"twitter:card\" content=\"summary_large_image\" \/>\n<meta name=\"twitter:label1\" content=\"\u00c9crit par\" \/>\n\t<meta name=\"twitter:data1\" content=\"Maelle\" \/>\n\t<meta name=\"twitter:label2\" content=\"Dur\u00e9e de lecture estim\u00e9e\" \/>\n\t<meta name=\"twitter:data2\" content=\"1 minute\" \/>\n<script type=\"application\/ld+json\" class=\"yoast-schema-graph\">{\"@context\":\"https:\\\/\\\/schema.org\",\"@graph\":[{\"@type\":\"Article\",\"@id\":\"https:\\\/\\\/www.altercampagne.net\\\/?p=13482#article\",\"isPartOf\":{\"@id\":\"https:\\\/\\\/www.altercampagne.net\\\/?p=13482\"},\"author\":{\"name\":\"Maelle\",\"@id\":\"https:\\\/\\\/www.altercampagne.net\\\/#\\\/schema\\\/person\\\/3e5a45a2348c8261cd9b528fe33db287\"},\"headline\":\"Les cartoneras \u00e0 Angers avec La Marge\",\"datePublished\":\"2019-04-01T18:45:59+00:00\",\"dateModified\":\"2019-05-12T21:34:57+00:00\",\"mainEntityOfPage\":{\"@id\":\"https:\\\/\\\/www.altercampagne.net\\\/?p=13482\"},\"wordCount\":243,\"image\":{\"@id\":\"https:\\\/\\\/www.altercampagne.net\\\/?p=13482#primaryimage\"},\"thumbnailUrl\":\"https:\\\/\\\/www.altercampagne.net\\\/wp-content\\\/uploads\\\/2019\\\/05\\\/19-03-16-Ple\u0301niere-Nantes7-e1556477287159.jpg\",\"keywords\":[\"Angers\",\"art\",\"Edition\",\"Livres\",\"fabrication\"],\"articleSection\":[\"Centre-Val de Loire\",\"Culture\",\"Edition 2019\",\"Programmes\",\"Social\",\"Pays de la Loire\",\"Transverse\"],\"inLanguage\":\"fr-FR\"},{\"@type\":\"WebPage\",\"@id\":\"https:\\\/\\\/www.altercampagne.net\\\/?p=13482\",\"url\":\"https:\\\/\\\/www.altercampagne.net\\\/?p=13482\",\"name\":\"Les cartoneras \u00e0 Angers avec La Marge - AlterTour\",\"isPartOf\":{\"@id\":\"https:\\\/\\\/www.altercampagne.net\\\/#website\"},\"primaryImageOfPage\":{\"@id\":\"https:\\\/\\\/www.altercampagne.net\\\/?p=13482#primaryimage\"},\"image\":{\"@id\":\"https:\\\/\\\/www.altercampagne.net\\\/?p=13482#primaryimage\"},\"thumbnailUrl\":\"https:\\\/\\\/www.altercampagne.net\\\/wp-content\\\/uploads\\\/2019\\\/05\\\/19-03-16-Ple\u0301niere-Nantes7-e1556477287159.jpg\",\"datePublished\":\"2019-04-01T18:45:59+00:00\",\"dateModified\":\"2019-05-12T21:34:57+00:00\",\"author\":{\"@id\":\"https:\\\/\\\/www.altercampagne.net\\\/#\\\/schema\\\/person\\\/3e5a45a2348c8261cd9b528fe33db287\"},\"breadcrumb\":{\"@id\":\"https:\\\/\\\/www.altercampagne.net\\\/?p=13482#breadcrumb\"},\"inLanguage\":\"fr-FR\",\"potentialAction\":[{\"@type\":\"ReadAction\",\"target\":[\"https:\\\/\\\/www.altercampagne.net\\\/?p=13482\"]}]},{\"@type\":\"ImageObject\",\"inLanguage\":\"fr-FR\",\"@id\":\"https:\\\/\\\/www.altercampagne.net\\\/?p=13482#primaryimage\",\"url\":\"https:\\\/\\\/www.altercampagne.net\\\/wp-content\\\/uploads\\\/2019\\\/05\\\/19-03-16-Ple\u0301niere-Nantes7-e1556477287159.jpg\",\"contentUrl\":\"https:\\\/\\\/www.altercampagne.net\\\/wp-content\\\/uploads\\\/2019\\\/05\\\/19-03-16-Ple\u0301niere-Nantes7-e1556477287159.jpg\",\"width\":665,\"height\":347,\"caption\":\"La Marge - photo: Samy\"},{\"@type\":\"BreadcrumbList\",\"@id\":\"https:\\\/\\\/www.altercampagne.net\\\/?p=13482#breadcrumb\",\"itemListElement\":[{\"@type\":\"ListItem\",\"position\":1,\"name\":\"Accueil\",\"item\":\"https:\\\/\\\/www.altercampagne.net\\\/\"},{\"@type\":\"ListItem\",\"position\":2,\"name\":\"Les cartoneras \u00e0 Angers avec La Marge\"}]},{\"@type\":\"WebSite\",\"@id\":\"https:\\\/\\\/www.altercampagne.net\\\/#website\",\"url\":\"https:\\\/\\\/www.altercampagne.net\\\/\",\"name\":\"AlterTour\",\"description\":\"Reliez les Alternatives \u00e0 v\u00e9lo\",\"potentialAction\":[{\"@type\":\"SearchAction\",\"target\":{\"@type\":\"EntryPoint\",\"urlTemplate\":\"https:\\\/\\\/www.altercampagne.net\\\/?s={search_term_string}\"},\"query-input\":{\"@type\":\"PropertyValueSpecification\",\"valueRequired\":true,\"valueName\":\"search_term_string\"}}],\"inLanguage\":\"fr-FR\"},{\"@type\":\"Person\",\"@id\":\"https:\\\/\\\/www.altercampagne.net\\\/#\\\/schema\\\/person\\\/3e5a45a2348c8261cd9b528fe33db287\",\"name\":\"Maelle\",\"image\":{\"@type\":\"ImageObject\",\"inLanguage\":\"fr-FR\",\"@id\":\"https:\\\/\\\/secure.gravatar.com\\\/avatar\\\/cf490aac5836d1f2c705fe7e165720e55265523ea66a62aecfff51d8ee1ac268?s=96&d=mm&r=g\",\"url\":\"https:\\\/\\\/secure.gravatar.com\\\/avatar\\\/cf490aac5836d1f2c705fe7e165720e55265523ea66a62aecfff51d8ee1ac268?s=96&d=mm&r=g\",\"contentUrl\":\"https:\\\/\\\/secure.gravatar.com\\\/avatar\\\/cf490aac5836d1f2c705fe7e165720e55265523ea66a62aecfff51d8ee1ac268?s=96&d=mm&r=g\",\"caption\":\"Maelle\"},\"url\":\"https:\\\/\\\/www.altercampagne.net\\\/?author=229\"}]}<\/script>\n<!-- \/ Yoast SEO plugin. -->","yoast_head_json":{"title":"Les cartoneras \u00e0 Angers avec La Marge - AlterTour","robots":{"index":"index","follow":"follow","max-snippet":"max-snippet:-1","max-image-preview":"max-image-preview:large","max-video-preview":"max-video-preview:-1"},"canonical":"https:\/\/www.altercampagne.net\/?p=13482","og_locale":"fr_FR","og_type":"article","og_title":"Les cartoneras \u00e0 Angers avec La Marge - AlterTour","og_description":"De la crise argentine \u00e0 la douceur angevine, le r\u00e9seau des cartoneras s\u2019est \u00e9tendu jusqu\u2019\u00e0 nous, gr\u00e2ce aux cinq membres fondateurs de La Marge. \u00c0 partir de cartons r\u00e9cup\u00e9r\u00e9s, l\u2019atelier d\u2019\u00e9dition participatif propose de fabriquer des couvertures de livre uniques, d\u00e9cor\u00e9es et peintes \u00e0 la main, pour chacun des manuscrits \u00e9dit\u00e9s par le collectif.","og_url":"https:\/\/www.altercampagne.net\/?p=13482","og_site_name":"AlterTour","article_published_time":"2019-04-01T18:45:59+00:00","article_modified_time":"2019-05-12T21:34:57+00:00","og_image":[{"width":665,"height":347,"url":"https:\/\/www.altercampagne.net\/wp-content\/uploads\/2019\/05\/19-03-16-Ple\u0301niere-Nantes7-e1556477287159.jpg","type":"image\/jpeg"}],"author":"Maelle","twitter_card":"summary_large_image","twitter_misc":{"\u00c9crit par":"Maelle","Dur\u00e9e de lecture estim\u00e9e":"1 minute"},"schema":{"@context":"https:\/\/schema.org","@graph":[{"@type":"Article","@id":"https:\/\/www.altercampagne.net\/?p=13482#article","isPartOf":{"@id":"https:\/\/www.altercampagne.net\/?p=13482"},"author":{"name":"Maelle","@id":"https:\/\/www.altercampagne.net\/#\/schema\/person\/3e5a45a2348c8261cd9b528fe33db287"},"headline":"Les cartoneras \u00e0 Angers avec La Marge","datePublished":"2019-04-01T18:45:59+00:00","dateModified":"2019-05-12T21:34:57+00:00","mainEntityOfPage":{"@id":"https:\/\/www.altercampagne.net\/?p=13482"},"wordCount":243,"image":{"@id":"https:\/\/www.altercampagne.net\/?p=13482#primaryimage"},"thumbnailUrl":"https:\/\/www.altercampagne.net\/wp-content\/uploads\/2019\/05\/19-03-16-Ple\u0301niere-Nantes7-e1556477287159.jpg","keywords":["Angers","art","Edition","Livres","fabrication"],"articleSection":["Centre-Val de Loire","Culture","Edition 2019","Programmes","Social","Pays de la Loire","Transverse"],"inLanguage":"fr-FR"},{"@type":"WebPage","@id":"https:\/\/www.altercampagne.net\/?p=13482","url":"https:\/\/www.altercampagne.net\/?p=13482","name":"Les cartoneras \u00e0 Angers avec La Marge - AlterTour","isPartOf":{"@id":"https:\/\/www.altercampagne.net\/#website"},"primaryImageOfPage":{"@id":"https:\/\/www.altercampagne.net\/?p=13482#primaryimage"},"image":{"@id":"https:\/\/www.altercampagne.net\/?p=13482#primaryimage"},"thumbnailUrl":"https:\/\/www.altercampagne.net\/wp-content\/uploads\/2019\/05\/19-03-16-Ple\u0301niere-Nantes7-e1556477287159.jpg","datePublished":"2019-04-01T18:45:59+00:00","dateModified":"2019-05-12T21:34:57+00:00","author":{"@id":"https:\/\/www.altercampagne.net\/#\/schema\/person\/3e5a45a2348c8261cd9b528fe33db287"},"breadcrumb":{"@id":"https:\/\/www.altercampagne.net\/?p=13482#breadcrumb"},"inLanguage":"fr-FR","potentialAction":[{"@type":"ReadAction","target":["https:\/\/www.altercampagne.net\/?p=13482"]}]},{"@type":"ImageObject","inLanguage":"fr-FR","@id":"https:\/\/www.altercampagne.net\/?p=13482#primaryimage","url":"https:\/\/www.altercampagne.net\/wp-content\/uploads\/2019\/05\/19-03-16-Ple\u0301niere-Nantes7-e1556477287159.jpg","contentUrl":"https:\/\/www.altercampagne.net\/wp-content\/uploads\/2019\/05\/19-03-16-Ple\u0301niere-Nantes7-e1556477287159.jpg","width":665,"height":347,"caption":"La Marge - photo: Samy"},{"@type":"BreadcrumbList","@id":"https:\/\/www.altercampagne.net\/?p=13482#breadcrumb","itemListElement":[{"@type":"ListItem","position":1,"name":"Accueil","item":"https:\/\/www.altercampagne.net\/"},{"@type":"ListItem","position":2,"name":"Les cartoneras \u00e0 Angers avec La Marge"}]},{"@type":"WebSite","@id":"https:\/\/www.altercampagne.net\/#website","url":"https:\/\/www.altercampagne.net\/","name":"AlterTour","description":"Reliez les Alternatives \u00e0 v\u00e9lo","potentialAction":[{"@type":"SearchAction","target":{"@type":"EntryPoint","urlTemplate":"https:\/\/www.altercampagne.net\/?s={search_term_string}"},"query-input":{"@type":"PropertyValueSpecification","valueRequired":true,"valueName":"search_term_string"}}],"inLanguage":"fr-FR"},{"@type":"Person","@id":"https:\/\/www.altercampagne.net\/#\/schema\/person\/3e5a45a2348c8261cd9b528fe33db287","name":"Maelle","image":{"@type":"ImageObject","inLanguage":"fr-FR","@id":"https:\/\/secure.gravatar.com\/avatar\/cf490aac5836d1f2c705fe7e165720e55265523ea66a62aecfff51d8ee1ac268?s=96&d=mm&r=g","url":"https:\/\/secure.gravatar.com\/avatar\/cf490aac5836d1f2c705fe7e165720e55265523ea66a62aecfff51d8ee1ac268?s=96&d=mm&r=g","contentUrl":"https:\/\/secure.gravatar.com\/avatar\/cf490aac5836d1f2c705fe7e165720e55265523ea66a62aecfff51d8ee1ac268?s=96&d=mm&r=g","caption":"Maelle"},"url":"https:\/\/www.altercampagne.net\/?author=229"}]}},"_links":{"self":[{"href":"https:\/\/www.altercampagne.net\/index.php?rest_route=\/wp\/v2\/posts\/13482","targetHints":{"allow":["GET"]}}],"collection":[{"href":"https:\/\/www.altercampagne.net\/index.php?rest_route=\/wp\/v2\/posts"}],"about":[{"href":"https:\/\/www.altercampagne.net\/index.php?rest_route=\/wp\/v2\/types\/post"}],"author":[{"embeddable":true,"href":"https:\/\/www.altercampagne.net\/index.php?rest_route=\/wp\/v2\/users\/229"}],"replies":[{"embeddable":true,"href":"https:\/\/www.altercampagne.net\/index.php?rest_route=%2Fwp%2Fv2%2Fcomments&post=13482"}],"version-history":[{"count":0,"href":"https:\/\/www.altercampagne.net\/index.php?rest_route=\/wp\/v2\/posts\/13482\/revisions"}],"wp:featuredmedia":[{"embeddable":true,"href":"https:\/\/www.altercampagne.net\/index.php?rest_route=\/wp\/v2\/media\/13516"}],"wp:attachment":[{"href":"https:\/\/www.altercampagne.net\/index.php?rest_route=%2Fwp%2Fv2%2Fmedia&parent=13482"}],"wp:term":[{"taxonomy":"category","embeddable":true,"href":"https:\/\/www.altercampagne.net\/index.php?rest_route=%2Fwp%2Fv2%2Fcategories&post=13482"},{"taxonomy":"post_tag","embeddable":true,"href":"https:\/\/www.altercampagne.net\/index.php?rest_route=%2Fwp%2Fv2%2Ftags&post=13482"}],"curies":[{"name":"wp","href":"https:\/\/api.w.org\/{rel}","templated":true}]}}