{"id":13681,"date":"2019-05-26T16:53:25","date_gmt":"2019-05-26T14:53:25","guid":{"rendered":"http:\/\/www.altercampagne.net\/?p=13681"},"modified":"2019-06-02T22:35:19","modified_gmt":"2019-06-02T20:35:19","slug":"cyclofficine-dangouleme-vers-lautonomie","status":"publish","type":"post","link":"https:\/\/www.altercampagne.net\/?p=13681","title":{"rendered":"Cyclofficine d\u2019Angoul\u00e8me, vers l&rsquo;autonomie!"},"content":{"rendered":"\n<p><strong>L\u2019AlterTour rencontrera la cyclofficine d&rsquo;Angoul\u00eame le 31 juillet.&nbsp;<\/strong><\/p>\n\n\n\n<p>En 2013, <strong>la<\/strong><a rel=\"noreferrer noopener\" aria-label=\" Cyclofficine (s\u2019ouvre dans un nouvel onglet)\" href=\"http:\/\/www.cyclofficinedangouleme.org\" target=\"_blank\"><strong> Cyclofficine<\/strong><\/a> a d\u00e9but\u00e9 avec des ateliers mobiles  d&rsquo;auto-r\u00e9paration de cycles. L\u2019objectif \u00e9tait de promouvoir la pratique  du v\u00e9lo ainsi que de favoriser le r\u00e9emploi et la r\u00e9paration.  <strong><br><\/strong><\/p>\n\n\n\n<h4 class=\"wp-block-heading\">On roule pour l&rsquo;\u00e9conomie sociale et solidaire<\/h4>\n\n\n\n<p>Puis l\u2019association s&rsquo;est s\u00e9dentaris\u00e9e, d\u2019abord gr\u00e2ce \u00e0 la maison des Peuples et de la Paix, puis \u00e0 la MJC Louis Aragon. En octobre 2017, la Cyclofficine a pass\u00e9 le deuxi\u00e8me plateau : elle a \u00e9t\u00e9 retenue lors d\u2019un appel \u00e0 projets pour l\u2019\u00e9conomie sociale et solidaire. Gr\u00e2ce \u00e0 ce succ\u00e8s, l\u2019association a pu employer une salari\u00e9e et s\u2019est install\u00e9e dans un plus grand local (chauff\u00e9 !) qui sera baptis\u00e9 la Grande Pompe. <\/p>\n\n\n\n<h4 class=\"wp-block-heading\">Un partenariat avec une associations d&rsquo;aide aux migrants<\/h4>\n\n\n\n<p> Le nombre d\u2019adh\u00e9rents augmente, ainsi que le nombre de cycles r\u00e9par\u00e9s et  vendus. Les v\u00e9los et les pi\u00e8ces sont obtenus \u00e0 la d\u00e9chetterie gr\u00e2ce \u00e0  une convention avec l\u2019Agglom\u00e9ration et Emma\u00fcs, outre les dons. D\u2019autres  partenariats sont cr\u00e9\u00e9s, comme celui avec l\u2019AADMIE (Association d\u2019aide  et de d\u00e9fense des mineurs isol\u00e9s \u00e9trangers), \u00e0 qui l\u2019association met \u00e0  disposition des v\u00e9los. <\/p>\n\n\n\n<p>La Cyclofficine a d\u00e9sormais trouv\u00e9 sa vitesse de  croisi\u00e8re\u2026&nbsp;  <\/p>\n\n\n\n<h4 class=\"wp-block-heading\">L\u2019atelier v\u00e9lo, accessible pour toutes et tous&nbsp;<\/h4>\n\n\n\n<p><em>\u00ab\u00a0Les adh\u00e9sions, comme les v\u00e9los et les pi\u00e8ces d\u00e9tach\u00e9es sont \u00e0 prix libre pour rester accessibles au plus grand nombre. Nos ateliers d\u2019auto-r\u00e9paration sont bas\u00e9s sur le partage de connaissances et l\u2019apprentissage. Depuis peu nous testons des ateliers 100&nbsp;% f\u00e9minins, le but est de leur faire prendre confiance en elles et qu\u2019elles puissent ensuite participer aux ateliers mixtes. On essaye de casser les pr\u00e9jug\u00e9s, on va y arriver avec le temps&nbsp;!&nbsp;\u00bb<\/em><\/p>\n\n\n\n<p style=\"text-align:right\">Marc, B\u00e9n\u00e9vole et administrateur<\/p>\n\n\n\n<p><strong>L\u2019AlterTour rencontrera la cyclofficine d&rsquo;Angoul\u00eame le 31 juillet.&nbsp;Pour plus d\u2019information consultez&nbsp;<a rel=\"noreferrer noopener\" href=\"http:\/\/www.altercampagne.net\/?page_id=13601\" target=\"_blank\">le programme<\/a><\/strong><\/p>\n","protected":false},"excerpt":{"rendered":"<p>En 2013, la Cyclofficine a d\u00e9but\u00e9 avec des ateliers mobiles d&rsquo;auto-r\u00e9paration de cycles. L\u2019objectif \u00e9tait de promouvoir la pratique du v\u00e9lo ainsi que de favoriser le r\u00e9emploi et la r\u00e9paration. <\/p>\n","protected":false},"author":239,"featured_media":14108,"comment_status":"closed","ping_status":"closed","sticky":false,"template":"","format":"standard","meta":{"footnotes":""},"categories":[3484,3773,3479,3488,3540,3932],"tags":[2591,3933,3934],"class_list":["post-13681","post","type-post","status-publish","format-standard","has-post-thumbnail","hentry","category-economie","category-edition-2019","category-nouvelle-aquitaine","category-social","category-transverse","category-velo","tag-atelier-dautoreparation-velo","tag-angouleme","tag-social"],"yoast_head":"<!-- This site is optimized with the Yoast SEO plugin v27.3 - https:\/\/yoast.com\/product\/yoast-seo-wordpress\/ -->\n<title>Cyclofficine d\u2019Angoul\u00e8me, vers l&#039;autonomie! - AlterTour<\/title>\n<meta name=\"robots\" content=\"index, follow, max-snippet:-1, max-image-preview:large, max-video-preview:-1\" \/>\n<link rel=\"canonical\" href=\"https:\/\/www.altercampagne.net\/?p=13681\" \/>\n<meta property=\"og:locale\" content=\"fr_FR\" \/>\n<meta property=\"og:type\" content=\"article\" \/>\n<meta property=\"og:title\" content=\"Cyclofficine d\u2019Angoul\u00e8me, vers l&#039;autonomie! - AlterTour\" \/>\n<meta property=\"og:description\" content=\"En 2013, la Cyclofficine a d\u00e9but\u00e9 avec des ateliers mobiles d&#039;auto-r\u00e9paration de cycles. L\u2019objectif \u00e9tait de promouvoir la pratique du v\u00e9lo ainsi que de favoriser le r\u00e9emploi et la r\u00e9paration.\" \/>\n<meta property=\"og:url\" content=\"https:\/\/www.altercampagne.net\/?p=13681\" \/>\n<meta property=\"og:site_name\" content=\"AlterTour\" \/>\n<meta property=\"article:published_time\" content=\"2019-05-26T14:53:25+00:00\" \/>\n<meta property=\"article:modified_time\" content=\"2019-06-02T20:35:19+00:00\" \/>\n<meta property=\"og:image\" content=\"https:\/\/www.altercampagne.net\/wp-content\/uploads\/2019\/05\/AT2019-Cyclofficine-d-angouleme.jpg\" \/>\n\t<meta property=\"og:image:width\" content=\"900\" \/>\n\t<meta property=\"og:image:height\" content=\"470\" \/>\n\t<meta property=\"og:image:type\" content=\"image\/jpeg\" \/>\n<meta name=\"author\" content=\"Hugues\" \/>\n<meta name=\"twitter:card\" content=\"summary_large_image\" \/>\n<meta name=\"twitter:label1\" content=\"\u00c9crit par\" \/>\n\t<meta name=\"twitter:data1\" content=\"Hugues\" \/>\n\t<meta name=\"twitter:label2\" content=\"Dur\u00e9e de lecture estim\u00e9e\" \/>\n\t<meta name=\"twitter:data2\" content=\"2 minutes\" \/>\n<script type=\"application\/ld+json\" class=\"yoast-schema-graph\">{\"@context\":\"https:\\\/\\\/schema.org\",\"@graph\":[{\"@type\":\"Article\",\"@id\":\"https:\\\/\\\/www.altercampagne.net\\\/?p=13681#article\",\"isPartOf\":{\"@id\":\"https:\\\/\\\/www.altercampagne.net\\\/?p=13681\"},\"author\":{\"name\":\"Hugues\",\"@id\":\"https:\\\/\\\/www.altercampagne.net\\\/#\\\/schema\\\/person\\\/30c238afd823c7fe6fd29b35db5232d3\"},\"headline\":\"Cyclofficine d\u2019Angoul\u00e8me, vers l&rsquo;autonomie!\",\"datePublished\":\"2019-05-26T14:53:25+00:00\",\"dateModified\":\"2019-06-02T20:35:19+00:00\",\"mainEntityOfPage\":{\"@id\":\"https:\\\/\\\/www.altercampagne.net\\\/?p=13681\"},\"wordCount\":357,\"image\":{\"@id\":\"https:\\\/\\\/www.altercampagne.net\\\/?p=13681#primaryimage\"},\"thumbnailUrl\":\"https:\\\/\\\/www.altercampagne.net\\\/wp-content\\\/uploads\\\/2019\\\/05\\\/AT2019-Cyclofficine-d-angouleme.jpg\",\"keywords\":[\"atelier d'autor\u00e9paration v\u00e9lo\",\"Angoul\u00eame\",\"social\"],\"articleSection\":[\"\u00c9conomie\",\"Edition 2019\",\"Nouvelle-Aquitaine\",\"Social\",\"Transverse\",\"V\u00e9lo\"],\"inLanguage\":\"fr-FR\"},{\"@type\":\"WebPage\",\"@id\":\"https:\\\/\\\/www.altercampagne.net\\\/?p=13681\",\"url\":\"https:\\\/\\\/www.altercampagne.net\\\/?p=13681\",\"name\":\"Cyclofficine d\u2019Angoul\u00e8me, vers l'autonomie! - AlterTour\",\"isPartOf\":{\"@id\":\"https:\\\/\\\/www.altercampagne.net\\\/#website\"},\"primaryImageOfPage\":{\"@id\":\"https:\\\/\\\/www.altercampagne.net\\\/?p=13681#primaryimage\"},\"image\":{\"@id\":\"https:\\\/\\\/www.altercampagne.net\\\/?p=13681#primaryimage\"},\"thumbnailUrl\":\"https:\\\/\\\/www.altercampagne.net\\\/wp-content\\\/uploads\\\/2019\\\/05\\\/AT2019-Cyclofficine-d-angouleme.jpg\",\"datePublished\":\"2019-05-26T14:53:25+00:00\",\"dateModified\":\"2019-06-02T20:35:19+00:00\",\"author\":{\"@id\":\"https:\\\/\\\/www.altercampagne.net\\\/#\\\/schema\\\/person\\\/30c238afd823c7fe6fd29b35db5232d3\"},\"breadcrumb\":{\"@id\":\"https:\\\/\\\/www.altercampagne.net\\\/?p=13681#breadcrumb\"},\"inLanguage\":\"fr-FR\",\"potentialAction\":[{\"@type\":\"ReadAction\",\"target\":[\"https:\\\/\\\/www.altercampagne.net\\\/?p=13681\"]}]},{\"@type\":\"ImageObject\",\"inLanguage\":\"fr-FR\",\"@id\":\"https:\\\/\\\/www.altercampagne.net\\\/?p=13681#primaryimage\",\"url\":\"https:\\\/\\\/www.altercampagne.net\\\/wp-content\\\/uploads\\\/2019\\\/05\\\/AT2019-Cyclofficine-d-angouleme.jpg\",\"contentUrl\":\"https:\\\/\\\/www.altercampagne.net\\\/wp-content\\\/uploads\\\/2019\\\/05\\\/AT2019-Cyclofficine-d-angouleme.jpg\",\"width\":900,\"height\":470},{\"@type\":\"BreadcrumbList\",\"@id\":\"https:\\\/\\\/www.altercampagne.net\\\/?p=13681#breadcrumb\",\"itemListElement\":[{\"@type\":\"ListItem\",\"position\":1,\"name\":\"Accueil\",\"item\":\"https:\\\/\\\/www.altercampagne.net\\\/\"},{\"@type\":\"ListItem\",\"position\":2,\"name\":\"Cyclofficine d\u2019Angoul\u00e8me, vers l&rsquo;autonomie!\"}]},{\"@type\":\"WebSite\",\"@id\":\"https:\\\/\\\/www.altercampagne.net\\\/#website\",\"url\":\"https:\\\/\\\/www.altercampagne.net\\\/\",\"name\":\"AlterTour\",\"description\":\"Reliez les Alternatives \u00e0 v\u00e9lo\",\"potentialAction\":[{\"@type\":\"SearchAction\",\"target\":{\"@type\":\"EntryPoint\",\"urlTemplate\":\"https:\\\/\\\/www.altercampagne.net\\\/?s={search_term_string}\"},\"query-input\":{\"@type\":\"PropertyValueSpecification\",\"valueRequired\":true,\"valueName\":\"search_term_string\"}}],\"inLanguage\":\"fr-FR\"},{\"@type\":\"Person\",\"@id\":\"https:\\\/\\\/www.altercampagne.net\\\/#\\\/schema\\\/person\\\/30c238afd823c7fe6fd29b35db5232d3\",\"name\":\"Hugues\",\"image\":{\"@type\":\"ImageObject\",\"inLanguage\":\"fr-FR\",\"@id\":\"https:\\\/\\\/secure.gravatar.com\\\/avatar\\\/3283317f088df83ec8d059457554badb95fbb84a40a0243dc3c020c0d9f0afc0?s=96&d=mm&r=g\",\"url\":\"https:\\\/\\\/secure.gravatar.com\\\/avatar\\\/3283317f088df83ec8d059457554badb95fbb84a40a0243dc3c020c0d9f0afc0?s=96&d=mm&r=g\",\"contentUrl\":\"https:\\\/\\\/secure.gravatar.com\\\/avatar\\\/3283317f088df83ec8d059457554badb95fbb84a40a0243dc3c020c0d9f0afc0?s=96&d=mm&r=g\",\"caption\":\"Hugues\"},\"url\":\"https:\\\/\\\/www.altercampagne.net\\\/?author=239\"}]}<\/script>\n<!-- \/ Yoast SEO plugin. -->","yoast_head_json":{"title":"Cyclofficine d\u2019Angoul\u00e8me, vers l'autonomie! - AlterTour","robots":{"index":"index","follow":"follow","max-snippet":"max-snippet:-1","max-image-preview":"max-image-preview:large","max-video-preview":"max-video-preview:-1"},"canonical":"https:\/\/www.altercampagne.net\/?p=13681","og_locale":"fr_FR","og_type":"article","og_title":"Cyclofficine d\u2019Angoul\u00e8me, vers l'autonomie! - AlterTour","og_description":"En 2013, la Cyclofficine a d\u00e9but\u00e9 avec des ateliers mobiles d'auto-r\u00e9paration de cycles. L\u2019objectif \u00e9tait de promouvoir la pratique du v\u00e9lo ainsi que de favoriser le r\u00e9emploi et la r\u00e9paration.","og_url":"https:\/\/www.altercampagne.net\/?p=13681","og_site_name":"AlterTour","article_published_time":"2019-05-26T14:53:25+00:00","article_modified_time":"2019-06-02T20:35:19+00:00","og_image":[{"width":900,"height":470,"url":"https:\/\/www.altercampagne.net\/wp-content\/uploads\/2019\/05\/AT2019-Cyclofficine-d-angouleme.jpg","type":"image\/jpeg"}],"author":"Hugues","twitter_card":"summary_large_image","twitter_misc":{"\u00c9crit par":"Hugues","Dur\u00e9e de lecture estim\u00e9e":"2 minutes"},"schema":{"@context":"https:\/\/schema.org","@graph":[{"@type":"Article","@id":"https:\/\/www.altercampagne.net\/?p=13681#article","isPartOf":{"@id":"https:\/\/www.altercampagne.net\/?p=13681"},"author":{"name":"Hugues","@id":"https:\/\/www.altercampagne.net\/#\/schema\/person\/30c238afd823c7fe6fd29b35db5232d3"},"headline":"Cyclofficine d\u2019Angoul\u00e8me, vers l&rsquo;autonomie!","datePublished":"2019-05-26T14:53:25+00:00","dateModified":"2019-06-02T20:35:19+00:00","mainEntityOfPage":{"@id":"https:\/\/www.altercampagne.net\/?p=13681"},"wordCount":357,"image":{"@id":"https:\/\/www.altercampagne.net\/?p=13681#primaryimage"},"thumbnailUrl":"https:\/\/www.altercampagne.net\/wp-content\/uploads\/2019\/05\/AT2019-Cyclofficine-d-angouleme.jpg","keywords":["atelier d'autor\u00e9paration v\u00e9lo","Angoul\u00eame","social"],"articleSection":["\u00c9conomie","Edition 2019","Nouvelle-Aquitaine","Social","Transverse","V\u00e9lo"],"inLanguage":"fr-FR"},{"@type":"WebPage","@id":"https:\/\/www.altercampagne.net\/?p=13681","url":"https:\/\/www.altercampagne.net\/?p=13681","name":"Cyclofficine d\u2019Angoul\u00e8me, vers l'autonomie! - AlterTour","isPartOf":{"@id":"https:\/\/www.altercampagne.net\/#website"},"primaryImageOfPage":{"@id":"https:\/\/www.altercampagne.net\/?p=13681#primaryimage"},"image":{"@id":"https:\/\/www.altercampagne.net\/?p=13681#primaryimage"},"thumbnailUrl":"https:\/\/www.altercampagne.net\/wp-content\/uploads\/2019\/05\/AT2019-Cyclofficine-d-angouleme.jpg","datePublished":"2019-05-26T14:53:25+00:00","dateModified":"2019-06-02T20:35:19+00:00","author":{"@id":"https:\/\/www.altercampagne.net\/#\/schema\/person\/30c238afd823c7fe6fd29b35db5232d3"},"breadcrumb":{"@id":"https:\/\/www.altercampagne.net\/?p=13681#breadcrumb"},"inLanguage":"fr-FR","potentialAction":[{"@type":"ReadAction","target":["https:\/\/www.altercampagne.net\/?p=13681"]}]},{"@type":"ImageObject","inLanguage":"fr-FR","@id":"https:\/\/www.altercampagne.net\/?p=13681#primaryimage","url":"https:\/\/www.altercampagne.net\/wp-content\/uploads\/2019\/05\/AT2019-Cyclofficine-d-angouleme.jpg","contentUrl":"https:\/\/www.altercampagne.net\/wp-content\/uploads\/2019\/05\/AT2019-Cyclofficine-d-angouleme.jpg","width":900,"height":470},{"@type":"BreadcrumbList","@id":"https:\/\/www.altercampagne.net\/?p=13681#breadcrumb","itemListElement":[{"@type":"ListItem","position":1,"name":"Accueil","item":"https:\/\/www.altercampagne.net\/"},{"@type":"ListItem","position":2,"name":"Cyclofficine d\u2019Angoul\u00e8me, vers l&rsquo;autonomie!"}]},{"@type":"WebSite","@id":"https:\/\/www.altercampagne.net\/#website","url":"https:\/\/www.altercampagne.net\/","name":"AlterTour","description":"Reliez les Alternatives \u00e0 v\u00e9lo","potentialAction":[{"@type":"SearchAction","target":{"@type":"EntryPoint","urlTemplate":"https:\/\/www.altercampagne.net\/?s={search_term_string}"},"query-input":{"@type":"PropertyValueSpecification","valueRequired":true,"valueName":"search_term_string"}}],"inLanguage":"fr-FR"},{"@type":"Person","@id":"https:\/\/www.altercampagne.net\/#\/schema\/person\/30c238afd823c7fe6fd29b35db5232d3","name":"Hugues","image":{"@type":"ImageObject","inLanguage":"fr-FR","@id":"https:\/\/secure.gravatar.com\/avatar\/3283317f088df83ec8d059457554badb95fbb84a40a0243dc3c020c0d9f0afc0?s=96&d=mm&r=g","url":"https:\/\/secure.gravatar.com\/avatar\/3283317f088df83ec8d059457554badb95fbb84a40a0243dc3c020c0d9f0afc0?s=96&d=mm&r=g","contentUrl":"https:\/\/secure.gravatar.com\/avatar\/3283317f088df83ec8d059457554badb95fbb84a40a0243dc3c020c0d9f0afc0?s=96&d=mm&r=g","caption":"Hugues"},"url":"https:\/\/www.altercampagne.net\/?author=239"}]}},"_links":{"self":[{"href":"https:\/\/www.altercampagne.net\/index.php?rest_route=\/wp\/v2\/posts\/13681","targetHints":{"allow":["GET"]}}],"collection":[{"href":"https:\/\/www.altercampagne.net\/index.php?rest_route=\/wp\/v2\/posts"}],"about":[{"href":"https:\/\/www.altercampagne.net\/index.php?rest_route=\/wp\/v2\/types\/post"}],"author":[{"embeddable":true,"href":"https:\/\/www.altercampagne.net\/index.php?rest_route=\/wp\/v2\/users\/239"}],"replies":[{"embeddable":true,"href":"https:\/\/www.altercampagne.net\/index.php?rest_route=%2Fwp%2Fv2%2Fcomments&post=13681"}],"version-history":[{"count":0,"href":"https:\/\/www.altercampagne.net\/index.php?rest_route=\/wp\/v2\/posts\/13681\/revisions"}],"wp:featuredmedia":[{"embeddable":true,"href":"https:\/\/www.altercampagne.net\/index.php?rest_route=\/wp\/v2\/media\/14108"}],"wp:attachment":[{"href":"https:\/\/www.altercampagne.net\/index.php?rest_route=%2Fwp%2Fv2%2Fmedia&parent=13681"}],"wp:term":[{"taxonomy":"category","embeddable":true,"href":"https:\/\/www.altercampagne.net\/index.php?rest_route=%2Fwp%2Fv2%2Fcategories&post=13681"},{"taxonomy":"post_tag","embeddable":true,"href":"https:\/\/www.altercampagne.net\/index.php?rest_route=%2Fwp%2Fv2%2Ftags&post=13681"}],"curies":[{"name":"wp","href":"https:\/\/api.w.org\/{rel}","templated":true}]}}