{"id":13686,"date":"2019-08-20T17:13:32","date_gmt":"2019-08-20T15:13:32","guid":{"rendered":"http:\/\/www.altercampagne.net\/?p=13686"},"modified":"2021-05-06T10:44:40","modified_gmt":"2021-05-06T08:44:40","slug":"vous-reprendrez-bien-une-petite-tisane","status":"publish","type":"post","link":"https:\/\/www.altercampagne.net\/?p=13686","title":{"rendered":"Vous reprendrez bien une petite tisane ?"},"content":{"rendered":"\n<p><strong>L\u2019AlterTour rencontrera <\/strong><a rel=\"noreferrer noopener\" href=\"http:\/\/www.lherbealaise.com\" target=\"_blank\"><strong>L&rsquo;herbe \u00e0 l&rsquo;aise<\/strong><\/a><strong>  le 20 ao\u00fbt \u00e0 Auch (32).&nbsp;<\/strong><\/p>\n\n\n\n<h4 class=\"wp-block-heading\">Chuuut ! \u00c9coutez, sentez, observez, vivez la nature !  <br><\/h4>\n\n\n\n<p>C\u2019est le r\u00eave que Lotti, jeune Suisse aventureuse, poursuit depuis maintenant vingt-deux ans. Au sein de la ferme<a rel=\"noreferrer noopener\" aria-label=\" L'herbe \u00e0 l'aise (s\u2019ouvre dans un nouvel onglet)\" href=\"http:\/\/www.lherbealaise.com\" target=\"_blank\"> <strong>L&rsquo;herbe \u00e0 l&rsquo;aise<\/strong><\/a><strong> <\/strong>rafra\u00eechie par son \u00e9nergie, situ\u00e9e dans les alentours d\u2019Auch, Lotti cherche le plus d\u2019autonomie possible.  <\/p>\n\n\n\n<p>Pas de connexion aux r\u00e9seaux classiques, mais plut\u00f4t \u00e0 son milieu. Le lieu donne ce sentiment que l\u2019homme et la nature vivent ensemble, l\u2019un pour l\u2019autre, l\u2019un avec l\u2019autre, jouant au quotidien la plus belle partition de simplicit\u00e9 et de coh\u00e9rence. <\/p>\n\n\n\n<h4 class=\"wp-block-heading\">Apprendre \u00e0 se soigner par les plantes<\/h4>\n\n\n\n<p>Quand vient la question de se soigner, Lotti choisit la main verte plut\u00f4t que les blouses blanches. L\u2019autodidacte cherche par elle-m\u00eame, d\u00e9couvre, reconna\u00eet, cueille, pr\u00e9pare. Et parce que l\u2019envie de transmettre est forte, elle invite aujourd\u2019hui chacun \u00e0 s\u2019approprier la m\u00e9decine par les plantes, lors de stages organis\u00e9s dans son cabinet\u2026 en plein air !&nbsp;<\/p>\n\n\n\n<h4 class=\"wp-block-heading\">Faire d\u00e9couvrir\u2026 \u00e0&nbsp;l\u2019\u00e9picerie, \u00e0 l\u2019\u00e9cole, au march\u00e9&nbsp;<\/h4>\n\n\n\n<p>\u00ab&nbsp;Aujourd\u2019hui l\u2019information ne manque pas, tout le monde sait qu\u2019il faut changer&nbsp;! Je pense qu\u2019il est plus important de faire que de parler, et puis c\u2019est que je pr\u00e9f\u00e8re. Cela n\u2019emp\u00eache pas le d\u00e9bat&nbsp;! Les gens viennent \u00e0 la ferme, nous rencontrons les gens \u00e0 l\u2019\u00e9picerie, \u00e0 l\u2019\u00e9cole, au march\u00e9. Nous \u00e9changeons&nbsp;! Je suis tr\u00e8s sollicit\u00e9e pour des visites, des ateliers.. La ferme est un beau support p\u00e9dagogique.&nbsp;\u00bb<\/p>\n\n\n\n<p><\/p>\n\n\n\n<p><strong>L\u2019AlterTour rencontrera Marc et Lotti de l&rsquo;Herbe \u00e0 l&rsquo;aise  le 20 ao\u00fbt \u00e0 Auch (32).&nbsp;Pour plus d\u2019information consultez&nbsp;<a rel=\"noreferrer noopener\" href=\"http:\/\/www.altercampagne.net\/?page_id=13601\" target=\"_blank\">le programme<\/a><\/strong><\/p>\n","protected":false},"excerpt":{"rendered":"<p>C\u2019est le r\u00eave que Lotti, jeune Suisse aventureuse, poursuit depuis maintenant vingt-deux ans. Au sein de la ferme L&rsquo;herbe \u00e0 l&rsquo;aise rafra\u00eechie par son \u00e9nergie, situ\u00e9e dans les alentours d\u2019Auch, Lotti cherche le plus d\u2019autonomie possible. <\/p>\n","protected":false},"author":215,"featured_media":14001,"comment_status":"closed","ping_status":"closed","sticky":false,"template":"","format":"standard","meta":{"footnotes":""},"categories":[3483,4313,3773,3480],"tags":[271,1967,3935,3936,3937,4061],"class_list":["post-13686","post","type-post","status-publish","format-standard","has-post-thumbnail","hentry","category-agriculture","category-altertour","category-edition-2019","category-occitanie","tag-autonomie","tag-auch","tag-castelnau-barbarens","tag-plantes-medicinales","tag-nature","tag-herbe-a-aise"],"yoast_head":"<!-- This site is optimized with the Yoast SEO plugin v27.3 - https:\/\/yoast.com\/product\/yoast-seo-wordpress\/ -->\n<title>Vous reprendrez bien une petite tisane ? - AlterTour<\/title>\n<meta name=\"robots\" content=\"index, follow, max-snippet:-1, max-image-preview:large, max-video-preview:-1\" \/>\n<link rel=\"canonical\" href=\"https:\/\/www.altercampagne.net\/?p=13686\" \/>\n<meta property=\"og:locale\" content=\"fr_FR\" \/>\n<meta property=\"og:type\" content=\"article\" \/>\n<meta property=\"og:title\" content=\"Vous reprendrez bien une petite tisane ? - AlterTour\" \/>\n<meta property=\"og:description\" content=\"C\u2019est le r\u00eave que Lotti, jeune Suisse aventureuse, poursuit depuis maintenant vingt-deux ans. Au sein de la ferme L&#039;herbe \u00e0 l&#039;aise rafra\u00eechie par son \u00e9nergie, situ\u00e9e dans les alentours d\u2019Auch, Lotti cherche le plus d\u2019autonomie possible.\" \/>\n<meta property=\"og:url\" content=\"https:\/\/www.altercampagne.net\/?p=13686\" \/>\n<meta property=\"og:site_name\" content=\"AlterTour\" \/>\n<meta property=\"article:published_time\" content=\"2019-08-20T15:13:32+00:00\" \/>\n<meta property=\"article:modified_time\" content=\"2021-05-06T08:44:40+00:00\" \/>\n<meta property=\"og:image\" content=\"https:\/\/www.altercampagne.net\/wp-content\/uploads\/2019\/02\/AT2019-herbe-a-l-aise.jpg\" \/>\n\t<meta property=\"og:image:width\" content=\"900\" \/>\n\t<meta property=\"og:image:height\" content=\"470\" \/>\n\t<meta property=\"og:image:type\" content=\"image\/jpeg\" \/>\n<meta name=\"author\" content=\"AlterTour\" \/>\n<meta name=\"twitter:card\" content=\"summary_large_image\" \/>\n<meta name=\"twitter:label1\" content=\"\u00c9crit par\" \/>\n\t<meta name=\"twitter:data1\" content=\"AlterTour\" \/>\n\t<meta name=\"twitter:label2\" content=\"Dur\u00e9e de lecture estim\u00e9e\" \/>\n\t<meta name=\"twitter:data2\" content=\"1 minute\" \/>\n<script type=\"application\/ld+json\" class=\"yoast-schema-graph\">{\"@context\":\"https:\\\/\\\/schema.org\",\"@graph\":[{\"@type\":\"Article\",\"@id\":\"https:\\\/\\\/www.altercampagne.net\\\/?p=13686#article\",\"isPartOf\":{\"@id\":\"https:\\\/\\\/www.altercampagne.net\\\/?p=13686\"},\"author\":{\"name\":\"AlterTour\",\"@id\":\"https:\\\/\\\/www.altercampagne.net\\\/#\\\/schema\\\/person\\\/e5b68c803196f649c2152249d262d94a\"},\"headline\":\"Vous reprendrez bien une petite tisane ?\",\"datePublished\":\"2019-08-20T15:13:32+00:00\",\"dateModified\":\"2021-05-06T08:44:40+00:00\",\"mainEntityOfPage\":{\"@id\":\"https:\\\/\\\/www.altercampagne.net\\\/?p=13686\"},\"wordCount\":307,\"image\":{\"@id\":\"https:\\\/\\\/www.altercampagne.net\\\/?p=13686#primaryimage\"},\"thumbnailUrl\":\"https:\\\/\\\/www.altercampagne.net\\\/wp-content\\\/uploads\\\/2019\\\/02\\\/AT2019-herbe-a-l-aise.jpg\",\"keywords\":[\"autonomie\",\"Auch\",\"Castelnau-Barbarens\",\"plantes m\u00e9dicinales\",\"nature\",\"herbe \u00e0 aise\"],\"articleSection\":[\"Agriculture\",\"AlterTour\",\"Edition 2019\",\"Occitanie\"],\"inLanguage\":\"fr-FR\"},{\"@type\":\"WebPage\",\"@id\":\"https:\\\/\\\/www.altercampagne.net\\\/?p=13686\",\"url\":\"https:\\\/\\\/www.altercampagne.net\\\/?p=13686\",\"name\":\"Vous reprendrez bien une petite tisane ? - AlterTour\",\"isPartOf\":{\"@id\":\"https:\\\/\\\/www.altercampagne.net\\\/#website\"},\"primaryImageOfPage\":{\"@id\":\"https:\\\/\\\/www.altercampagne.net\\\/?p=13686#primaryimage\"},\"image\":{\"@id\":\"https:\\\/\\\/www.altercampagne.net\\\/?p=13686#primaryimage\"},\"thumbnailUrl\":\"https:\\\/\\\/www.altercampagne.net\\\/wp-content\\\/uploads\\\/2019\\\/02\\\/AT2019-herbe-a-l-aise.jpg\",\"datePublished\":\"2019-08-20T15:13:32+00:00\",\"dateModified\":\"2021-05-06T08:44:40+00:00\",\"author\":{\"@id\":\"https:\\\/\\\/www.altercampagne.net\\\/#\\\/schema\\\/person\\\/e5b68c803196f649c2152249d262d94a\"},\"breadcrumb\":{\"@id\":\"https:\\\/\\\/www.altercampagne.net\\\/?p=13686#breadcrumb\"},\"inLanguage\":\"fr-FR\",\"potentialAction\":[{\"@type\":\"ReadAction\",\"target\":[\"https:\\\/\\\/www.altercampagne.net\\\/?p=13686\"]}]},{\"@type\":\"ImageObject\",\"inLanguage\":\"fr-FR\",\"@id\":\"https:\\\/\\\/www.altercampagne.net\\\/?p=13686#primaryimage\",\"url\":\"https:\\\/\\\/www.altercampagne.net\\\/wp-content\\\/uploads\\\/2019\\\/02\\\/AT2019-herbe-a-l-aise.jpg\",\"contentUrl\":\"https:\\\/\\\/www.altercampagne.net\\\/wp-content\\\/uploads\\\/2019\\\/02\\\/AT2019-herbe-a-l-aise.jpg\",\"width\":900,\"height\":470},{\"@type\":\"BreadcrumbList\",\"@id\":\"https:\\\/\\\/www.altercampagne.net\\\/?p=13686#breadcrumb\",\"itemListElement\":[{\"@type\":\"ListItem\",\"position\":1,\"name\":\"Accueil\",\"item\":\"https:\\\/\\\/www.altercampagne.net\\\/\"},{\"@type\":\"ListItem\",\"position\":2,\"name\":\"Vous reprendrez bien une petite tisane ?\"}]},{\"@type\":\"WebSite\",\"@id\":\"https:\\\/\\\/www.altercampagne.net\\\/#website\",\"url\":\"https:\\\/\\\/www.altercampagne.net\\\/\",\"name\":\"AlterTour\",\"description\":\"Reliez les Alternatives \u00e0 v\u00e9lo\",\"potentialAction\":[{\"@type\":\"SearchAction\",\"target\":{\"@type\":\"EntryPoint\",\"urlTemplate\":\"https:\\\/\\\/www.altercampagne.net\\\/?s={search_term_string}\"},\"query-input\":{\"@type\":\"PropertyValueSpecification\",\"valueRequired\":true,\"valueName\":\"search_term_string\"}}],\"inLanguage\":\"fr-FR\"},{\"@type\":\"Person\",\"@id\":\"https:\\\/\\\/www.altercampagne.net\\\/#\\\/schema\\\/person\\\/e5b68c803196f649c2152249d262d94a\",\"name\":\"AlterTour\",\"image\":{\"@type\":\"ImageObject\",\"inLanguage\":\"fr-FR\",\"@id\":\"https:\\\/\\\/secure.gravatar.com\\\/avatar\\\/3f2ed77f8506b8ea264ad5938bb0114bfa10f35b64086a66dfbb6e9f58ad9693?s=96&d=mm&r=g\",\"url\":\"https:\\\/\\\/secure.gravatar.com\\\/avatar\\\/3f2ed77f8506b8ea264ad5938bb0114bfa10f35b64086a66dfbb6e9f58ad9693?s=96&d=mm&r=g\",\"contentUrl\":\"https:\\\/\\\/secure.gravatar.com\\\/avatar\\\/3f2ed77f8506b8ea264ad5938bb0114bfa10f35b64086a66dfbb6e9f58ad9693?s=96&d=mm&r=g\",\"caption\":\"AlterTour\"},\"url\":\"https:\\\/\\\/www.altercampagne.net\\\/?author=215\"}]}<\/script>\n<!-- \/ Yoast SEO plugin. -->","yoast_head_json":{"title":"Vous reprendrez bien une petite tisane ? - AlterTour","robots":{"index":"index","follow":"follow","max-snippet":"max-snippet:-1","max-image-preview":"max-image-preview:large","max-video-preview":"max-video-preview:-1"},"canonical":"https:\/\/www.altercampagne.net\/?p=13686","og_locale":"fr_FR","og_type":"article","og_title":"Vous reprendrez bien une petite tisane ? - AlterTour","og_description":"C\u2019est le r\u00eave que Lotti, jeune Suisse aventureuse, poursuit depuis maintenant vingt-deux ans. Au sein de la ferme L'herbe \u00e0 l'aise rafra\u00eechie par son \u00e9nergie, situ\u00e9e dans les alentours d\u2019Auch, Lotti cherche le plus d\u2019autonomie possible.","og_url":"https:\/\/www.altercampagne.net\/?p=13686","og_site_name":"AlterTour","article_published_time":"2019-08-20T15:13:32+00:00","article_modified_time":"2021-05-06T08:44:40+00:00","og_image":[{"width":900,"height":470,"url":"https:\/\/www.altercampagne.net\/wp-content\/uploads\/2019\/02\/AT2019-herbe-a-l-aise.jpg","type":"image\/jpeg"}],"author":"AlterTour","twitter_card":"summary_large_image","twitter_misc":{"\u00c9crit par":"AlterTour","Dur\u00e9e de lecture estim\u00e9e":"1 minute"},"schema":{"@context":"https:\/\/schema.org","@graph":[{"@type":"Article","@id":"https:\/\/www.altercampagne.net\/?p=13686#article","isPartOf":{"@id":"https:\/\/www.altercampagne.net\/?p=13686"},"author":{"name":"AlterTour","@id":"https:\/\/www.altercampagne.net\/#\/schema\/person\/e5b68c803196f649c2152249d262d94a"},"headline":"Vous reprendrez bien une petite tisane ?","datePublished":"2019-08-20T15:13:32+00:00","dateModified":"2021-05-06T08:44:40+00:00","mainEntityOfPage":{"@id":"https:\/\/www.altercampagne.net\/?p=13686"},"wordCount":307,"image":{"@id":"https:\/\/www.altercampagne.net\/?p=13686#primaryimage"},"thumbnailUrl":"https:\/\/www.altercampagne.net\/wp-content\/uploads\/2019\/02\/AT2019-herbe-a-l-aise.jpg","keywords":["autonomie","Auch","Castelnau-Barbarens","plantes m\u00e9dicinales","nature","herbe \u00e0 aise"],"articleSection":["Agriculture","AlterTour","Edition 2019","Occitanie"],"inLanguage":"fr-FR"},{"@type":"WebPage","@id":"https:\/\/www.altercampagne.net\/?p=13686","url":"https:\/\/www.altercampagne.net\/?p=13686","name":"Vous reprendrez bien une petite tisane ? - AlterTour","isPartOf":{"@id":"https:\/\/www.altercampagne.net\/#website"},"primaryImageOfPage":{"@id":"https:\/\/www.altercampagne.net\/?p=13686#primaryimage"},"image":{"@id":"https:\/\/www.altercampagne.net\/?p=13686#primaryimage"},"thumbnailUrl":"https:\/\/www.altercampagne.net\/wp-content\/uploads\/2019\/02\/AT2019-herbe-a-l-aise.jpg","datePublished":"2019-08-20T15:13:32+00:00","dateModified":"2021-05-06T08:44:40+00:00","author":{"@id":"https:\/\/www.altercampagne.net\/#\/schema\/person\/e5b68c803196f649c2152249d262d94a"},"breadcrumb":{"@id":"https:\/\/www.altercampagne.net\/?p=13686#breadcrumb"},"inLanguage":"fr-FR","potentialAction":[{"@type":"ReadAction","target":["https:\/\/www.altercampagne.net\/?p=13686"]}]},{"@type":"ImageObject","inLanguage":"fr-FR","@id":"https:\/\/www.altercampagne.net\/?p=13686#primaryimage","url":"https:\/\/www.altercampagne.net\/wp-content\/uploads\/2019\/02\/AT2019-herbe-a-l-aise.jpg","contentUrl":"https:\/\/www.altercampagne.net\/wp-content\/uploads\/2019\/02\/AT2019-herbe-a-l-aise.jpg","width":900,"height":470},{"@type":"BreadcrumbList","@id":"https:\/\/www.altercampagne.net\/?p=13686#breadcrumb","itemListElement":[{"@type":"ListItem","position":1,"name":"Accueil","item":"https:\/\/www.altercampagne.net\/"},{"@type":"ListItem","position":2,"name":"Vous reprendrez bien une petite tisane ?"}]},{"@type":"WebSite","@id":"https:\/\/www.altercampagne.net\/#website","url":"https:\/\/www.altercampagne.net\/","name":"AlterTour","description":"Reliez les Alternatives \u00e0 v\u00e9lo","potentialAction":[{"@type":"SearchAction","target":{"@type":"EntryPoint","urlTemplate":"https:\/\/www.altercampagne.net\/?s={search_term_string}"},"query-input":{"@type":"PropertyValueSpecification","valueRequired":true,"valueName":"search_term_string"}}],"inLanguage":"fr-FR"},{"@type":"Person","@id":"https:\/\/www.altercampagne.net\/#\/schema\/person\/e5b68c803196f649c2152249d262d94a","name":"AlterTour","image":{"@type":"ImageObject","inLanguage":"fr-FR","@id":"https:\/\/secure.gravatar.com\/avatar\/3f2ed77f8506b8ea264ad5938bb0114bfa10f35b64086a66dfbb6e9f58ad9693?s=96&d=mm&r=g","url":"https:\/\/secure.gravatar.com\/avatar\/3f2ed77f8506b8ea264ad5938bb0114bfa10f35b64086a66dfbb6e9f58ad9693?s=96&d=mm&r=g","contentUrl":"https:\/\/secure.gravatar.com\/avatar\/3f2ed77f8506b8ea264ad5938bb0114bfa10f35b64086a66dfbb6e9f58ad9693?s=96&d=mm&r=g","caption":"AlterTour"},"url":"https:\/\/www.altercampagne.net\/?author=215"}]}},"_links":{"self":[{"href":"https:\/\/www.altercampagne.net\/index.php?rest_route=\/wp\/v2\/posts\/13686","targetHints":{"allow":["GET"]}}],"collection":[{"href":"https:\/\/www.altercampagne.net\/index.php?rest_route=\/wp\/v2\/posts"}],"about":[{"href":"https:\/\/www.altercampagne.net\/index.php?rest_route=\/wp\/v2\/types\/post"}],"author":[{"embeddable":true,"href":"https:\/\/www.altercampagne.net\/index.php?rest_route=\/wp\/v2\/users\/215"}],"replies":[{"embeddable":true,"href":"https:\/\/www.altercampagne.net\/index.php?rest_route=%2Fwp%2Fv2%2Fcomments&post=13686"}],"version-history":[{"count":1,"href":"https:\/\/www.altercampagne.net\/index.php?rest_route=\/wp\/v2\/posts\/13686\/revisions"}],"predecessor-version":[{"id":21741,"href":"https:\/\/www.altercampagne.net\/index.php?rest_route=\/wp\/v2\/posts\/13686\/revisions\/21741"}],"wp:featuredmedia":[{"embeddable":true,"href":"https:\/\/www.altercampagne.net\/index.php?rest_route=\/wp\/v2\/media\/14001"}],"wp:attachment":[{"href":"https:\/\/www.altercampagne.net\/index.php?rest_route=%2Fwp%2Fv2%2Fmedia&parent=13686"}],"wp:term":[{"taxonomy":"category","embeddable":true,"href":"https:\/\/www.altercampagne.net\/index.php?rest_route=%2Fwp%2Fv2%2Fcategories&post=13686"},{"taxonomy":"post_tag","embeddable":true,"href":"https:\/\/www.altercampagne.net\/index.php?rest_route=%2Fwp%2Fv2%2Ftags&post=13686"}],"curies":[{"name":"wp","href":"https:\/\/api.w.org\/{rel}","templated":true}]}}