{"id":13699,"date":"2019-01-16T17:37:47","date_gmt":"2019-01-16T16:37:47","guid":{"rendered":"http:\/\/www.altercampagne.net\/?p=13699"},"modified":"2019-05-23T11:59:30","modified_gmt":"2019-05-23T09:59:30","slug":"a-lecole-differemment","status":"publish","type":"post","link":"https:\/\/www.altercampagne.net\/?p=13699","title":{"rendered":"A l&rsquo;\u00e9cole, diff\u00e9remment"},"content":{"rendered":"\n<h3 class=\"wp-block-heading\">Etape du 5 ao\u00fbt\n\t2019 : Sorges &#8211; Saint-Pantaly-d&rsquo;Ans<\/h3>\n\n\n\n<h4 class=\"wp-block-heading\">Le t\u00e9l\u00e9phone sonne\u2026 Et c\u2019est un enfant qui d\u00e9croche !<\/h4>\n\n\n\n<p>Eh oui, nous sommes&nbsp;<a rel=\"noreferrer noopener\" aria-label=\"La Marelle (s\u2019ouvre dans un nouvel onglet)\" href=\"http:\/\/www.marelleetcompagnie.com\" target=\"_blank\"><strong>l&rsquo;\u00e9cole La Marelle<\/strong><\/a><strong>,<\/strong> dans le P\u00e9rigord vert. Ce lieu d\u2019apprentissage alternatif est la premi\u00e8re \u00e9cole ind\u00e9pendante de Dordogne. Elle a \u00e9t\u00e9 fond\u00e9e par Marelle &amp; Compagnie, une association de b\u00e9n\u00e9voles et de parents cr\u00e9\u00e9e en 2012.  <\/p>\n\n\n\n<h4 class=\"wp-block-heading\">C\u2019est la sixi\u00e8me rentr\u00e9e pour une vingtaine d\u2019enfants \u00e2g\u00e9s de 3 \u00e0 10 ans.  <\/h4>\n\n\n\n<p>De la maternelle \u00e0 la primaire, ils partagent le m\u00eame espace de jeux et d\u2019apprentissage. La p\u00e9dagogie mise en place est plurielle et individualis\u00e9e : elle est un m\u00e9lange de diff\u00e9rents courants et s\u2019adapte \u00e0 chaque enfant, pour qu\u2019il puisse avoir plaisir \u00e0 apprendre.  <\/p>\n\n\n\n<p>Le savoir-\u00eatre est\n\texplor\u00e9 \u00e0 travers des ateliers de connaissance de soi et de\n\tgestion des \u00e9motions, ainsi que par la m\u00e9ditation et la gestion de\n\tconflits. Le vivre ensemble est quant \u00e0 lui fa\u00e7onn\u00e9 par des jeux\n\tcoop\u00e9ratifs, mais aussi par les enfants eux-m\u00eames via leur Conseil\n\thebdomadaire.<\/p>\n\n\n\n<h4 class=\"wp-block-heading\"><strong><em>\u00ab Cette ann\u00e9e, la vaisselle collective n\u2019est plus chapeaut\u00e9e par un mentor mais par une \u00e9quipe qui tourne tous les jours.<\/em><\/strong><\/h4>\n\n\n\n<p><em>Le r\u00e8glement int\u00e9rieur peut ainsi \u00eatre r\u00e9\u00e9crit tous les vendredis matins au moment du Conseil d\u2019enfants. Ce temps pr\u00e9cieux d\u2019exp\u00e9rimentation d\u00e9mocratique est anim\u00e9 par un.e pr\u00e9sident.e et un.e secr\u00e9taire \u00e9lu.e.s la semaine pr\u00e9c\u00e9dente par tirage au sort parmi les volontaires. Le mode de prise de d\u00e9cision est choisi par le\/la pr\u00e9sident.e : vote majoritaire \u00e0 main lev\u00e9e ou par jeton, ou encore par consentement.<\/em> <\/p>\n\n\n\n<p><em>De m\u00eame, au sein de l\u2019association, nous tenons \u00e0 la gouvernance partag\u00e9e et \u00e0 l\u2019intelligence collective. Les membres du bureau sont \u00e9lus sans candidats. Nous sommes comme une ruche o\u00f9 chaque alv\u00e9ole est un groupe de travail. Les r\u00e9f\u00e9rents de ces groupes se r\u00e9unissent toutes les six semaines pour prendre les d\u00e9cisions gr\u00e2ce \u00e0 des outils comme les six chapeaux ou les couleurs du consensus. \u00bb<\/em><\/p>\n\n\n\n<blockquote class=\"wp-block-quote is-layout-flow wp-block-quote-is-layout-flow\"><p> Nous sommes comme une ruche o\u00f9 chaque alv\u00e9ole est un groupe de travail &#8230; <\/p><cite><strong>Margaux Ribeaucourt, enseignante coordinatrice<\/strong> <br><\/cite><\/blockquote>\n\n\n\n<p><strong>L\u2019AlterTour rencontrera&nbsp;l\u2019\u00e9cole La Marelle le 5 ao\u00fbt \u00e0 Saint Pantalys d&rsquo;Ans (32).&nbsp;Pour plus d\u2019information consultez&nbsp;<a rel=\"noreferrer noopener\" href=\"http:\/\/www.altercampagne.net\/?page_id=13601\" target=\"_blank\">le programme<\/a><\/strong><\/p>\n","protected":false},"excerpt":{"rendered":"<p>Ce lieu d\u2019apprentissage alternatif est la premi\u00e8re \u00e9cole ind\u00e9pendante de Dordogne. Elle a \u00e9t\u00e9 fond\u00e9e par Marelle &#038; Compagnie, une association de b\u00e9n\u00e9voles et de parents cr\u00e9\u00e9e en 2012. <\/p>\n","protected":false},"author":143,"featured_media":14099,"comment_status":"closed","ping_status":"closed","sticky":false,"template":"","format":"standard","meta":{"footnotes":""},"categories":[3773,3938,3480],"tags":[1667,3939,3940,3941],"class_list":["post-13699","post","type-post","status-publish","format-standard","has-post-thumbnail","hentry","category-edition-2019","category-education","category-occitanie","tag-education","tag-saint-pantaly-dans","tag-intelligence-collective","tag-apprentissage-alternatif"],"yoast_head":"<!-- This site is optimized with the Yoast SEO plugin v27.3 - https:\/\/yoast.com\/product\/yoast-seo-wordpress\/ -->\n<title>A l&#039;\u00e9cole, diff\u00e9remment - AlterTour<\/title>\n<meta name=\"robots\" content=\"index, follow, max-snippet:-1, max-image-preview:large, max-video-preview:-1\" \/>\n<link rel=\"canonical\" href=\"https:\/\/www.altercampagne.net\/?p=13699\" \/>\n<meta property=\"og:locale\" content=\"fr_FR\" \/>\n<meta property=\"og:type\" content=\"article\" \/>\n<meta property=\"og:title\" content=\"A l&#039;\u00e9cole, diff\u00e9remment - AlterTour\" \/>\n<meta property=\"og:description\" content=\"Ce lieu d\u2019apprentissage alternatif est la premi\u00e8re \u00e9cole ind\u00e9pendante de Dordogne. Elle a \u00e9t\u00e9 fond\u00e9e par Marelle &amp; Compagnie, une association de b\u00e9n\u00e9voles et de parents cr\u00e9\u00e9e en 2012.\" \/>\n<meta property=\"og:url\" content=\"https:\/\/www.altercampagne.net\/?p=13699\" \/>\n<meta property=\"og:site_name\" content=\"AlterTour\" \/>\n<meta property=\"article:published_time\" content=\"2019-01-16T16:37:47+00:00\" \/>\n<meta property=\"article:modified_time\" content=\"2019-05-23T09:59:30+00:00\" \/>\n<meta property=\"og:image\" content=\"https:\/\/www.altercampagne.net\/wp-content\/uploads\/2019\/01\/AT2019-Marelle-et-cie.jpg\" \/>\n\t<meta property=\"og:image:width\" content=\"900\" \/>\n\t<meta property=\"og:image:height\" content=\"470\" \/>\n\t<meta property=\"og:image:type\" content=\"image\/jpeg\" \/>\n<meta name=\"author\" content=\"Virginie\" \/>\n<meta name=\"twitter:card\" content=\"summary_large_image\" \/>\n<meta name=\"twitter:label1\" content=\"\u00c9crit par\" \/>\n\t<meta name=\"twitter:data1\" content=\"Virginie\" \/>\n\t<meta name=\"twitter:label2\" content=\"Dur\u00e9e de lecture estim\u00e9e\" \/>\n\t<meta name=\"twitter:data2\" content=\"2 minutes\" \/>\n<script type=\"application\/ld+json\" class=\"yoast-schema-graph\">{\"@context\":\"https:\\\/\\\/schema.org\",\"@graph\":[{\"@type\":\"Article\",\"@id\":\"https:\\\/\\\/www.altercampagne.net\\\/?p=13699#article\",\"isPartOf\":{\"@id\":\"https:\\\/\\\/www.altercampagne.net\\\/?p=13699\"},\"author\":{\"name\":\"Virginie\",\"@id\":\"https:\\\/\\\/www.altercampagne.net\\\/#\\\/schema\\\/person\\\/b0ed6c457e5476888f17cd1b9eafe6a8\"},\"headline\":\"A l&rsquo;\u00e9cole, diff\u00e9remment\",\"datePublished\":\"2019-01-16T16:37:47+00:00\",\"dateModified\":\"2019-05-23T09:59:30+00:00\",\"mainEntityOfPage\":{\"@id\":\"https:\\\/\\\/www.altercampagne.net\\\/?p=13699\"},\"wordCount\":412,\"image\":{\"@id\":\"https:\\\/\\\/www.altercampagne.net\\\/?p=13699#primaryimage\"},\"thumbnailUrl\":\"https:\\\/\\\/www.altercampagne.net\\\/wp-content\\\/uploads\\\/2019\\\/01\\\/AT2019-Marelle-et-cie.jpg\",\"keywords\":[\"\u00e9ducation\",\"Saint Pantaly d'Ans\",\"intelligence collective\",\"apprentissage alternatif\"],\"articleSection\":[\"Edition 2019\",\"Education\",\"Occitanie\"],\"inLanguage\":\"fr-FR\"},{\"@type\":\"WebPage\",\"@id\":\"https:\\\/\\\/www.altercampagne.net\\\/?p=13699\",\"url\":\"https:\\\/\\\/www.altercampagne.net\\\/?p=13699\",\"name\":\"A l'\u00e9cole, diff\u00e9remment - AlterTour\",\"isPartOf\":{\"@id\":\"https:\\\/\\\/www.altercampagne.net\\\/#website\"},\"primaryImageOfPage\":{\"@id\":\"https:\\\/\\\/www.altercampagne.net\\\/?p=13699#primaryimage\"},\"image\":{\"@id\":\"https:\\\/\\\/www.altercampagne.net\\\/?p=13699#primaryimage\"},\"thumbnailUrl\":\"https:\\\/\\\/www.altercampagne.net\\\/wp-content\\\/uploads\\\/2019\\\/01\\\/AT2019-Marelle-et-cie.jpg\",\"datePublished\":\"2019-01-16T16:37:47+00:00\",\"dateModified\":\"2019-05-23T09:59:30+00:00\",\"author\":{\"@id\":\"https:\\\/\\\/www.altercampagne.net\\\/#\\\/schema\\\/person\\\/b0ed6c457e5476888f17cd1b9eafe6a8\"},\"breadcrumb\":{\"@id\":\"https:\\\/\\\/www.altercampagne.net\\\/?p=13699#breadcrumb\"},\"inLanguage\":\"fr-FR\",\"potentialAction\":[{\"@type\":\"ReadAction\",\"target\":[\"https:\\\/\\\/www.altercampagne.net\\\/?p=13699\"]}]},{\"@type\":\"ImageObject\",\"inLanguage\":\"fr-FR\",\"@id\":\"https:\\\/\\\/www.altercampagne.net\\\/?p=13699#primaryimage\",\"url\":\"https:\\\/\\\/www.altercampagne.net\\\/wp-content\\\/uploads\\\/2019\\\/01\\\/AT2019-Marelle-et-cie.jpg\",\"contentUrl\":\"https:\\\/\\\/www.altercampagne.net\\\/wp-content\\\/uploads\\\/2019\\\/01\\\/AT2019-Marelle-et-cie.jpg\",\"width\":900,\"height\":470},{\"@type\":\"BreadcrumbList\",\"@id\":\"https:\\\/\\\/www.altercampagne.net\\\/?p=13699#breadcrumb\",\"itemListElement\":[{\"@type\":\"ListItem\",\"position\":1,\"name\":\"Accueil\",\"item\":\"https:\\\/\\\/www.altercampagne.net\\\/\"},{\"@type\":\"ListItem\",\"position\":2,\"name\":\"A l&rsquo;\u00e9cole, diff\u00e9remment\"}]},{\"@type\":\"WebSite\",\"@id\":\"https:\\\/\\\/www.altercampagne.net\\\/#website\",\"url\":\"https:\\\/\\\/www.altercampagne.net\\\/\",\"name\":\"AlterTour\",\"description\":\"Reliez les Alternatives \u00e0 v\u00e9lo\",\"potentialAction\":[{\"@type\":\"SearchAction\",\"target\":{\"@type\":\"EntryPoint\",\"urlTemplate\":\"https:\\\/\\\/www.altercampagne.net\\\/?s={search_term_string}\"},\"query-input\":{\"@type\":\"PropertyValueSpecification\",\"valueRequired\":true,\"valueName\":\"search_term_string\"}}],\"inLanguage\":\"fr-FR\"},{\"@type\":\"Person\",\"@id\":\"https:\\\/\\\/www.altercampagne.net\\\/#\\\/schema\\\/person\\\/b0ed6c457e5476888f17cd1b9eafe6a8\",\"name\":\"Virginie\",\"image\":{\"@type\":\"ImageObject\",\"inLanguage\":\"fr-FR\",\"@id\":\"https:\\\/\\\/secure.gravatar.com\\\/avatar\\\/7b9a2597b45c7fd40d26425047fd3c96f6356c2a2913a565a3e874526d4609d3?s=96&d=mm&r=g\",\"url\":\"https:\\\/\\\/secure.gravatar.com\\\/avatar\\\/7b9a2597b45c7fd40d26425047fd3c96f6356c2a2913a565a3e874526d4609d3?s=96&d=mm&r=g\",\"contentUrl\":\"https:\\\/\\\/secure.gravatar.com\\\/avatar\\\/7b9a2597b45c7fd40d26425047fd3c96f6356c2a2913a565a3e874526d4609d3?s=96&d=mm&r=g\",\"caption\":\"Virginie\"},\"url\":\"https:\\\/\\\/www.altercampagne.net\\\/?author=143\"}]}<\/script>\n<!-- \/ Yoast SEO plugin. -->","yoast_head_json":{"title":"A l'\u00e9cole, diff\u00e9remment - AlterTour","robots":{"index":"index","follow":"follow","max-snippet":"max-snippet:-1","max-image-preview":"max-image-preview:large","max-video-preview":"max-video-preview:-1"},"canonical":"https:\/\/www.altercampagne.net\/?p=13699","og_locale":"fr_FR","og_type":"article","og_title":"A l'\u00e9cole, diff\u00e9remment - AlterTour","og_description":"Ce lieu d\u2019apprentissage alternatif est la premi\u00e8re \u00e9cole ind\u00e9pendante de Dordogne. Elle a \u00e9t\u00e9 fond\u00e9e par Marelle & Compagnie, une association de b\u00e9n\u00e9voles et de parents cr\u00e9\u00e9e en 2012.","og_url":"https:\/\/www.altercampagne.net\/?p=13699","og_site_name":"AlterTour","article_published_time":"2019-01-16T16:37:47+00:00","article_modified_time":"2019-05-23T09:59:30+00:00","og_image":[{"width":900,"height":470,"url":"https:\/\/www.altercampagne.net\/wp-content\/uploads\/2019\/01\/AT2019-Marelle-et-cie.jpg","type":"image\/jpeg"}],"author":"Virginie","twitter_card":"summary_large_image","twitter_misc":{"\u00c9crit par":"Virginie","Dur\u00e9e de lecture estim\u00e9e":"2 minutes"},"schema":{"@context":"https:\/\/schema.org","@graph":[{"@type":"Article","@id":"https:\/\/www.altercampagne.net\/?p=13699#article","isPartOf":{"@id":"https:\/\/www.altercampagne.net\/?p=13699"},"author":{"name":"Virginie","@id":"https:\/\/www.altercampagne.net\/#\/schema\/person\/b0ed6c457e5476888f17cd1b9eafe6a8"},"headline":"A l&rsquo;\u00e9cole, diff\u00e9remment","datePublished":"2019-01-16T16:37:47+00:00","dateModified":"2019-05-23T09:59:30+00:00","mainEntityOfPage":{"@id":"https:\/\/www.altercampagne.net\/?p=13699"},"wordCount":412,"image":{"@id":"https:\/\/www.altercampagne.net\/?p=13699#primaryimage"},"thumbnailUrl":"https:\/\/www.altercampagne.net\/wp-content\/uploads\/2019\/01\/AT2019-Marelle-et-cie.jpg","keywords":["\u00e9ducation","Saint Pantaly d'Ans","intelligence collective","apprentissage alternatif"],"articleSection":["Edition 2019","Education","Occitanie"],"inLanguage":"fr-FR"},{"@type":"WebPage","@id":"https:\/\/www.altercampagne.net\/?p=13699","url":"https:\/\/www.altercampagne.net\/?p=13699","name":"A l'\u00e9cole, diff\u00e9remment - AlterTour","isPartOf":{"@id":"https:\/\/www.altercampagne.net\/#website"},"primaryImageOfPage":{"@id":"https:\/\/www.altercampagne.net\/?p=13699#primaryimage"},"image":{"@id":"https:\/\/www.altercampagne.net\/?p=13699#primaryimage"},"thumbnailUrl":"https:\/\/www.altercampagne.net\/wp-content\/uploads\/2019\/01\/AT2019-Marelle-et-cie.jpg","datePublished":"2019-01-16T16:37:47+00:00","dateModified":"2019-05-23T09:59:30+00:00","author":{"@id":"https:\/\/www.altercampagne.net\/#\/schema\/person\/b0ed6c457e5476888f17cd1b9eafe6a8"},"breadcrumb":{"@id":"https:\/\/www.altercampagne.net\/?p=13699#breadcrumb"},"inLanguage":"fr-FR","potentialAction":[{"@type":"ReadAction","target":["https:\/\/www.altercampagne.net\/?p=13699"]}]},{"@type":"ImageObject","inLanguage":"fr-FR","@id":"https:\/\/www.altercampagne.net\/?p=13699#primaryimage","url":"https:\/\/www.altercampagne.net\/wp-content\/uploads\/2019\/01\/AT2019-Marelle-et-cie.jpg","contentUrl":"https:\/\/www.altercampagne.net\/wp-content\/uploads\/2019\/01\/AT2019-Marelle-et-cie.jpg","width":900,"height":470},{"@type":"BreadcrumbList","@id":"https:\/\/www.altercampagne.net\/?p=13699#breadcrumb","itemListElement":[{"@type":"ListItem","position":1,"name":"Accueil","item":"https:\/\/www.altercampagne.net\/"},{"@type":"ListItem","position":2,"name":"A l&rsquo;\u00e9cole, diff\u00e9remment"}]},{"@type":"WebSite","@id":"https:\/\/www.altercampagne.net\/#website","url":"https:\/\/www.altercampagne.net\/","name":"AlterTour","description":"Reliez les Alternatives \u00e0 v\u00e9lo","potentialAction":[{"@type":"SearchAction","target":{"@type":"EntryPoint","urlTemplate":"https:\/\/www.altercampagne.net\/?s={search_term_string}"},"query-input":{"@type":"PropertyValueSpecification","valueRequired":true,"valueName":"search_term_string"}}],"inLanguage":"fr-FR"},{"@type":"Person","@id":"https:\/\/www.altercampagne.net\/#\/schema\/person\/b0ed6c457e5476888f17cd1b9eafe6a8","name":"Virginie","image":{"@type":"ImageObject","inLanguage":"fr-FR","@id":"https:\/\/secure.gravatar.com\/avatar\/7b9a2597b45c7fd40d26425047fd3c96f6356c2a2913a565a3e874526d4609d3?s=96&d=mm&r=g","url":"https:\/\/secure.gravatar.com\/avatar\/7b9a2597b45c7fd40d26425047fd3c96f6356c2a2913a565a3e874526d4609d3?s=96&d=mm&r=g","contentUrl":"https:\/\/secure.gravatar.com\/avatar\/7b9a2597b45c7fd40d26425047fd3c96f6356c2a2913a565a3e874526d4609d3?s=96&d=mm&r=g","caption":"Virginie"},"url":"https:\/\/www.altercampagne.net\/?author=143"}]}},"_links":{"self":[{"href":"https:\/\/www.altercampagne.net\/index.php?rest_route=\/wp\/v2\/posts\/13699","targetHints":{"allow":["GET"]}}],"collection":[{"href":"https:\/\/www.altercampagne.net\/index.php?rest_route=\/wp\/v2\/posts"}],"about":[{"href":"https:\/\/www.altercampagne.net\/index.php?rest_route=\/wp\/v2\/types\/post"}],"author":[{"embeddable":true,"href":"https:\/\/www.altercampagne.net\/index.php?rest_route=\/wp\/v2\/users\/143"}],"replies":[{"embeddable":true,"href":"https:\/\/www.altercampagne.net\/index.php?rest_route=%2Fwp%2Fv2%2Fcomments&post=13699"}],"version-history":[{"count":0,"href":"https:\/\/www.altercampagne.net\/index.php?rest_route=\/wp\/v2\/posts\/13699\/revisions"}],"wp:featuredmedia":[{"embeddable":true,"href":"https:\/\/www.altercampagne.net\/index.php?rest_route=\/wp\/v2\/media\/14099"}],"wp:attachment":[{"href":"https:\/\/www.altercampagne.net\/index.php?rest_route=%2Fwp%2Fv2%2Fmedia&parent=13699"}],"wp:term":[{"taxonomy":"category","embeddable":true,"href":"https:\/\/www.altercampagne.net\/index.php?rest_route=%2Fwp%2Fv2%2Fcategories&post=13699"},{"taxonomy":"post_tag","embeddable":true,"href":"https:\/\/www.altercampagne.net\/index.php?rest_route=%2Fwp%2Fv2%2Ftags&post=13699"}],"curies":[{"name":"wp","href":"https:\/\/api.w.org\/{rel}","templated":true}]}}