{"id":13890,"date":"2019-02-07T09:46:56","date_gmt":"2019-02-07T08:46:56","guid":{"rendered":"http:\/\/www.altercampagne.net\/?p=13890"},"modified":"2019-05-23T09:57:35","modified_gmt":"2019-05-23T07:57:35","slug":"zero-dechets-la-rochelle","status":"publish","type":"post","link":"https:\/\/www.altercampagne.net\/?p=13890","title":{"rendered":"Z\u00e9ro D\u00e9chet &#8211; la Rochelle"},"content":{"rendered":"\n<p><strong>L\u2019AlterTour rencontrera&nbsp;l&rsquo;association <a href=\"https:\/\/www.facebook.com\/zerodechetlr\/\">Zero Waste-La Rochelle<\/a>&nbsp;le 26 juillet \u00e0 Dompierre sur Mer (17).<\/strong><\/p>\n\n\n\n<h4 class=\"wp-block-heading\">T\u2019as d\u00e9j\u00e0 pens\u00e9 au \u00ab&nbsp;sac \u00e0 dos \u00e9cologique&nbsp;\u00bb&nbsp;pour tes vacances ?<\/h4>\n\n\n\n<p>Non, ce n\u2019est pas un nouveau mod\u00e8le de sac en bambou tress\u00e9, c\u2019est ce que chaque produit achet\u00e9 porte sur son dos comme mati\u00e8res premi\u00e8res consomm\u00e9es et \u00e9nergie utilis\u00e9e pour sa production. Afin de r\u00e9duire cet impact sur l\u2019environnement, les 15 b\u00e9n\u00e9voles de l\u2019association solidaire du mouvement&nbsp;<em>Zero waste<\/em>France m\u00e8nent des actions de sensibilisation aupr\u00e8s des citoyens gr\u00e2ce \u00e0 des ateliers \u00ab&nbsp;fait-maison&nbsp;\u00bb et le lancement de campagnes telles que le d\u00e9fi&nbsp;<em>Rien de neuf 2019<\/em>ou la&nbsp;<em>Gratiferia.&nbsp;<\/em><\/p>\n\n\n\n<h4 class=\"wp-block-heading\">Le meilleur d\u00e9chet, c\u2019est celui qu\u2019on ne produit pas&nbsp;!&nbsp;<\/h4>\n\n\n\n<p>La prochaine action&nbsp; de&nbsp;<em>Zero d\u00e9chet La Rochelle<\/em>: d\u00e9marcher les restaurateurs qui utilisent des pailles en plastique.Ils s\u2019associent \u00e9galement \u00e0 d\u2019autres alternatives locales ou tiers-lieux tels que&nbsp;<em>la Mati\u00e8re<\/em>qui revend \u00e0 bas prix des mati\u00e8res r\u00e9cup\u00e9r\u00e9es, les&nbsp;<em>Etablis and Co<\/em>qui proposent des locaux ou des outils \u00e0 la location, ou le&nbsp;<em>Caf\u00e9-r\u00e9paration<\/em>\u2026.&nbsp;<\/p>\n\n\n\n<p><strong>L\u2019AlterTour rencontrera&nbsp;l&rsquo;association Zero D\u00e9chet-La Rochelle&nbsp;le 26 juillet \u00e0 Dompierre sur Mer (17).&nbsp;Pour plus d\u2019information consultez&nbsp;<\/strong><a rel=\"noreferrer noopener\" href=\"http:\/\/www.altercampagne.net\/?page_id=13601\" target=\"_blank\"><strong>le programme<\/strong><\/a><\/p>\n","protected":false},"excerpt":{"rendered":"<p>L\u2019AlterTour rencontrera&nbsp;l&rsquo;association Zero Waste-La Rochelle&nbsp;le 26 juillet \u00e0 Dompierre sur Mer (17). T\u2019as d\u00e9j\u00e0 pens\u00e9 au \u00ab&nbsp;sac \u00e0 dos \u00e9cologique&nbsp;\u00bb&nbsp;pour tes vacances ? Non, ce n\u2019est pas un nouveau mod\u00e8le de sac en bambou tress\u00e9, c\u2019est ce que chaque produit achet\u00e9 porte sur son dos comme mati\u00e8res premi\u00e8res consomm\u00e9es et &#8230; <\/p>\n<div><a href=\"https:\/\/www.altercampagne.net\/?p=13890\" class=\"more-link\">Read More<\/a><\/div>\n","protected":false},"author":229,"featured_media":14095,"comment_status":"closed","ping_status":"closed","sticky":false,"template":"","format":"standard","meta":{"footnotes":""},"categories":[3489,3773,3481],"tags":[],"class_list":["post-13890","post","type-post","status-publish","format-standard","has-post-thumbnail","hentry","category-alimentation","category-edition-2019","category-pays-de-la-loire"],"yoast_head":"<!-- This site is optimized with the Yoast SEO plugin v27.3 - https:\/\/yoast.com\/product\/yoast-seo-wordpress\/ -->\n<title>Z\u00e9ro D\u00e9chet - la Rochelle - AlterTour<\/title>\n<meta name=\"robots\" content=\"index, follow, max-snippet:-1, max-image-preview:large, max-video-preview:-1\" \/>\n<link rel=\"canonical\" href=\"https:\/\/www.altercampagne.net\/?p=13890\" \/>\n<meta property=\"og:locale\" content=\"fr_FR\" \/>\n<meta property=\"og:type\" content=\"article\" \/>\n<meta property=\"og:title\" content=\"Z\u00e9ro D\u00e9chet - la Rochelle - AlterTour\" \/>\n<meta property=\"og:description\" content=\"L\u2019AlterTour rencontrera&nbsp;l&rsquo;association Zero Waste-La Rochelle&nbsp;le 26 juillet \u00e0 Dompierre sur Mer (17). T\u2019as d\u00e9j\u00e0 pens\u00e9 au \u00ab&nbsp;sac \u00e0 dos \u00e9cologique&nbsp;\u00bb&nbsp;pour tes vacances ? Non, ce n\u2019est pas un nouveau mod\u00e8le de sac en bambou tress\u00e9, c\u2019est ce que chaque produit achet\u00e9 porte sur son dos comme mati\u00e8res premi\u00e8res consomm\u00e9es et ... Read More\" \/>\n<meta property=\"og:url\" content=\"https:\/\/www.altercampagne.net\/?p=13890\" \/>\n<meta property=\"og:site_name\" content=\"AlterTour\" \/>\n<meta property=\"article:published_time\" content=\"2019-02-07T08:46:56+00:00\" \/>\n<meta property=\"article:modified_time\" content=\"2019-05-23T07:57:35+00:00\" \/>\n<meta property=\"og:image\" content=\"https:\/\/www.altercampagne.net\/wp-content\/uploads\/2019\/02\/AT2019-Collectif-zero-d\u00e9chet-la-rochelle.jpg\" \/>\n\t<meta property=\"og:image:width\" content=\"900\" \/>\n\t<meta property=\"og:image:height\" content=\"470\" \/>\n\t<meta property=\"og:image:type\" content=\"image\/jpeg\" \/>\n<meta name=\"author\" content=\"Maelle\" \/>\n<meta name=\"twitter:card\" content=\"summary_large_image\" \/>\n<meta name=\"twitter:label1\" content=\"\u00c9crit par\" \/>\n\t<meta name=\"twitter:data1\" content=\"Maelle\" \/>\n\t<meta name=\"twitter:label2\" content=\"Dur\u00e9e de lecture estim\u00e9e\" \/>\n\t<meta name=\"twitter:data2\" content=\"1 minute\" \/>\n<script type=\"application\/ld+json\" class=\"yoast-schema-graph\">{\"@context\":\"https:\\\/\\\/schema.org\",\"@graph\":[{\"@type\":\"Article\",\"@id\":\"https:\\\/\\\/www.altercampagne.net\\\/?p=13890#article\",\"isPartOf\":{\"@id\":\"https:\\\/\\\/www.altercampagne.net\\\/?p=13890\"},\"author\":{\"name\":\"Maelle\",\"@id\":\"https:\\\/\\\/www.altercampagne.net\\\/#\\\/schema\\\/person\\\/3e5a45a2348c8261cd9b528fe33db287\"},\"headline\":\"Z\u00e9ro D\u00e9chet &#8211; la Rochelle\",\"datePublished\":\"2019-02-07T08:46:56+00:00\",\"dateModified\":\"2019-05-23T07:57:35+00:00\",\"mainEntityOfPage\":{\"@id\":\"https:\\\/\\\/www.altercampagne.net\\\/?p=13890\"},\"wordCount\":240,\"image\":{\"@id\":\"https:\\\/\\\/www.altercampagne.net\\\/?p=13890#primaryimage\"},\"thumbnailUrl\":\"https:\\\/\\\/www.altercampagne.net\\\/wp-content\\\/uploads\\\/2019\\\/02\\\/AT2019-Collectif-zero-d\u00e9chet-la-rochelle.jpg\",\"articleSection\":[\"Alimentation\",\"Edition 2019\",\"Pays de la Loire\"],\"inLanguage\":\"fr-FR\"},{\"@type\":\"WebPage\",\"@id\":\"https:\\\/\\\/www.altercampagne.net\\\/?p=13890\",\"url\":\"https:\\\/\\\/www.altercampagne.net\\\/?p=13890\",\"name\":\"Z\u00e9ro D\u00e9chet - la Rochelle - AlterTour\",\"isPartOf\":{\"@id\":\"https:\\\/\\\/www.altercampagne.net\\\/#website\"},\"primaryImageOfPage\":{\"@id\":\"https:\\\/\\\/www.altercampagne.net\\\/?p=13890#primaryimage\"},\"image\":{\"@id\":\"https:\\\/\\\/www.altercampagne.net\\\/?p=13890#primaryimage\"},\"thumbnailUrl\":\"https:\\\/\\\/www.altercampagne.net\\\/wp-content\\\/uploads\\\/2019\\\/02\\\/AT2019-Collectif-zero-d\u00e9chet-la-rochelle.jpg\",\"datePublished\":\"2019-02-07T08:46:56+00:00\",\"dateModified\":\"2019-05-23T07:57:35+00:00\",\"author\":{\"@id\":\"https:\\\/\\\/www.altercampagne.net\\\/#\\\/schema\\\/person\\\/3e5a45a2348c8261cd9b528fe33db287\"},\"breadcrumb\":{\"@id\":\"https:\\\/\\\/www.altercampagne.net\\\/?p=13890#breadcrumb\"},\"inLanguage\":\"fr-FR\",\"potentialAction\":[{\"@type\":\"ReadAction\",\"target\":[\"https:\\\/\\\/www.altercampagne.net\\\/?p=13890\"]}]},{\"@type\":\"ImageObject\",\"inLanguage\":\"fr-FR\",\"@id\":\"https:\\\/\\\/www.altercampagne.net\\\/?p=13890#primaryimage\",\"url\":\"https:\\\/\\\/www.altercampagne.net\\\/wp-content\\\/uploads\\\/2019\\\/02\\\/AT2019-Collectif-zero-d\u00e9chet-la-rochelle.jpg\",\"contentUrl\":\"https:\\\/\\\/www.altercampagne.net\\\/wp-content\\\/uploads\\\/2019\\\/02\\\/AT2019-Collectif-zero-d\u00e9chet-la-rochelle.jpg\",\"width\":900,\"height\":470},{\"@type\":\"BreadcrumbList\",\"@id\":\"https:\\\/\\\/www.altercampagne.net\\\/?p=13890#breadcrumb\",\"itemListElement\":[{\"@type\":\"ListItem\",\"position\":1,\"name\":\"Accueil\",\"item\":\"https:\\\/\\\/www.altercampagne.net\\\/\"},{\"@type\":\"ListItem\",\"position\":2,\"name\":\"Z\u00e9ro D\u00e9chet &#8211; la Rochelle\"}]},{\"@type\":\"WebSite\",\"@id\":\"https:\\\/\\\/www.altercampagne.net\\\/#website\",\"url\":\"https:\\\/\\\/www.altercampagne.net\\\/\",\"name\":\"AlterTour\",\"description\":\"Reliez les Alternatives \u00e0 v\u00e9lo\",\"potentialAction\":[{\"@type\":\"SearchAction\",\"target\":{\"@type\":\"EntryPoint\",\"urlTemplate\":\"https:\\\/\\\/www.altercampagne.net\\\/?s={search_term_string}\"},\"query-input\":{\"@type\":\"PropertyValueSpecification\",\"valueRequired\":true,\"valueName\":\"search_term_string\"}}],\"inLanguage\":\"fr-FR\"},{\"@type\":\"Person\",\"@id\":\"https:\\\/\\\/www.altercampagne.net\\\/#\\\/schema\\\/person\\\/3e5a45a2348c8261cd9b528fe33db287\",\"name\":\"Maelle\",\"image\":{\"@type\":\"ImageObject\",\"inLanguage\":\"fr-FR\",\"@id\":\"https:\\\/\\\/secure.gravatar.com\\\/avatar\\\/cf490aac5836d1f2c705fe7e165720e55265523ea66a62aecfff51d8ee1ac268?s=96&d=mm&r=g\",\"url\":\"https:\\\/\\\/secure.gravatar.com\\\/avatar\\\/cf490aac5836d1f2c705fe7e165720e55265523ea66a62aecfff51d8ee1ac268?s=96&d=mm&r=g\",\"contentUrl\":\"https:\\\/\\\/secure.gravatar.com\\\/avatar\\\/cf490aac5836d1f2c705fe7e165720e55265523ea66a62aecfff51d8ee1ac268?s=96&d=mm&r=g\",\"caption\":\"Maelle\"},\"url\":\"https:\\\/\\\/www.altercampagne.net\\\/?author=229\"}]}<\/script>\n<!-- \/ Yoast SEO plugin. -->","yoast_head_json":{"title":"Z\u00e9ro D\u00e9chet - la Rochelle - AlterTour","robots":{"index":"index","follow":"follow","max-snippet":"max-snippet:-1","max-image-preview":"max-image-preview:large","max-video-preview":"max-video-preview:-1"},"canonical":"https:\/\/www.altercampagne.net\/?p=13890","og_locale":"fr_FR","og_type":"article","og_title":"Z\u00e9ro D\u00e9chet - la Rochelle - AlterTour","og_description":"L\u2019AlterTour rencontrera&nbsp;l&rsquo;association Zero Waste-La Rochelle&nbsp;le 26 juillet \u00e0 Dompierre sur Mer (17). T\u2019as d\u00e9j\u00e0 pens\u00e9 au \u00ab&nbsp;sac \u00e0 dos \u00e9cologique&nbsp;\u00bb&nbsp;pour tes vacances ? Non, ce n\u2019est pas un nouveau mod\u00e8le de sac en bambou tress\u00e9, c\u2019est ce que chaque produit achet\u00e9 porte sur son dos comme mati\u00e8res premi\u00e8res consomm\u00e9es et ... Read More","og_url":"https:\/\/www.altercampagne.net\/?p=13890","og_site_name":"AlterTour","article_published_time":"2019-02-07T08:46:56+00:00","article_modified_time":"2019-05-23T07:57:35+00:00","og_image":[{"width":900,"height":470,"url":"https:\/\/www.altercampagne.net\/wp-content\/uploads\/2019\/02\/AT2019-Collectif-zero-d\u00e9chet-la-rochelle.jpg","type":"image\/jpeg"}],"author":"Maelle","twitter_card":"summary_large_image","twitter_misc":{"\u00c9crit par":"Maelle","Dur\u00e9e de lecture estim\u00e9e":"1 minute"},"schema":{"@context":"https:\/\/schema.org","@graph":[{"@type":"Article","@id":"https:\/\/www.altercampagne.net\/?p=13890#article","isPartOf":{"@id":"https:\/\/www.altercampagne.net\/?p=13890"},"author":{"name":"Maelle","@id":"https:\/\/www.altercampagne.net\/#\/schema\/person\/3e5a45a2348c8261cd9b528fe33db287"},"headline":"Z\u00e9ro D\u00e9chet &#8211; la Rochelle","datePublished":"2019-02-07T08:46:56+00:00","dateModified":"2019-05-23T07:57:35+00:00","mainEntityOfPage":{"@id":"https:\/\/www.altercampagne.net\/?p=13890"},"wordCount":240,"image":{"@id":"https:\/\/www.altercampagne.net\/?p=13890#primaryimage"},"thumbnailUrl":"https:\/\/www.altercampagne.net\/wp-content\/uploads\/2019\/02\/AT2019-Collectif-zero-d\u00e9chet-la-rochelle.jpg","articleSection":["Alimentation","Edition 2019","Pays de la Loire"],"inLanguage":"fr-FR"},{"@type":"WebPage","@id":"https:\/\/www.altercampagne.net\/?p=13890","url":"https:\/\/www.altercampagne.net\/?p=13890","name":"Z\u00e9ro D\u00e9chet - la Rochelle - AlterTour","isPartOf":{"@id":"https:\/\/www.altercampagne.net\/#website"},"primaryImageOfPage":{"@id":"https:\/\/www.altercampagne.net\/?p=13890#primaryimage"},"image":{"@id":"https:\/\/www.altercampagne.net\/?p=13890#primaryimage"},"thumbnailUrl":"https:\/\/www.altercampagne.net\/wp-content\/uploads\/2019\/02\/AT2019-Collectif-zero-d\u00e9chet-la-rochelle.jpg","datePublished":"2019-02-07T08:46:56+00:00","dateModified":"2019-05-23T07:57:35+00:00","author":{"@id":"https:\/\/www.altercampagne.net\/#\/schema\/person\/3e5a45a2348c8261cd9b528fe33db287"},"breadcrumb":{"@id":"https:\/\/www.altercampagne.net\/?p=13890#breadcrumb"},"inLanguage":"fr-FR","potentialAction":[{"@type":"ReadAction","target":["https:\/\/www.altercampagne.net\/?p=13890"]}]},{"@type":"ImageObject","inLanguage":"fr-FR","@id":"https:\/\/www.altercampagne.net\/?p=13890#primaryimage","url":"https:\/\/www.altercampagne.net\/wp-content\/uploads\/2019\/02\/AT2019-Collectif-zero-d\u00e9chet-la-rochelle.jpg","contentUrl":"https:\/\/www.altercampagne.net\/wp-content\/uploads\/2019\/02\/AT2019-Collectif-zero-d\u00e9chet-la-rochelle.jpg","width":900,"height":470},{"@type":"BreadcrumbList","@id":"https:\/\/www.altercampagne.net\/?p=13890#breadcrumb","itemListElement":[{"@type":"ListItem","position":1,"name":"Accueil","item":"https:\/\/www.altercampagne.net\/"},{"@type":"ListItem","position":2,"name":"Z\u00e9ro D\u00e9chet &#8211; la Rochelle"}]},{"@type":"WebSite","@id":"https:\/\/www.altercampagne.net\/#website","url":"https:\/\/www.altercampagne.net\/","name":"AlterTour","description":"Reliez les Alternatives \u00e0 v\u00e9lo","potentialAction":[{"@type":"SearchAction","target":{"@type":"EntryPoint","urlTemplate":"https:\/\/www.altercampagne.net\/?s={search_term_string}"},"query-input":{"@type":"PropertyValueSpecification","valueRequired":true,"valueName":"search_term_string"}}],"inLanguage":"fr-FR"},{"@type":"Person","@id":"https:\/\/www.altercampagne.net\/#\/schema\/person\/3e5a45a2348c8261cd9b528fe33db287","name":"Maelle","image":{"@type":"ImageObject","inLanguage":"fr-FR","@id":"https:\/\/secure.gravatar.com\/avatar\/cf490aac5836d1f2c705fe7e165720e55265523ea66a62aecfff51d8ee1ac268?s=96&d=mm&r=g","url":"https:\/\/secure.gravatar.com\/avatar\/cf490aac5836d1f2c705fe7e165720e55265523ea66a62aecfff51d8ee1ac268?s=96&d=mm&r=g","contentUrl":"https:\/\/secure.gravatar.com\/avatar\/cf490aac5836d1f2c705fe7e165720e55265523ea66a62aecfff51d8ee1ac268?s=96&d=mm&r=g","caption":"Maelle"},"url":"https:\/\/www.altercampagne.net\/?author=229"}]}},"_links":{"self":[{"href":"https:\/\/www.altercampagne.net\/index.php?rest_route=\/wp\/v2\/posts\/13890","targetHints":{"allow":["GET"]}}],"collection":[{"href":"https:\/\/www.altercampagne.net\/index.php?rest_route=\/wp\/v2\/posts"}],"about":[{"href":"https:\/\/www.altercampagne.net\/index.php?rest_route=\/wp\/v2\/types\/post"}],"author":[{"embeddable":true,"href":"https:\/\/www.altercampagne.net\/index.php?rest_route=\/wp\/v2\/users\/229"}],"replies":[{"embeddable":true,"href":"https:\/\/www.altercampagne.net\/index.php?rest_route=%2Fwp%2Fv2%2Fcomments&post=13890"}],"version-history":[{"count":0,"href":"https:\/\/www.altercampagne.net\/index.php?rest_route=\/wp\/v2\/posts\/13890\/revisions"}],"wp:featuredmedia":[{"embeddable":true,"href":"https:\/\/www.altercampagne.net\/index.php?rest_route=\/wp\/v2\/media\/14095"}],"wp:attachment":[{"href":"https:\/\/www.altercampagne.net\/index.php?rest_route=%2Fwp%2Fv2%2Fmedia&parent=13890"}],"wp:term":[{"taxonomy":"category","embeddable":true,"href":"https:\/\/www.altercampagne.net\/index.php?rest_route=%2Fwp%2Fv2%2Fcategories&post=13890"},{"taxonomy":"post_tag","embeddable":true,"href":"https:\/\/www.altercampagne.net\/index.php?rest_route=%2Fwp%2Fv2%2Ftags&post=13890"}],"curies":[{"name":"wp","href":"https:\/\/api.w.org\/{rel}","templated":true}]}}