{"id":13975,"date":"2019-01-12T19:47:12","date_gmt":"2019-01-12T18:47:12","guid":{"rendered":"http:\/\/www.altercampagne.net\/?p=13975"},"modified":"2019-05-12T19:56:43","modified_gmt":"2019-05-12T17:56:43","slug":"celewatt-lenergie-des-citoyens","status":"publish","type":"post","link":"https:\/\/www.altercampagne.net\/?p=13975","title":{"rendered":"C\u00e9l\u00e9Watt : l&rsquo;\u00e9nergie des citoyens"},"content":{"rendered":"\n<p><strong>L\u2019AlterTour rencontrera\u00a0<a href=\"https:\/\/celewatt.fr\" target=\"_blank\" rel=\"noreferrer noopener\" aria-label=\"C\u00e9l\u00e9Watt (s\u2019ouvre dans un nouvel onglet)\">C\u00e9l\u00e9Watt<\/a>\u00a0le 12 ao\u00fbt \u00e0 Brengues (46).<\/strong><\/p>\n\n\n\n<h4 class=\"wp-block-heading\">Un mod\u00e8le de production d\u2019\u00e9nergie propre, locale et citoyenne<\/h4>\n\n\n\n<p>Dans la vall\u00e9e du C\u00e9l\u00e9, la coop\u00e9rative C\u00e9l\u00e9Watt a mobilis\u00e9 l\u2019\u00e9nergie des citoyen.nes afin de cr\u00e9er un parc photovolta\u00efque \u00e0 petite \u00e9chelle, d\u00e9montrant qu\u2019il est possible de d\u00e9velopper une \u00e9nergie renouvelable avec un investissement et des moyens techniques limit\u00e9s, et ma\u00eetris\u00e9s par les habitants. Le parc photovolta\u00efque a \u00e9t\u00e9 inaugur\u00e9 en 2018 et produit l\u2019\u00e9quivalent de la consommation de 220 personnes. L\u2019\u00e9lectricit\u00e9 est achet\u00e9e par Enercoop \u00e0 un tarif garanti.<\/p>\n\n\n\n<h4 class=\"wp-block-heading\">Se r\u00e9unir, communiquer, trouver des souscripteurs\u00a0: c\u2019est possible\u00a0!<\/h4>\n\n\n\n<p>Le projet a \u00e9t\u00e9 initi\u00e9 par cinq jeunes retrait\u00e9s r\u00e9sidant dans la vall\u00e9e, autour de l\u2019objectif de produire une \u00e9lectricit\u00e9 renouvelable, consomm\u00e9e et g\u00e9r\u00e9e \u00e0 l\u2019\u00e9chelle locale. Deux ann\u00e9es ont \u00e9t\u00e9 n\u00e9cessaires pour communiquer autour du projet, lors des f\u00eates de village et dans les m\u00e9dias r\u00e9gionaux, avec succ\u00e8s puisque la coop\u00e9rative a r\u00e9uni les 300 000 euros d\u2019investissement n\u00e9cessaires. La quasi-totalit\u00e9 des souscripteurs de la coop\u00e9rative sont des habitants de la vall\u00e9e.<\/p>\n\n\n\n<h4 class=\"wp-block-heading\">Un projet qui fera des petits\u00a0? <\/h4>\n\n\n\n<p>\u00a0R\u00e9unis en coll\u00e8ge, les soci\u00e9taires et les collectivit\u00e9s partenaires participent directement \u00e0 la gouvernance de la coop\u00e9rative. \u00ab\u00a0Ce projet d\u00e9montre que de simples citoyens peuvent cr\u00e9er et g\u00e9rer un microsyst\u00e8me de production d\u2019\u00e9lectricit\u00e9 de fa\u00e7on efficiente. Ainsi, nous partageons notre exp\u00e9rience avec des groupes citoyens un peu partout en France\u00a0: notre mod\u00e8le est\u00a0open source.\u00a0\u00bb\u00a0<\/p>\n\n\n\n<p><strong>L\u2019AlterTour rencontrera\u00a0C\u00e9l\u00e9Watt\u00a0le 12 ao\u00fbt \u00e0 Brengues (46).\u00a0Pour plus d\u2019information consultez\u00a0<a rel=\"noreferrer noopener\" href=\"http:\/\/www.altercampagne.net\/?page_id=13601\" target=\"_blank\">le programme<\/a><\/strong><\/p>\n","protected":false},"excerpt":{"rendered":"<p>L\u2019AlterTour rencontrera\u00a0C\u00e9l\u00e9Watt\u00a0le 12 ao\u00fbt \u00e0 Brengues (46). Un mod\u00e8le de production d\u2019\u00e9nergie propre, locale et citoyenne Dans la vall\u00e9e du C\u00e9l\u00e9, la coop\u00e9rative C\u00e9l\u00e9Watt a mobilis\u00e9 l\u2019\u00e9nergie des citoyen.nes afin de cr\u00e9er un parc photovolta\u00efque \u00e0 petite \u00e9chelle, d\u00e9montrant qu\u2019il est possible de d\u00e9velopper une \u00e9nergie renouvelable avec un investissement &#8230; <\/p>\n<div><a href=\"https:\/\/www.altercampagne.net\/?p=13975\" class=\"more-link\">Read More<\/a><\/div>\n","protected":false},"author":215,"featured_media":13978,"comment_status":"closed","ping_status":"closed","sticky":false,"template":"","format":"standard","meta":{"footnotes":""},"categories":[3773,3487,3479],"tags":[3947],"class_list":["post-13975","post","type-post","status-publish","format-standard","has-post-thumbnail","hentry","category-edition-2019","category-energie","category-nouvelle-aquitaine","tag-brengues"],"yoast_head":"<!-- This site is optimized with the Yoast SEO plugin v27.3 - https:\/\/yoast.com\/product\/yoast-seo-wordpress\/ -->\n<title>C\u00e9l\u00e9Watt : l&#039;\u00e9nergie des citoyens - AlterTour<\/title>\n<meta name=\"robots\" content=\"index, follow, max-snippet:-1, max-image-preview:large, max-video-preview:-1\" \/>\n<link rel=\"canonical\" href=\"https:\/\/www.altercampagne.net\/?p=13975\" \/>\n<meta property=\"og:locale\" content=\"fr_FR\" \/>\n<meta property=\"og:type\" content=\"article\" \/>\n<meta property=\"og:title\" content=\"C\u00e9l\u00e9Watt : l&#039;\u00e9nergie des citoyens - AlterTour\" \/>\n<meta property=\"og:description\" content=\"L\u2019AlterTour rencontrera\u00a0C\u00e9l\u00e9Watt\u00a0le 12 ao\u00fbt \u00e0 Brengues (46). Un mod\u00e8le de production d\u2019\u00e9nergie propre, locale et citoyenne Dans la vall\u00e9e du C\u00e9l\u00e9, la coop\u00e9rative C\u00e9l\u00e9Watt a mobilis\u00e9 l\u2019\u00e9nergie des citoyen.nes afin de cr\u00e9er un parc photovolta\u00efque \u00e0 petite \u00e9chelle, d\u00e9montrant qu\u2019il est possible de d\u00e9velopper une \u00e9nergie renouvelable avec un investissement ... Read More\" \/>\n<meta property=\"og:url\" content=\"https:\/\/www.altercampagne.net\/?p=13975\" \/>\n<meta property=\"og:site_name\" content=\"AlterTour\" \/>\n<meta property=\"article:published_time\" content=\"2019-01-12T18:47:12+00:00\" \/>\n<meta property=\"article:modified_time\" content=\"2019-05-12T17:56:43+00:00\" \/>\n<meta property=\"og:image\" content=\"https:\/\/www.altercampagne.net\/wp-content\/uploads\/2019\/05\/2019-08-12-C\u00e9l\u00e9watt-blog-e1557683514346.jpg\" \/>\n\t<meta property=\"og:image:width\" content=\"686\" \/>\n\t<meta property=\"og:image:height\" content=\"380\" \/>\n\t<meta property=\"og:image:type\" content=\"image\/jpeg\" \/>\n<meta name=\"author\" content=\"AlterTour\" \/>\n<meta name=\"twitter:card\" content=\"summary_large_image\" \/>\n<meta name=\"twitter:label1\" content=\"\u00c9crit par\" \/>\n\t<meta name=\"twitter:data1\" content=\"AlterTour\" \/>\n\t<meta name=\"twitter:label2\" content=\"Dur\u00e9e de lecture estim\u00e9e\" \/>\n\t<meta name=\"twitter:data2\" content=\"1 minute\" \/>\n<script type=\"application\/ld+json\" class=\"yoast-schema-graph\">{\"@context\":\"https:\\\/\\\/schema.org\",\"@graph\":[{\"@type\":\"Article\",\"@id\":\"https:\\\/\\\/www.altercampagne.net\\\/?p=13975#article\",\"isPartOf\":{\"@id\":\"https:\\\/\\\/www.altercampagne.net\\\/?p=13975\"},\"author\":{\"name\":\"AlterTour\",\"@id\":\"https:\\\/\\\/www.altercampagne.net\\\/#\\\/schema\\\/person\\\/e5b68c803196f649c2152249d262d94a\"},\"headline\":\"C\u00e9l\u00e9Watt : l&rsquo;\u00e9nergie des citoyens\",\"datePublished\":\"2019-01-12T18:47:12+00:00\",\"dateModified\":\"2019-05-12T17:56:43+00:00\",\"mainEntityOfPage\":{\"@id\":\"https:\\\/\\\/www.altercampagne.net\\\/?p=13975\"},\"wordCount\":303,\"image\":{\"@id\":\"https:\\\/\\\/www.altercampagne.net\\\/?p=13975#primaryimage\"},\"thumbnailUrl\":\"https:\\\/\\\/www.altercampagne.net\\\/wp-content\\\/uploads\\\/2019\\\/05\\\/2019-08-12-C\u00e9l\u00e9watt-blog-e1557683514346.jpg\",\"keywords\":[\"Brengues\"],\"articleSection\":[\"Edition 2019\",\"\u00c9nergie\",\"Nouvelle-Aquitaine\"],\"inLanguage\":\"fr-FR\"},{\"@type\":\"WebPage\",\"@id\":\"https:\\\/\\\/www.altercampagne.net\\\/?p=13975\",\"url\":\"https:\\\/\\\/www.altercampagne.net\\\/?p=13975\",\"name\":\"C\u00e9l\u00e9Watt : l'\u00e9nergie des citoyens - AlterTour\",\"isPartOf\":{\"@id\":\"https:\\\/\\\/www.altercampagne.net\\\/#website\"},\"primaryImageOfPage\":{\"@id\":\"https:\\\/\\\/www.altercampagne.net\\\/?p=13975#primaryimage\"},\"image\":{\"@id\":\"https:\\\/\\\/www.altercampagne.net\\\/?p=13975#primaryimage\"},\"thumbnailUrl\":\"https:\\\/\\\/www.altercampagne.net\\\/wp-content\\\/uploads\\\/2019\\\/05\\\/2019-08-12-C\u00e9l\u00e9watt-blog-e1557683514346.jpg\",\"datePublished\":\"2019-01-12T18:47:12+00:00\",\"dateModified\":\"2019-05-12T17:56:43+00:00\",\"author\":{\"@id\":\"https:\\\/\\\/www.altercampagne.net\\\/#\\\/schema\\\/person\\\/e5b68c803196f649c2152249d262d94a\"},\"breadcrumb\":{\"@id\":\"https:\\\/\\\/www.altercampagne.net\\\/?p=13975#breadcrumb\"},\"inLanguage\":\"fr-FR\",\"potentialAction\":[{\"@type\":\"ReadAction\",\"target\":[\"https:\\\/\\\/www.altercampagne.net\\\/?p=13975\"]}]},{\"@type\":\"ImageObject\",\"inLanguage\":\"fr-FR\",\"@id\":\"https:\\\/\\\/www.altercampagne.net\\\/?p=13975#primaryimage\",\"url\":\"https:\\\/\\\/www.altercampagne.net\\\/wp-content\\\/uploads\\\/2019\\\/05\\\/2019-08-12-C\u00e9l\u00e9watt-blog-e1557683514346.jpg\",\"contentUrl\":\"https:\\\/\\\/www.altercampagne.net\\\/wp-content\\\/uploads\\\/2019\\\/05\\\/2019-08-12-C\u00e9l\u00e9watt-blog-e1557683514346.jpg\",\"width\":686,\"height\":380},{\"@type\":\"BreadcrumbList\",\"@id\":\"https:\\\/\\\/www.altercampagne.net\\\/?p=13975#breadcrumb\",\"itemListElement\":[{\"@type\":\"ListItem\",\"position\":1,\"name\":\"Accueil\",\"item\":\"https:\\\/\\\/www.altercampagne.net\\\/\"},{\"@type\":\"ListItem\",\"position\":2,\"name\":\"C\u00e9l\u00e9Watt : l&rsquo;\u00e9nergie des citoyens\"}]},{\"@type\":\"WebSite\",\"@id\":\"https:\\\/\\\/www.altercampagne.net\\\/#website\",\"url\":\"https:\\\/\\\/www.altercampagne.net\\\/\",\"name\":\"AlterTour\",\"description\":\"Reliez les Alternatives \u00e0 v\u00e9lo\",\"potentialAction\":[{\"@type\":\"SearchAction\",\"target\":{\"@type\":\"EntryPoint\",\"urlTemplate\":\"https:\\\/\\\/www.altercampagne.net\\\/?s={search_term_string}\"},\"query-input\":{\"@type\":\"PropertyValueSpecification\",\"valueRequired\":true,\"valueName\":\"search_term_string\"}}],\"inLanguage\":\"fr-FR\"},{\"@type\":\"Person\",\"@id\":\"https:\\\/\\\/www.altercampagne.net\\\/#\\\/schema\\\/person\\\/e5b68c803196f649c2152249d262d94a\",\"name\":\"AlterTour\",\"image\":{\"@type\":\"ImageObject\",\"inLanguage\":\"fr-FR\",\"@id\":\"https:\\\/\\\/secure.gravatar.com\\\/avatar\\\/3f2ed77f8506b8ea264ad5938bb0114bfa10f35b64086a66dfbb6e9f58ad9693?s=96&d=mm&r=g\",\"url\":\"https:\\\/\\\/secure.gravatar.com\\\/avatar\\\/3f2ed77f8506b8ea264ad5938bb0114bfa10f35b64086a66dfbb6e9f58ad9693?s=96&d=mm&r=g\",\"contentUrl\":\"https:\\\/\\\/secure.gravatar.com\\\/avatar\\\/3f2ed77f8506b8ea264ad5938bb0114bfa10f35b64086a66dfbb6e9f58ad9693?s=96&d=mm&r=g\",\"caption\":\"AlterTour\"},\"url\":\"https:\\\/\\\/www.altercampagne.net\\\/?author=215\"}]}<\/script>\n<!-- \/ Yoast SEO plugin. -->","yoast_head_json":{"title":"C\u00e9l\u00e9Watt : l'\u00e9nergie des citoyens - AlterTour","robots":{"index":"index","follow":"follow","max-snippet":"max-snippet:-1","max-image-preview":"max-image-preview:large","max-video-preview":"max-video-preview:-1"},"canonical":"https:\/\/www.altercampagne.net\/?p=13975","og_locale":"fr_FR","og_type":"article","og_title":"C\u00e9l\u00e9Watt : l'\u00e9nergie des citoyens - AlterTour","og_description":"L\u2019AlterTour rencontrera\u00a0C\u00e9l\u00e9Watt\u00a0le 12 ao\u00fbt \u00e0 Brengues (46). Un mod\u00e8le de production d\u2019\u00e9nergie propre, locale et citoyenne Dans la vall\u00e9e du C\u00e9l\u00e9, la coop\u00e9rative C\u00e9l\u00e9Watt a mobilis\u00e9 l\u2019\u00e9nergie des citoyen.nes afin de cr\u00e9er un parc photovolta\u00efque \u00e0 petite \u00e9chelle, d\u00e9montrant qu\u2019il est possible de d\u00e9velopper une \u00e9nergie renouvelable avec un investissement ... Read More","og_url":"https:\/\/www.altercampagne.net\/?p=13975","og_site_name":"AlterTour","article_published_time":"2019-01-12T18:47:12+00:00","article_modified_time":"2019-05-12T17:56:43+00:00","og_image":[{"width":686,"height":380,"url":"https:\/\/www.altercampagne.net\/wp-content\/uploads\/2019\/05\/2019-08-12-C\u00e9l\u00e9watt-blog-e1557683514346.jpg","type":"image\/jpeg"}],"author":"AlterTour","twitter_card":"summary_large_image","twitter_misc":{"\u00c9crit par":"AlterTour","Dur\u00e9e de lecture estim\u00e9e":"1 minute"},"schema":{"@context":"https:\/\/schema.org","@graph":[{"@type":"Article","@id":"https:\/\/www.altercampagne.net\/?p=13975#article","isPartOf":{"@id":"https:\/\/www.altercampagne.net\/?p=13975"},"author":{"name":"AlterTour","@id":"https:\/\/www.altercampagne.net\/#\/schema\/person\/e5b68c803196f649c2152249d262d94a"},"headline":"C\u00e9l\u00e9Watt : l&rsquo;\u00e9nergie des citoyens","datePublished":"2019-01-12T18:47:12+00:00","dateModified":"2019-05-12T17:56:43+00:00","mainEntityOfPage":{"@id":"https:\/\/www.altercampagne.net\/?p=13975"},"wordCount":303,"image":{"@id":"https:\/\/www.altercampagne.net\/?p=13975#primaryimage"},"thumbnailUrl":"https:\/\/www.altercampagne.net\/wp-content\/uploads\/2019\/05\/2019-08-12-C\u00e9l\u00e9watt-blog-e1557683514346.jpg","keywords":["Brengues"],"articleSection":["Edition 2019","\u00c9nergie","Nouvelle-Aquitaine"],"inLanguage":"fr-FR"},{"@type":"WebPage","@id":"https:\/\/www.altercampagne.net\/?p=13975","url":"https:\/\/www.altercampagne.net\/?p=13975","name":"C\u00e9l\u00e9Watt : l'\u00e9nergie des citoyens - AlterTour","isPartOf":{"@id":"https:\/\/www.altercampagne.net\/#website"},"primaryImageOfPage":{"@id":"https:\/\/www.altercampagne.net\/?p=13975#primaryimage"},"image":{"@id":"https:\/\/www.altercampagne.net\/?p=13975#primaryimage"},"thumbnailUrl":"https:\/\/www.altercampagne.net\/wp-content\/uploads\/2019\/05\/2019-08-12-C\u00e9l\u00e9watt-blog-e1557683514346.jpg","datePublished":"2019-01-12T18:47:12+00:00","dateModified":"2019-05-12T17:56:43+00:00","author":{"@id":"https:\/\/www.altercampagne.net\/#\/schema\/person\/e5b68c803196f649c2152249d262d94a"},"breadcrumb":{"@id":"https:\/\/www.altercampagne.net\/?p=13975#breadcrumb"},"inLanguage":"fr-FR","potentialAction":[{"@type":"ReadAction","target":["https:\/\/www.altercampagne.net\/?p=13975"]}]},{"@type":"ImageObject","inLanguage":"fr-FR","@id":"https:\/\/www.altercampagne.net\/?p=13975#primaryimage","url":"https:\/\/www.altercampagne.net\/wp-content\/uploads\/2019\/05\/2019-08-12-C\u00e9l\u00e9watt-blog-e1557683514346.jpg","contentUrl":"https:\/\/www.altercampagne.net\/wp-content\/uploads\/2019\/05\/2019-08-12-C\u00e9l\u00e9watt-blog-e1557683514346.jpg","width":686,"height":380},{"@type":"BreadcrumbList","@id":"https:\/\/www.altercampagne.net\/?p=13975#breadcrumb","itemListElement":[{"@type":"ListItem","position":1,"name":"Accueil","item":"https:\/\/www.altercampagne.net\/"},{"@type":"ListItem","position":2,"name":"C\u00e9l\u00e9Watt : l&rsquo;\u00e9nergie des citoyens"}]},{"@type":"WebSite","@id":"https:\/\/www.altercampagne.net\/#website","url":"https:\/\/www.altercampagne.net\/","name":"AlterTour","description":"Reliez les Alternatives \u00e0 v\u00e9lo","potentialAction":[{"@type":"SearchAction","target":{"@type":"EntryPoint","urlTemplate":"https:\/\/www.altercampagne.net\/?s={search_term_string}"},"query-input":{"@type":"PropertyValueSpecification","valueRequired":true,"valueName":"search_term_string"}}],"inLanguage":"fr-FR"},{"@type":"Person","@id":"https:\/\/www.altercampagne.net\/#\/schema\/person\/e5b68c803196f649c2152249d262d94a","name":"AlterTour","image":{"@type":"ImageObject","inLanguage":"fr-FR","@id":"https:\/\/secure.gravatar.com\/avatar\/3f2ed77f8506b8ea264ad5938bb0114bfa10f35b64086a66dfbb6e9f58ad9693?s=96&d=mm&r=g","url":"https:\/\/secure.gravatar.com\/avatar\/3f2ed77f8506b8ea264ad5938bb0114bfa10f35b64086a66dfbb6e9f58ad9693?s=96&d=mm&r=g","contentUrl":"https:\/\/secure.gravatar.com\/avatar\/3f2ed77f8506b8ea264ad5938bb0114bfa10f35b64086a66dfbb6e9f58ad9693?s=96&d=mm&r=g","caption":"AlterTour"},"url":"https:\/\/www.altercampagne.net\/?author=215"}]}},"_links":{"self":[{"href":"https:\/\/www.altercampagne.net\/index.php?rest_route=\/wp\/v2\/posts\/13975","targetHints":{"allow":["GET"]}}],"collection":[{"href":"https:\/\/www.altercampagne.net\/index.php?rest_route=\/wp\/v2\/posts"}],"about":[{"href":"https:\/\/www.altercampagne.net\/index.php?rest_route=\/wp\/v2\/types\/post"}],"author":[{"embeddable":true,"href":"https:\/\/www.altercampagne.net\/index.php?rest_route=\/wp\/v2\/users\/215"}],"replies":[{"embeddable":true,"href":"https:\/\/www.altercampagne.net\/index.php?rest_route=%2Fwp%2Fv2%2Fcomments&post=13975"}],"version-history":[{"count":0,"href":"https:\/\/www.altercampagne.net\/index.php?rest_route=\/wp\/v2\/posts\/13975\/revisions"}],"wp:featuredmedia":[{"embeddable":true,"href":"https:\/\/www.altercampagne.net\/index.php?rest_route=\/wp\/v2\/media\/13978"}],"wp:attachment":[{"href":"https:\/\/www.altercampagne.net\/index.php?rest_route=%2Fwp%2Fv2%2Fmedia&parent=13975"}],"wp:term":[{"taxonomy":"category","embeddable":true,"href":"https:\/\/www.altercampagne.net\/index.php?rest_route=%2Fwp%2Fv2%2Fcategories&post=13975"},{"taxonomy":"post_tag","embeddable":true,"href":"https:\/\/www.altercampagne.net\/index.php?rest_route=%2Fwp%2Fv2%2Ftags&post=13975"}],"curies":[{"name":"wp","href":"https:\/\/api.w.org\/{rel}","templated":true}]}}