{"id":13982,"date":"2019-02-12T21:57:12","date_gmt":"2019-02-12T20:57:12","guid":{"rendered":"http:\/\/www.altercampagne.net\/?p=13982"},"modified":"2020-03-03T16:23:35","modified_gmt":"2020-03-03T15:23:35","slug":"labri-des-possibles","status":"publish","type":"post","link":"https:\/\/www.altercampagne.net\/?p=13982","title":{"rendered":"L&rsquo;Abri des possibles"},"content":{"rendered":"\n<p><strong>L\u2019AlterTour rencontrera&nbsp;<a href=\"http:\/\/blog.abridespossibles.fr\" target=\"_blank\" rel=\"noreferrer noopener\" aria-label=\"l'Abri des possibles (s\u2019ouvre dans un nouvel onglet)\">l&rsquo;Abri des possibles<\/a> le 20 ao\u00fbt \u00e0 Auch (32).<\/strong><\/p>\n\n\n\n<h4 class=\"wp-block-heading\">Un lieu associatif multiple, ouvert et engag\u00e9<\/h4>\n\n\n\n<p>Sur une belle place pi\u00e9tonne d\u2019Auch, au bord du Gers, se niche l\u2019Abri des possibles. 4 ans apr\u00e8s sa cr\u00e9ation, il abrite de nombreuses initiatives&nbsp;: caf\u00e9s f\u00e9ministes, bricoles ou tricots, \u00e9picerie solidaire, conf\u00e9rences, permanences associatives, yoga, chants, expositions, ateliers th\u00e9\u00e2tre\u2026. Ce lieu beau et accueillant&nbsp;pour tous \u00e9volue et s\u2019adapte aux besoins du territoire et aux propositions de chacun.<\/p>\n\n\n\n<p>L\u2019Abri des possibles c\u2019est aussi un espace o\u00f9 l\u2019on fait attention \u00e0 la plan\u00e8te&nbsp;: Enercoop fournit l\u2019\u00e9lectricit\u00e9, les boissons gazeuses sont \u00ab&nbsp;maison&nbsp;\u00bb pour \u00e9viter les d\u00e9chets, et une grande partie des produits servis sont bio.<\/p>\n\n\n\n<h4 class=\"wp-block-heading\">La preuve qu\u2019un projet collectif peut aboutir tr\u00e8s vite<\/h4>\n\n\n\n<p>Il n\u2019a pas fallu plus de 9 mois pour que le caf\u00e9 associatif voit le jour en 2015. Une gestation bien rapide pour un projet de ce type. Il faut dire que ses cr\u00e9ateurs avaient l\u2019habitude de d\u00e9penser de l\u2019\u00e9nergie. Pour la plupart impliqu\u00e9s dans l\u2019association Auch territoire en transition, ils ont eu envie d\u2019un espace p\u00e9renne, o\u00f9 chacun pourrait venir librement, pour boire un verre ou participer \u00e0 de multiples activit\u00e9s.&nbsp;&nbsp;Bref, faire vivre la vie locale.<\/p>\n\n\n\n<h4 class=\"wp-block-heading\">Faire travailler ensemble des personnes de tous horizons<\/h4>\n\n\n\n<p>Parmi les b\u00e9n\u00e9voles il y a vraiment des profils tr\u00e8s vari\u00e9s&nbsp;: enseignant, ch\u00f4meur, sans-papier, retrait\u00e9 artiste, \u2026 \u00ab&nbsp;Un certain nombre d\u2019entre nous ont suivi des formations sur la sociocratie. \u00c7a aide. La majorit\u00e9 des personnes qui viennent au comit\u00e9 de pilotage se c\u00f4toient depuis plusieurs mois donc ont appris \u00e0 faire tourner la parole, \u00e0 s\u2019\u00e9couter.&nbsp;\u00bb<\/p>\n\n\n\n<p><strong>L\u2019AlterTour rencontrera&nbsp;l&rsquo;Abri des possibles le 20 ao\u00fbt \u00e0 Auch (32).&nbsp;Pour plus d\u2019information consultez&nbsp;<a rel=\"noreferrer noopener\" href=\"http:\/\/www.altercampagne.net\/?page_id=13601\" target=\"_blank\">le programme<\/a><\/strong><\/p>\n\n\n\n<p> Tous les articles sur l&rsquo;Abri des Possibles : <a href=\"https:\/\/www.altercampagne.net\/?tag=abri-des-possibles\">https:\/\/www.altercampagne.net\/?tag=abri-des-possibles<\/a><\/p>\n","protected":false},"excerpt":{"rendered":"<p>L\u2019AlterTour rencontrera&nbsp;l&rsquo;Abri des possibles le 20 ao\u00fbt \u00e0 Auch (32). Un lieu associatif multiple, ouvert et engag\u00e9 Sur une belle place pi\u00e9tonne d\u2019Auch, au bord du Gers, se niche l\u2019Abri des possibles. 4 ans apr\u00e8s sa cr\u00e9ation, il abrite de nombreuses initiatives&nbsp;: caf\u00e9s f\u00e9ministes, bricoles ou tricots, \u00e9picerie solidaire, conf\u00e9rences, &#8230; <\/p>\n<div><a href=\"https:\/\/www.altercampagne.net\/?p=13982\" class=\"more-link\">Read More<\/a><\/div>\n","protected":false},"author":147,"featured_media":13537,"comment_status":"closed","ping_status":"closed","sticky":false,"template":"","format":"standard","meta":{"footnotes":""},"categories":[3773,3480,3540],"tags":[1844,1855,1967,2785,3627,3948,4058],"class_list":["post-13982","post","type-post","status-publish","format-standard","has-post-thumbnail","hentry","category-edition-2019","category-occitanie","category-transverse","tag-midi-pyrenees","tag-gers","tag-auch","tag-occitanie","tag-vivre-ensemble","tag-vie-locale","tag-abri-des-possibles"],"yoast_head":"<!-- This site is optimized with the Yoast SEO plugin v27.3 - https:\/\/yoast.com\/product\/yoast-seo-wordpress\/ -->\n<title>L&#039;Abri des possibles - AlterTour<\/title>\n<meta name=\"robots\" content=\"index, follow, max-snippet:-1, max-image-preview:large, max-video-preview:-1\" \/>\n<link rel=\"canonical\" href=\"https:\/\/www.altercampagne.net\/?p=13982\" \/>\n<meta property=\"og:locale\" content=\"fr_FR\" \/>\n<meta property=\"og:type\" content=\"article\" \/>\n<meta property=\"og:title\" content=\"L&#039;Abri des possibles - AlterTour\" \/>\n<meta property=\"og:description\" content=\"L\u2019AlterTour rencontrera&nbsp;l&rsquo;Abri des possibles le 20 ao\u00fbt \u00e0 Auch (32). Un lieu associatif multiple, ouvert et engag\u00e9 Sur une belle place pi\u00e9tonne d\u2019Auch, au bord du Gers, se niche l\u2019Abri des possibles. 4 ans apr\u00e8s sa cr\u00e9ation, il abrite de nombreuses initiatives&nbsp;: caf\u00e9s f\u00e9ministes, bricoles ou tricots, \u00e9picerie solidaire, conf\u00e9rences, ... Read More\" \/>\n<meta property=\"og:url\" content=\"https:\/\/www.altercampagne.net\/?p=13982\" \/>\n<meta property=\"og:site_name\" content=\"AlterTour\" \/>\n<meta property=\"article:published_time\" content=\"2019-02-12T20:57:12+00:00\" \/>\n<meta property=\"article:modified_time\" content=\"2020-03-03T15:23:35+00:00\" \/>\n<meta property=\"og:image\" content=\"https:\/\/www.altercampagne.net\/wp-content\/uploads\/2019\/04\/Photo-Abri-des-possibles.jpg\" \/>\n\t<meta property=\"og:image:width\" content=\"400\" \/>\n\t<meta property=\"og:image:height\" content=\"226\" \/>\n\t<meta property=\"og:image:type\" content=\"image\/jpeg\" \/>\n<meta name=\"author\" content=\"Aur\u00e9lie\" \/>\n<meta name=\"twitter:card\" content=\"summary_large_image\" \/>\n<meta name=\"twitter:label1\" content=\"\u00c9crit par\" \/>\n\t<meta name=\"twitter:data1\" content=\"Aur\u00e9lie\" \/>\n\t<meta name=\"twitter:label2\" content=\"Dur\u00e9e de lecture estim\u00e9e\" \/>\n\t<meta name=\"twitter:data2\" content=\"2 minutes\" \/>\n<script type=\"application\/ld+json\" class=\"yoast-schema-graph\">{\"@context\":\"https:\\\/\\\/schema.org\",\"@graph\":[{\"@type\":\"Article\",\"@id\":\"https:\\\/\\\/www.altercampagne.net\\\/?p=13982#article\",\"isPartOf\":{\"@id\":\"https:\\\/\\\/www.altercampagne.net\\\/?p=13982\"},\"author\":{\"name\":\"Aur\u00e9lie\",\"@id\":\"https:\\\/\\\/www.altercampagne.net\\\/#\\\/schema\\\/person\\\/078c9b1f84f594fba3d958c5d5d3d2a4\"},\"headline\":\"L&rsquo;Abri des possibles\",\"datePublished\":\"2019-02-12T20:57:12+00:00\",\"dateModified\":\"2020-03-03T15:23:35+00:00\",\"mainEntityOfPage\":{\"@id\":\"https:\\\/\\\/www.altercampagne.net\\\/?p=13982\"},\"wordCount\":341,\"image\":{\"@id\":\"https:\\\/\\\/www.altercampagne.net\\\/?p=13982#primaryimage\"},\"thumbnailUrl\":\"https:\\\/\\\/www.altercampagne.net\\\/wp-content\\\/uploads\\\/2019\\\/04\\\/Photo-Abri-des-possibles.jpg\",\"keywords\":[\"Midi-Pyr\u00e9n\u00e9es\",\"Gers\",\"Auch\",\"Occitanie\",\"vivre ensemble\",\"vie locale\",\"abri des possibles\"],\"articleSection\":[\"Edition 2019\",\"Occitanie\",\"Transverse\"],\"inLanguage\":\"fr-FR\"},{\"@type\":\"WebPage\",\"@id\":\"https:\\\/\\\/www.altercampagne.net\\\/?p=13982\",\"url\":\"https:\\\/\\\/www.altercampagne.net\\\/?p=13982\",\"name\":\"L'Abri des possibles - AlterTour\",\"isPartOf\":{\"@id\":\"https:\\\/\\\/www.altercampagne.net\\\/#website\"},\"primaryImageOfPage\":{\"@id\":\"https:\\\/\\\/www.altercampagne.net\\\/?p=13982#primaryimage\"},\"image\":{\"@id\":\"https:\\\/\\\/www.altercampagne.net\\\/?p=13982#primaryimage\"},\"thumbnailUrl\":\"https:\\\/\\\/www.altercampagne.net\\\/wp-content\\\/uploads\\\/2019\\\/04\\\/Photo-Abri-des-possibles.jpg\",\"datePublished\":\"2019-02-12T20:57:12+00:00\",\"dateModified\":\"2020-03-03T15:23:35+00:00\",\"author\":{\"@id\":\"https:\\\/\\\/www.altercampagne.net\\\/#\\\/schema\\\/person\\\/078c9b1f84f594fba3d958c5d5d3d2a4\"},\"breadcrumb\":{\"@id\":\"https:\\\/\\\/www.altercampagne.net\\\/?p=13982#breadcrumb\"},\"inLanguage\":\"fr-FR\",\"potentialAction\":[{\"@type\":\"ReadAction\",\"target\":[\"https:\\\/\\\/www.altercampagne.net\\\/?p=13982\"]}]},{\"@type\":\"ImageObject\",\"inLanguage\":\"fr-FR\",\"@id\":\"https:\\\/\\\/www.altercampagne.net\\\/?p=13982#primaryimage\",\"url\":\"https:\\\/\\\/www.altercampagne.net\\\/wp-content\\\/uploads\\\/2019\\\/04\\\/Photo-Abri-des-possibles.jpg\",\"contentUrl\":\"https:\\\/\\\/www.altercampagne.net\\\/wp-content\\\/uploads\\\/2019\\\/04\\\/Photo-Abri-des-possibles.jpg\",\"width\":400,\"height\":226},{\"@type\":\"BreadcrumbList\",\"@id\":\"https:\\\/\\\/www.altercampagne.net\\\/?p=13982#breadcrumb\",\"itemListElement\":[{\"@type\":\"ListItem\",\"position\":1,\"name\":\"Accueil\",\"item\":\"https:\\\/\\\/www.altercampagne.net\\\/\"},{\"@type\":\"ListItem\",\"position\":2,\"name\":\"L&rsquo;Abri des possibles\"}]},{\"@type\":\"WebSite\",\"@id\":\"https:\\\/\\\/www.altercampagne.net\\\/#website\",\"url\":\"https:\\\/\\\/www.altercampagne.net\\\/\",\"name\":\"AlterTour\",\"description\":\"Reliez les Alternatives \u00e0 v\u00e9lo\",\"potentialAction\":[{\"@type\":\"SearchAction\",\"target\":{\"@type\":\"EntryPoint\",\"urlTemplate\":\"https:\\\/\\\/www.altercampagne.net\\\/?s={search_term_string}\"},\"query-input\":{\"@type\":\"PropertyValueSpecification\",\"valueRequired\":true,\"valueName\":\"search_term_string\"}}],\"inLanguage\":\"fr-FR\"},{\"@type\":\"Person\",\"@id\":\"https:\\\/\\\/www.altercampagne.net\\\/#\\\/schema\\\/person\\\/078c9b1f84f594fba3d958c5d5d3d2a4\",\"name\":\"Aur\u00e9lie\",\"image\":{\"@type\":\"ImageObject\",\"inLanguage\":\"fr-FR\",\"@id\":\"https:\\\/\\\/secure.gravatar.com\\\/avatar\\\/c3390cc4122e61833b71b3de0e995e002f478f2363ee06287f4006cc655b8a2f?s=96&d=mm&r=g\",\"url\":\"https:\\\/\\\/secure.gravatar.com\\\/avatar\\\/c3390cc4122e61833b71b3de0e995e002f478f2363ee06287f4006cc655b8a2f?s=96&d=mm&r=g\",\"contentUrl\":\"https:\\\/\\\/secure.gravatar.com\\\/avatar\\\/c3390cc4122e61833b71b3de0e995e002f478f2363ee06287f4006cc655b8a2f?s=96&d=mm&r=g\",\"caption\":\"Aur\u00e9lie\"},\"url\":\"https:\\\/\\\/www.altercampagne.net\\\/?author=147\"}]}<\/script>\n<!-- \/ Yoast SEO plugin. -->","yoast_head_json":{"title":"L'Abri des possibles - AlterTour","robots":{"index":"index","follow":"follow","max-snippet":"max-snippet:-1","max-image-preview":"max-image-preview:large","max-video-preview":"max-video-preview:-1"},"canonical":"https:\/\/www.altercampagne.net\/?p=13982","og_locale":"fr_FR","og_type":"article","og_title":"L'Abri des possibles - AlterTour","og_description":"L\u2019AlterTour rencontrera&nbsp;l&rsquo;Abri des possibles le 20 ao\u00fbt \u00e0 Auch (32). Un lieu associatif multiple, ouvert et engag\u00e9 Sur une belle place pi\u00e9tonne d\u2019Auch, au bord du Gers, se niche l\u2019Abri des possibles. 4 ans apr\u00e8s sa cr\u00e9ation, il abrite de nombreuses initiatives&nbsp;: caf\u00e9s f\u00e9ministes, bricoles ou tricots, \u00e9picerie solidaire, conf\u00e9rences, ... Read More","og_url":"https:\/\/www.altercampagne.net\/?p=13982","og_site_name":"AlterTour","article_published_time":"2019-02-12T20:57:12+00:00","article_modified_time":"2020-03-03T15:23:35+00:00","og_image":[{"width":400,"height":226,"url":"https:\/\/www.altercampagne.net\/wp-content\/uploads\/2019\/04\/Photo-Abri-des-possibles.jpg","type":"image\/jpeg"}],"author":"Aur\u00e9lie","twitter_card":"summary_large_image","twitter_misc":{"\u00c9crit par":"Aur\u00e9lie","Dur\u00e9e de lecture estim\u00e9e":"2 minutes"},"schema":{"@context":"https:\/\/schema.org","@graph":[{"@type":"Article","@id":"https:\/\/www.altercampagne.net\/?p=13982#article","isPartOf":{"@id":"https:\/\/www.altercampagne.net\/?p=13982"},"author":{"name":"Aur\u00e9lie","@id":"https:\/\/www.altercampagne.net\/#\/schema\/person\/078c9b1f84f594fba3d958c5d5d3d2a4"},"headline":"L&rsquo;Abri des possibles","datePublished":"2019-02-12T20:57:12+00:00","dateModified":"2020-03-03T15:23:35+00:00","mainEntityOfPage":{"@id":"https:\/\/www.altercampagne.net\/?p=13982"},"wordCount":341,"image":{"@id":"https:\/\/www.altercampagne.net\/?p=13982#primaryimage"},"thumbnailUrl":"https:\/\/www.altercampagne.net\/wp-content\/uploads\/2019\/04\/Photo-Abri-des-possibles.jpg","keywords":["Midi-Pyr\u00e9n\u00e9es","Gers","Auch","Occitanie","vivre ensemble","vie locale","abri des possibles"],"articleSection":["Edition 2019","Occitanie","Transverse"],"inLanguage":"fr-FR"},{"@type":"WebPage","@id":"https:\/\/www.altercampagne.net\/?p=13982","url":"https:\/\/www.altercampagne.net\/?p=13982","name":"L'Abri des possibles - AlterTour","isPartOf":{"@id":"https:\/\/www.altercampagne.net\/#website"},"primaryImageOfPage":{"@id":"https:\/\/www.altercampagne.net\/?p=13982#primaryimage"},"image":{"@id":"https:\/\/www.altercampagne.net\/?p=13982#primaryimage"},"thumbnailUrl":"https:\/\/www.altercampagne.net\/wp-content\/uploads\/2019\/04\/Photo-Abri-des-possibles.jpg","datePublished":"2019-02-12T20:57:12+00:00","dateModified":"2020-03-03T15:23:35+00:00","author":{"@id":"https:\/\/www.altercampagne.net\/#\/schema\/person\/078c9b1f84f594fba3d958c5d5d3d2a4"},"breadcrumb":{"@id":"https:\/\/www.altercampagne.net\/?p=13982#breadcrumb"},"inLanguage":"fr-FR","potentialAction":[{"@type":"ReadAction","target":["https:\/\/www.altercampagne.net\/?p=13982"]}]},{"@type":"ImageObject","inLanguage":"fr-FR","@id":"https:\/\/www.altercampagne.net\/?p=13982#primaryimage","url":"https:\/\/www.altercampagne.net\/wp-content\/uploads\/2019\/04\/Photo-Abri-des-possibles.jpg","contentUrl":"https:\/\/www.altercampagne.net\/wp-content\/uploads\/2019\/04\/Photo-Abri-des-possibles.jpg","width":400,"height":226},{"@type":"BreadcrumbList","@id":"https:\/\/www.altercampagne.net\/?p=13982#breadcrumb","itemListElement":[{"@type":"ListItem","position":1,"name":"Accueil","item":"https:\/\/www.altercampagne.net\/"},{"@type":"ListItem","position":2,"name":"L&rsquo;Abri des possibles"}]},{"@type":"WebSite","@id":"https:\/\/www.altercampagne.net\/#website","url":"https:\/\/www.altercampagne.net\/","name":"AlterTour","description":"Reliez les Alternatives \u00e0 v\u00e9lo","potentialAction":[{"@type":"SearchAction","target":{"@type":"EntryPoint","urlTemplate":"https:\/\/www.altercampagne.net\/?s={search_term_string}"},"query-input":{"@type":"PropertyValueSpecification","valueRequired":true,"valueName":"search_term_string"}}],"inLanguage":"fr-FR"},{"@type":"Person","@id":"https:\/\/www.altercampagne.net\/#\/schema\/person\/078c9b1f84f594fba3d958c5d5d3d2a4","name":"Aur\u00e9lie","image":{"@type":"ImageObject","inLanguage":"fr-FR","@id":"https:\/\/secure.gravatar.com\/avatar\/c3390cc4122e61833b71b3de0e995e002f478f2363ee06287f4006cc655b8a2f?s=96&d=mm&r=g","url":"https:\/\/secure.gravatar.com\/avatar\/c3390cc4122e61833b71b3de0e995e002f478f2363ee06287f4006cc655b8a2f?s=96&d=mm&r=g","contentUrl":"https:\/\/secure.gravatar.com\/avatar\/c3390cc4122e61833b71b3de0e995e002f478f2363ee06287f4006cc655b8a2f?s=96&d=mm&r=g","caption":"Aur\u00e9lie"},"url":"https:\/\/www.altercampagne.net\/?author=147"}]}},"_links":{"self":[{"href":"https:\/\/www.altercampagne.net\/index.php?rest_route=\/wp\/v2\/posts\/13982","targetHints":{"allow":["GET"]}}],"collection":[{"href":"https:\/\/www.altercampagne.net\/index.php?rest_route=\/wp\/v2\/posts"}],"about":[{"href":"https:\/\/www.altercampagne.net\/index.php?rest_route=\/wp\/v2\/types\/post"}],"author":[{"embeddable":true,"href":"https:\/\/www.altercampagne.net\/index.php?rest_route=\/wp\/v2\/users\/147"}],"replies":[{"embeddable":true,"href":"https:\/\/www.altercampagne.net\/index.php?rest_route=%2Fwp%2Fv2%2Fcomments&post=13982"}],"version-history":[{"count":3,"href":"https:\/\/www.altercampagne.net\/index.php?rest_route=\/wp\/v2\/posts\/13982\/revisions"}],"predecessor-version":[{"id":17595,"href":"https:\/\/www.altercampagne.net\/index.php?rest_route=\/wp\/v2\/posts\/13982\/revisions\/17595"}],"wp:featuredmedia":[{"embeddable":true,"href":"https:\/\/www.altercampagne.net\/index.php?rest_route=\/wp\/v2\/media\/13537"}],"wp:attachment":[{"href":"https:\/\/www.altercampagne.net\/index.php?rest_route=%2Fwp%2Fv2%2Fmedia&parent=13982"}],"wp:term":[{"taxonomy":"category","embeddable":true,"href":"https:\/\/www.altercampagne.net\/index.php?rest_route=%2Fwp%2Fv2%2Fcategories&post=13982"},{"taxonomy":"post_tag","embeddable":true,"href":"https:\/\/www.altercampagne.net\/index.php?rest_route=%2Fwp%2Fv2%2Ftags&post=13982"}],"curies":[{"name":"wp","href":"https:\/\/api.w.org\/{rel}","templated":true}]}}