{"id":1411,"date":"2015-06-22T11:16:37","date_gmt":"2015-06-22T09:16:37","guid":{"rendered":"http:\/\/www.altercampagne.net\/?p=1411"},"modified":"2020-02-24T15:20:00","modified_gmt":"2020-02-24T14:20:00","slug":"festival-change-le-monde-alternatibhabay-marbehan-le-29-juillet","status":"publish","type":"post","link":"https:\/\/www.altercampagne.net\/?p=1411","title":{"rendered":"Festival Change le monde \/ AlternatibHabay &#8211; Marbehan, le 29 juillet"},"content":{"rendered":"<p><a href=\"http:\/\/www.altercampagne.net\/wp-content\/uploads\/2015\/04\/2015-07-29-change-le-monde.jpg\"><img loading=\"lazy\" decoding=\"async\" class=\" wp-image-1228 size-medium alignright\" src=\"http:\/\/www.altercampagne.net\/wp-content\/uploads\/2015\/04\/2015-07-29-change-le-monde-300x219.jpg\" alt=\"change le monde AlterTour 2015\" width=\"300\" height=\"219\" srcset=\"https:\/\/www.altercampagne.net\/wp-content\/uploads\/2015\/04\/2015-07-29-change-le-monde-300x219.jpg 300w, https:\/\/www.altercampagne.net\/wp-content\/uploads\/2015\/04\/2015-07-29-change-le-monde.jpg 960w\" sizes=\"auto, (max-width: 300px) 100vw, 300px\" \/><\/a>Dans le Luxembourg belge, \u00e0 Marbehan,<strong> le festival \u00ab&nbsp;Change le Monde&nbsp;\u00bb<\/strong> r\u00e9unira les 28 et 29 juillet durant quelques heures des citoyen\/ne\/s acti\/ve\/f\/s dans des domaines les plus vari\u00e9s li\u00e9s aux droits humains, \u00e0 l\u2019organisation sociale, aux \u00e9changes de biens, \u00e0 la qualit\u00e9 des produits, aux solidarit\u00e9s interpersonnelles, \u00e0 la solidarit\u00e9 internationale, aux luttes contre la pauvret\u00e9, les in\u00e9galit\u00e9s sociales, la discrimination des minorit\u00e9s, \u2026<\/p>\n<p>Deux journ\u00e9es festives consacr\u00e9es aux <strong>alternatives socio\u00e9cologiques<\/strong>, aux <strong>droits humains<\/strong> et au <strong>climat<\/strong>&#8230; des collectivit\u00e9s proposent des moments de rencontre, des jeux, des d\u00e9bats, des films, &#8230; le tout agr\u00e9ment\u00e9 de musique et de soleil.<\/p>\n<p>Avec l\u2019accueil de l\u2019\u00e9tape d\u2019un <strong>tour de France Alternatiba<\/strong> pour le climat.<\/p>\n<p>Place \u00e0 <strong>des initiatives concr\u00e8tes<\/strong>, m\u00eame modestes, <strong>qui contribuent \u00e0 changer le monde<\/strong>, \u00e0 changer la vie, dans les domaines les plus larges, de l\u2019\u00e9ducation \u00e0 la culture en passant par l\u2019environnement, les pratiques d\u2019\u00e9changes, la vie de groupe, les migrations, l\u2019ouverture aux autres, l\u2019indignation face aux injustices, l\u2019engagement citoyen, \u2026<\/p>\n<p>Villes en transition, paniers de l\u00e9gumes, groupes d\u2019achats solidaires, appui \u00e0 des actions \u00e9mancipatrices dans le monde, monnaies alternatives, habitats group\u00e9s, projets de mouvements, r\u00e9alisations associatives, alternatives de productions, projets artistiques, nouveaux m\u00e9dias, exp\u00e9riences collectives, simplicit\u00e9 volontaire, commerce \u00e9quitable, finance \u00e9thique, recyclages sympas, agro\u00e9cologie, potagers collectifs, dynamiques collectives de transition, habitat durable, \u2026.<\/p>\n<p>Retrouvez ici l<strong>&lsquo;<a title=\"fiche \u00e9tape du 2 juillet\" href=\"http:\/\/www.altercampagne.net\/?page_id=3068&amp;route=23\" rel=\"noopener noreferrer\">\u00e9tape du 29 juillet<\/a><\/strong>&#8230;<\/p>\n<p><a href=\"https:\/\/www.facebook.com\/events\/843440209051552\/\" target=\"_blank\" rel=\"noopener noreferrer\">&#8230; la page facebook de Change le monde 2015<\/a>&#8230;<\/p>\n<p><a href=\"http:\/\/www.cncd.be\/alternatibhabay\" target=\"_blank\" rel=\"noopener noreferrer\">&#8230; et le site du CNCD 11.11.1, l&rsquo;un de porteurs de l&rsquo;\u00e9v\u00e9nement<\/a>.<\/p>\n","protected":false},"excerpt":{"rendered":"<p>Dans le Luxembourg belge, \u00e0 Marbehan, le festival \u00ab&nbsp;Change le Monde&nbsp;\u00bb r\u00e9unira les 28 et 29 juillet durant quelques heures des citoyen\/ne\/s acti\/ve\/f\/s dans des domaines les plus vari\u00e9s li\u00e9s aux droits humains, \u00e0 l\u2019organisation sociale, aux \u00e9changes de biens, \u00e0 la qualit\u00e9 des produits, aux solidarit\u00e9s interpersonnelles, \u00e0 la &#8230; <\/p>\n<div><a href=\"https:\/\/www.altercampagne.net\/?p=1411\" class=\"more-link\">Read More<\/a><\/div>\n","protected":false},"author":215,"featured_media":0,"comment_status":"closed","ping_status":"closed","sticky":false,"template":"","format":"standard","meta":{"footnotes":""},"categories":[3526,3460,3540],"tags":[11,44,71,192,218,219,220,221,222,233,1505,1533],"class_list":["post-1411","post","type-post","status-publish","format-standard","hentry","category-belgique","category-edition-2015","category-transverse","tag-alternatiba","tag-climat","tag-ils-changent-le-monde","tag-altertour-2015","tag-tour-alternatiba","tag-marbehan","tag-cncd","tag-change-le-monde","tag-festival","tag-cop21","tag-region-wallonne","tag-province-de-luxembourg","no-post-thumbnail"],"yoast_head":"<!-- This site is optimized with the Yoast SEO plugin v27.3 - https:\/\/yoast.com\/product\/yoast-seo-wordpress\/ -->\n<title>Festival Change le monde \/ AlternatibHabay - Marbehan, le 29 juillet - AlterTour<\/title>\n<meta name=\"robots\" content=\"index, follow, max-snippet:-1, max-image-preview:large, max-video-preview:-1\" \/>\n<link rel=\"canonical\" href=\"https:\/\/www.altercampagne.net\/?p=1411\" \/>\n<meta property=\"og:locale\" content=\"fr_FR\" \/>\n<meta property=\"og:type\" content=\"article\" \/>\n<meta property=\"og:title\" content=\"Festival Change le monde \/ AlternatibHabay - Marbehan, le 29 juillet - AlterTour\" \/>\n<meta property=\"og:description\" content=\"Dans le Luxembourg belge, \u00e0 Marbehan, le festival \u00ab&nbsp;Change le Monde&nbsp;\u00bb r\u00e9unira les 28 et 29 juillet durant quelques heures des citoyen\/ne\/s acti\/ve\/f\/s dans des domaines les plus vari\u00e9s li\u00e9s aux droits humains, \u00e0 l\u2019organisation sociale, aux \u00e9changes de biens, \u00e0 la qualit\u00e9 des produits, aux solidarit\u00e9s interpersonnelles, \u00e0 la ... Read More\" \/>\n<meta property=\"og:url\" content=\"https:\/\/www.altercampagne.net\/?p=1411\" \/>\n<meta property=\"og:site_name\" content=\"AlterTour\" \/>\n<meta property=\"article:published_time\" content=\"2015-06-22T09:16:37+00:00\" \/>\n<meta property=\"article:modified_time\" content=\"2020-02-24T14:20:00+00:00\" \/>\n<meta property=\"og:image\" content=\"http:\/\/www.altercampagne.net\/wp-content\/uploads\/2015\/04\/2015-07-29-change-le-monde-300x219.jpg\" \/>\n<meta name=\"author\" content=\"AlterTour\" \/>\n<meta name=\"twitter:card\" content=\"summary_large_image\" \/>\n<meta name=\"twitter:label1\" content=\"\u00c9crit par\" \/>\n\t<meta name=\"twitter:data1\" content=\"AlterTour\" \/>\n\t<meta name=\"twitter:label2\" content=\"Dur\u00e9e de lecture estim\u00e9e\" \/>\n\t<meta name=\"twitter:data2\" content=\"1 minute\" \/>\n<script type=\"application\/ld+json\" class=\"yoast-schema-graph\">{\"@context\":\"https:\\\/\\\/schema.org\",\"@graph\":[{\"@type\":\"Article\",\"@id\":\"https:\\\/\\\/www.altercampagne.net\\\/?p=1411#article\",\"isPartOf\":{\"@id\":\"https:\\\/\\\/www.altercampagne.net\\\/?p=1411\"},\"author\":{\"name\":\"AlterTour\",\"@id\":\"https:\\\/\\\/www.altercampagne.net\\\/#\\\/schema\\\/person\\\/e5b68c803196f649c2152249d262d94a\"},\"headline\":\"Festival Change le monde \\\/ AlternatibHabay &#8211; Marbehan, le 29 juillet\",\"datePublished\":\"2015-06-22T09:16:37+00:00\",\"dateModified\":\"2020-02-24T14:20:00+00:00\",\"mainEntityOfPage\":{\"@id\":\"https:\\\/\\\/www.altercampagne.net\\\/?p=1411\"},\"wordCount\":275,\"image\":{\"@id\":\"https:\\\/\\\/www.altercampagne.net\\\/?p=1411#primaryimage\"},\"thumbnailUrl\":\"http:\\\/\\\/www.altercampagne.net\\\/wp-content\\\/uploads\\\/2015\\\/04\\\/2015-07-29-change-le-monde-300x219.jpg\",\"keywords\":[\"alternatiba\",\"climat\",\"ils changent le monde\",\"AlterTour 2015\",\"Tour Alternatiba\",\"Marbehan\",\"CNCD\",\"change le monde\",\"festival\",\"cop21\",\"R\u00e9gion wallonne\",\"province de Luxembourg\"],\"articleSection\":[\"Belgique\",\"\u00c9dition 2015\",\"Transverse\"],\"inLanguage\":\"fr-FR\"},{\"@type\":\"WebPage\",\"@id\":\"https:\\\/\\\/www.altercampagne.net\\\/?p=1411\",\"url\":\"https:\\\/\\\/www.altercampagne.net\\\/?p=1411\",\"name\":\"Festival Change le monde \\\/ AlternatibHabay - Marbehan, le 29 juillet - AlterTour\",\"isPartOf\":{\"@id\":\"https:\\\/\\\/www.altercampagne.net\\\/#website\"},\"primaryImageOfPage\":{\"@id\":\"https:\\\/\\\/www.altercampagne.net\\\/?p=1411#primaryimage\"},\"image\":{\"@id\":\"https:\\\/\\\/www.altercampagne.net\\\/?p=1411#primaryimage\"},\"thumbnailUrl\":\"http:\\\/\\\/www.altercampagne.net\\\/wp-content\\\/uploads\\\/2015\\\/04\\\/2015-07-29-change-le-monde-300x219.jpg\",\"datePublished\":\"2015-06-22T09:16:37+00:00\",\"dateModified\":\"2020-02-24T14:20:00+00:00\",\"author\":{\"@id\":\"https:\\\/\\\/www.altercampagne.net\\\/#\\\/schema\\\/person\\\/e5b68c803196f649c2152249d262d94a\"},\"breadcrumb\":{\"@id\":\"https:\\\/\\\/www.altercampagne.net\\\/?p=1411#breadcrumb\"},\"inLanguage\":\"fr-FR\",\"potentialAction\":[{\"@type\":\"ReadAction\",\"target\":[\"https:\\\/\\\/www.altercampagne.net\\\/?p=1411\"]}]},{\"@type\":\"ImageObject\",\"inLanguage\":\"fr-FR\",\"@id\":\"https:\\\/\\\/www.altercampagne.net\\\/?p=1411#primaryimage\",\"url\":\"https:\\\/\\\/www.altercampagne.net\\\/wp-content\\\/uploads\\\/2015\\\/04\\\/2015-07-29-change-le-monde.jpg\",\"contentUrl\":\"https:\\\/\\\/www.altercampagne.net\\\/wp-content\\\/uploads\\\/2015\\\/04\\\/2015-07-29-change-le-monde.jpg\",\"width\":960,\"height\":700,\"caption\":\"change le monde AlterTour 2015\"},{\"@type\":\"BreadcrumbList\",\"@id\":\"https:\\\/\\\/www.altercampagne.net\\\/?p=1411#breadcrumb\",\"itemListElement\":[{\"@type\":\"ListItem\",\"position\":1,\"name\":\"Accueil\",\"item\":\"https:\\\/\\\/www.altercampagne.net\\\/\"},{\"@type\":\"ListItem\",\"position\":2,\"name\":\"Festival Change le monde \\\/ AlternatibHabay &#8211; Marbehan, le 29 juillet\"}]},{\"@type\":\"WebSite\",\"@id\":\"https:\\\/\\\/www.altercampagne.net\\\/#website\",\"url\":\"https:\\\/\\\/www.altercampagne.net\\\/\",\"name\":\"AlterTour\",\"description\":\"Reliez les Alternatives \u00e0 v\u00e9lo\",\"potentialAction\":[{\"@type\":\"SearchAction\",\"target\":{\"@type\":\"EntryPoint\",\"urlTemplate\":\"https:\\\/\\\/www.altercampagne.net\\\/?s={search_term_string}\"},\"query-input\":{\"@type\":\"PropertyValueSpecification\",\"valueRequired\":true,\"valueName\":\"search_term_string\"}}],\"inLanguage\":\"fr-FR\"},{\"@type\":\"Person\",\"@id\":\"https:\\\/\\\/www.altercampagne.net\\\/#\\\/schema\\\/person\\\/e5b68c803196f649c2152249d262d94a\",\"name\":\"AlterTour\",\"image\":{\"@type\":\"ImageObject\",\"inLanguage\":\"fr-FR\",\"@id\":\"https:\\\/\\\/secure.gravatar.com\\\/avatar\\\/3f2ed77f8506b8ea264ad5938bb0114bfa10f35b64086a66dfbb6e9f58ad9693?s=96&d=mm&r=g\",\"url\":\"https:\\\/\\\/secure.gravatar.com\\\/avatar\\\/3f2ed77f8506b8ea264ad5938bb0114bfa10f35b64086a66dfbb6e9f58ad9693?s=96&d=mm&r=g\",\"contentUrl\":\"https:\\\/\\\/secure.gravatar.com\\\/avatar\\\/3f2ed77f8506b8ea264ad5938bb0114bfa10f35b64086a66dfbb6e9f58ad9693?s=96&d=mm&r=g\",\"caption\":\"AlterTour\"},\"url\":\"https:\\\/\\\/www.altercampagne.net\\\/?author=215\"}]}<\/script>\n<!-- \/ Yoast SEO plugin. -->","yoast_head_json":{"title":"Festival Change le monde \/ AlternatibHabay - Marbehan, le 29 juillet - AlterTour","robots":{"index":"index","follow":"follow","max-snippet":"max-snippet:-1","max-image-preview":"max-image-preview:large","max-video-preview":"max-video-preview:-1"},"canonical":"https:\/\/www.altercampagne.net\/?p=1411","og_locale":"fr_FR","og_type":"article","og_title":"Festival Change le monde \/ AlternatibHabay - Marbehan, le 29 juillet - AlterTour","og_description":"Dans le Luxembourg belge, \u00e0 Marbehan, le festival \u00ab&nbsp;Change le Monde&nbsp;\u00bb r\u00e9unira les 28 et 29 juillet durant quelques heures des citoyen\/ne\/s acti\/ve\/f\/s dans des domaines les plus vari\u00e9s li\u00e9s aux droits humains, \u00e0 l\u2019organisation sociale, aux \u00e9changes de biens, \u00e0 la qualit\u00e9 des produits, aux solidarit\u00e9s interpersonnelles, \u00e0 la ... Read More","og_url":"https:\/\/www.altercampagne.net\/?p=1411","og_site_name":"AlterTour","article_published_time":"2015-06-22T09:16:37+00:00","article_modified_time":"2020-02-24T14:20:00+00:00","og_image":[{"url":"http:\/\/www.altercampagne.net\/wp-content\/uploads\/2015\/04\/2015-07-29-change-le-monde-300x219.jpg","type":"","width":"","height":""}],"author":"AlterTour","twitter_card":"summary_large_image","twitter_misc":{"\u00c9crit par":"AlterTour","Dur\u00e9e de lecture estim\u00e9e":"1 minute"},"schema":{"@context":"https:\/\/schema.org","@graph":[{"@type":"Article","@id":"https:\/\/www.altercampagne.net\/?p=1411#article","isPartOf":{"@id":"https:\/\/www.altercampagne.net\/?p=1411"},"author":{"name":"AlterTour","@id":"https:\/\/www.altercampagne.net\/#\/schema\/person\/e5b68c803196f649c2152249d262d94a"},"headline":"Festival Change le monde \/ AlternatibHabay &#8211; Marbehan, le 29 juillet","datePublished":"2015-06-22T09:16:37+00:00","dateModified":"2020-02-24T14:20:00+00:00","mainEntityOfPage":{"@id":"https:\/\/www.altercampagne.net\/?p=1411"},"wordCount":275,"image":{"@id":"https:\/\/www.altercampagne.net\/?p=1411#primaryimage"},"thumbnailUrl":"http:\/\/www.altercampagne.net\/wp-content\/uploads\/2015\/04\/2015-07-29-change-le-monde-300x219.jpg","keywords":["alternatiba","climat","ils changent le monde","AlterTour 2015","Tour Alternatiba","Marbehan","CNCD","change le monde","festival","cop21","R\u00e9gion wallonne","province de Luxembourg"],"articleSection":["Belgique","\u00c9dition 2015","Transverse"],"inLanguage":"fr-FR"},{"@type":"WebPage","@id":"https:\/\/www.altercampagne.net\/?p=1411","url":"https:\/\/www.altercampagne.net\/?p=1411","name":"Festival Change le monde \/ AlternatibHabay - Marbehan, le 29 juillet - AlterTour","isPartOf":{"@id":"https:\/\/www.altercampagne.net\/#website"},"primaryImageOfPage":{"@id":"https:\/\/www.altercampagne.net\/?p=1411#primaryimage"},"image":{"@id":"https:\/\/www.altercampagne.net\/?p=1411#primaryimage"},"thumbnailUrl":"http:\/\/www.altercampagne.net\/wp-content\/uploads\/2015\/04\/2015-07-29-change-le-monde-300x219.jpg","datePublished":"2015-06-22T09:16:37+00:00","dateModified":"2020-02-24T14:20:00+00:00","author":{"@id":"https:\/\/www.altercampagne.net\/#\/schema\/person\/e5b68c803196f649c2152249d262d94a"},"breadcrumb":{"@id":"https:\/\/www.altercampagne.net\/?p=1411#breadcrumb"},"inLanguage":"fr-FR","potentialAction":[{"@type":"ReadAction","target":["https:\/\/www.altercampagne.net\/?p=1411"]}]},{"@type":"ImageObject","inLanguage":"fr-FR","@id":"https:\/\/www.altercampagne.net\/?p=1411#primaryimage","url":"https:\/\/www.altercampagne.net\/wp-content\/uploads\/2015\/04\/2015-07-29-change-le-monde.jpg","contentUrl":"https:\/\/www.altercampagne.net\/wp-content\/uploads\/2015\/04\/2015-07-29-change-le-monde.jpg","width":960,"height":700,"caption":"change le monde AlterTour 2015"},{"@type":"BreadcrumbList","@id":"https:\/\/www.altercampagne.net\/?p=1411#breadcrumb","itemListElement":[{"@type":"ListItem","position":1,"name":"Accueil","item":"https:\/\/www.altercampagne.net\/"},{"@type":"ListItem","position":2,"name":"Festival Change le monde \/ AlternatibHabay &#8211; Marbehan, le 29 juillet"}]},{"@type":"WebSite","@id":"https:\/\/www.altercampagne.net\/#website","url":"https:\/\/www.altercampagne.net\/","name":"AlterTour","description":"Reliez les Alternatives \u00e0 v\u00e9lo","potentialAction":[{"@type":"SearchAction","target":{"@type":"EntryPoint","urlTemplate":"https:\/\/www.altercampagne.net\/?s={search_term_string}"},"query-input":{"@type":"PropertyValueSpecification","valueRequired":true,"valueName":"search_term_string"}}],"inLanguage":"fr-FR"},{"@type":"Person","@id":"https:\/\/www.altercampagne.net\/#\/schema\/person\/e5b68c803196f649c2152249d262d94a","name":"AlterTour","image":{"@type":"ImageObject","inLanguage":"fr-FR","@id":"https:\/\/secure.gravatar.com\/avatar\/3f2ed77f8506b8ea264ad5938bb0114bfa10f35b64086a66dfbb6e9f58ad9693?s=96&d=mm&r=g","url":"https:\/\/secure.gravatar.com\/avatar\/3f2ed77f8506b8ea264ad5938bb0114bfa10f35b64086a66dfbb6e9f58ad9693?s=96&d=mm&r=g","contentUrl":"https:\/\/secure.gravatar.com\/avatar\/3f2ed77f8506b8ea264ad5938bb0114bfa10f35b64086a66dfbb6e9f58ad9693?s=96&d=mm&r=g","caption":"AlterTour"},"url":"https:\/\/www.altercampagne.net\/?author=215"}]}},"_links":{"self":[{"href":"https:\/\/www.altercampagne.net\/index.php?rest_route=\/wp\/v2\/posts\/1411","targetHints":{"allow":["GET"]}}],"collection":[{"href":"https:\/\/www.altercampagne.net\/index.php?rest_route=\/wp\/v2\/posts"}],"about":[{"href":"https:\/\/www.altercampagne.net\/index.php?rest_route=\/wp\/v2\/types\/post"}],"author":[{"embeddable":true,"href":"https:\/\/www.altercampagne.net\/index.php?rest_route=\/wp\/v2\/users\/215"}],"replies":[{"embeddable":true,"href":"https:\/\/www.altercampagne.net\/index.php?rest_route=%2Fwp%2Fv2%2Fcomments&post=1411"}],"version-history":[{"count":1,"href":"https:\/\/www.altercampagne.net\/index.php?rest_route=\/wp\/v2\/posts\/1411\/revisions"}],"predecessor-version":[{"id":17357,"href":"https:\/\/www.altercampagne.net\/index.php?rest_route=\/wp\/v2\/posts\/1411\/revisions\/17357"}],"wp:attachment":[{"href":"https:\/\/www.altercampagne.net\/index.php?rest_route=%2Fwp%2Fv2%2Fmedia&parent=1411"}],"wp:term":[{"taxonomy":"category","embeddable":true,"href":"https:\/\/www.altercampagne.net\/index.php?rest_route=%2Fwp%2Fv2%2Fcategories&post=1411"},{"taxonomy":"post_tag","embeddable":true,"href":"https:\/\/www.altercampagne.net\/index.php?rest_route=%2Fwp%2Fv2%2Ftags&post=1411"}],"curies":[{"name":"wp","href":"https:\/\/api.w.org\/{rel}","templated":true}]}}