{"id":14137,"date":"2019-05-31T22:28:02","date_gmt":"2019-05-31T20:28:02","guid":{"rendered":"http:\/\/www.altercampagne.net\/?p=14137"},"modified":"2020-04-06T12:03:20","modified_gmt":"2020-04-06T10:03:20","slug":"lecocentre-du-perigord-un-eco-systeme-dalternatives","status":"publish","type":"post","link":"https:\/\/www.altercampagne.net\/?p=14137","title":{"rendered":"L&rsquo;\u00e9cocentre du P\u00e9rigord, un \u00e9co-syst\u00e8me d&rsquo;alternatives!"},"content":{"rendered":"\n<h4 class=\"wp-block-heading\"><strong>L\u2019AlterTour rencontrera<a href=\"http:\/\/ecocentre.org\/\" target=\"_blank\" rel=\"noreferrer noopener\" aria-label=\" (s\u2019ouvre dans un nouvel onglet)\"> l&rsquo;\u00e9cocentre du P\u00e9rigord<\/a> le 2 ao\u00fbt \u00e0<\/strong> St Pierre de Frugie (24)<strong>!<\/strong><\/h4>\n\n\n\n<p>Depuis 2003, l&rsquo;<strong><a rel=\"noreferrer noopener\" aria-label=\"\u00e9cocentre du P\u00e9rigord (s\u2019ouvre dans un nouvel onglet)\" href=\"http:\/\/ecocentre.org\/\" target=\"_blank\">Ecocentre du P\u00e9rigord<\/a><\/strong> \u00e0 Saint-Pierre-de-Frugie incarne un art de vivre en harmonie avec la Terre. Dans des b\u00e2timents auto-construits en mat\u00e9riaux \u00e9cologiques, on y enseigne les techniques de l&rsquo;\u00e9coconstruction et l&rsquo;usage des \u00e9nergies renouvelables. <\/p>\n\n\n\n<p>Une ceinture de jardins partag\u00e9s et l&rsquo;\u00e9bauche d&rsquo;une for\u00eat nourrici\u00e8re permettent l&rsquo;enseignement de la permaculture, en partenariat avec des enseignants de l\u2019Universit\u00e9 populaire de permaculture, ayant d\u00e9j\u00e0 form\u00e9 des jardiniers locaux, qui \u00e0 leur tour transmettent leur savoir. <\/p>\n\n\n\n<h4 class=\"wp-block-heading\">Permaculture et transmission des savoirs pour toutes les g\u00e9n\u00e9rations<\/h4>\n\n\n\n<p>L&rsquo;\u00e9cocentre anime aussi un Repair caf\u00e9 mensuel et un centre de ressources permanent. La SCI de l&rsquo;\u00e9cohameau voisin, reli\u00e9e \u00e0 l&rsquo;\u00e9cocentre, est propri\u00e9taire du terrain et des maisons bioclimatiques qui abritent une dizaine de famille, avec une belle amplitude d\u2019\u00e2ges (de 3 \u00e0 94 ans). <\/p>\n\n\n\n<p>Tous les deux ans, en septembre, a lieu une manifestation sur l&rsquo;autonomie \u00e0 la consommation, \u00e0 la production alimentaire, \u00e0 l&rsquo;\u00e9nergie&#8230; Et, justement, la prochaine \u00e9dition tombe en 2019. Venez nombreux ! <\/p>\n\n\n\n<blockquote class=\"wp-block-quote is-layout-flow wp-block-quote-is-layout-flow\"><p> \u00ab\u00a0Nous sommes certains que la sp\u00e9culation, la corruption et   l&rsquo;exploitation sont un seul et m\u00eame fl\u00e9au. C&rsquo;est pourquoi nous veillons   concr\u00e8tement \u00e0 toujours privil\u00e9gier la valeur d&rsquo;usage sur la valeur   marchande\u00a0\u00bb. <\/p><cite>Claude Micmacher, cofondateur de l&rsquo;\u00e9cocentre avec Jocelyne Cambuzat<br> <\/cite><\/blockquote>\n\n\n\n<h4 class=\"wp-block-heading\">L&rsquo;Altertour rencon<strong>trera l&rsquo;\u00e9cocentre du P\u00e9rigord le 2 ao\u00fbt \u00e0<\/strong> St Pierre de Frugie (24). <strong>Pour plus d\u2019information consultez <a href=\"http:\/\/www.altercampagne.net\/?page_id=13601\" target=\"_blank\" rel=\"noreferrer noopener\" aria-label=\"le programme (s\u2019ouvre dans un nouvel onglet)\">le programme<\/a><a rel=\"noreferrer noopener\" href=\"http:\/\/www.altercampagne.net\/?page_id=13601\" target=\"_blank\">.<\/a><\/strong> <\/h4>\n","protected":false},"excerpt":{"rendered":"<p>Depuis 2003, l&rsquo;\u00e9cocentre du P\u00e9rigord \u00e0 Saint-Pierre-de-Frugie incarne un art de vivre en harmonie avec la Terre. Dans des b\u00e2timents auto-construits en mat\u00e9riaux \u00e9cologiques, on y enseigne les techniques de l&rsquo;\u00e9coconstruction et l&rsquo;usage des \u00e9nergies renouvelables. <\/p>\n","protected":false},"author":215,"featured_media":14198,"comment_status":"closed","ping_status":"closed","sticky":false,"template":"","format":"standard","meta":{"footnotes":""},"categories":[3773,3938,3487,3486,3485,3479,3540],"tags":[294,3950,3951,3952,3957],"class_list":["post-14137","post","type-post","status-publish","format-standard","has-post-thumbnail","hentry","category-edition-2019","category-education","category-energie","category-environnement","category-habitat","category-nouvelle-aquitaine","category-transverse","tag-permaculture","tag-ecoconstruction","tag-ecohameau","tag-energies","tag-saint-pierre-de-frugie"],"yoast_head":"<!-- This site is optimized with the Yoast SEO plugin v27.3 - https:\/\/yoast.com\/product\/yoast-seo-wordpress\/ -->\n<title>L&#039;\u00e9cocentre du P\u00e9rigord, un \u00e9co-syst\u00e8me d&#039;alternatives! - AlterTour<\/title>\n<meta name=\"robots\" content=\"index, follow, max-snippet:-1, max-image-preview:large, max-video-preview:-1\" \/>\n<link rel=\"canonical\" href=\"https:\/\/www.altercampagne.net\/?p=14137\" \/>\n<meta property=\"og:locale\" content=\"fr_FR\" \/>\n<meta property=\"og:type\" content=\"article\" \/>\n<meta property=\"og:title\" content=\"L&#039;\u00e9cocentre du P\u00e9rigord, un \u00e9co-syst\u00e8me d&#039;alternatives! - AlterTour\" \/>\n<meta property=\"og:description\" content=\"Depuis 2003, l&#039;\u00e9cocentre du P\u00e9rigord \u00e0 Saint-Pierre-de-Frugie incarne un art de vivre en harmonie avec la Terre. Dans des b\u00e2timents auto-construits en mat\u00e9riaux \u00e9cologiques, on y enseigne les techniques de l&#039;\u00e9coconstruction et l&#039;usage des \u00e9nergies renouvelables.\" \/>\n<meta property=\"og:url\" content=\"https:\/\/www.altercampagne.net\/?p=14137\" \/>\n<meta property=\"og:site_name\" content=\"AlterTour\" \/>\n<meta property=\"article:published_time\" content=\"2019-05-31T20:28:02+00:00\" \/>\n<meta property=\"article:modified_time\" content=\"2020-04-06T10:03:20+00:00\" \/>\n<meta property=\"og:image\" content=\"https:\/\/www.altercampagne.net\/wp-content\/uploads\/2019\/05\/2019-08-02-EcoCentre-du-P\u00e9rigord-blog.jpg\" \/>\n\t<meta property=\"og:image:width\" content=\"686\" \/>\n\t<meta property=\"og:image:height\" content=\"358\" \/>\n\t<meta property=\"og:image:type\" content=\"image\/jpeg\" \/>\n<meta name=\"author\" content=\"AlterTour\" \/>\n<meta name=\"twitter:card\" content=\"summary_large_image\" \/>\n<meta name=\"twitter:label1\" content=\"\u00c9crit par\" \/>\n\t<meta name=\"twitter:data1\" content=\"AlterTour\" \/>\n\t<meta name=\"twitter:label2\" content=\"Dur\u00e9e de lecture estim\u00e9e\" \/>\n\t<meta name=\"twitter:data2\" content=\"1 minute\" \/>\n<script type=\"application\/ld+json\" class=\"yoast-schema-graph\">{\"@context\":\"https:\\\/\\\/schema.org\",\"@graph\":[{\"@type\":\"Article\",\"@id\":\"https:\\\/\\\/www.altercampagne.net\\\/?p=14137#article\",\"isPartOf\":{\"@id\":\"https:\\\/\\\/www.altercampagne.net\\\/?p=14137\"},\"author\":{\"name\":\"AlterTour\",\"@id\":\"https:\\\/\\\/www.altercampagne.net\\\/#\\\/schema\\\/person\\\/e5b68c803196f649c2152249d262d94a\"},\"headline\":\"L&rsquo;\u00e9cocentre du P\u00e9rigord, un \u00e9co-syst\u00e8me d&rsquo;alternatives!\",\"datePublished\":\"2019-05-31T20:28:02+00:00\",\"dateModified\":\"2020-04-06T10:03:20+00:00\",\"mainEntityOfPage\":{\"@id\":\"https:\\\/\\\/www.altercampagne.net\\\/?p=14137\"},\"wordCount\":266,\"image\":{\"@id\":\"https:\\\/\\\/www.altercampagne.net\\\/?p=14137#primaryimage\"},\"thumbnailUrl\":\"https:\\\/\\\/www.altercampagne.net\\\/wp-content\\\/uploads\\\/2019\\\/05\\\/2019-08-02-EcoCentre-du-P\u00e9rigord-blog.jpg\",\"keywords\":[\"permaculture\",\"\u00e9coconstruction\",\"\u00e9cohameau\",\"\u00e9nergies\",\"Saint-Pierre-de-Frugie\"],\"articleSection\":[\"Edition 2019\",\"Education\",\"\u00c9nergie\",\"Environnement\",\"Habitat\",\"Nouvelle-Aquitaine\",\"Transverse\"],\"inLanguage\":\"fr-FR\"},{\"@type\":\"WebPage\",\"@id\":\"https:\\\/\\\/www.altercampagne.net\\\/?p=14137\",\"url\":\"https:\\\/\\\/www.altercampagne.net\\\/?p=14137\",\"name\":\"L'\u00e9cocentre du P\u00e9rigord, un \u00e9co-syst\u00e8me d'alternatives! - AlterTour\",\"isPartOf\":{\"@id\":\"https:\\\/\\\/www.altercampagne.net\\\/#website\"},\"primaryImageOfPage\":{\"@id\":\"https:\\\/\\\/www.altercampagne.net\\\/?p=14137#primaryimage\"},\"image\":{\"@id\":\"https:\\\/\\\/www.altercampagne.net\\\/?p=14137#primaryimage\"},\"thumbnailUrl\":\"https:\\\/\\\/www.altercampagne.net\\\/wp-content\\\/uploads\\\/2019\\\/05\\\/2019-08-02-EcoCentre-du-P\u00e9rigord-blog.jpg\",\"datePublished\":\"2019-05-31T20:28:02+00:00\",\"dateModified\":\"2020-04-06T10:03:20+00:00\",\"author\":{\"@id\":\"https:\\\/\\\/www.altercampagne.net\\\/#\\\/schema\\\/person\\\/e5b68c803196f649c2152249d262d94a\"},\"breadcrumb\":{\"@id\":\"https:\\\/\\\/www.altercampagne.net\\\/?p=14137#breadcrumb\"},\"inLanguage\":\"fr-FR\",\"potentialAction\":[{\"@type\":\"ReadAction\",\"target\":[\"https:\\\/\\\/www.altercampagne.net\\\/?p=14137\"]}]},{\"@type\":\"ImageObject\",\"inLanguage\":\"fr-FR\",\"@id\":\"https:\\\/\\\/www.altercampagne.net\\\/?p=14137#primaryimage\",\"url\":\"https:\\\/\\\/www.altercampagne.net\\\/wp-content\\\/uploads\\\/2019\\\/05\\\/2019-08-02-EcoCentre-du-P\u00e9rigord-blog.jpg\",\"contentUrl\":\"https:\\\/\\\/www.altercampagne.net\\\/wp-content\\\/uploads\\\/2019\\\/05\\\/2019-08-02-EcoCentre-du-P\u00e9rigord-blog.jpg\",\"width\":686,\"height\":358},{\"@type\":\"BreadcrumbList\",\"@id\":\"https:\\\/\\\/www.altercampagne.net\\\/?p=14137#breadcrumb\",\"itemListElement\":[{\"@type\":\"ListItem\",\"position\":1,\"name\":\"Accueil\",\"item\":\"https:\\\/\\\/www.altercampagne.net\\\/\"},{\"@type\":\"ListItem\",\"position\":2,\"name\":\"L&rsquo;\u00e9cocentre du P\u00e9rigord, un \u00e9co-syst\u00e8me d&rsquo;alternatives!\"}]},{\"@type\":\"WebSite\",\"@id\":\"https:\\\/\\\/www.altercampagne.net\\\/#website\",\"url\":\"https:\\\/\\\/www.altercampagne.net\\\/\",\"name\":\"AlterTour\",\"description\":\"Reliez les Alternatives \u00e0 v\u00e9lo\",\"potentialAction\":[{\"@type\":\"SearchAction\",\"target\":{\"@type\":\"EntryPoint\",\"urlTemplate\":\"https:\\\/\\\/www.altercampagne.net\\\/?s={search_term_string}\"},\"query-input\":{\"@type\":\"PropertyValueSpecification\",\"valueRequired\":true,\"valueName\":\"search_term_string\"}}],\"inLanguage\":\"fr-FR\"},{\"@type\":\"Person\",\"@id\":\"https:\\\/\\\/www.altercampagne.net\\\/#\\\/schema\\\/person\\\/e5b68c803196f649c2152249d262d94a\",\"name\":\"AlterTour\",\"image\":{\"@type\":\"ImageObject\",\"inLanguage\":\"fr-FR\",\"@id\":\"https:\\\/\\\/secure.gravatar.com\\\/avatar\\\/3f2ed77f8506b8ea264ad5938bb0114bfa10f35b64086a66dfbb6e9f58ad9693?s=96&d=mm&r=g\",\"url\":\"https:\\\/\\\/secure.gravatar.com\\\/avatar\\\/3f2ed77f8506b8ea264ad5938bb0114bfa10f35b64086a66dfbb6e9f58ad9693?s=96&d=mm&r=g\",\"contentUrl\":\"https:\\\/\\\/secure.gravatar.com\\\/avatar\\\/3f2ed77f8506b8ea264ad5938bb0114bfa10f35b64086a66dfbb6e9f58ad9693?s=96&d=mm&r=g\",\"caption\":\"AlterTour\"},\"url\":\"https:\\\/\\\/www.altercampagne.net\\\/?author=215\"}]}<\/script>\n<!-- \/ Yoast SEO plugin. -->","yoast_head_json":{"title":"L'\u00e9cocentre du P\u00e9rigord, un \u00e9co-syst\u00e8me d'alternatives! - AlterTour","robots":{"index":"index","follow":"follow","max-snippet":"max-snippet:-1","max-image-preview":"max-image-preview:large","max-video-preview":"max-video-preview:-1"},"canonical":"https:\/\/www.altercampagne.net\/?p=14137","og_locale":"fr_FR","og_type":"article","og_title":"L'\u00e9cocentre du P\u00e9rigord, un \u00e9co-syst\u00e8me d'alternatives! - AlterTour","og_description":"Depuis 2003, l'\u00e9cocentre du P\u00e9rigord \u00e0 Saint-Pierre-de-Frugie incarne un art de vivre en harmonie avec la Terre. Dans des b\u00e2timents auto-construits en mat\u00e9riaux \u00e9cologiques, on y enseigne les techniques de l'\u00e9coconstruction et l'usage des \u00e9nergies renouvelables.","og_url":"https:\/\/www.altercampagne.net\/?p=14137","og_site_name":"AlterTour","article_published_time":"2019-05-31T20:28:02+00:00","article_modified_time":"2020-04-06T10:03:20+00:00","og_image":[{"width":686,"height":358,"url":"https:\/\/www.altercampagne.net\/wp-content\/uploads\/2019\/05\/2019-08-02-EcoCentre-du-P\u00e9rigord-blog.jpg","type":"image\/jpeg"}],"author":"AlterTour","twitter_card":"summary_large_image","twitter_misc":{"\u00c9crit par":"AlterTour","Dur\u00e9e de lecture estim\u00e9e":"1 minute"},"schema":{"@context":"https:\/\/schema.org","@graph":[{"@type":"Article","@id":"https:\/\/www.altercampagne.net\/?p=14137#article","isPartOf":{"@id":"https:\/\/www.altercampagne.net\/?p=14137"},"author":{"name":"AlterTour","@id":"https:\/\/www.altercampagne.net\/#\/schema\/person\/e5b68c803196f649c2152249d262d94a"},"headline":"L&rsquo;\u00e9cocentre du P\u00e9rigord, un \u00e9co-syst\u00e8me d&rsquo;alternatives!","datePublished":"2019-05-31T20:28:02+00:00","dateModified":"2020-04-06T10:03:20+00:00","mainEntityOfPage":{"@id":"https:\/\/www.altercampagne.net\/?p=14137"},"wordCount":266,"image":{"@id":"https:\/\/www.altercampagne.net\/?p=14137#primaryimage"},"thumbnailUrl":"https:\/\/www.altercampagne.net\/wp-content\/uploads\/2019\/05\/2019-08-02-EcoCentre-du-P\u00e9rigord-blog.jpg","keywords":["permaculture","\u00e9coconstruction","\u00e9cohameau","\u00e9nergies","Saint-Pierre-de-Frugie"],"articleSection":["Edition 2019","Education","\u00c9nergie","Environnement","Habitat","Nouvelle-Aquitaine","Transverse"],"inLanguage":"fr-FR"},{"@type":"WebPage","@id":"https:\/\/www.altercampagne.net\/?p=14137","url":"https:\/\/www.altercampagne.net\/?p=14137","name":"L'\u00e9cocentre du P\u00e9rigord, un \u00e9co-syst\u00e8me d'alternatives! - AlterTour","isPartOf":{"@id":"https:\/\/www.altercampagne.net\/#website"},"primaryImageOfPage":{"@id":"https:\/\/www.altercampagne.net\/?p=14137#primaryimage"},"image":{"@id":"https:\/\/www.altercampagne.net\/?p=14137#primaryimage"},"thumbnailUrl":"https:\/\/www.altercampagne.net\/wp-content\/uploads\/2019\/05\/2019-08-02-EcoCentre-du-P\u00e9rigord-blog.jpg","datePublished":"2019-05-31T20:28:02+00:00","dateModified":"2020-04-06T10:03:20+00:00","author":{"@id":"https:\/\/www.altercampagne.net\/#\/schema\/person\/e5b68c803196f649c2152249d262d94a"},"breadcrumb":{"@id":"https:\/\/www.altercampagne.net\/?p=14137#breadcrumb"},"inLanguage":"fr-FR","potentialAction":[{"@type":"ReadAction","target":["https:\/\/www.altercampagne.net\/?p=14137"]}]},{"@type":"ImageObject","inLanguage":"fr-FR","@id":"https:\/\/www.altercampagne.net\/?p=14137#primaryimage","url":"https:\/\/www.altercampagne.net\/wp-content\/uploads\/2019\/05\/2019-08-02-EcoCentre-du-P\u00e9rigord-blog.jpg","contentUrl":"https:\/\/www.altercampagne.net\/wp-content\/uploads\/2019\/05\/2019-08-02-EcoCentre-du-P\u00e9rigord-blog.jpg","width":686,"height":358},{"@type":"BreadcrumbList","@id":"https:\/\/www.altercampagne.net\/?p=14137#breadcrumb","itemListElement":[{"@type":"ListItem","position":1,"name":"Accueil","item":"https:\/\/www.altercampagne.net\/"},{"@type":"ListItem","position":2,"name":"L&rsquo;\u00e9cocentre du P\u00e9rigord, un \u00e9co-syst\u00e8me d&rsquo;alternatives!"}]},{"@type":"WebSite","@id":"https:\/\/www.altercampagne.net\/#website","url":"https:\/\/www.altercampagne.net\/","name":"AlterTour","description":"Reliez les Alternatives \u00e0 v\u00e9lo","potentialAction":[{"@type":"SearchAction","target":{"@type":"EntryPoint","urlTemplate":"https:\/\/www.altercampagne.net\/?s={search_term_string}"},"query-input":{"@type":"PropertyValueSpecification","valueRequired":true,"valueName":"search_term_string"}}],"inLanguage":"fr-FR"},{"@type":"Person","@id":"https:\/\/www.altercampagne.net\/#\/schema\/person\/e5b68c803196f649c2152249d262d94a","name":"AlterTour","image":{"@type":"ImageObject","inLanguage":"fr-FR","@id":"https:\/\/secure.gravatar.com\/avatar\/3f2ed77f8506b8ea264ad5938bb0114bfa10f35b64086a66dfbb6e9f58ad9693?s=96&d=mm&r=g","url":"https:\/\/secure.gravatar.com\/avatar\/3f2ed77f8506b8ea264ad5938bb0114bfa10f35b64086a66dfbb6e9f58ad9693?s=96&d=mm&r=g","contentUrl":"https:\/\/secure.gravatar.com\/avatar\/3f2ed77f8506b8ea264ad5938bb0114bfa10f35b64086a66dfbb6e9f58ad9693?s=96&d=mm&r=g","caption":"AlterTour"},"url":"https:\/\/www.altercampagne.net\/?author=215"}]}},"_links":{"self":[{"href":"https:\/\/www.altercampagne.net\/index.php?rest_route=\/wp\/v2\/posts\/14137","targetHints":{"allow":["GET"]}}],"collection":[{"href":"https:\/\/www.altercampagne.net\/index.php?rest_route=\/wp\/v2\/posts"}],"about":[{"href":"https:\/\/www.altercampagne.net\/index.php?rest_route=\/wp\/v2\/types\/post"}],"author":[{"embeddable":true,"href":"https:\/\/www.altercampagne.net\/index.php?rest_route=\/wp\/v2\/users\/215"}],"replies":[{"embeddable":true,"href":"https:\/\/www.altercampagne.net\/index.php?rest_route=%2Fwp%2Fv2%2Fcomments&post=14137"}],"version-history":[{"count":1,"href":"https:\/\/www.altercampagne.net\/index.php?rest_route=\/wp\/v2\/posts\/14137\/revisions"}],"predecessor-version":[{"id":17998,"href":"https:\/\/www.altercampagne.net\/index.php?rest_route=\/wp\/v2\/posts\/14137\/revisions\/17998"}],"wp:featuredmedia":[{"embeddable":true,"href":"https:\/\/www.altercampagne.net\/index.php?rest_route=\/wp\/v2\/media\/14198"}],"wp:attachment":[{"href":"https:\/\/www.altercampagne.net\/index.php?rest_route=%2Fwp%2Fv2%2Fmedia&parent=14137"}],"wp:term":[{"taxonomy":"category","embeddable":true,"href":"https:\/\/www.altercampagne.net\/index.php?rest_route=%2Fwp%2Fv2%2Fcategories&post=14137"},{"taxonomy":"post_tag","embeddable":true,"href":"https:\/\/www.altercampagne.net\/index.php?rest_route=%2Fwp%2Fv2%2Ftags&post=14137"}],"curies":[{"name":"wp","href":"https:\/\/api.w.org\/{rel}","templated":true}]}}