{"id":14153,"date":"2019-06-02T22:55:33","date_gmt":"2019-06-02T20:55:33","guid":{"rendered":"http:\/\/www.altercampagne.net\/?p=14153"},"modified":"2019-06-13T22:05:40","modified_gmt":"2019-06-13T20:05:40","slug":"la-ferme-et-les-charmes-de-lautonomie","status":"publish","type":"post","link":"https:\/\/www.altercampagne.net\/?p=14153","title":{"rendered":"La ferme et les charmes de l&rsquo;autonomie"},"content":{"rendered":"\n<h4 class=\"wp-block-heading\"><strong>L\u2019AlterTour visitera la <a href=\"https:\/\/www.gaec-des-charmes.com\/page-la-ferme-des-charmes\" target=\"_blank\" rel=\"noreferrer noopener\" aria-label=\"ferme des Charmes (s\u2019ouvre dans un nouvel onglet)\">ferme des Charmes<\/a> le 6 ao\u00fbt \u00e0 Saint-Aquilin (24).<\/strong><\/h4>\n\n\n\n<p>Quatre calories de p\u00e9trole d\u00e9pens\u00e9es pour une calorie dans l\u2019assiette ! \u00c9tudiant et militant Greenpeace, ce ratio r\u00e9voltait Jules. Puis il y a eu l\u2019\u00e9chec du protocole de Kyoto. Aussi, quand il a cr\u00e9\u00e9 <strong><a href=\"https:\/\/www.gaec-des-charmes.com\/page-la-ferme-des-charmes\" target=\"_blank\" rel=\"noreferrer noopener\" aria-label=\"la ferme  (s\u2019ouvre dans un nouvel onglet)\">la ferme <\/a><\/strong>en 1999, il a d\u00e9cid\u00e9 d\u2019agir \u00e0 son niveau.  <\/p>\n\n\n\n<p>Eleveur, il produit\nsa viande avec 95 % d\u2019herbe s\u00e9ch\u00e9e : son s\u00e9choir permet de\nr\u00e9duire de 80 % la consommation de c\u00e9r\u00e9ales. Le ferme est aussi un\nprojet pilote en \u00e9nergie positive avec Solagro Toulouse. Et quand\ntoutes les activit\u00e9s seront en route, il sera m\u00eame producteur\nd\u2019\u00e9nergie gr\u00e2ce au m\u00e9thaniseur qui fournira \u00e9lectricit\u00e9,\nchaleur et gaz. \n<\/p>\n\n\n\n<p>Il r\u00e9cup\u00e8re aussi\ngratuitement les graisses aupr\u00e8s des collectivit\u00e9s pour produire du\nbiodiesel, alimentant le four \u00e0 pain et, \u00e0 titre exp\u00e9rimental, les\nv\u00e9hicules de livraison. Sa combustion ne produit pas de suie et tous\nses r\u00e9sidus sont moins nocifs que ceux de la combustion du p\u00e9trole.\n<\/p>\n\n\n\n<p>Ici, la recherche\ndes proc\u00e9d\u00e9s de production les plus \u00e9cologiques possibles donnent\nfoi dans le progr\u00e8s technologique !<\/p>\n\n\n\n<blockquote class=\"wp-block-quote is-layout-flow wp-block-quote-is-layout-flow\"><p> Pour moi, la d\u00e9mocratie est un id\u00e9al constant de partage, que ce soit de la r\u00e9flexion, du travail, des d\u00e9cisions, du foncier&#8230; \u00c0 tous les niveaux.  <\/p><cite> Jules Charmoy, associ\u00e9 fondateur du Gaec des Charmes<\/cite><\/blockquote>\n\n\n\n<h4 class=\"wp-block-heading\"><strong>L\u2019AlterTour rencontrera&nbsp;le GAEC des Charmes&nbsp;le 6 ao\u00fbt \u00e0 Saint-Aquilin (24). Pour plus d\u2019information consultez<a href=\"http:\/\/www.altercampagne.net\/?page_id=13601\" target=\"_blank\" rel=\"noreferrer noopener\" aria-label=\"&nbsp;le programme   (s\u2019ouvre dans un nouvel onglet)\">&nbsp;le programme<\/a><\/strong><a href=\"http:\/\/www.altercampagne.net\/?page_id=13601\" target=\"_blank\" rel=\"noreferrer noopener\" aria-label=\"&nbsp;le programme   (s\u2019ouvre dans un nouvel onglet)\">  <\/a><\/h4>\n","protected":false},"excerpt":{"rendered":"<p>Quatre calories de p\u00e9trole d\u00e9pens\u00e9es pour une calorie dans l\u2019assiette ! \u00c9tudiant et militant Greenpeace, ce ratio r\u00e9voltait Jules. Puis il y a eu l\u2019\u00e9chec du protocole de Kyoto. Aussi, quand il a cr\u00e9\u00e9 la ferme en 1999, il a d\u00e9cid\u00e9 d\u2019agir \u00e0 son niveau. <\/p>\n","protected":false},"author":215,"featured_media":14197,"comment_status":"closed","ping_status":"closed","sticky":false,"template":"","format":"standard","meta":{"footnotes":""},"categories":[3483,3773,3479],"tags":[271,3956],"class_list":["post-14153","post","type-post","status-publish","format-standard","has-post-thumbnail","hentry","category-agriculture","category-edition-2019","category-nouvelle-aquitaine","tag-autonomie","tag-saint-aquilin"],"yoast_head":"<!-- This site is optimized with the Yoast SEO plugin v27.3 - https:\/\/yoast.com\/product\/yoast-seo-wordpress\/ -->\n<title>La ferme et les charmes de l&#039;autonomie - AlterTour<\/title>\n<meta name=\"robots\" content=\"index, follow, max-snippet:-1, max-image-preview:large, max-video-preview:-1\" \/>\n<link rel=\"canonical\" href=\"https:\/\/www.altercampagne.net\/?p=14153\" \/>\n<meta property=\"og:locale\" content=\"fr_FR\" \/>\n<meta property=\"og:type\" content=\"article\" \/>\n<meta property=\"og:title\" content=\"La ferme et les charmes de l&#039;autonomie - AlterTour\" \/>\n<meta property=\"og:description\" content=\"Quatre calories de p\u00e9trole d\u00e9pens\u00e9es pour une calorie dans l\u2019assiette ! \u00c9tudiant et militant Greenpeace, ce ratio r\u00e9voltait Jules. Puis il y a eu l\u2019\u00e9chec du protocole de Kyoto. Aussi, quand il a cr\u00e9\u00e9 la ferme en 1999, il a d\u00e9cid\u00e9 d\u2019agir \u00e0 son niveau.\" \/>\n<meta property=\"og:url\" content=\"https:\/\/www.altercampagne.net\/?p=14153\" \/>\n<meta property=\"og:site_name\" content=\"AlterTour\" \/>\n<meta property=\"article:published_time\" content=\"2019-06-02T20:55:33+00:00\" \/>\n<meta property=\"article:modified_time\" content=\"2019-06-13T20:05:40+00:00\" \/>\n<meta property=\"og:image\" content=\"https:\/\/www.altercampagne.net\/wp-content\/uploads\/2019\/05\/2019-08-06_GAECDesCharmes-blog-e1559507254929.jpg\" \/>\n\t<meta property=\"og:image:width\" content=\"686\" \/>\n\t<meta property=\"og:image:height\" content=\"358\" \/>\n\t<meta property=\"og:image:type\" content=\"image\/jpeg\" \/>\n<meta name=\"author\" content=\"AlterTour\" \/>\n<meta name=\"twitter:card\" content=\"summary_large_image\" \/>\n<meta name=\"twitter:label1\" content=\"\u00c9crit par\" \/>\n\t<meta name=\"twitter:data1\" content=\"AlterTour\" \/>\n\t<meta name=\"twitter:label2\" content=\"Dur\u00e9e de lecture estim\u00e9e\" \/>\n\t<meta name=\"twitter:data2\" content=\"1 minute\" \/>\n<script type=\"application\/ld+json\" class=\"yoast-schema-graph\">{\"@context\":\"https:\\\/\\\/schema.org\",\"@graph\":[{\"@type\":\"Article\",\"@id\":\"https:\\\/\\\/www.altercampagne.net\\\/?p=14153#article\",\"isPartOf\":{\"@id\":\"https:\\\/\\\/www.altercampagne.net\\\/?p=14153\"},\"author\":{\"name\":\"AlterTour\",\"@id\":\"https:\\\/\\\/www.altercampagne.net\\\/#\\\/schema\\\/person\\\/e5b68c803196f649c2152249d262d94a\"},\"headline\":\"La ferme et les charmes de l&rsquo;autonomie\",\"datePublished\":\"2019-06-02T20:55:33+00:00\",\"dateModified\":\"2019-06-13T20:05:40+00:00\",\"mainEntityOfPage\":{\"@id\":\"https:\\\/\\\/www.altercampagne.net\\\/?p=14153\"},\"wordCount\":265,\"image\":{\"@id\":\"https:\\\/\\\/www.altercampagne.net\\\/?p=14153#primaryimage\"},\"thumbnailUrl\":\"https:\\\/\\\/www.altercampagne.net\\\/wp-content\\\/uploads\\\/2019\\\/05\\\/2019-08-06_GAECDesCharmes-blog-e1559507254929.jpg\",\"keywords\":[\"autonomie\",\"Saint-Aquilin\"],\"articleSection\":[\"Agriculture\",\"Edition 2019\",\"Nouvelle-Aquitaine\"],\"inLanguage\":\"fr-FR\"},{\"@type\":\"WebPage\",\"@id\":\"https:\\\/\\\/www.altercampagne.net\\\/?p=14153\",\"url\":\"https:\\\/\\\/www.altercampagne.net\\\/?p=14153\",\"name\":\"La ferme et les charmes de l'autonomie - AlterTour\",\"isPartOf\":{\"@id\":\"https:\\\/\\\/www.altercampagne.net\\\/#website\"},\"primaryImageOfPage\":{\"@id\":\"https:\\\/\\\/www.altercampagne.net\\\/?p=14153#primaryimage\"},\"image\":{\"@id\":\"https:\\\/\\\/www.altercampagne.net\\\/?p=14153#primaryimage\"},\"thumbnailUrl\":\"https:\\\/\\\/www.altercampagne.net\\\/wp-content\\\/uploads\\\/2019\\\/05\\\/2019-08-06_GAECDesCharmes-blog-e1559507254929.jpg\",\"datePublished\":\"2019-06-02T20:55:33+00:00\",\"dateModified\":\"2019-06-13T20:05:40+00:00\",\"author\":{\"@id\":\"https:\\\/\\\/www.altercampagne.net\\\/#\\\/schema\\\/person\\\/e5b68c803196f649c2152249d262d94a\"},\"breadcrumb\":{\"@id\":\"https:\\\/\\\/www.altercampagne.net\\\/?p=14153#breadcrumb\"},\"inLanguage\":\"fr-FR\",\"potentialAction\":[{\"@type\":\"ReadAction\",\"target\":[\"https:\\\/\\\/www.altercampagne.net\\\/?p=14153\"]}]},{\"@type\":\"ImageObject\",\"inLanguage\":\"fr-FR\",\"@id\":\"https:\\\/\\\/www.altercampagne.net\\\/?p=14153#primaryimage\",\"url\":\"https:\\\/\\\/www.altercampagne.net\\\/wp-content\\\/uploads\\\/2019\\\/05\\\/2019-08-06_GAECDesCharmes-blog-e1559507254929.jpg\",\"contentUrl\":\"https:\\\/\\\/www.altercampagne.net\\\/wp-content\\\/uploads\\\/2019\\\/05\\\/2019-08-06_GAECDesCharmes-blog-e1559507254929.jpg\",\"width\":686,\"height\":358},{\"@type\":\"BreadcrumbList\",\"@id\":\"https:\\\/\\\/www.altercampagne.net\\\/?p=14153#breadcrumb\",\"itemListElement\":[{\"@type\":\"ListItem\",\"position\":1,\"name\":\"Accueil\",\"item\":\"https:\\\/\\\/www.altercampagne.net\\\/\"},{\"@type\":\"ListItem\",\"position\":2,\"name\":\"La ferme et les charmes de l&rsquo;autonomie\"}]},{\"@type\":\"WebSite\",\"@id\":\"https:\\\/\\\/www.altercampagne.net\\\/#website\",\"url\":\"https:\\\/\\\/www.altercampagne.net\\\/\",\"name\":\"AlterTour\",\"description\":\"Reliez les Alternatives \u00e0 v\u00e9lo\",\"potentialAction\":[{\"@type\":\"SearchAction\",\"target\":{\"@type\":\"EntryPoint\",\"urlTemplate\":\"https:\\\/\\\/www.altercampagne.net\\\/?s={search_term_string}\"},\"query-input\":{\"@type\":\"PropertyValueSpecification\",\"valueRequired\":true,\"valueName\":\"search_term_string\"}}],\"inLanguage\":\"fr-FR\"},{\"@type\":\"Person\",\"@id\":\"https:\\\/\\\/www.altercampagne.net\\\/#\\\/schema\\\/person\\\/e5b68c803196f649c2152249d262d94a\",\"name\":\"AlterTour\",\"image\":{\"@type\":\"ImageObject\",\"inLanguage\":\"fr-FR\",\"@id\":\"https:\\\/\\\/secure.gravatar.com\\\/avatar\\\/3f2ed77f8506b8ea264ad5938bb0114bfa10f35b64086a66dfbb6e9f58ad9693?s=96&d=mm&r=g\",\"url\":\"https:\\\/\\\/secure.gravatar.com\\\/avatar\\\/3f2ed77f8506b8ea264ad5938bb0114bfa10f35b64086a66dfbb6e9f58ad9693?s=96&d=mm&r=g\",\"contentUrl\":\"https:\\\/\\\/secure.gravatar.com\\\/avatar\\\/3f2ed77f8506b8ea264ad5938bb0114bfa10f35b64086a66dfbb6e9f58ad9693?s=96&d=mm&r=g\",\"caption\":\"AlterTour\"},\"url\":\"https:\\\/\\\/www.altercampagne.net\\\/?author=215\"}]}<\/script>\n<!-- \/ Yoast SEO plugin. -->","yoast_head_json":{"title":"La ferme et les charmes de l'autonomie - AlterTour","robots":{"index":"index","follow":"follow","max-snippet":"max-snippet:-1","max-image-preview":"max-image-preview:large","max-video-preview":"max-video-preview:-1"},"canonical":"https:\/\/www.altercampagne.net\/?p=14153","og_locale":"fr_FR","og_type":"article","og_title":"La ferme et les charmes de l'autonomie - AlterTour","og_description":"Quatre calories de p\u00e9trole d\u00e9pens\u00e9es pour une calorie dans l\u2019assiette ! \u00c9tudiant et militant Greenpeace, ce ratio r\u00e9voltait Jules. Puis il y a eu l\u2019\u00e9chec du protocole de Kyoto. Aussi, quand il a cr\u00e9\u00e9 la ferme en 1999, il a d\u00e9cid\u00e9 d\u2019agir \u00e0 son niveau.","og_url":"https:\/\/www.altercampagne.net\/?p=14153","og_site_name":"AlterTour","article_published_time":"2019-06-02T20:55:33+00:00","article_modified_time":"2019-06-13T20:05:40+00:00","og_image":[{"width":686,"height":358,"url":"https:\/\/www.altercampagne.net\/wp-content\/uploads\/2019\/05\/2019-08-06_GAECDesCharmes-blog-e1559507254929.jpg","type":"image\/jpeg"}],"author":"AlterTour","twitter_card":"summary_large_image","twitter_misc":{"\u00c9crit par":"AlterTour","Dur\u00e9e de lecture estim\u00e9e":"1 minute"},"schema":{"@context":"https:\/\/schema.org","@graph":[{"@type":"Article","@id":"https:\/\/www.altercampagne.net\/?p=14153#article","isPartOf":{"@id":"https:\/\/www.altercampagne.net\/?p=14153"},"author":{"name":"AlterTour","@id":"https:\/\/www.altercampagne.net\/#\/schema\/person\/e5b68c803196f649c2152249d262d94a"},"headline":"La ferme et les charmes de l&rsquo;autonomie","datePublished":"2019-06-02T20:55:33+00:00","dateModified":"2019-06-13T20:05:40+00:00","mainEntityOfPage":{"@id":"https:\/\/www.altercampagne.net\/?p=14153"},"wordCount":265,"image":{"@id":"https:\/\/www.altercampagne.net\/?p=14153#primaryimage"},"thumbnailUrl":"https:\/\/www.altercampagne.net\/wp-content\/uploads\/2019\/05\/2019-08-06_GAECDesCharmes-blog-e1559507254929.jpg","keywords":["autonomie","Saint-Aquilin"],"articleSection":["Agriculture","Edition 2019","Nouvelle-Aquitaine"],"inLanguage":"fr-FR"},{"@type":"WebPage","@id":"https:\/\/www.altercampagne.net\/?p=14153","url":"https:\/\/www.altercampagne.net\/?p=14153","name":"La ferme et les charmes de l'autonomie - AlterTour","isPartOf":{"@id":"https:\/\/www.altercampagne.net\/#website"},"primaryImageOfPage":{"@id":"https:\/\/www.altercampagne.net\/?p=14153#primaryimage"},"image":{"@id":"https:\/\/www.altercampagne.net\/?p=14153#primaryimage"},"thumbnailUrl":"https:\/\/www.altercampagne.net\/wp-content\/uploads\/2019\/05\/2019-08-06_GAECDesCharmes-blog-e1559507254929.jpg","datePublished":"2019-06-02T20:55:33+00:00","dateModified":"2019-06-13T20:05:40+00:00","author":{"@id":"https:\/\/www.altercampagne.net\/#\/schema\/person\/e5b68c803196f649c2152249d262d94a"},"breadcrumb":{"@id":"https:\/\/www.altercampagne.net\/?p=14153#breadcrumb"},"inLanguage":"fr-FR","potentialAction":[{"@type":"ReadAction","target":["https:\/\/www.altercampagne.net\/?p=14153"]}]},{"@type":"ImageObject","inLanguage":"fr-FR","@id":"https:\/\/www.altercampagne.net\/?p=14153#primaryimage","url":"https:\/\/www.altercampagne.net\/wp-content\/uploads\/2019\/05\/2019-08-06_GAECDesCharmes-blog-e1559507254929.jpg","contentUrl":"https:\/\/www.altercampagne.net\/wp-content\/uploads\/2019\/05\/2019-08-06_GAECDesCharmes-blog-e1559507254929.jpg","width":686,"height":358},{"@type":"BreadcrumbList","@id":"https:\/\/www.altercampagne.net\/?p=14153#breadcrumb","itemListElement":[{"@type":"ListItem","position":1,"name":"Accueil","item":"https:\/\/www.altercampagne.net\/"},{"@type":"ListItem","position":2,"name":"La ferme et les charmes de l&rsquo;autonomie"}]},{"@type":"WebSite","@id":"https:\/\/www.altercampagne.net\/#website","url":"https:\/\/www.altercampagne.net\/","name":"AlterTour","description":"Reliez les Alternatives \u00e0 v\u00e9lo","potentialAction":[{"@type":"SearchAction","target":{"@type":"EntryPoint","urlTemplate":"https:\/\/www.altercampagne.net\/?s={search_term_string}"},"query-input":{"@type":"PropertyValueSpecification","valueRequired":true,"valueName":"search_term_string"}}],"inLanguage":"fr-FR"},{"@type":"Person","@id":"https:\/\/www.altercampagne.net\/#\/schema\/person\/e5b68c803196f649c2152249d262d94a","name":"AlterTour","image":{"@type":"ImageObject","inLanguage":"fr-FR","@id":"https:\/\/secure.gravatar.com\/avatar\/3f2ed77f8506b8ea264ad5938bb0114bfa10f35b64086a66dfbb6e9f58ad9693?s=96&d=mm&r=g","url":"https:\/\/secure.gravatar.com\/avatar\/3f2ed77f8506b8ea264ad5938bb0114bfa10f35b64086a66dfbb6e9f58ad9693?s=96&d=mm&r=g","contentUrl":"https:\/\/secure.gravatar.com\/avatar\/3f2ed77f8506b8ea264ad5938bb0114bfa10f35b64086a66dfbb6e9f58ad9693?s=96&d=mm&r=g","caption":"AlterTour"},"url":"https:\/\/www.altercampagne.net\/?author=215"}]}},"_links":{"self":[{"href":"https:\/\/www.altercampagne.net\/index.php?rest_route=\/wp\/v2\/posts\/14153","targetHints":{"allow":["GET"]}}],"collection":[{"href":"https:\/\/www.altercampagne.net\/index.php?rest_route=\/wp\/v2\/posts"}],"about":[{"href":"https:\/\/www.altercampagne.net\/index.php?rest_route=\/wp\/v2\/types\/post"}],"author":[{"embeddable":true,"href":"https:\/\/www.altercampagne.net\/index.php?rest_route=\/wp\/v2\/users\/215"}],"replies":[{"embeddable":true,"href":"https:\/\/www.altercampagne.net\/index.php?rest_route=%2Fwp%2Fv2%2Fcomments&post=14153"}],"version-history":[{"count":0,"href":"https:\/\/www.altercampagne.net\/index.php?rest_route=\/wp\/v2\/posts\/14153\/revisions"}],"wp:featuredmedia":[{"embeddable":true,"href":"https:\/\/www.altercampagne.net\/index.php?rest_route=\/wp\/v2\/media\/14197"}],"wp:attachment":[{"href":"https:\/\/www.altercampagne.net\/index.php?rest_route=%2Fwp%2Fv2%2Fmedia&parent=14153"}],"wp:term":[{"taxonomy":"category","embeddable":true,"href":"https:\/\/www.altercampagne.net\/index.php?rest_route=%2Fwp%2Fv2%2Fcategories&post=14153"},{"taxonomy":"post_tag","embeddable":true,"href":"https:\/\/www.altercampagne.net\/index.php?rest_route=%2Fwp%2Fv2%2Ftags&post=14153"}],"curies":[{"name":"wp","href":"https:\/\/api.w.org\/{rel}","templated":true}]}}