{"id":14164,"date":"2019-06-04T23:19:33","date_gmt":"2019-06-04T21:19:33","guid":{"rendered":"http:\/\/www.altercampagne.net\/?p=14164"},"modified":"2019-06-05T00:55:40","modified_gmt":"2019-06-04T22:55:40","slug":"rencontre-des-figeacteurs-agitateurs-de-territoire","status":"publish","type":"post","link":"https:\/\/www.altercampagne.net\/?p=14164","title":{"rendered":"Rencontre des Figeacteurs, agitateurs de territoire"},"content":{"rendered":"\n<h4 class=\"wp-block-heading\"><strong>L\u2019AlterTour rencontrera les <a href=\"https:\/\/www.figeacteurs.fr\/\" target=\"_blank\" rel=\"noreferrer noopener\" aria-label=\"Figeacteurs  (s\u2019ouvre dans un nouvel onglet)\">Figeacteurs <\/a>le 13 ao\u00fbt \u00e0 Figeac (46).<\/strong><\/h4>\n\n\n\n<h5 class=\"wp-block-heading\"><strong>L\u2019association Figeacteurs est un P\u00f4le Territorial de Coop\u00e9ration Economique (PTCE) cr\u00e9\u00e9 en 2015 par des entreprises locales pour d\u00e9velopper l\u2019attractivit\u00e9 du territoire de Figeac. <\/strong> <\/h5>\n\n\n\n<p>Figeacteurs : un patronyme qui \u00e9voque une troupe de th\u00e9\u00e2tre ? Eh bien non ! Pourtant, le nom de cette association nous autorise la m\u00e9taphore, avec : des acteurs et un public qui sont potentiellement les m\u00eames, un sc\u00e9nario \u00e9manant de la soci\u00e9t\u00e9 civile, et une sc\u00e8ne \u2013 le bassin de vie figeacois.  Ainsi, l<a rel=\"noreferrer noopener\" aria-label=\"\u2019association Figeacteurs (s\u2019ouvre dans un nouvel onglet)\" href=\"https:\/\/www.figeacteurs.fr\/\" target=\"_blank\"><strong>\u2019association Figeacteurs<\/strong><\/a> se charge de trouver les acteurs pour compl\u00e9ter la troupe et de r\u00e9unir tout le monde pour la mise en sc\u00e8ne, jusqu\u2019\u00e0 la derni\u00e8re r\u00e9p\u00e9tition et l\u2019aboutissement du projet. On passe donc du one-man-show (\u00ab j\u2019ai une id\u00e9e que j\u2019aimerais voir aboutir \u00bb) \u00e0 une pi\u00e8ce de th\u00e9\u00e2tre collective coordonn\u00e9e par Figeacteurs, gr\u00e2ce \u00e0 la participation de tous.  <\/p>\n\n\n\n<h4 class=\"wp-block-heading\">Incubateur de\nprojets mutualis\u00e9s<\/h4>\n\n\n\n<p>Concr\u00e8tement,\nl\u2019objet de l\u2019association est de r\u00e9unir une diversit\u00e9 d\u2019acteurs,\nqui ne seraient pas l\u00e9gitimes pour monter seuls un projet, mais qui\nle deviennent \u00e0 plusieurs. Les diff\u00e9rents projets visent \u00e0\nrenforcer l\u2019attractivit\u00e9 du territoire, tout en relevant les d\u00e9fis\nsoci\u00e9taux, pour s\u2019inscrire dans un futur durable et solidaire, et\nproposer un d\u00e9veloppement \u00e9conomique et social au service de tous.\nDe nouvelles pi\u00e8ces sont en cours d\u2019\u00e9criture\u2026<\/p>\n\n\n\n<h4 class=\"wp-block-heading\"><strong>L\u2019AlterTour rencontrera les Figeacteurs le 13 ao\u00fbt \u00e0 Figeac (46). Pour plus d\u2019information consultez&nbsp;<a href=\"http:\/\/www.altercampagne.net\/?page_id=13601\" target=\"_blank\" rel=\"noreferrer noopener\" aria-label=\" (s\u2019ouvre dans un nouvel onglet)\">le programme<\/a><\/strong>  .<\/h4>\n","protected":false},"excerpt":{"rendered":"<p>L\u2019association Figeacteurs est un P\u00f4le Territorial de Coop\u00e9ration Economique (PTCE) cr\u00e9\u00e9 en 2015 par des entreprises locales pour d\u00e9velopper l\u2019attractivit\u00e9 du territoire du territoire de Figeac. <\/p>\n","protected":false},"author":207,"featured_media":14199,"comment_status":"closed","ping_status":"closed","sticky":false,"template":"","format":"standard","meta":{"footnotes":""},"categories":[3484,3773,3480,3488,3540],"tags":[584,3953,3954,3955],"class_list":["post-14164","post","type-post","status-publish","format-standard","has-post-thumbnail","hentry","category-economie","category-edition-2019","category-occitanie","category-social","category-transverse","tag-economie-sociale-et-solidaire","tag-incubateur","tag-territoire","tag-figeac"],"yoast_head":"<!-- This site is optimized with the Yoast SEO plugin v27.3 - https:\/\/yoast.com\/product\/yoast-seo-wordpress\/ -->\n<title>Rencontre des Figeacteurs, agitateurs de territoire - AlterTour<\/title>\n<meta name=\"robots\" content=\"index, follow, max-snippet:-1, max-image-preview:large, max-video-preview:-1\" \/>\n<link rel=\"canonical\" href=\"https:\/\/www.altercampagne.net\/?p=14164\" \/>\n<meta property=\"og:locale\" content=\"fr_FR\" \/>\n<meta property=\"og:type\" content=\"article\" \/>\n<meta property=\"og:title\" content=\"Rencontre des Figeacteurs, agitateurs de territoire - AlterTour\" \/>\n<meta property=\"og:description\" content=\"L\u2019association Figeacteurs est un P\u00f4le Territorial de Coop\u00e9ration Economique (PTCE) cr\u00e9\u00e9 en 2015 par des entreprises locales pour d\u00e9velopper l\u2019attractivit\u00e9 du territoire du territoire de Figeac.\" \/>\n<meta property=\"og:url\" content=\"https:\/\/www.altercampagne.net\/?p=14164\" \/>\n<meta property=\"og:site_name\" content=\"AlterTour\" \/>\n<meta property=\"article:published_time\" content=\"2019-06-04T21:19:33+00:00\" \/>\n<meta property=\"article:modified_time\" content=\"2019-06-04T22:55:40+00:00\" \/>\n<meta property=\"og:image\" content=\"https:\/\/www.altercampagne.net\/wp-content\/uploads\/2019\/05\/2019-08-13-Figeacteurs-blog.jpg\" \/>\n\t<meta property=\"og:image:width\" content=\"686\" \/>\n\t<meta property=\"og:image:height\" content=\"358\" \/>\n\t<meta property=\"og:image:type\" content=\"image\/jpeg\" \/>\n<meta name=\"author\" content=\"Val\u00e9rie M\" \/>\n<meta name=\"twitter:card\" content=\"summary_large_image\" \/>\n<meta name=\"twitter:label1\" content=\"\u00c9crit par\" \/>\n\t<meta name=\"twitter:data1\" content=\"Val\u00e9rie M\" \/>\n\t<meta name=\"twitter:label2\" content=\"Dur\u00e9e de lecture estim\u00e9e\" \/>\n\t<meta name=\"twitter:data2\" content=\"1 minute\" \/>\n<script type=\"application\/ld+json\" class=\"yoast-schema-graph\">{\"@context\":\"https:\\\/\\\/schema.org\",\"@graph\":[{\"@type\":\"Article\",\"@id\":\"https:\\\/\\\/www.altercampagne.net\\\/?p=14164#article\",\"isPartOf\":{\"@id\":\"https:\\\/\\\/www.altercampagne.net\\\/?p=14164\"},\"author\":{\"name\":\"Val\u00e9rie M\",\"@id\":\"https:\\\/\\\/www.altercampagne.net\\\/#\\\/schema\\\/person\\\/b51ff5ba81b0c6a3abb4d3ac9512e8cf\"},\"headline\":\"Rencontre des Figeacteurs, agitateurs de territoire\",\"datePublished\":\"2019-06-04T21:19:33+00:00\",\"dateModified\":\"2019-06-04T22:55:40+00:00\",\"mainEntityOfPage\":{\"@id\":\"https:\\\/\\\/www.altercampagne.net\\\/?p=14164\"},\"wordCount\":270,\"image\":{\"@id\":\"https:\\\/\\\/www.altercampagne.net\\\/?p=14164#primaryimage\"},\"thumbnailUrl\":\"https:\\\/\\\/www.altercampagne.net\\\/wp-content\\\/uploads\\\/2019\\\/05\\\/2019-08-13-Figeacteurs-blog.jpg\",\"keywords\":[\"\u00e9conomie sociale et solidaire\",\"incubateur\",\"territoire\",\"Figeac\"],\"articleSection\":[\"\u00c9conomie\",\"Edition 2019\",\"Occitanie\",\"Social\",\"Transverse\"],\"inLanguage\":\"fr-FR\"},{\"@type\":\"WebPage\",\"@id\":\"https:\\\/\\\/www.altercampagne.net\\\/?p=14164\",\"url\":\"https:\\\/\\\/www.altercampagne.net\\\/?p=14164\",\"name\":\"Rencontre des Figeacteurs, agitateurs de territoire - AlterTour\",\"isPartOf\":{\"@id\":\"https:\\\/\\\/www.altercampagne.net\\\/#website\"},\"primaryImageOfPage\":{\"@id\":\"https:\\\/\\\/www.altercampagne.net\\\/?p=14164#primaryimage\"},\"image\":{\"@id\":\"https:\\\/\\\/www.altercampagne.net\\\/?p=14164#primaryimage\"},\"thumbnailUrl\":\"https:\\\/\\\/www.altercampagne.net\\\/wp-content\\\/uploads\\\/2019\\\/05\\\/2019-08-13-Figeacteurs-blog.jpg\",\"datePublished\":\"2019-06-04T21:19:33+00:00\",\"dateModified\":\"2019-06-04T22:55:40+00:00\",\"author\":{\"@id\":\"https:\\\/\\\/www.altercampagne.net\\\/#\\\/schema\\\/person\\\/b51ff5ba81b0c6a3abb4d3ac9512e8cf\"},\"breadcrumb\":{\"@id\":\"https:\\\/\\\/www.altercampagne.net\\\/?p=14164#breadcrumb\"},\"inLanguage\":\"fr-FR\",\"potentialAction\":[{\"@type\":\"ReadAction\",\"target\":[\"https:\\\/\\\/www.altercampagne.net\\\/?p=14164\"]}]},{\"@type\":\"ImageObject\",\"inLanguage\":\"fr-FR\",\"@id\":\"https:\\\/\\\/www.altercampagne.net\\\/?p=14164#primaryimage\",\"url\":\"https:\\\/\\\/www.altercampagne.net\\\/wp-content\\\/uploads\\\/2019\\\/05\\\/2019-08-13-Figeacteurs-blog.jpg\",\"contentUrl\":\"https:\\\/\\\/www.altercampagne.net\\\/wp-content\\\/uploads\\\/2019\\\/05\\\/2019-08-13-Figeacteurs-blog.jpg\",\"width\":686,\"height\":358},{\"@type\":\"BreadcrumbList\",\"@id\":\"https:\\\/\\\/www.altercampagne.net\\\/?p=14164#breadcrumb\",\"itemListElement\":[{\"@type\":\"ListItem\",\"position\":1,\"name\":\"Accueil\",\"item\":\"https:\\\/\\\/www.altercampagne.net\\\/\"},{\"@type\":\"ListItem\",\"position\":2,\"name\":\"Rencontre des Figeacteurs, agitateurs de territoire\"}]},{\"@type\":\"WebSite\",\"@id\":\"https:\\\/\\\/www.altercampagne.net\\\/#website\",\"url\":\"https:\\\/\\\/www.altercampagne.net\\\/\",\"name\":\"AlterTour\",\"description\":\"Reliez les Alternatives \u00e0 v\u00e9lo\",\"potentialAction\":[{\"@type\":\"SearchAction\",\"target\":{\"@type\":\"EntryPoint\",\"urlTemplate\":\"https:\\\/\\\/www.altercampagne.net\\\/?s={search_term_string}\"},\"query-input\":{\"@type\":\"PropertyValueSpecification\",\"valueRequired\":true,\"valueName\":\"search_term_string\"}}],\"inLanguage\":\"fr-FR\"},{\"@type\":\"Person\",\"@id\":\"https:\\\/\\\/www.altercampagne.net\\\/#\\\/schema\\\/person\\\/b51ff5ba81b0c6a3abb4d3ac9512e8cf\",\"name\":\"Val\u00e9rie M\",\"image\":{\"@type\":\"ImageObject\",\"inLanguage\":\"fr-FR\",\"@id\":\"https:\\\/\\\/secure.gravatar.com\\\/avatar\\\/db9ecc9561637ed429fd8be2405af78b439ab531b3e3c4ab75a6864c87354d02?s=96&d=mm&r=g\",\"url\":\"https:\\\/\\\/secure.gravatar.com\\\/avatar\\\/db9ecc9561637ed429fd8be2405af78b439ab531b3e3c4ab75a6864c87354d02?s=96&d=mm&r=g\",\"contentUrl\":\"https:\\\/\\\/secure.gravatar.com\\\/avatar\\\/db9ecc9561637ed429fd8be2405af78b439ab531b3e3c4ab75a6864c87354d02?s=96&d=mm&r=g\",\"caption\":\"Val\u00e9rie M\"},\"url\":\"https:\\\/\\\/www.altercampagne.net\\\/?author=207\"}]}<\/script>\n<!-- \/ Yoast SEO plugin. -->","yoast_head_json":{"title":"Rencontre des Figeacteurs, agitateurs de territoire - AlterTour","robots":{"index":"index","follow":"follow","max-snippet":"max-snippet:-1","max-image-preview":"max-image-preview:large","max-video-preview":"max-video-preview:-1"},"canonical":"https:\/\/www.altercampagne.net\/?p=14164","og_locale":"fr_FR","og_type":"article","og_title":"Rencontre des Figeacteurs, agitateurs de territoire - AlterTour","og_description":"L\u2019association Figeacteurs est un P\u00f4le Territorial de Coop\u00e9ration Economique (PTCE) cr\u00e9\u00e9 en 2015 par des entreprises locales pour d\u00e9velopper l\u2019attractivit\u00e9 du territoire du territoire de Figeac.","og_url":"https:\/\/www.altercampagne.net\/?p=14164","og_site_name":"AlterTour","article_published_time":"2019-06-04T21:19:33+00:00","article_modified_time":"2019-06-04T22:55:40+00:00","og_image":[{"width":686,"height":358,"url":"https:\/\/www.altercampagne.net\/wp-content\/uploads\/2019\/05\/2019-08-13-Figeacteurs-blog.jpg","type":"image\/jpeg"}],"author":"Val\u00e9rie M","twitter_card":"summary_large_image","twitter_misc":{"\u00c9crit par":"Val\u00e9rie M","Dur\u00e9e de lecture estim\u00e9e":"1 minute"},"schema":{"@context":"https:\/\/schema.org","@graph":[{"@type":"Article","@id":"https:\/\/www.altercampagne.net\/?p=14164#article","isPartOf":{"@id":"https:\/\/www.altercampagne.net\/?p=14164"},"author":{"name":"Val\u00e9rie M","@id":"https:\/\/www.altercampagne.net\/#\/schema\/person\/b51ff5ba81b0c6a3abb4d3ac9512e8cf"},"headline":"Rencontre des Figeacteurs, agitateurs de territoire","datePublished":"2019-06-04T21:19:33+00:00","dateModified":"2019-06-04T22:55:40+00:00","mainEntityOfPage":{"@id":"https:\/\/www.altercampagne.net\/?p=14164"},"wordCount":270,"image":{"@id":"https:\/\/www.altercampagne.net\/?p=14164#primaryimage"},"thumbnailUrl":"https:\/\/www.altercampagne.net\/wp-content\/uploads\/2019\/05\/2019-08-13-Figeacteurs-blog.jpg","keywords":["\u00e9conomie sociale et solidaire","incubateur","territoire","Figeac"],"articleSection":["\u00c9conomie","Edition 2019","Occitanie","Social","Transverse"],"inLanguage":"fr-FR"},{"@type":"WebPage","@id":"https:\/\/www.altercampagne.net\/?p=14164","url":"https:\/\/www.altercampagne.net\/?p=14164","name":"Rencontre des Figeacteurs, agitateurs de territoire - AlterTour","isPartOf":{"@id":"https:\/\/www.altercampagne.net\/#website"},"primaryImageOfPage":{"@id":"https:\/\/www.altercampagne.net\/?p=14164#primaryimage"},"image":{"@id":"https:\/\/www.altercampagne.net\/?p=14164#primaryimage"},"thumbnailUrl":"https:\/\/www.altercampagne.net\/wp-content\/uploads\/2019\/05\/2019-08-13-Figeacteurs-blog.jpg","datePublished":"2019-06-04T21:19:33+00:00","dateModified":"2019-06-04T22:55:40+00:00","author":{"@id":"https:\/\/www.altercampagne.net\/#\/schema\/person\/b51ff5ba81b0c6a3abb4d3ac9512e8cf"},"breadcrumb":{"@id":"https:\/\/www.altercampagne.net\/?p=14164#breadcrumb"},"inLanguage":"fr-FR","potentialAction":[{"@type":"ReadAction","target":["https:\/\/www.altercampagne.net\/?p=14164"]}]},{"@type":"ImageObject","inLanguage":"fr-FR","@id":"https:\/\/www.altercampagne.net\/?p=14164#primaryimage","url":"https:\/\/www.altercampagne.net\/wp-content\/uploads\/2019\/05\/2019-08-13-Figeacteurs-blog.jpg","contentUrl":"https:\/\/www.altercampagne.net\/wp-content\/uploads\/2019\/05\/2019-08-13-Figeacteurs-blog.jpg","width":686,"height":358},{"@type":"BreadcrumbList","@id":"https:\/\/www.altercampagne.net\/?p=14164#breadcrumb","itemListElement":[{"@type":"ListItem","position":1,"name":"Accueil","item":"https:\/\/www.altercampagne.net\/"},{"@type":"ListItem","position":2,"name":"Rencontre des Figeacteurs, agitateurs de territoire"}]},{"@type":"WebSite","@id":"https:\/\/www.altercampagne.net\/#website","url":"https:\/\/www.altercampagne.net\/","name":"AlterTour","description":"Reliez les Alternatives \u00e0 v\u00e9lo","potentialAction":[{"@type":"SearchAction","target":{"@type":"EntryPoint","urlTemplate":"https:\/\/www.altercampagne.net\/?s={search_term_string}"},"query-input":{"@type":"PropertyValueSpecification","valueRequired":true,"valueName":"search_term_string"}}],"inLanguage":"fr-FR"},{"@type":"Person","@id":"https:\/\/www.altercampagne.net\/#\/schema\/person\/b51ff5ba81b0c6a3abb4d3ac9512e8cf","name":"Val\u00e9rie M","image":{"@type":"ImageObject","inLanguage":"fr-FR","@id":"https:\/\/secure.gravatar.com\/avatar\/db9ecc9561637ed429fd8be2405af78b439ab531b3e3c4ab75a6864c87354d02?s=96&d=mm&r=g","url":"https:\/\/secure.gravatar.com\/avatar\/db9ecc9561637ed429fd8be2405af78b439ab531b3e3c4ab75a6864c87354d02?s=96&d=mm&r=g","contentUrl":"https:\/\/secure.gravatar.com\/avatar\/db9ecc9561637ed429fd8be2405af78b439ab531b3e3c4ab75a6864c87354d02?s=96&d=mm&r=g","caption":"Val\u00e9rie M"},"url":"https:\/\/www.altercampagne.net\/?author=207"}]}},"_links":{"self":[{"href":"https:\/\/www.altercampagne.net\/index.php?rest_route=\/wp\/v2\/posts\/14164","targetHints":{"allow":["GET"]}}],"collection":[{"href":"https:\/\/www.altercampagne.net\/index.php?rest_route=\/wp\/v2\/posts"}],"about":[{"href":"https:\/\/www.altercampagne.net\/index.php?rest_route=\/wp\/v2\/types\/post"}],"author":[{"embeddable":true,"href":"https:\/\/www.altercampagne.net\/index.php?rest_route=\/wp\/v2\/users\/207"}],"replies":[{"embeddable":true,"href":"https:\/\/www.altercampagne.net\/index.php?rest_route=%2Fwp%2Fv2%2Fcomments&post=14164"}],"version-history":[{"count":0,"href":"https:\/\/www.altercampagne.net\/index.php?rest_route=\/wp\/v2\/posts\/14164\/revisions"}],"wp:featuredmedia":[{"embeddable":true,"href":"https:\/\/www.altercampagne.net\/index.php?rest_route=\/wp\/v2\/media\/14199"}],"wp:attachment":[{"href":"https:\/\/www.altercampagne.net\/index.php?rest_route=%2Fwp%2Fv2%2Fmedia&parent=14164"}],"wp:term":[{"taxonomy":"category","embeddable":true,"href":"https:\/\/www.altercampagne.net\/index.php?rest_route=%2Fwp%2Fv2%2Fcategories&post=14164"},{"taxonomy":"post_tag","embeddable":true,"href":"https:\/\/www.altercampagne.net\/index.php?rest_route=%2Fwp%2Fv2%2Ftags&post=14164"}],"curies":[{"name":"wp","href":"https:\/\/api.w.org\/{rel}","templated":true}]}}