{"id":1425,"date":"2015-05-26T18:40:38","date_gmt":"2015-05-26T16:40:38","guid":{"rendered":"http:\/\/www.altercampagne.net\/?p=1425"},"modified":"2020-02-24T17:27:22","modified_gmt":"2020-02-24T16:27:22","slug":"les-incroyables-comestibles-le-dimanche-2-aout-a-gedinne","status":"publish","type":"post","link":"https:\/\/www.altercampagne.net\/?p=1425","title":{"rendered":"Les Incroyables Comestibles et le Repair Caf\u00e9 le dimanche 2 ao\u00fbt \u00e0 Gedinne"},"content":{"rendered":"<p><a href=\"http:\/\/www.altercampagne.net\/wp-content\/uploads\/2015\/05\/2015-08-02-IC.jpg\"><img loading=\"lazy\" decoding=\"async\" class=\" wp-image-1309 size-medium alignright\" src=\"http:\/\/www.altercampagne.net\/wp-content\/uploads\/2015\/05\/2015-08-02-IC-300x219.jpg\" alt=\"Gedinne Incroyables comestibles AlterTour 2015\" width=\"300\" height=\"219\" srcset=\"https:\/\/www.altercampagne.net\/wp-content\/uploads\/2015\/05\/2015-08-02-IC-300x219.jpg 300w, https:\/\/www.altercampagne.net\/wp-content\/uploads\/2015\/05\/2015-08-02-IC.jpg 960w\" sizes=\"auto, (max-width: 300px) 100vw, 300px\" \/><\/a><em><strong>Les Incroyables Comestibles<\/strong><\/em><\/p>\n<p>C&rsquo;est au d\u00e9but 2014 que l&rsquo;initiative des Incroyables Comestibles de Gedinne est lanc\u00e9e&nbsp;sur la commune. Les diff\u00e9rents objectifs sont le partage, la solidarit\u00e9 entre les habitants en promouvant le&nbsp;principe de&nbsp;gratuit\u00e9 et de don.<br \/>\nLe principe ? Les personnes qui le souhaitent fabriquent un bac \u00e0 l\u00e9gumes qu&rsquo;ils s\u00e8ment et placent devant chez eux et toute personne peut disposer gratuitement des v\u00e9g\u00e9taux venus \u00e0 maturit\u00e9.<\/p>\n<p>Pour promouvoir son projet, l&rsquo;association organise des ateliers de construction de bacs \u00e0 partir de palettes&nbsp; ou de planches achet\u00e9es gr\u00e2ce \u00e0 une subvention de la Fondation Roi Baudouin et de la Loterie Nationale.<br \/>\nLes IC de Gedinne entretiennent un potager qui sert&nbsp;\u00e0 la plantation des bacs, \u00e0&nbsp;l&rsquo;organisation d&rsquo;une f\u00eate, \u00e0 des dons. Ils sensibilisent aussi les \u00e9coles \u00e0 promouvoir une nourriture de qualit\u00e9 et l&rsquo;id\u00e9e de partage en y installant des bacs \u00e0 planter par les enfants. Ils vont \u00e9galement \u00e9diter &nbsp;un livre pour enfants cr\u00e9\u00e9 par des enfants.<\/p>\n<p>Page Facebook de <a href=\"https:\/\/www.facebook.com\/pages\/Gedinne-incroyables-comestibles\/626442514109586?fref=ts\" target=\"_blank\" rel=\"noopener noreferrer\">Gedinne Incroyables Comestibles<\/a><\/p>\n<p>Les Incroyables Comestibles de Gedinne travaillent aussi en \u00e9troite collaboration avec d&rsquo;autres initiatives locales comme le <a href=\"https:\/\/www.facebook.com\/RepairCafeGedinne\">Repair Caf\u00e9 <\/a>et sa gife box, le Gedisel, l&rsquo;\u00e9cole des devoirs de la Fourmili\u00e8re, l&rsquo;ACRF, l&rsquo;YMCA, des \u00e9coles et la commune.<\/p>\n<p><a href=\"http:\/\/www.incredible-edible.info\/\" target=\"_blank\" rel=\"noopener noreferrer\">Retrouvez la fiche \u00e9tape du 2 ao\u00fbt<br \/>\nPour en savoir plus sur la dynamique des Incroyables Comestibles \/ Incredible Edible<\/a><\/p>\n<p><em><strong>Le Repair Caf\u00e9<\/strong><\/em><\/p>\n<p>\u00ab\u00a0<a href=\"http:\/\/www.scoop.it\/t\/repair-cafe\/p\/4042806650\/2015\/05\/04\/jeter-pas-question-a-la-decouverte-des-repair-cafes\" target=\"_blank\" rel=\"noopener noreferrer\"><span style=\"color: #0072c6;\">Jeter ? Pas question ! \u00e0 la d\u00e9couverte des Repair Caf\u00e9s\u00a0\u00bb<\/span><\/a>&nbsp; Quand un objet tombe en panne, beaucoup ont le r\u00e9flexe de le jeter pour filer en racheter un autre. \u00c0 la vue de la crise \u00e9cologique, ce n\u2019est sans doute pas le geste le plus id\u00e9al pour la plan\u00e8te.<br \/>\n\u00ab Jeter ? Pas question ! \u00bb, tel est le slogan des Repair Caf\u00e9s, cette initiative citoyenne locale qui redonne vie aux objets trop souvent destin\u00e9s \u00e0 la poubelle, tout en favorisant la convivialit\u00e9 et l\u2019\u00e9change de savoirs.<\/p>\n<p>C&rsquo;est donc une fois par mois,&nbsp;un samedi matin que les b\u00e9n\u00e9voles se retrouvent&nbsp;pour essayer de r\u00e9parer les objets ne fonctionnant plus&nbsp;que des personnes vont leur apporter. Ils s&rsquo;occupent de tout ce qui concerne l&rsquo;informatique, le petit \u00e9lectro, la couture, la r\u00e9paration de v\u00e9los,&nbsp;de jouets, de meubles,&#8230;<br \/>\nEn attendant leur tour les visiteurs peuvent prendre une boisson et d\u00e9guster un potage ou une p\u00e2tisserie qu&rsquo;un b\u00e9n\u00e9vole aura pr\u00e9par\u00e9, se documenter en feuilletant des magazines de bricolage. En retournant ils pourront emporter des objets mis \u00e0 leur disposition dans la Give Box&#8230;<\/p>\n","protected":false},"excerpt":{"rendered":"<p>Les Incroyables Comestibles C&rsquo;est au d\u00e9but 2014 que l&rsquo;initiative des Incroyables Comestibles de Gedinne est lanc\u00e9e&nbsp;sur la commune. Les diff\u00e9rents objectifs sont le partage, la solidarit\u00e9 entre les habitants en promouvant le&nbsp;principe de&nbsp;gratuit\u00e9 et de don. Le principe ? Les personnes qui le souhaitent fabriquent un bac \u00e0 l\u00e9gumes qu&rsquo;ils &#8230; <\/p>\n<div><a href=\"https:\/\/www.altercampagne.net\/?p=1425\" class=\"more-link\">Read More<\/a><\/div>\n","protected":false},"author":215,"featured_media":0,"comment_status":"closed","ping_status":"closed","sticky":false,"template":"","format":"standard","meta":{"footnotes":""},"categories":[3526,3460,3540],"tags":[23,192,223,224,225,226,227,771,1505,1521],"class_list":["post-1425","post","type-post","status-publish","format-standard","hentry","category-belgique","category-edition-2015","category-transverse","tag-belgique","tag-altertour-2015","tag-incroyables-comestibles","tag-dimanche-2-aout","tag-gedinne","tag-repair-cafe","tag-natagora","tag-incroyables-comestibles-gedinne","tag-region-wallonne","tag-province-de-namur","no-post-thumbnail"],"yoast_head":"<!-- This site is optimized with the Yoast SEO plugin v27.3 - https:\/\/yoast.com\/product\/yoast-seo-wordpress\/ -->\n<title>Les Incroyables Comestibles et le Repair Caf\u00e9 le dimanche 2 ao\u00fbt \u00e0 Gedinne - AlterTour<\/title>\n<meta name=\"robots\" content=\"index, follow, max-snippet:-1, max-image-preview:large, max-video-preview:-1\" \/>\n<link rel=\"canonical\" href=\"https:\/\/www.altercampagne.net\/?p=1425\" \/>\n<meta property=\"og:locale\" content=\"fr_FR\" \/>\n<meta property=\"og:type\" content=\"article\" \/>\n<meta property=\"og:title\" content=\"Les Incroyables Comestibles et le Repair Caf\u00e9 le dimanche 2 ao\u00fbt \u00e0 Gedinne - AlterTour\" \/>\n<meta property=\"og:description\" content=\"Les Incroyables Comestibles C&rsquo;est au d\u00e9but 2014 que l&rsquo;initiative des Incroyables Comestibles de Gedinne est lanc\u00e9e&nbsp;sur la commune. Les diff\u00e9rents objectifs sont le partage, la solidarit\u00e9 entre les habitants en promouvant le&nbsp;principe de&nbsp;gratuit\u00e9 et de don. Le principe ? Les personnes qui le souhaitent fabriquent un bac \u00e0 l\u00e9gumes qu&rsquo;ils ... Read More\" \/>\n<meta property=\"og:url\" content=\"https:\/\/www.altercampagne.net\/?p=1425\" \/>\n<meta property=\"og:site_name\" content=\"AlterTour\" \/>\n<meta property=\"article:published_time\" content=\"2015-05-26T16:40:38+00:00\" \/>\n<meta property=\"article:modified_time\" content=\"2020-02-24T16:27:22+00:00\" \/>\n<meta property=\"og:image\" content=\"http:\/\/www.altercampagne.net\/wp-content\/uploads\/2015\/05\/2015-08-02-IC-300x219.jpg\" \/>\n<meta name=\"author\" content=\"AlterTour\" \/>\n<meta name=\"twitter:card\" content=\"summary_large_image\" \/>\n<meta name=\"twitter:label1\" content=\"\u00c9crit par\" \/>\n\t<meta name=\"twitter:data1\" content=\"AlterTour\" \/>\n\t<meta name=\"twitter:label2\" content=\"Dur\u00e9e de lecture estim\u00e9e\" \/>\n\t<meta name=\"twitter:data2\" content=\"2 minutes\" \/>\n<script type=\"application\/ld+json\" class=\"yoast-schema-graph\">{\"@context\":\"https:\\\/\\\/schema.org\",\"@graph\":[{\"@type\":\"Article\",\"@id\":\"https:\\\/\\\/www.altercampagne.net\\\/?p=1425#article\",\"isPartOf\":{\"@id\":\"https:\\\/\\\/www.altercampagne.net\\\/?p=1425\"},\"author\":{\"name\":\"AlterTour\",\"@id\":\"https:\\\/\\\/www.altercampagne.net\\\/#\\\/schema\\\/person\\\/e5b68c803196f649c2152249d262d94a\"},\"headline\":\"Les Incroyables Comestibles et le Repair Caf\u00e9 le dimanche 2 ao\u00fbt \u00e0 Gedinne\",\"datePublished\":\"2015-05-26T16:40:38+00:00\",\"dateModified\":\"2020-02-24T16:27:22+00:00\",\"mainEntityOfPage\":{\"@id\":\"https:\\\/\\\/www.altercampagne.net\\\/?p=1425\"},\"wordCount\":458,\"image\":{\"@id\":\"https:\\\/\\\/www.altercampagne.net\\\/?p=1425#primaryimage\"},\"thumbnailUrl\":\"http:\\\/\\\/www.altercampagne.net\\\/wp-content\\\/uploads\\\/2015\\\/05\\\/2015-08-02-IC-300x219.jpg\",\"keywords\":[\"belgique\",\"AlterTour 2015\",\"Incroyables comestibles\",\"dimanche 2 ao\u00fbt\",\"Gedinne\",\"Repair caf\u00e9\",\"Natagora\",\"Incroyables Comestibles Gedinne\",\"R\u00e9gion wallonne\",\"province de Namur\"],\"articleSection\":[\"Belgique\",\"\u00c9dition 2015\",\"Transverse\"],\"inLanguage\":\"fr-FR\"},{\"@type\":\"WebPage\",\"@id\":\"https:\\\/\\\/www.altercampagne.net\\\/?p=1425\",\"url\":\"https:\\\/\\\/www.altercampagne.net\\\/?p=1425\",\"name\":\"Les Incroyables Comestibles et le Repair Caf\u00e9 le dimanche 2 ao\u00fbt \u00e0 Gedinne - AlterTour\",\"isPartOf\":{\"@id\":\"https:\\\/\\\/www.altercampagne.net\\\/#website\"},\"primaryImageOfPage\":{\"@id\":\"https:\\\/\\\/www.altercampagne.net\\\/?p=1425#primaryimage\"},\"image\":{\"@id\":\"https:\\\/\\\/www.altercampagne.net\\\/?p=1425#primaryimage\"},\"thumbnailUrl\":\"http:\\\/\\\/www.altercampagne.net\\\/wp-content\\\/uploads\\\/2015\\\/05\\\/2015-08-02-IC-300x219.jpg\",\"datePublished\":\"2015-05-26T16:40:38+00:00\",\"dateModified\":\"2020-02-24T16:27:22+00:00\",\"author\":{\"@id\":\"https:\\\/\\\/www.altercampagne.net\\\/#\\\/schema\\\/person\\\/e5b68c803196f649c2152249d262d94a\"},\"breadcrumb\":{\"@id\":\"https:\\\/\\\/www.altercampagne.net\\\/?p=1425#breadcrumb\"},\"inLanguage\":\"fr-FR\",\"potentialAction\":[{\"@type\":\"ReadAction\",\"target\":[\"https:\\\/\\\/www.altercampagne.net\\\/?p=1425\"]}]},{\"@type\":\"ImageObject\",\"inLanguage\":\"fr-FR\",\"@id\":\"https:\\\/\\\/www.altercampagne.net\\\/?p=1425#primaryimage\",\"url\":\"https:\\\/\\\/www.altercampagne.net\\\/wp-content\\\/uploads\\\/2015\\\/05\\\/2015-08-02-IC.jpg\",\"contentUrl\":\"https:\\\/\\\/www.altercampagne.net\\\/wp-content\\\/uploads\\\/2015\\\/05\\\/2015-08-02-IC.jpg\",\"width\":960,\"height\":700,\"caption\":\"Gedinne Incroyables comestibles AlterTour 2015\"},{\"@type\":\"BreadcrumbList\",\"@id\":\"https:\\\/\\\/www.altercampagne.net\\\/?p=1425#breadcrumb\",\"itemListElement\":[{\"@type\":\"ListItem\",\"position\":1,\"name\":\"Accueil\",\"item\":\"https:\\\/\\\/www.altercampagne.net\\\/\"},{\"@type\":\"ListItem\",\"position\":2,\"name\":\"Les Incroyables Comestibles et le Repair Caf\u00e9 le dimanche 2 ao\u00fbt \u00e0 Gedinne\"}]},{\"@type\":\"WebSite\",\"@id\":\"https:\\\/\\\/www.altercampagne.net\\\/#website\",\"url\":\"https:\\\/\\\/www.altercampagne.net\\\/\",\"name\":\"AlterTour\",\"description\":\"Reliez les Alternatives \u00e0 v\u00e9lo\",\"potentialAction\":[{\"@type\":\"SearchAction\",\"target\":{\"@type\":\"EntryPoint\",\"urlTemplate\":\"https:\\\/\\\/www.altercampagne.net\\\/?s={search_term_string}\"},\"query-input\":{\"@type\":\"PropertyValueSpecification\",\"valueRequired\":true,\"valueName\":\"search_term_string\"}}],\"inLanguage\":\"fr-FR\"},{\"@type\":\"Person\",\"@id\":\"https:\\\/\\\/www.altercampagne.net\\\/#\\\/schema\\\/person\\\/e5b68c803196f649c2152249d262d94a\",\"name\":\"AlterTour\",\"image\":{\"@type\":\"ImageObject\",\"inLanguage\":\"fr-FR\",\"@id\":\"https:\\\/\\\/secure.gravatar.com\\\/avatar\\\/3f2ed77f8506b8ea264ad5938bb0114bfa10f35b64086a66dfbb6e9f58ad9693?s=96&d=mm&r=g\",\"url\":\"https:\\\/\\\/secure.gravatar.com\\\/avatar\\\/3f2ed77f8506b8ea264ad5938bb0114bfa10f35b64086a66dfbb6e9f58ad9693?s=96&d=mm&r=g\",\"contentUrl\":\"https:\\\/\\\/secure.gravatar.com\\\/avatar\\\/3f2ed77f8506b8ea264ad5938bb0114bfa10f35b64086a66dfbb6e9f58ad9693?s=96&d=mm&r=g\",\"caption\":\"AlterTour\"},\"url\":\"https:\\\/\\\/www.altercampagne.net\\\/?author=215\"}]}<\/script>\n<!-- \/ Yoast SEO plugin. -->","yoast_head_json":{"title":"Les Incroyables Comestibles et le Repair Caf\u00e9 le dimanche 2 ao\u00fbt \u00e0 Gedinne - AlterTour","robots":{"index":"index","follow":"follow","max-snippet":"max-snippet:-1","max-image-preview":"max-image-preview:large","max-video-preview":"max-video-preview:-1"},"canonical":"https:\/\/www.altercampagne.net\/?p=1425","og_locale":"fr_FR","og_type":"article","og_title":"Les Incroyables Comestibles et le Repair Caf\u00e9 le dimanche 2 ao\u00fbt \u00e0 Gedinne - AlterTour","og_description":"Les Incroyables Comestibles C&rsquo;est au d\u00e9but 2014 que l&rsquo;initiative des Incroyables Comestibles de Gedinne est lanc\u00e9e&nbsp;sur la commune. Les diff\u00e9rents objectifs sont le partage, la solidarit\u00e9 entre les habitants en promouvant le&nbsp;principe de&nbsp;gratuit\u00e9 et de don. Le principe ? Les personnes qui le souhaitent fabriquent un bac \u00e0 l\u00e9gumes qu&rsquo;ils ... Read More","og_url":"https:\/\/www.altercampagne.net\/?p=1425","og_site_name":"AlterTour","article_published_time":"2015-05-26T16:40:38+00:00","article_modified_time":"2020-02-24T16:27:22+00:00","og_image":[{"url":"http:\/\/www.altercampagne.net\/wp-content\/uploads\/2015\/05\/2015-08-02-IC-300x219.jpg","type":"","width":"","height":""}],"author":"AlterTour","twitter_card":"summary_large_image","twitter_misc":{"\u00c9crit par":"AlterTour","Dur\u00e9e de lecture estim\u00e9e":"2 minutes"},"schema":{"@context":"https:\/\/schema.org","@graph":[{"@type":"Article","@id":"https:\/\/www.altercampagne.net\/?p=1425#article","isPartOf":{"@id":"https:\/\/www.altercampagne.net\/?p=1425"},"author":{"name":"AlterTour","@id":"https:\/\/www.altercampagne.net\/#\/schema\/person\/e5b68c803196f649c2152249d262d94a"},"headline":"Les Incroyables Comestibles et le Repair Caf\u00e9 le dimanche 2 ao\u00fbt \u00e0 Gedinne","datePublished":"2015-05-26T16:40:38+00:00","dateModified":"2020-02-24T16:27:22+00:00","mainEntityOfPage":{"@id":"https:\/\/www.altercampagne.net\/?p=1425"},"wordCount":458,"image":{"@id":"https:\/\/www.altercampagne.net\/?p=1425#primaryimage"},"thumbnailUrl":"http:\/\/www.altercampagne.net\/wp-content\/uploads\/2015\/05\/2015-08-02-IC-300x219.jpg","keywords":["belgique","AlterTour 2015","Incroyables comestibles","dimanche 2 ao\u00fbt","Gedinne","Repair caf\u00e9","Natagora","Incroyables Comestibles Gedinne","R\u00e9gion wallonne","province de Namur"],"articleSection":["Belgique","\u00c9dition 2015","Transverse"],"inLanguage":"fr-FR"},{"@type":"WebPage","@id":"https:\/\/www.altercampagne.net\/?p=1425","url":"https:\/\/www.altercampagne.net\/?p=1425","name":"Les Incroyables Comestibles et le Repair Caf\u00e9 le dimanche 2 ao\u00fbt \u00e0 Gedinne - AlterTour","isPartOf":{"@id":"https:\/\/www.altercampagne.net\/#website"},"primaryImageOfPage":{"@id":"https:\/\/www.altercampagne.net\/?p=1425#primaryimage"},"image":{"@id":"https:\/\/www.altercampagne.net\/?p=1425#primaryimage"},"thumbnailUrl":"http:\/\/www.altercampagne.net\/wp-content\/uploads\/2015\/05\/2015-08-02-IC-300x219.jpg","datePublished":"2015-05-26T16:40:38+00:00","dateModified":"2020-02-24T16:27:22+00:00","author":{"@id":"https:\/\/www.altercampagne.net\/#\/schema\/person\/e5b68c803196f649c2152249d262d94a"},"breadcrumb":{"@id":"https:\/\/www.altercampagne.net\/?p=1425#breadcrumb"},"inLanguage":"fr-FR","potentialAction":[{"@type":"ReadAction","target":["https:\/\/www.altercampagne.net\/?p=1425"]}]},{"@type":"ImageObject","inLanguage":"fr-FR","@id":"https:\/\/www.altercampagne.net\/?p=1425#primaryimage","url":"https:\/\/www.altercampagne.net\/wp-content\/uploads\/2015\/05\/2015-08-02-IC.jpg","contentUrl":"https:\/\/www.altercampagne.net\/wp-content\/uploads\/2015\/05\/2015-08-02-IC.jpg","width":960,"height":700,"caption":"Gedinne Incroyables comestibles AlterTour 2015"},{"@type":"BreadcrumbList","@id":"https:\/\/www.altercampagne.net\/?p=1425#breadcrumb","itemListElement":[{"@type":"ListItem","position":1,"name":"Accueil","item":"https:\/\/www.altercampagne.net\/"},{"@type":"ListItem","position":2,"name":"Les Incroyables Comestibles et le Repair Caf\u00e9 le dimanche 2 ao\u00fbt \u00e0 Gedinne"}]},{"@type":"WebSite","@id":"https:\/\/www.altercampagne.net\/#website","url":"https:\/\/www.altercampagne.net\/","name":"AlterTour","description":"Reliez les Alternatives \u00e0 v\u00e9lo","potentialAction":[{"@type":"SearchAction","target":{"@type":"EntryPoint","urlTemplate":"https:\/\/www.altercampagne.net\/?s={search_term_string}"},"query-input":{"@type":"PropertyValueSpecification","valueRequired":true,"valueName":"search_term_string"}}],"inLanguage":"fr-FR"},{"@type":"Person","@id":"https:\/\/www.altercampagne.net\/#\/schema\/person\/e5b68c803196f649c2152249d262d94a","name":"AlterTour","image":{"@type":"ImageObject","inLanguage":"fr-FR","@id":"https:\/\/secure.gravatar.com\/avatar\/3f2ed77f8506b8ea264ad5938bb0114bfa10f35b64086a66dfbb6e9f58ad9693?s=96&d=mm&r=g","url":"https:\/\/secure.gravatar.com\/avatar\/3f2ed77f8506b8ea264ad5938bb0114bfa10f35b64086a66dfbb6e9f58ad9693?s=96&d=mm&r=g","contentUrl":"https:\/\/secure.gravatar.com\/avatar\/3f2ed77f8506b8ea264ad5938bb0114bfa10f35b64086a66dfbb6e9f58ad9693?s=96&d=mm&r=g","caption":"AlterTour"},"url":"https:\/\/www.altercampagne.net\/?author=215"}]}},"_links":{"self":[{"href":"https:\/\/www.altercampagne.net\/index.php?rest_route=\/wp\/v2\/posts\/1425","targetHints":{"allow":["GET"]}}],"collection":[{"href":"https:\/\/www.altercampagne.net\/index.php?rest_route=\/wp\/v2\/posts"}],"about":[{"href":"https:\/\/www.altercampagne.net\/index.php?rest_route=\/wp\/v2\/types\/post"}],"author":[{"embeddable":true,"href":"https:\/\/www.altercampagne.net\/index.php?rest_route=\/wp\/v2\/users\/215"}],"replies":[{"embeddable":true,"href":"https:\/\/www.altercampagne.net\/index.php?rest_route=%2Fwp%2Fv2%2Fcomments&post=1425"}],"version-history":[{"count":1,"href":"https:\/\/www.altercampagne.net\/index.php?rest_route=\/wp\/v2\/posts\/1425\/revisions"}],"predecessor-version":[{"id":17457,"href":"https:\/\/www.altercampagne.net\/index.php?rest_route=\/wp\/v2\/posts\/1425\/revisions\/17457"}],"wp:attachment":[{"href":"https:\/\/www.altercampagne.net\/index.php?rest_route=%2Fwp%2Fv2%2Fmedia&parent=1425"}],"wp:term":[{"taxonomy":"category","embeddable":true,"href":"https:\/\/www.altercampagne.net\/index.php?rest_route=%2Fwp%2Fv2%2Fcategories&post=1425"},{"taxonomy":"post_tag","embeddable":true,"href":"https:\/\/www.altercampagne.net\/index.php?rest_route=%2Fwp%2Fv2%2Ftags&post=1425"}],"curies":[{"name":"wp","href":"https:\/\/api.w.org\/{rel}","templated":true}]}}