{"id":14412,"date":"2019-01-17T22:13:34","date_gmt":"2019-01-17T21:13:34","guid":{"rendered":"http:\/\/www.altercampagne.net\/?p=14412"},"modified":"2020-04-06T11:38:05","modified_gmt":"2020-04-06T09:38:05","slug":"tera","status":"publish","type":"post","link":"https:\/\/www.altercampagne.net\/?p=14412","title":{"rendered":"Tera"},"content":{"rendered":"\n<p>\u00a0\u00ab\u00a0Ah oui, \u00e7a va \u00eatre \u00e9norme!\u00a0\u00bb. Lanc\u00e9 en 2014, <strong><a href=\"http:\/\/www.tera.coop\/\" target=\"_blank\" rel=\"noreferrer noopener\" aria-label=\"Tera (s\u2019ouvre dans un nouvel onglet)\">Tera<\/a><\/strong>, le projet d&rsquo;\u00e9co-hameau, con\u00e7u en trois phases, \u00ab est devenu un \u00e9cosyst\u00e8me \u00bb . Au tout d\u00e9but, r\u00e9unions et tour de France \u00e0 v\u00e9lo ont permis d&rsquo;explorer des id\u00e9es, imaginer des activit\u00e9s, tester les motivations\u00a0 et se lancer dans des formations tout en s\u2019installant dans la ferme de Masqui\u00e8res. Maintenant, c&rsquo;est l\u2019am\u00e9nagement des lieux et l&rsquo;exp\u00e9rimentation des porteurs d&rsquo;activit\u00e9s: cuisinier \u00e0 domicile, mara\u00eechers,&#8230; et la r\u00e9flexion sur le mod\u00e8le \u00e9conomique qui permettra de verser un revenu d\u2019autonomie \u00e0 tous les habitants, et en monnaie locale ! Le projet a grandi (une quarantaine de membres) et investit actuellement trois sites proches avec le m\u00eame id\u00e9al : autonomie \u00e9nerg\u00e9tique, souverainet\u00e9 alimentaire bas\u00e9e sur la permaculture, am\u00e9nagement d\u2019espaces de vie et de travail \u00e9co construits. Enfin, un centre citoyen de formation permanente, \u00e0 triple vocation : agriculture, construction et si\u00e8ge social verra le jour. Un projet complet de d\u00e9veloppement de territoire bas\u00e9 sur le bien-\u00eatre et le libre choix de chacun.<\/p>\n\n\n\n<p>Interview sur le th\u00e8me \u00ab D\u00e9mocratie \u00bb <\/p>\n\n\n\n<p>\u00ab Au c\u0153ur de notre projet il y a l\u2019id\u00e9e de red\u00e9finir la d\u00e9mocratie, \u00e9viter de reproduire les mod\u00e8les hi\u00e9rarchiques pour que chacun trouve sa place et s\u2019\u00e9panouisse. Pour cela, nous avons trois principes inspir\u00e9s de <em>re-inventing organizations<\/em>de Laloux : l\u2019auto gouvernance, la prise de d\u00e9cision la plus d\u00e9centralis\u00e9e possible qui fait que chacun peut prendre une d\u00e9cision, \u00e0 condition d\u2019en avoir discut\u00e9 des effets avec ceux que cette d\u00e9cision peut impacter. La compl\u00e9tude, personne ne devrait participer en mettant un masque qui cacherait une partie de lui-m\u00eame. Et enfin la raison d\u2019\u00eatre \u00e9volutive, qui explique pourquoi on est l\u00e0 et int\u00e8gre que \u00e7a peut changer. Concr\u00e8tement, mettre en place des modes de fonctionnement harmonieux pour l\u2019individu et le collectif. Vite dit, mais la d\u00e9mocratie \u00e7a prend du temps, beaucoup de temps et il ne faut pas aller trop vite, surtout \u00e0 40. Nous avons des rythmes diff\u00e9rents, des diff\u00e9rences de points de vue et il faut les accorder pas \u00e0 pas pour construire ensemble quelque chose de pertinent \u00bb.<\/p>\n\n\n\n<p class=\"has-text-align-right\"><strong>Marie-h\u00e9l\u00e8ne Muller<\/strong>, Pr\u00e9sidente de l\u2019association<\/p>\n","protected":false},"excerpt":{"rendered":"<p>\u00a0\u00ab\u00a0Ah oui, \u00e7a va \u00eatre \u00e9norme!\u00a0\u00bb. Lanc\u00e9 en 2014, Tera, le projet d&rsquo;\u00e9co-hameau, con\u00e7u en trois phases, \u00ab est devenu un \u00e9cosyst\u00e8me \u00bb . Au tout d\u00e9but, r\u00e9unions et tour de France \u00e0 v\u00e9lo ont permis d&rsquo;explorer des id\u00e9es, imaginer des activit\u00e9s, tester les motivations\u00a0 et se lancer dans des &#8230; <\/p>\n<div><a href=\"https:\/\/www.altercampagne.net\/?p=14412\" class=\"more-link\">Read More<\/a><\/div>\n","protected":false},"author":215,"featured_media":13390,"comment_status":"closed","ping_status":"closed","sticky":false,"template":"","format":"standard","meta":{"footnotes":""},"categories":[3483,3773,3485,3479,3540],"tags":[1873,4112,4113,4114,4116],"class_list":["post-14412","post","type-post","status-publish","format-standard","has-post-thumbnail","hentry","category-agriculture","category-edition-2019","category-habitat","category-nouvelle-aquitaine","category-transverse","tag-lot-et-garonne","tag-tera","tag-tournon","tag-association-tera","tag-ferme-de-masquieres"],"yoast_head":"<!-- This site is optimized with the Yoast SEO plugin v27.3 - https:\/\/yoast.com\/product\/yoast-seo-wordpress\/ -->\n<title>Tera - AlterTour<\/title>\n<meta name=\"robots\" content=\"index, follow, max-snippet:-1, max-image-preview:large, max-video-preview:-1\" \/>\n<link rel=\"canonical\" href=\"https:\/\/www.altercampagne.net\/?p=14412\" \/>\n<meta property=\"og:locale\" content=\"fr_FR\" \/>\n<meta property=\"og:type\" content=\"article\" \/>\n<meta property=\"og:title\" content=\"Tera - AlterTour\" \/>\n<meta property=\"og:description\" content=\"\u00a0\u00ab\u00a0Ah oui, \u00e7a va \u00eatre \u00e9norme!\u00a0\u00bb. Lanc\u00e9 en 2014, Tera, le projet d&rsquo;\u00e9co-hameau, con\u00e7u en trois phases, \u00ab est devenu un \u00e9cosyst\u00e8me \u00bb . Au tout d\u00e9but, r\u00e9unions et tour de France \u00e0 v\u00e9lo ont permis d&rsquo;explorer des id\u00e9es, imaginer des activit\u00e9s, tester les motivations\u00a0 et se lancer dans des ... Read More\" \/>\n<meta property=\"og:url\" content=\"https:\/\/www.altercampagne.net\/?p=14412\" \/>\n<meta property=\"og:site_name\" content=\"AlterTour\" \/>\n<meta property=\"article:published_time\" content=\"2019-01-17T21:13:34+00:00\" \/>\n<meta property=\"article:modified_time\" content=\"2020-04-06T09:38:05+00:00\" \/>\n<meta property=\"og:image\" content=\"https:\/\/www.altercampagne.net\/wp-content\/uploads\/2019\/04\/2019-08-11-Tera-e1601458453489.jpg\" \/>\n\t<meta property=\"og:image:width\" content=\"686\" \/>\n\t<meta property=\"og:image:height\" content=\"360\" \/>\n\t<meta property=\"og:image:type\" content=\"image\/jpeg\" \/>\n<meta name=\"author\" content=\"AlterTour\" \/>\n<meta name=\"twitter:card\" content=\"summary_large_image\" \/>\n<meta name=\"twitter:label1\" content=\"\u00c9crit par\" \/>\n\t<meta name=\"twitter:data1\" content=\"AlterTour\" \/>\n\t<meta name=\"twitter:label2\" content=\"Dur\u00e9e de lecture estim\u00e9e\" \/>\n\t<meta name=\"twitter:data2\" content=\"2 minutes\" \/>\n<script type=\"application\/ld+json\" class=\"yoast-schema-graph\">{\"@context\":\"https:\\\/\\\/schema.org\",\"@graph\":[{\"@type\":\"Article\",\"@id\":\"https:\\\/\\\/www.altercampagne.net\\\/?p=14412#article\",\"isPartOf\":{\"@id\":\"https:\\\/\\\/www.altercampagne.net\\\/?p=14412\"},\"author\":{\"name\":\"AlterTour\",\"@id\":\"https:\\\/\\\/www.altercampagne.net\\\/#\\\/schema\\\/person\\\/e5b68c803196f649c2152249d262d94a\"},\"headline\":\"Tera\",\"datePublished\":\"2019-01-17T21:13:34+00:00\",\"dateModified\":\"2020-04-06T09:38:05+00:00\",\"mainEntityOfPage\":{\"@id\":\"https:\\\/\\\/www.altercampagne.net\\\/?p=14412\"},\"wordCount\":393,\"image\":{\"@id\":\"https:\\\/\\\/www.altercampagne.net\\\/?p=14412#primaryimage\"},\"thumbnailUrl\":\"https:\\\/\\\/www.altercampagne.net\\\/wp-content\\\/uploads\\\/2019\\\/04\\\/2019-08-11-Tera-e1601458453489.jpg\",\"keywords\":[\"Lot-et-Garonne\",\"Tera\",\"Tournon\",\"Association Tera\",\"Ferme de Masqui\u00e8res\"],\"articleSection\":[\"Agriculture\",\"Edition 2019\",\"Habitat\",\"Nouvelle-Aquitaine\",\"Transverse\"],\"inLanguage\":\"fr-FR\"},{\"@type\":\"WebPage\",\"@id\":\"https:\\\/\\\/www.altercampagne.net\\\/?p=14412\",\"url\":\"https:\\\/\\\/www.altercampagne.net\\\/?p=14412\",\"name\":\"Tera - AlterTour\",\"isPartOf\":{\"@id\":\"https:\\\/\\\/www.altercampagne.net\\\/#website\"},\"primaryImageOfPage\":{\"@id\":\"https:\\\/\\\/www.altercampagne.net\\\/?p=14412#primaryimage\"},\"image\":{\"@id\":\"https:\\\/\\\/www.altercampagne.net\\\/?p=14412#primaryimage\"},\"thumbnailUrl\":\"https:\\\/\\\/www.altercampagne.net\\\/wp-content\\\/uploads\\\/2019\\\/04\\\/2019-08-11-Tera-e1601458453489.jpg\",\"datePublished\":\"2019-01-17T21:13:34+00:00\",\"dateModified\":\"2020-04-06T09:38:05+00:00\",\"author\":{\"@id\":\"https:\\\/\\\/www.altercampagne.net\\\/#\\\/schema\\\/person\\\/e5b68c803196f649c2152249d262d94a\"},\"breadcrumb\":{\"@id\":\"https:\\\/\\\/www.altercampagne.net\\\/?p=14412#breadcrumb\"},\"inLanguage\":\"fr-FR\",\"potentialAction\":[{\"@type\":\"ReadAction\",\"target\":[\"https:\\\/\\\/www.altercampagne.net\\\/?p=14412\"]}]},{\"@type\":\"ImageObject\",\"inLanguage\":\"fr-FR\",\"@id\":\"https:\\\/\\\/www.altercampagne.net\\\/?p=14412#primaryimage\",\"url\":\"https:\\\/\\\/www.altercampagne.net\\\/wp-content\\\/uploads\\\/2019\\\/04\\\/2019-08-11-Tera-e1601458453489.jpg\",\"contentUrl\":\"https:\\\/\\\/www.altercampagne.net\\\/wp-content\\\/uploads\\\/2019\\\/04\\\/2019-08-11-Tera-e1601458453489.jpg\",\"width\":686,\"height\":360},{\"@type\":\"BreadcrumbList\",\"@id\":\"https:\\\/\\\/www.altercampagne.net\\\/?p=14412#breadcrumb\",\"itemListElement\":[{\"@type\":\"ListItem\",\"position\":1,\"name\":\"Accueil\",\"item\":\"https:\\\/\\\/www.altercampagne.net\\\/\"},{\"@type\":\"ListItem\",\"position\":2,\"name\":\"Tera\"}]},{\"@type\":\"WebSite\",\"@id\":\"https:\\\/\\\/www.altercampagne.net\\\/#website\",\"url\":\"https:\\\/\\\/www.altercampagne.net\\\/\",\"name\":\"AlterTour\",\"description\":\"Reliez les Alternatives \u00e0 v\u00e9lo\",\"potentialAction\":[{\"@type\":\"SearchAction\",\"target\":{\"@type\":\"EntryPoint\",\"urlTemplate\":\"https:\\\/\\\/www.altercampagne.net\\\/?s={search_term_string}\"},\"query-input\":{\"@type\":\"PropertyValueSpecification\",\"valueRequired\":true,\"valueName\":\"search_term_string\"}}],\"inLanguage\":\"fr-FR\"},{\"@type\":\"Person\",\"@id\":\"https:\\\/\\\/www.altercampagne.net\\\/#\\\/schema\\\/person\\\/e5b68c803196f649c2152249d262d94a\",\"name\":\"AlterTour\",\"image\":{\"@type\":\"ImageObject\",\"inLanguage\":\"fr-FR\",\"@id\":\"https:\\\/\\\/secure.gravatar.com\\\/avatar\\\/3f2ed77f8506b8ea264ad5938bb0114bfa10f35b64086a66dfbb6e9f58ad9693?s=96&d=mm&r=g\",\"url\":\"https:\\\/\\\/secure.gravatar.com\\\/avatar\\\/3f2ed77f8506b8ea264ad5938bb0114bfa10f35b64086a66dfbb6e9f58ad9693?s=96&d=mm&r=g\",\"contentUrl\":\"https:\\\/\\\/secure.gravatar.com\\\/avatar\\\/3f2ed77f8506b8ea264ad5938bb0114bfa10f35b64086a66dfbb6e9f58ad9693?s=96&d=mm&r=g\",\"caption\":\"AlterTour\"},\"url\":\"https:\\\/\\\/www.altercampagne.net\\\/?author=215\"}]}<\/script>\n<!-- \/ Yoast SEO plugin. -->","yoast_head_json":{"title":"Tera - AlterTour","robots":{"index":"index","follow":"follow","max-snippet":"max-snippet:-1","max-image-preview":"max-image-preview:large","max-video-preview":"max-video-preview:-1"},"canonical":"https:\/\/www.altercampagne.net\/?p=14412","og_locale":"fr_FR","og_type":"article","og_title":"Tera - AlterTour","og_description":"\u00a0\u00ab\u00a0Ah oui, \u00e7a va \u00eatre \u00e9norme!\u00a0\u00bb. Lanc\u00e9 en 2014, Tera, le projet d&rsquo;\u00e9co-hameau, con\u00e7u en trois phases, \u00ab est devenu un \u00e9cosyst\u00e8me \u00bb . Au tout d\u00e9but, r\u00e9unions et tour de France \u00e0 v\u00e9lo ont permis d&rsquo;explorer des id\u00e9es, imaginer des activit\u00e9s, tester les motivations\u00a0 et se lancer dans des ... Read More","og_url":"https:\/\/www.altercampagne.net\/?p=14412","og_site_name":"AlterTour","article_published_time":"2019-01-17T21:13:34+00:00","article_modified_time":"2020-04-06T09:38:05+00:00","og_image":[{"width":686,"height":360,"url":"https:\/\/www.altercampagne.net\/wp-content\/uploads\/2019\/04\/2019-08-11-Tera-e1601458453489.jpg","type":"image\/jpeg"}],"author":"AlterTour","twitter_card":"summary_large_image","twitter_misc":{"\u00c9crit par":"AlterTour","Dur\u00e9e de lecture estim\u00e9e":"2 minutes"},"schema":{"@context":"https:\/\/schema.org","@graph":[{"@type":"Article","@id":"https:\/\/www.altercampagne.net\/?p=14412#article","isPartOf":{"@id":"https:\/\/www.altercampagne.net\/?p=14412"},"author":{"name":"AlterTour","@id":"https:\/\/www.altercampagne.net\/#\/schema\/person\/e5b68c803196f649c2152249d262d94a"},"headline":"Tera","datePublished":"2019-01-17T21:13:34+00:00","dateModified":"2020-04-06T09:38:05+00:00","mainEntityOfPage":{"@id":"https:\/\/www.altercampagne.net\/?p=14412"},"wordCount":393,"image":{"@id":"https:\/\/www.altercampagne.net\/?p=14412#primaryimage"},"thumbnailUrl":"https:\/\/www.altercampagne.net\/wp-content\/uploads\/2019\/04\/2019-08-11-Tera-e1601458453489.jpg","keywords":["Lot-et-Garonne","Tera","Tournon","Association Tera","Ferme de Masqui\u00e8res"],"articleSection":["Agriculture","Edition 2019","Habitat","Nouvelle-Aquitaine","Transverse"],"inLanguage":"fr-FR"},{"@type":"WebPage","@id":"https:\/\/www.altercampagne.net\/?p=14412","url":"https:\/\/www.altercampagne.net\/?p=14412","name":"Tera - AlterTour","isPartOf":{"@id":"https:\/\/www.altercampagne.net\/#website"},"primaryImageOfPage":{"@id":"https:\/\/www.altercampagne.net\/?p=14412#primaryimage"},"image":{"@id":"https:\/\/www.altercampagne.net\/?p=14412#primaryimage"},"thumbnailUrl":"https:\/\/www.altercampagne.net\/wp-content\/uploads\/2019\/04\/2019-08-11-Tera-e1601458453489.jpg","datePublished":"2019-01-17T21:13:34+00:00","dateModified":"2020-04-06T09:38:05+00:00","author":{"@id":"https:\/\/www.altercampagne.net\/#\/schema\/person\/e5b68c803196f649c2152249d262d94a"},"breadcrumb":{"@id":"https:\/\/www.altercampagne.net\/?p=14412#breadcrumb"},"inLanguage":"fr-FR","potentialAction":[{"@type":"ReadAction","target":["https:\/\/www.altercampagne.net\/?p=14412"]}]},{"@type":"ImageObject","inLanguage":"fr-FR","@id":"https:\/\/www.altercampagne.net\/?p=14412#primaryimage","url":"https:\/\/www.altercampagne.net\/wp-content\/uploads\/2019\/04\/2019-08-11-Tera-e1601458453489.jpg","contentUrl":"https:\/\/www.altercampagne.net\/wp-content\/uploads\/2019\/04\/2019-08-11-Tera-e1601458453489.jpg","width":686,"height":360},{"@type":"BreadcrumbList","@id":"https:\/\/www.altercampagne.net\/?p=14412#breadcrumb","itemListElement":[{"@type":"ListItem","position":1,"name":"Accueil","item":"https:\/\/www.altercampagne.net\/"},{"@type":"ListItem","position":2,"name":"Tera"}]},{"@type":"WebSite","@id":"https:\/\/www.altercampagne.net\/#website","url":"https:\/\/www.altercampagne.net\/","name":"AlterTour","description":"Reliez les Alternatives \u00e0 v\u00e9lo","potentialAction":[{"@type":"SearchAction","target":{"@type":"EntryPoint","urlTemplate":"https:\/\/www.altercampagne.net\/?s={search_term_string}"},"query-input":{"@type":"PropertyValueSpecification","valueRequired":true,"valueName":"search_term_string"}}],"inLanguage":"fr-FR"},{"@type":"Person","@id":"https:\/\/www.altercampagne.net\/#\/schema\/person\/e5b68c803196f649c2152249d262d94a","name":"AlterTour","image":{"@type":"ImageObject","inLanguage":"fr-FR","@id":"https:\/\/secure.gravatar.com\/avatar\/3f2ed77f8506b8ea264ad5938bb0114bfa10f35b64086a66dfbb6e9f58ad9693?s=96&d=mm&r=g","url":"https:\/\/secure.gravatar.com\/avatar\/3f2ed77f8506b8ea264ad5938bb0114bfa10f35b64086a66dfbb6e9f58ad9693?s=96&d=mm&r=g","contentUrl":"https:\/\/secure.gravatar.com\/avatar\/3f2ed77f8506b8ea264ad5938bb0114bfa10f35b64086a66dfbb6e9f58ad9693?s=96&d=mm&r=g","caption":"AlterTour"},"url":"https:\/\/www.altercampagne.net\/?author=215"}]}},"_links":{"self":[{"href":"https:\/\/www.altercampagne.net\/index.php?rest_route=\/wp\/v2\/posts\/14412","targetHints":{"allow":["GET"]}}],"collection":[{"href":"https:\/\/www.altercampagne.net\/index.php?rest_route=\/wp\/v2\/posts"}],"about":[{"href":"https:\/\/www.altercampagne.net\/index.php?rest_route=\/wp\/v2\/types\/post"}],"author":[{"embeddable":true,"href":"https:\/\/www.altercampagne.net\/index.php?rest_route=\/wp\/v2\/users\/215"}],"replies":[{"embeddable":true,"href":"https:\/\/www.altercampagne.net\/index.php?rest_route=%2Fwp%2Fv2%2Fcomments&post=14412"}],"version-history":[{"count":3,"href":"https:\/\/www.altercampagne.net\/index.php?rest_route=\/wp\/v2\/posts\/14412\/revisions"}],"predecessor-version":[{"id":17996,"href":"https:\/\/www.altercampagne.net\/index.php?rest_route=\/wp\/v2\/posts\/14412\/revisions\/17996"}],"wp:featuredmedia":[{"embeddable":true,"href":"https:\/\/www.altercampagne.net\/index.php?rest_route=\/wp\/v2\/media\/13390"}],"wp:attachment":[{"href":"https:\/\/www.altercampagne.net\/index.php?rest_route=%2Fwp%2Fv2%2Fmedia&parent=14412"}],"wp:term":[{"taxonomy":"category","embeddable":true,"href":"https:\/\/www.altercampagne.net\/index.php?rest_route=%2Fwp%2Fv2%2Fcategories&post=14412"},{"taxonomy":"post_tag","embeddable":true,"href":"https:\/\/www.altercampagne.net\/index.php?rest_route=%2Fwp%2Fv2%2Ftags&post=14412"}],"curies":[{"name":"wp","href":"https:\/\/api.w.org\/{rel}","templated":true}]}}