{"id":14470,"date":"2019-06-17T04:51:30","date_gmt":"2019-06-17T02:51:30","guid":{"rendered":"http:\/\/www.altercampagne.net\/?p=14470"},"modified":"2019-06-23T22:58:01","modified_gmt":"2019-06-23T20:58:01","slug":"un-eco-village-pour-le-xxieme-siecle-etes-vous-prets","status":"publish","type":"post","link":"https:\/\/www.altercampagne.net\/?p=14470","title":{"rendered":"Un \u00e9co village pour le XXi\u00e8me si\u00e8cle, \u00eates-vous pr\u00eats?"},"content":{"rendered":"\n<h4 class=\"wp-block-heading\"><strong>L\u2019\u00e9chapp\u00e9e belle rencontrera <a rel=\"noreferrer noopener\" aria-label=\"Tera (s\u2019ouvre dans un nouvel onglet)\" href=\"http:\/\/www.tera.coop\/\" target=\"_blank\">Tera<\/a>  le 11 et 12 ao\u00fbt \u00e0 Masqui\u00e8res (47). <\/strong><\/h4>\n\n\n\n<p> \u00ab\u00a0Ah oui, \u00e7a va \u00eatre \u00e9norme!\u00a0\u00bb. Lanc\u00e9 en 2014 le projet d&rsquo;\u00e9co-hameau<strong> <\/strong><a rel=\"noreferrer noopener\" aria-label=\"Tera (s\u2019ouvre dans un nouvel onglet)\" href=\"http:\/\/www.tera.coop\/\" target=\"_blank\"><strong>Tera<\/strong><\/a>, con\u00e7u en trois phases, \u00ab est devenu un \u00e9cosyst\u00e8me \u00bb.  Un projet complet de d\u00e9veloppement de territoire bas\u00e9 sur le bien-\u00eatre et le libre choix de chacun.  <\/p>\n\n\n\n<h5 class=\"wp-block-heading\">Tout a commenc\u00e9 par un tour de France&#8230; le Tera Tour!<\/h5>\n\n\n\n<p>Au tout d\u00e9but, r\u00e9unions et tour de France \u00e0 v\u00e9lo ont permis d&rsquo;explorer des id\u00e9es, imaginer des activit\u00e9s, tester les motivations&nbsp; et se lancer dans des formations tout en s\u2019installant dans la ferme de Masqui\u00e8res. <\/p>\n\n\n\n<h5 class=\"wp-block-heading\">A pr\u00e9sent, \u00e7a s&rsquo;implante&#8230;<\/h5>\n\n\n\n<p>Maintenant, c&rsquo;est l\u2019am\u00e9nagement des lieux et l&rsquo;exp\u00e9rimentation des porteurs d&rsquo;activit\u00e9s: cuisinier \u00e0 domicile, mara\u00eechers, &#8230; et la r\u00e9flexion sur le mod\u00e8le \u00e9conomique qui permettra de verser un revenu d\u2019autonomie \u00e0 tous les habitants, et en monnaie locale ! Le projet a grandi ( une quarantaine de membres) et investit actuellement trois sites proches avec le m\u00eame id\u00e9al : autonomie \u00e9nerg\u00e9tique, souverainet\u00e9 alimentaire bas\u00e9e sur la permaculture, am\u00e9nagement d\u2019espaces de vie et de travail \u00e9co construits. <\/p>\n\n\n\n<h5 class=\"wp-block-heading\">Et demain, \u00e7a essaime!<\/h5>\n\n\n\n<p>Enfin, un centre citoyen de formation permanente, \u00e0 triple vocation : agriculture, construction et si\u00e8ge social verra le jour. <\/p>\n\n\n\n<p><strong>L\u2019\u00e9chapp\u00e9e belle rencontrera Emilie, Marie-H\u00e9l\u00e8ne et tous les b\u00e2tisseurs de Tera les 11 et 12 ao\u00fbt \u00e0 Masqui\u00e8res (47).&nbsp;Pour plus d\u2019information consultez&nbsp;<\/strong><a rel=\"noreferrer noopener\" aria-label=\"le programme des \u00e9chapp\u00e9es belles. (s\u2019ouvre dans un nouvel onglet)\" href=\"http:\/\/www.altercampagne.net\/?page_id=13811\" target=\"_blank\"><strong>le programme des \u00e9chapp\u00e9es belles.<\/strong><\/a><\/p>\n","protected":false},"excerpt":{"rendered":"<p>\u00ab\u00a0Ah oui, \u00e7a va \u00eatre \u00e9norme!\u00a0\u00bb. Lanc\u00e9 en 2014 le projet d&rsquo;\u00e9co-hameau Tera, con\u00e7u en trois phases, \u00ab est devenu un \u00e9cosyst\u00e8me \u00bb. Un projet complet de d\u00e9veloppement de territoire bas\u00e9 sur le bien-\u00eatre et le libre choix de chacun. <\/p>\n","protected":false},"author":176,"featured_media":14498,"comment_status":"closed","ping_status":"closed","sticky":false,"template":"","format":"standard","meta":{"footnotes":""},"categories":[3483,3231,3484,3773,3487,3486,3485,3479,3488,3540],"tags":[271,294,687,1203,1873,3964],"class_list":["post-14470","post","type-post","status-publish","format-standard","has-post-thumbnail","hentry","category-agriculture","category-echappee-belle","category-economie","category-edition-2019","category-energie","category-environnement","category-habitat","category-nouvelle-aquitaine","category-social","category-transverse","tag-autonomie","tag-permaculture","tag-revenu-de-base","tag-eco-hameau","tag-lot-et-garonne","tag-masquieres"],"yoast_head":"<!-- This site is optimized with the Yoast SEO plugin v27.3 - https:\/\/yoast.com\/product\/yoast-seo-wordpress\/ -->\n<title>Un \u00e9co village pour le XXi\u00e8me si\u00e8cle, \u00eates-vous pr\u00eats? - AlterTour<\/title>\n<meta name=\"robots\" content=\"index, follow, max-snippet:-1, max-image-preview:large, max-video-preview:-1\" \/>\n<link rel=\"canonical\" href=\"https:\/\/www.altercampagne.net\/?p=14470\" \/>\n<meta property=\"og:locale\" content=\"fr_FR\" \/>\n<meta property=\"og:type\" content=\"article\" \/>\n<meta property=\"og:title\" content=\"Un \u00e9co village pour le XXi\u00e8me si\u00e8cle, \u00eates-vous pr\u00eats? - AlterTour\" \/>\n<meta property=\"og:description\" content=\"&quot;Ah oui, \u00e7a va \u00eatre \u00e9norme!&quot;. Lanc\u00e9 en 2014 le projet d&#039;\u00e9co-hameau Tera, con\u00e7u en trois phases, \u00ab est devenu un \u00e9cosyst\u00e8me \u00bb. Un projet complet de d\u00e9veloppement de territoire bas\u00e9 sur le bien-\u00eatre et le libre choix de chacun.\" \/>\n<meta property=\"og:url\" content=\"https:\/\/www.altercampagne.net\/?p=14470\" \/>\n<meta property=\"og:site_name\" content=\"AlterTour\" \/>\n<meta property=\"article:published_time\" content=\"2019-06-17T02:51:30+00:00\" \/>\n<meta property=\"article:modified_time\" content=\"2019-06-23T20:58:01+00:00\" \/>\n<meta property=\"og:image\" content=\"https:\/\/www.altercampagne.net\/wp-content\/uploads\/2019\/06\/2019-08-11-Tera-blog.jpg\" \/>\n\t<meta property=\"og:image:width\" content=\"737\" \/>\n\t<meta property=\"og:image:height\" content=\"428\" \/>\n\t<meta property=\"og:image:type\" content=\"image\/jpeg\" \/>\n<meta name=\"author\" content=\"Danielle\" \/>\n<meta name=\"twitter:card\" content=\"summary_large_image\" \/>\n<meta name=\"twitter:label1\" content=\"\u00c9crit par\" \/>\n\t<meta name=\"twitter:data1\" content=\"Danielle\" \/>\n\t<meta name=\"twitter:label2\" content=\"Dur\u00e9e de lecture estim\u00e9e\" \/>\n\t<meta name=\"twitter:data2\" content=\"1 minute\" \/>\n<script type=\"application\/ld+json\" class=\"yoast-schema-graph\">{\"@context\":\"https:\\\/\\\/schema.org\",\"@graph\":[{\"@type\":\"Article\",\"@id\":\"https:\\\/\\\/www.altercampagne.net\\\/?p=14470#article\",\"isPartOf\":{\"@id\":\"https:\\\/\\\/www.altercampagne.net\\\/?p=14470\"},\"author\":{\"name\":\"Danielle\",\"@id\":\"https:\\\/\\\/www.altercampagne.net\\\/#\\\/schema\\\/person\\\/51a66b19d7cefe375b07ec2f79a4163e\"},\"headline\":\"Un \u00e9co village pour le XXi\u00e8me si\u00e8cle, \u00eates-vous pr\u00eats?\",\"datePublished\":\"2019-06-17T02:51:30+00:00\",\"dateModified\":\"2019-06-23T20:58:01+00:00\",\"mainEntityOfPage\":{\"@id\":\"https:\\\/\\\/www.altercampagne.net\\\/?p=14470\"},\"wordCount\":269,\"image\":{\"@id\":\"https:\\\/\\\/www.altercampagne.net\\\/?p=14470#primaryimage\"},\"thumbnailUrl\":\"https:\\\/\\\/www.altercampagne.net\\\/wp-content\\\/uploads\\\/2019\\\/06\\\/2019-08-11-Tera-blog.jpg\",\"keywords\":[\"autonomie\",\"permaculture\",\"revenu de base\",\"\u00e9co-hameau\",\"Lot-et-Garonne\",\"Masqui\u00e8res\"],\"articleSection\":[\"Agriculture\",\"Echapp\u00e9e Belle\",\"\u00c9conomie\",\"Edition 2019\",\"\u00c9nergie\",\"Environnement\",\"Habitat\",\"Nouvelle-Aquitaine\",\"Social\",\"Transverse\"],\"inLanguage\":\"fr-FR\"},{\"@type\":\"WebPage\",\"@id\":\"https:\\\/\\\/www.altercampagne.net\\\/?p=14470\",\"url\":\"https:\\\/\\\/www.altercampagne.net\\\/?p=14470\",\"name\":\"Un \u00e9co village pour le XXi\u00e8me si\u00e8cle, \u00eates-vous pr\u00eats? - AlterTour\",\"isPartOf\":{\"@id\":\"https:\\\/\\\/www.altercampagne.net\\\/#website\"},\"primaryImageOfPage\":{\"@id\":\"https:\\\/\\\/www.altercampagne.net\\\/?p=14470#primaryimage\"},\"image\":{\"@id\":\"https:\\\/\\\/www.altercampagne.net\\\/?p=14470#primaryimage\"},\"thumbnailUrl\":\"https:\\\/\\\/www.altercampagne.net\\\/wp-content\\\/uploads\\\/2019\\\/06\\\/2019-08-11-Tera-blog.jpg\",\"datePublished\":\"2019-06-17T02:51:30+00:00\",\"dateModified\":\"2019-06-23T20:58:01+00:00\",\"author\":{\"@id\":\"https:\\\/\\\/www.altercampagne.net\\\/#\\\/schema\\\/person\\\/51a66b19d7cefe375b07ec2f79a4163e\"},\"breadcrumb\":{\"@id\":\"https:\\\/\\\/www.altercampagne.net\\\/?p=14470#breadcrumb\"},\"inLanguage\":\"fr-FR\",\"potentialAction\":[{\"@type\":\"ReadAction\",\"target\":[\"https:\\\/\\\/www.altercampagne.net\\\/?p=14470\"]}]},{\"@type\":\"ImageObject\",\"inLanguage\":\"fr-FR\",\"@id\":\"https:\\\/\\\/www.altercampagne.net\\\/?p=14470#primaryimage\",\"url\":\"https:\\\/\\\/www.altercampagne.net\\\/wp-content\\\/uploads\\\/2019\\\/06\\\/2019-08-11-Tera-blog.jpg\",\"contentUrl\":\"https:\\\/\\\/www.altercampagne.net\\\/wp-content\\\/uploads\\\/2019\\\/06\\\/2019-08-11-Tera-blog.jpg\",\"width\":737,\"height\":428},{\"@type\":\"BreadcrumbList\",\"@id\":\"https:\\\/\\\/www.altercampagne.net\\\/?p=14470#breadcrumb\",\"itemListElement\":[{\"@type\":\"ListItem\",\"position\":1,\"name\":\"Accueil\",\"item\":\"https:\\\/\\\/www.altercampagne.net\\\/\"},{\"@type\":\"ListItem\",\"position\":2,\"name\":\"Un \u00e9co village pour le XXi\u00e8me si\u00e8cle, \u00eates-vous pr\u00eats?\"}]},{\"@type\":\"WebSite\",\"@id\":\"https:\\\/\\\/www.altercampagne.net\\\/#website\",\"url\":\"https:\\\/\\\/www.altercampagne.net\\\/\",\"name\":\"AlterTour\",\"description\":\"Reliez les Alternatives \u00e0 v\u00e9lo\",\"potentialAction\":[{\"@type\":\"SearchAction\",\"target\":{\"@type\":\"EntryPoint\",\"urlTemplate\":\"https:\\\/\\\/www.altercampagne.net\\\/?s={search_term_string}\"},\"query-input\":{\"@type\":\"PropertyValueSpecification\",\"valueRequired\":true,\"valueName\":\"search_term_string\"}}],\"inLanguage\":\"fr-FR\"},{\"@type\":\"Person\",\"@id\":\"https:\\\/\\\/www.altercampagne.net\\\/#\\\/schema\\\/person\\\/51a66b19d7cefe375b07ec2f79a4163e\",\"name\":\"Danielle\",\"image\":{\"@type\":\"ImageObject\",\"inLanguage\":\"fr-FR\",\"@id\":\"https:\\\/\\\/secure.gravatar.com\\\/avatar\\\/04d576be7738f1d143003cddc1b859129ca5325fbbfe0ceb5cba7ee2583933ec?s=96&d=mm&r=g\",\"url\":\"https:\\\/\\\/secure.gravatar.com\\\/avatar\\\/04d576be7738f1d143003cddc1b859129ca5325fbbfe0ceb5cba7ee2583933ec?s=96&d=mm&r=g\",\"contentUrl\":\"https:\\\/\\\/secure.gravatar.com\\\/avatar\\\/04d576be7738f1d143003cddc1b859129ca5325fbbfe0ceb5cba7ee2583933ec?s=96&d=mm&r=g\",\"caption\":\"Danielle\"},\"url\":\"https:\\\/\\\/www.altercampagne.net\\\/?author=176\"}]}<\/script>\n<!-- \/ Yoast SEO plugin. -->","yoast_head_json":{"title":"Un \u00e9co village pour le XXi\u00e8me si\u00e8cle, \u00eates-vous pr\u00eats? - AlterTour","robots":{"index":"index","follow":"follow","max-snippet":"max-snippet:-1","max-image-preview":"max-image-preview:large","max-video-preview":"max-video-preview:-1"},"canonical":"https:\/\/www.altercampagne.net\/?p=14470","og_locale":"fr_FR","og_type":"article","og_title":"Un \u00e9co village pour le XXi\u00e8me si\u00e8cle, \u00eates-vous pr\u00eats? - AlterTour","og_description":"\"Ah oui, \u00e7a va \u00eatre \u00e9norme!\". Lanc\u00e9 en 2014 le projet d'\u00e9co-hameau Tera, con\u00e7u en trois phases, \u00ab est devenu un \u00e9cosyst\u00e8me \u00bb. Un projet complet de d\u00e9veloppement de territoire bas\u00e9 sur le bien-\u00eatre et le libre choix de chacun.","og_url":"https:\/\/www.altercampagne.net\/?p=14470","og_site_name":"AlterTour","article_published_time":"2019-06-17T02:51:30+00:00","article_modified_time":"2019-06-23T20:58:01+00:00","og_image":[{"width":737,"height":428,"url":"https:\/\/www.altercampagne.net\/wp-content\/uploads\/2019\/06\/2019-08-11-Tera-blog.jpg","type":"image\/jpeg"}],"author":"Danielle","twitter_card":"summary_large_image","twitter_misc":{"\u00c9crit par":"Danielle","Dur\u00e9e de lecture estim\u00e9e":"1 minute"},"schema":{"@context":"https:\/\/schema.org","@graph":[{"@type":"Article","@id":"https:\/\/www.altercampagne.net\/?p=14470#article","isPartOf":{"@id":"https:\/\/www.altercampagne.net\/?p=14470"},"author":{"name":"Danielle","@id":"https:\/\/www.altercampagne.net\/#\/schema\/person\/51a66b19d7cefe375b07ec2f79a4163e"},"headline":"Un \u00e9co village pour le XXi\u00e8me si\u00e8cle, \u00eates-vous pr\u00eats?","datePublished":"2019-06-17T02:51:30+00:00","dateModified":"2019-06-23T20:58:01+00:00","mainEntityOfPage":{"@id":"https:\/\/www.altercampagne.net\/?p=14470"},"wordCount":269,"image":{"@id":"https:\/\/www.altercampagne.net\/?p=14470#primaryimage"},"thumbnailUrl":"https:\/\/www.altercampagne.net\/wp-content\/uploads\/2019\/06\/2019-08-11-Tera-blog.jpg","keywords":["autonomie","permaculture","revenu de base","\u00e9co-hameau","Lot-et-Garonne","Masqui\u00e8res"],"articleSection":["Agriculture","Echapp\u00e9e Belle","\u00c9conomie","Edition 2019","\u00c9nergie","Environnement","Habitat","Nouvelle-Aquitaine","Social","Transverse"],"inLanguage":"fr-FR"},{"@type":"WebPage","@id":"https:\/\/www.altercampagne.net\/?p=14470","url":"https:\/\/www.altercampagne.net\/?p=14470","name":"Un \u00e9co village pour le XXi\u00e8me si\u00e8cle, \u00eates-vous pr\u00eats? - AlterTour","isPartOf":{"@id":"https:\/\/www.altercampagne.net\/#website"},"primaryImageOfPage":{"@id":"https:\/\/www.altercampagne.net\/?p=14470#primaryimage"},"image":{"@id":"https:\/\/www.altercampagne.net\/?p=14470#primaryimage"},"thumbnailUrl":"https:\/\/www.altercampagne.net\/wp-content\/uploads\/2019\/06\/2019-08-11-Tera-blog.jpg","datePublished":"2019-06-17T02:51:30+00:00","dateModified":"2019-06-23T20:58:01+00:00","author":{"@id":"https:\/\/www.altercampagne.net\/#\/schema\/person\/51a66b19d7cefe375b07ec2f79a4163e"},"breadcrumb":{"@id":"https:\/\/www.altercampagne.net\/?p=14470#breadcrumb"},"inLanguage":"fr-FR","potentialAction":[{"@type":"ReadAction","target":["https:\/\/www.altercampagne.net\/?p=14470"]}]},{"@type":"ImageObject","inLanguage":"fr-FR","@id":"https:\/\/www.altercampagne.net\/?p=14470#primaryimage","url":"https:\/\/www.altercampagne.net\/wp-content\/uploads\/2019\/06\/2019-08-11-Tera-blog.jpg","contentUrl":"https:\/\/www.altercampagne.net\/wp-content\/uploads\/2019\/06\/2019-08-11-Tera-blog.jpg","width":737,"height":428},{"@type":"BreadcrumbList","@id":"https:\/\/www.altercampagne.net\/?p=14470#breadcrumb","itemListElement":[{"@type":"ListItem","position":1,"name":"Accueil","item":"https:\/\/www.altercampagne.net\/"},{"@type":"ListItem","position":2,"name":"Un \u00e9co village pour le XXi\u00e8me si\u00e8cle, \u00eates-vous pr\u00eats?"}]},{"@type":"WebSite","@id":"https:\/\/www.altercampagne.net\/#website","url":"https:\/\/www.altercampagne.net\/","name":"AlterTour","description":"Reliez les Alternatives \u00e0 v\u00e9lo","potentialAction":[{"@type":"SearchAction","target":{"@type":"EntryPoint","urlTemplate":"https:\/\/www.altercampagne.net\/?s={search_term_string}"},"query-input":{"@type":"PropertyValueSpecification","valueRequired":true,"valueName":"search_term_string"}}],"inLanguage":"fr-FR"},{"@type":"Person","@id":"https:\/\/www.altercampagne.net\/#\/schema\/person\/51a66b19d7cefe375b07ec2f79a4163e","name":"Danielle","image":{"@type":"ImageObject","inLanguage":"fr-FR","@id":"https:\/\/secure.gravatar.com\/avatar\/04d576be7738f1d143003cddc1b859129ca5325fbbfe0ceb5cba7ee2583933ec?s=96&d=mm&r=g","url":"https:\/\/secure.gravatar.com\/avatar\/04d576be7738f1d143003cddc1b859129ca5325fbbfe0ceb5cba7ee2583933ec?s=96&d=mm&r=g","contentUrl":"https:\/\/secure.gravatar.com\/avatar\/04d576be7738f1d143003cddc1b859129ca5325fbbfe0ceb5cba7ee2583933ec?s=96&d=mm&r=g","caption":"Danielle"},"url":"https:\/\/www.altercampagne.net\/?author=176"}]}},"_links":{"self":[{"href":"https:\/\/www.altercampagne.net\/index.php?rest_route=\/wp\/v2\/posts\/14470","targetHints":{"allow":["GET"]}}],"collection":[{"href":"https:\/\/www.altercampagne.net\/index.php?rest_route=\/wp\/v2\/posts"}],"about":[{"href":"https:\/\/www.altercampagne.net\/index.php?rest_route=\/wp\/v2\/types\/post"}],"author":[{"embeddable":true,"href":"https:\/\/www.altercampagne.net\/index.php?rest_route=\/wp\/v2\/users\/176"}],"replies":[{"embeddable":true,"href":"https:\/\/www.altercampagne.net\/index.php?rest_route=%2Fwp%2Fv2%2Fcomments&post=14470"}],"version-history":[{"count":0,"href":"https:\/\/www.altercampagne.net\/index.php?rest_route=\/wp\/v2\/posts\/14470\/revisions"}],"wp:featuredmedia":[{"embeddable":true,"href":"https:\/\/www.altercampagne.net\/index.php?rest_route=\/wp\/v2\/media\/14498"}],"wp:attachment":[{"href":"https:\/\/www.altercampagne.net\/index.php?rest_route=%2Fwp%2Fv2%2Fmedia&parent=14470"}],"wp:term":[{"taxonomy":"category","embeddable":true,"href":"https:\/\/www.altercampagne.net\/index.php?rest_route=%2Fwp%2Fv2%2Fcategories&post=14470"},{"taxonomy":"post_tag","embeddable":true,"href":"https:\/\/www.altercampagne.net\/index.php?rest_route=%2Fwp%2Fv2%2Ftags&post=14470"}],"curies":[{"name":"wp","href":"https:\/\/api.w.org\/{rel}","templated":true}]}}