{"id":14552,"date":"2019-08-25T20:05:59","date_gmt":"2019-08-25T18:05:59","guid":{"rendered":"http:\/\/www.altercampagne.net\/?p=14552"},"modified":"2021-05-06T10:44:39","modified_gmt":"2021-05-06T08:44:39","slug":"on-se-retrouve-en-septembre","status":"publish","type":"post","link":"https:\/\/www.altercampagne.net\/?p=14552","title":{"rendered":"On se retrouve le 21-22 Septembre !"},"content":{"rendered":"\n<p>Qui vient boire un verre et retrouver les copains de l&rsquo;\u00e9t\u00e9 ? <br><br>Eh oui, \u00e0 peine rentr\u00e9s de l&rsquo;AlterTour, des \u00e9toiles pleins les yeux et les mollets touts bronz\u00e9s, on se retrouvera le&nbsp;<strong>21-22 Septembre&nbsp;<\/strong>pour notre&nbsp;<strong>WE de rentr\u00e9e<\/strong>.<br>C&rsquo;est l&rsquo;occasion r\u00eav\u00e9e de revoir nos copains altercyclistes quelques semaines apr\u00e8s avoir roul\u00e9 ensemble, et de s&rsquo;en faire de nouveaux ! C&rsquo;est aussi le moment du bilan de cet AlterTour et du lancement de l&rsquo;ann\u00e9e suivante.<\/p>\n\n\n\n<p>Le weekend de rentr\u00e9e, c&rsquo;est un moment important pour l&rsquo;asso et comme toujours c&rsquo;est super convivial et ouvert \u00e0 touTEs !<\/p>\n\n\n\n<h4 class=\"wp-block-heading\">En pratique<\/h4>\n\n\n\n<p><strong>Le lieu :<\/strong>&nbsp;La Base, 31 rue Bichat, 75010 Paris, \u00e0 partir de samedi 9h.<\/p>\n\n\n\n<p>Tu peux juste venir faire un coucou, rester<strong>&nbsp;1h, 1 journ\u00e9e ou tout le week-end<\/strong>&nbsp;! <\/p>\n\n\n\n<p>Si tu viens de loin,&nbsp;<strong>tu peux te faire h\u00e9berger<\/strong>&nbsp;chez les participant.e.s de la r\u00e9gion, envoie nous un petit mot \u00e0&nbsp;<a href=\"mailto:contact@altertour.net\">contact@altertour.net<\/a>&nbsp;<\/p>\n\n\n\n<p>Pour manger, chacun apporte sa contribution culinaire pour faire une&nbsp;<strong>auberge espagnole.<\/strong><\/p>\n\n\n\n<h4 class=\"wp-block-heading\">Le programme du WE<\/h4>\n\n\n\n<p><strong>Samedi<\/strong><\/p>\n\n\n\n<p>09h00 : Accueil, retrouvailles<\/p>\n\n\n\n<p>09h30 : Lancement du weekend<\/p>\n\n\n\n<p>10h00 : Restitution du Coll\u00e8ge Solidaire<\/p>\n\n\n\n<p>10h30 : Bilans de l&rsquo;AlterTour et du Bi\u00e8reTour<\/p>\n\n\n\n<p>12h30 : Diffusion de film r\u00e9alis\u00e9 sur le Bi\u00e8reTour<\/p>\n\n\n\n<p>12h45 : D\u00e9jeuner<\/p>\n\n\n\n<p>14h15 : Pr\u00e9sentation de l\u2019Orga, tout au long de l\u2019ann\u00e9e <\/p>\n\n\n\n<p>16h00 : Discussion sur la zone g\u00e9ographique pour l&rsquo;AlterTour 2020<\/p>\n\n\n\n<p>17h30 : Tour m\u00e9t\u00e9o sur nos envies d&rsquo;implication cette ann\u00e9e<\/p>\n\n\n\n<p>18h00 : Ap\u00e9ro !<\/p>\n\n\n\n<p><strong>Dimanche<\/strong><\/p>\n\n\n\n<p>09h00 : Accueil, retrouvailles<\/p>\n\n\n\n<p>09h30 : Lancement de la journ\u00e9e<\/p>\n\n\n\n<p>10h00  : Choix de la zone g\u00e9ographique pour l&rsquo;AlterTour 2020<\/p>\n\n\n\n<p>11h30 : Constitution des \u00e9quipes de d\u00e9frichage des alternatives<\/p>\n\n\n\n<p>12h30 : D\u00e9jeuner<\/p>\n\n\n\n<p>14h00 : Formations \u00e0 l&rsquo;utilisation de l&rsquo;espace membre et \u00e0 la communication \u00e0 distance pendant l&rsquo;ann\u00e9e<\/p>\n\n\n\n<p>17h00 : Fin !<\/p>\n","protected":false},"excerpt":{"rendered":"<p>Eh oui, \u00e0 peine rentr\u00e9s de l\u2019AlterTour, des \u00e9toiles pleins les yeux et les mollets touts bronz\u00e9s, on se retrouvera le 21-22 Septembre pour notre WE de rentr\u00e9e ! C&rsquo;est l&rsquo;occasion r\u00eav\u00e9e de revoir nos copains altercyclistes et de lever son verre !<\/p>\n","protected":false},"author":239,"featured_media":12267,"comment_status":"closed","ping_status":"closed","sticky":false,"template":"","format":"standard","meta":{"footnotes":""},"categories":[4313,3967,3477,3539],"tags":[68,388,434,3968,3969],"class_list":["post-14552","post","type-post","status-publish","format-standard","has-post-thumbnail","hentry","category-altertour","category-edition-2020","category-ile-de-france","category-we-de-preparation","tag-paris","tag-septembre","tag-pleniere","tag-la-base","tag-orga"],"yoast_head":"<!-- This site is optimized with the Yoast SEO plugin v27.3 - https:\/\/yoast.com\/product\/yoast-seo-wordpress\/ -->\n<title>On se retrouve le 21-22 Septembre ! - AlterTour<\/title>\n<meta name=\"robots\" content=\"index, follow, max-snippet:-1, max-image-preview:large, max-video-preview:-1\" \/>\n<link rel=\"canonical\" href=\"https:\/\/www.altercampagne.net\/?p=14552\" \/>\n<meta property=\"og:locale\" content=\"fr_FR\" \/>\n<meta property=\"og:type\" content=\"article\" \/>\n<meta property=\"og:title\" content=\"On se retrouve le 21-22 Septembre ! - AlterTour\" \/>\n<meta property=\"og:description\" content=\"Eh oui, \u00e0 peine rentr\u00e9s de l\u2019AlterTour, des \u00e9toiles pleins les yeux et les mollets touts bronz\u00e9s, on se retrouvera le 21-22 Septembre pour notre WE de rentr\u00e9e ! C&#039;est l&#039;occasion r\u00eav\u00e9e de revoir nos copains altercyclistes et de lever son verre !\" \/>\n<meta property=\"og:url\" content=\"https:\/\/www.altercampagne.net\/?p=14552\" \/>\n<meta property=\"og:site_name\" content=\"AlterTour\" \/>\n<meta property=\"article:published_time\" content=\"2019-08-25T18:05:59+00:00\" \/>\n<meta property=\"article:modified_time\" content=\"2021-05-06T08:44:39+00:00\" \/>\n<meta property=\"og:image\" content=\"https:\/\/www.altercampagne.net\/wp-content\/uploads\/2018\/10\/2018-09-29-1ere-pleniere-25.jpg\" \/>\n\t<meta property=\"og:image:width\" content=\"638\" \/>\n\t<meta property=\"og:image:height\" content=\"335\" \/>\n\t<meta property=\"og:image:type\" content=\"image\/jpeg\" \/>\n<meta name=\"author\" content=\"Hugues\" \/>\n<meta name=\"twitter:card\" content=\"summary_large_image\" \/>\n<meta name=\"twitter:label1\" content=\"\u00c9crit par\" \/>\n\t<meta name=\"twitter:data1\" content=\"Hugues\" \/>\n\t<meta name=\"twitter:label2\" content=\"Dur\u00e9e de lecture estim\u00e9e\" \/>\n\t<meta name=\"twitter:data2\" content=\"2 minutes\" \/>\n<script type=\"application\/ld+json\" class=\"yoast-schema-graph\">{\"@context\":\"https:\\\/\\\/schema.org\",\"@graph\":[{\"@type\":\"Article\",\"@id\":\"https:\\\/\\\/www.altercampagne.net\\\/?p=14552#article\",\"isPartOf\":{\"@id\":\"https:\\\/\\\/www.altercampagne.net\\\/?p=14552\"},\"author\":{\"name\":\"Hugues\",\"@id\":\"https:\\\/\\\/www.altercampagne.net\\\/#\\\/schema\\\/person\\\/30c238afd823c7fe6fd29b35db5232d3\"},\"headline\":\"On se retrouve le 21-22 Septembre !\",\"datePublished\":\"2019-08-25T18:05:59+00:00\",\"dateModified\":\"2021-05-06T08:44:39+00:00\",\"mainEntityOfPage\":{\"@id\":\"https:\\\/\\\/www.altercampagne.net\\\/?p=14552\"},\"wordCount\":324,\"image\":{\"@id\":\"https:\\\/\\\/www.altercampagne.net\\\/?p=14552#primaryimage\"},\"thumbnailUrl\":\"https:\\\/\\\/www.altercampagne.net\\\/wp-content\\\/uploads\\\/2018\\\/10\\\/2018-09-29-1ere-pleniere-25.jpg\",\"keywords\":[\"paris\",\"septembre\",\"pl\u00e9ni\u00e8re\",\"la base\",\"orga\"],\"articleSection\":[\"AlterTour\",\"Edition 2020\",\"\u00cele-de-France\",\"WE de pr\u00e9paration\"],\"inLanguage\":\"fr-FR\"},{\"@type\":\"WebPage\",\"@id\":\"https:\\\/\\\/www.altercampagne.net\\\/?p=14552\",\"url\":\"https:\\\/\\\/www.altercampagne.net\\\/?p=14552\",\"name\":\"On se retrouve le 21-22 Septembre ! - AlterTour\",\"isPartOf\":{\"@id\":\"https:\\\/\\\/www.altercampagne.net\\\/#website\"},\"primaryImageOfPage\":{\"@id\":\"https:\\\/\\\/www.altercampagne.net\\\/?p=14552#primaryimage\"},\"image\":{\"@id\":\"https:\\\/\\\/www.altercampagne.net\\\/?p=14552#primaryimage\"},\"thumbnailUrl\":\"https:\\\/\\\/www.altercampagne.net\\\/wp-content\\\/uploads\\\/2018\\\/10\\\/2018-09-29-1ere-pleniere-25.jpg\",\"datePublished\":\"2019-08-25T18:05:59+00:00\",\"dateModified\":\"2021-05-06T08:44:39+00:00\",\"author\":{\"@id\":\"https:\\\/\\\/www.altercampagne.net\\\/#\\\/schema\\\/person\\\/30c238afd823c7fe6fd29b35db5232d3\"},\"breadcrumb\":{\"@id\":\"https:\\\/\\\/www.altercampagne.net\\\/?p=14552#breadcrumb\"},\"inLanguage\":\"fr-FR\",\"potentialAction\":[{\"@type\":\"ReadAction\",\"target\":[\"https:\\\/\\\/www.altercampagne.net\\\/?p=14552\"]}]},{\"@type\":\"ImageObject\",\"inLanguage\":\"fr-FR\",\"@id\":\"https:\\\/\\\/www.altercampagne.net\\\/?p=14552#primaryimage\",\"url\":\"https:\\\/\\\/www.altercampagne.net\\\/wp-content\\\/uploads\\\/2018\\\/10\\\/2018-09-29-1ere-pleniere-25.jpg\",\"contentUrl\":\"https:\\\/\\\/www.altercampagne.net\\\/wp-content\\\/uploads\\\/2018\\\/10\\\/2018-09-29-1ere-pleniere-25.jpg\",\"width\":638,\"height\":335},{\"@type\":\"BreadcrumbList\",\"@id\":\"https:\\\/\\\/www.altercampagne.net\\\/?p=14552#breadcrumb\",\"itemListElement\":[{\"@type\":\"ListItem\",\"position\":1,\"name\":\"Accueil\",\"item\":\"https:\\\/\\\/www.altercampagne.net\\\/\"},{\"@type\":\"ListItem\",\"position\":2,\"name\":\"On se retrouve le 21-22 Septembre !\"}]},{\"@type\":\"WebSite\",\"@id\":\"https:\\\/\\\/www.altercampagne.net\\\/#website\",\"url\":\"https:\\\/\\\/www.altercampagne.net\\\/\",\"name\":\"AlterTour\",\"description\":\"Reliez les Alternatives \u00e0 v\u00e9lo\",\"potentialAction\":[{\"@type\":\"SearchAction\",\"target\":{\"@type\":\"EntryPoint\",\"urlTemplate\":\"https:\\\/\\\/www.altercampagne.net\\\/?s={search_term_string}\"},\"query-input\":{\"@type\":\"PropertyValueSpecification\",\"valueRequired\":true,\"valueName\":\"search_term_string\"}}],\"inLanguage\":\"fr-FR\"},{\"@type\":\"Person\",\"@id\":\"https:\\\/\\\/www.altercampagne.net\\\/#\\\/schema\\\/person\\\/30c238afd823c7fe6fd29b35db5232d3\",\"name\":\"Hugues\",\"image\":{\"@type\":\"ImageObject\",\"inLanguage\":\"fr-FR\",\"@id\":\"https:\\\/\\\/secure.gravatar.com\\\/avatar\\\/3283317f088df83ec8d059457554badb95fbb84a40a0243dc3c020c0d9f0afc0?s=96&d=mm&r=g\",\"url\":\"https:\\\/\\\/secure.gravatar.com\\\/avatar\\\/3283317f088df83ec8d059457554badb95fbb84a40a0243dc3c020c0d9f0afc0?s=96&d=mm&r=g\",\"contentUrl\":\"https:\\\/\\\/secure.gravatar.com\\\/avatar\\\/3283317f088df83ec8d059457554badb95fbb84a40a0243dc3c020c0d9f0afc0?s=96&d=mm&r=g\",\"caption\":\"Hugues\"},\"url\":\"https:\\\/\\\/www.altercampagne.net\\\/?author=239\"}]}<\/script>\n<!-- \/ Yoast SEO plugin. -->","yoast_head_json":{"title":"On se retrouve le 21-22 Septembre ! - AlterTour","robots":{"index":"index","follow":"follow","max-snippet":"max-snippet:-1","max-image-preview":"max-image-preview:large","max-video-preview":"max-video-preview:-1"},"canonical":"https:\/\/www.altercampagne.net\/?p=14552","og_locale":"fr_FR","og_type":"article","og_title":"On se retrouve le 21-22 Septembre ! - AlterTour","og_description":"Eh oui, \u00e0 peine rentr\u00e9s de l\u2019AlterTour, des \u00e9toiles pleins les yeux et les mollets touts bronz\u00e9s, on se retrouvera le 21-22 Septembre pour notre WE de rentr\u00e9e ! C'est l'occasion r\u00eav\u00e9e de revoir nos copains altercyclistes et de lever son verre !","og_url":"https:\/\/www.altercampagne.net\/?p=14552","og_site_name":"AlterTour","article_published_time":"2019-08-25T18:05:59+00:00","article_modified_time":"2021-05-06T08:44:39+00:00","og_image":[{"width":638,"height":335,"url":"https:\/\/www.altercampagne.net\/wp-content\/uploads\/2018\/10\/2018-09-29-1ere-pleniere-25.jpg","type":"image\/jpeg"}],"author":"Hugues","twitter_card":"summary_large_image","twitter_misc":{"\u00c9crit par":"Hugues","Dur\u00e9e de lecture estim\u00e9e":"2 minutes"},"schema":{"@context":"https:\/\/schema.org","@graph":[{"@type":"Article","@id":"https:\/\/www.altercampagne.net\/?p=14552#article","isPartOf":{"@id":"https:\/\/www.altercampagne.net\/?p=14552"},"author":{"name":"Hugues","@id":"https:\/\/www.altercampagne.net\/#\/schema\/person\/30c238afd823c7fe6fd29b35db5232d3"},"headline":"On se retrouve le 21-22 Septembre !","datePublished":"2019-08-25T18:05:59+00:00","dateModified":"2021-05-06T08:44:39+00:00","mainEntityOfPage":{"@id":"https:\/\/www.altercampagne.net\/?p=14552"},"wordCount":324,"image":{"@id":"https:\/\/www.altercampagne.net\/?p=14552#primaryimage"},"thumbnailUrl":"https:\/\/www.altercampagne.net\/wp-content\/uploads\/2018\/10\/2018-09-29-1ere-pleniere-25.jpg","keywords":["paris","septembre","pl\u00e9ni\u00e8re","la base","orga"],"articleSection":["AlterTour","Edition 2020","\u00cele-de-France","WE de pr\u00e9paration"],"inLanguage":"fr-FR"},{"@type":"WebPage","@id":"https:\/\/www.altercampagne.net\/?p=14552","url":"https:\/\/www.altercampagne.net\/?p=14552","name":"On se retrouve le 21-22 Septembre ! - AlterTour","isPartOf":{"@id":"https:\/\/www.altercampagne.net\/#website"},"primaryImageOfPage":{"@id":"https:\/\/www.altercampagne.net\/?p=14552#primaryimage"},"image":{"@id":"https:\/\/www.altercampagne.net\/?p=14552#primaryimage"},"thumbnailUrl":"https:\/\/www.altercampagne.net\/wp-content\/uploads\/2018\/10\/2018-09-29-1ere-pleniere-25.jpg","datePublished":"2019-08-25T18:05:59+00:00","dateModified":"2021-05-06T08:44:39+00:00","author":{"@id":"https:\/\/www.altercampagne.net\/#\/schema\/person\/30c238afd823c7fe6fd29b35db5232d3"},"breadcrumb":{"@id":"https:\/\/www.altercampagne.net\/?p=14552#breadcrumb"},"inLanguage":"fr-FR","potentialAction":[{"@type":"ReadAction","target":["https:\/\/www.altercampagne.net\/?p=14552"]}]},{"@type":"ImageObject","inLanguage":"fr-FR","@id":"https:\/\/www.altercampagne.net\/?p=14552#primaryimage","url":"https:\/\/www.altercampagne.net\/wp-content\/uploads\/2018\/10\/2018-09-29-1ere-pleniere-25.jpg","contentUrl":"https:\/\/www.altercampagne.net\/wp-content\/uploads\/2018\/10\/2018-09-29-1ere-pleniere-25.jpg","width":638,"height":335},{"@type":"BreadcrumbList","@id":"https:\/\/www.altercampagne.net\/?p=14552#breadcrumb","itemListElement":[{"@type":"ListItem","position":1,"name":"Accueil","item":"https:\/\/www.altercampagne.net\/"},{"@type":"ListItem","position":2,"name":"On se retrouve le 21-22 Septembre !"}]},{"@type":"WebSite","@id":"https:\/\/www.altercampagne.net\/#website","url":"https:\/\/www.altercampagne.net\/","name":"AlterTour","description":"Reliez les Alternatives \u00e0 v\u00e9lo","potentialAction":[{"@type":"SearchAction","target":{"@type":"EntryPoint","urlTemplate":"https:\/\/www.altercampagne.net\/?s={search_term_string}"},"query-input":{"@type":"PropertyValueSpecification","valueRequired":true,"valueName":"search_term_string"}}],"inLanguage":"fr-FR"},{"@type":"Person","@id":"https:\/\/www.altercampagne.net\/#\/schema\/person\/30c238afd823c7fe6fd29b35db5232d3","name":"Hugues","image":{"@type":"ImageObject","inLanguage":"fr-FR","@id":"https:\/\/secure.gravatar.com\/avatar\/3283317f088df83ec8d059457554badb95fbb84a40a0243dc3c020c0d9f0afc0?s=96&d=mm&r=g","url":"https:\/\/secure.gravatar.com\/avatar\/3283317f088df83ec8d059457554badb95fbb84a40a0243dc3c020c0d9f0afc0?s=96&d=mm&r=g","contentUrl":"https:\/\/secure.gravatar.com\/avatar\/3283317f088df83ec8d059457554badb95fbb84a40a0243dc3c020c0d9f0afc0?s=96&d=mm&r=g","caption":"Hugues"},"url":"https:\/\/www.altercampagne.net\/?author=239"}]}},"_links":{"self":[{"href":"https:\/\/www.altercampagne.net\/index.php?rest_route=\/wp\/v2\/posts\/14552","targetHints":{"allow":["GET"]}}],"collection":[{"href":"https:\/\/www.altercampagne.net\/index.php?rest_route=\/wp\/v2\/posts"}],"about":[{"href":"https:\/\/www.altercampagne.net\/index.php?rest_route=\/wp\/v2\/types\/post"}],"author":[{"embeddable":true,"href":"https:\/\/www.altercampagne.net\/index.php?rest_route=\/wp\/v2\/users\/239"}],"replies":[{"embeddable":true,"href":"https:\/\/www.altercampagne.net\/index.php?rest_route=%2Fwp%2Fv2%2Fcomments&post=14552"}],"version-history":[{"count":1,"href":"https:\/\/www.altercampagne.net\/index.php?rest_route=\/wp\/v2\/posts\/14552\/revisions"}],"predecessor-version":[{"id":21735,"href":"https:\/\/www.altercampagne.net\/index.php?rest_route=\/wp\/v2\/posts\/14552\/revisions\/21735"}],"wp:featuredmedia":[{"embeddable":true,"href":"https:\/\/www.altercampagne.net\/index.php?rest_route=\/wp\/v2\/media\/12267"}],"wp:attachment":[{"href":"https:\/\/www.altercampagne.net\/index.php?rest_route=%2Fwp%2Fv2%2Fmedia&parent=14552"}],"wp:term":[{"taxonomy":"category","embeddable":true,"href":"https:\/\/www.altercampagne.net\/index.php?rest_route=%2Fwp%2Fv2%2Fcategories&post=14552"},{"taxonomy":"post_tag","embeddable":true,"href":"https:\/\/www.altercampagne.net\/index.php?rest_route=%2Fwp%2Fv2%2Ftags&post=14552"}],"curies":[{"name":"wp","href":"https:\/\/api.w.org\/{rel}","templated":true}]}}