{"id":14584,"date":"2019-06-03T14:24:52","date_gmt":"2019-06-03T12:24:52","guid":{"rendered":"http:\/\/www.altercampagne.net\/?p=14584"},"modified":"2019-07-03T14:57:51","modified_gmt":"2019-07-03T12:57:51","slug":"le-caac-collectif-convergence-des-actions-et-des-alternatives-citoyennes","status":"publish","type":"post","link":"https:\/\/www.altercampagne.net\/?p=14584","title":{"rendered":"Le CAAC : Collectif Convergence des Actions et des Alternatives Citoyennes"},"content":{"rendered":"\n<p><strong>Ils auraient pu l\u2019appeler Alternatiba-Pau ou ANV-COP21-Pau mais ses fondateurs ont opt\u00e9 pour un acronyme plus local, qui sonne et qui claque : le CAAC. Ou Convergence des actions et des alternatives citoyennes. L\u2019AlterTour rencontrera <a rel=\"noreferrer noopener\" href=\"https:\/\/www.collectif-caac.fr\" target=\"_blank\">le CAAC<\/a>\u00a0le \u00a0le 24 ao\u00fbt \u00e0 Juran\u00e7on (64). <\/strong><\/p>\n\n\n\n<h4 class=\"wp-block-heading\">Des ap\u00e9ros&#8230; aux actions non-violentes<\/h4>\n\n\n\n<p>Cr\u00e9\u00e9 il y a \u00e0 peine trois ans \u00e0 l\u2019initiative d\u2019un petit groupe de Palois, le CAAC a une sp\u00e9cialit\u00e9 : les \u00ab&nbsp;ap\u00e9ros du climat&nbsp;\u00bb, organis\u00e9s tous les mois au bistrot La tor deu borr\u00e8u. Des rendez-vous qui visent \u00e0 f\u00e9d\u00e9rer les citoyens, militants ou non, autour des luttes \u00e9cologiques et sociales, et qui se prolongent sur le terrain. Comme en d\u00e9cembre 2016 et en avril 2017, o\u00f9 plusieurs dizaines de personnes ont occup\u00e9 une agence BNP Paribas afin de d\u00e9noncer le scandale de l\u2019\u00e9vasion fiscale.&nbsp;<\/p>\n\n\n\n<h4 class=\"wp-block-heading\">Un collectif autonome<\/h4>\n\n\n\n<p>Affili\u00e9 au mouvement citoyen bayonnais et issu de l\u2019action non violente, ce collectif revendique son autonomie.&nbsp;\u00ab Etre un collectif, sans existence l\u00e9gale, sans pr\u00e9sident ni vice-pr\u00e9sident est une mani\u00e8re d\u2019exprimer notre conception de la d\u00e9mocratie&nbsp;\u00bb, explique  Marine Corbel, membre du collectif CAAC. \u00ab C\u2019est un choix qui nous permet de garder de la la souplesse dans nos actions et d\u2019\u00eatre plus r\u00e9actifs dans nos d\u00e9cisions.&nbsp;\u00bb<\/p>\n\n\n\n<h4 class=\"wp-block-heading\">Se former pour agir !<\/h4>\n\n\n\n<p>Le collectif organise aussi des formations \u00e0 la d\u00e9sob\u00e9issance civile, \u00e0 la communication non violente et \u00e0 la gestion de groupe. Il ne lui manque qu\u2019une chose, finalement : quelques cerveaux de plus pour d\u00e9velopper de nouvelles actions !<\/p>\n\n\n\n<p><strong>L\u2019AlterTour rencontrera le CAAC&nbsp;le 24 ao\u00fbt \u00e0 Juran\u00e7on (64). Initiation \u00e0 la d\u00e9sob\u00e9issance civile au programme !&nbsp;Pour plus d\u2019information consultez le&nbsp;<a rel=\"noreferrer noopener\" href=\"http:\/\/www.altercampagne.net\/?page_id=13601\" target=\"_blank\">programme<\/a><\/strong><a rel=\"noreferrer noopener\" href=\"http:\/\/www.altercampagne.net\/?page_id=13601\" target=\"_blank\">.<\/a><\/p>\n","protected":false},"excerpt":{"rendered":"<p>Ils auraient pu l\u2019appeler Alternatiba-Pau ou ANV-COP21-Pau mais ses fondateurs ont opt\u00e9 pour un acronyme plus local, qui sonne et qui claque : le CAAC. Ou Convergence des actions et des alternatives citoyennes. L\u2019AlterTour rencontrera le CAAC\u00a0le \u00a0le 24 ao\u00fbt \u00e0 Juran\u00e7on (64). Des ap\u00e9ros&#8230; aux actions non-violentes Cr\u00e9\u00e9 il &#8230; <\/p>\n<div><a href=\"https:\/\/www.altercampagne.net\/?p=14584\" class=\"more-link\">Read More<\/a><\/div>\n","protected":false},"author":204,"featured_media":14585,"comment_status":"closed","ping_status":"closed","sticky":false,"template":"","format":"standard","meta":{"footnotes":""},"categories":[3773,3479,3540],"tags":[11,1159,2768,3970],"class_list":["post-14584","post","type-post","status-publish","format-standard","has-post-thumbnail","hentry","category-edition-2019","category-nouvelle-aquitaine","category-transverse","tag-alternatiba","tag-pau","tag-nouvelle-aquitaine","tag-caac"],"yoast_head":"<!-- This site is optimized with the Yoast SEO plugin v27.3 - https:\/\/yoast.com\/product\/yoast-seo-wordpress\/ -->\n<title>Le CAAC : Collectif Convergence des Actions et des Alternatives Citoyennes - AlterTour<\/title>\n<meta name=\"robots\" content=\"index, follow, max-snippet:-1, max-image-preview:large, max-video-preview:-1\" \/>\n<link rel=\"canonical\" href=\"https:\/\/www.altercampagne.net\/?p=14584\" \/>\n<meta property=\"og:locale\" content=\"fr_FR\" \/>\n<meta property=\"og:type\" content=\"article\" \/>\n<meta property=\"og:title\" content=\"Le CAAC : Collectif Convergence des Actions et des Alternatives Citoyennes - AlterTour\" \/>\n<meta property=\"og:description\" content=\"Ils auraient pu l\u2019appeler Alternatiba-Pau ou ANV-COP21-Pau mais ses fondateurs ont opt\u00e9 pour un acronyme plus local, qui sonne et qui claque : le CAAC. Ou Convergence des actions et des alternatives citoyennes. L\u2019AlterTour rencontrera le CAAC\u00a0le \u00a0le 24 ao\u00fbt \u00e0 Juran\u00e7on (64). Des ap\u00e9ros&#8230; aux actions non-violentes Cr\u00e9\u00e9 il ... Read More\" \/>\n<meta property=\"og:url\" content=\"https:\/\/www.altercampagne.net\/?p=14584\" \/>\n<meta property=\"og:site_name\" content=\"AlterTour\" \/>\n<meta property=\"article:published_time\" content=\"2019-06-03T12:24:52+00:00\" \/>\n<meta property=\"article:modified_time\" content=\"2019-07-03T12:57:51+00:00\" \/>\n<meta property=\"og:image\" content=\"https:\/\/www.altercampagne.net\/wp-content\/uploads\/2019\/07\/2019-08-23-CAAC-blog.jpg\" \/>\n\t<meta property=\"og:image:width\" content=\"686\" \/>\n\t<meta property=\"og:image:height\" content=\"358\" \/>\n\t<meta property=\"og:image:type\" content=\"image\/jpeg\" \/>\n<meta name=\"author\" content=\"Samy\" \/>\n<meta name=\"twitter:card\" content=\"summary_large_image\" \/>\n<meta name=\"twitter:label1\" content=\"\u00c9crit par\" \/>\n\t<meta name=\"twitter:data1\" content=\"Samy\" \/>\n\t<meta name=\"twitter:label2\" content=\"Dur\u00e9e de lecture estim\u00e9e\" \/>\n\t<meta name=\"twitter:data2\" content=\"1 minute\" \/>\n<script type=\"application\/ld+json\" class=\"yoast-schema-graph\">{\"@context\":\"https:\\\/\\\/schema.org\",\"@graph\":[{\"@type\":\"Article\",\"@id\":\"https:\\\/\\\/www.altercampagne.net\\\/?p=14584#article\",\"isPartOf\":{\"@id\":\"https:\\\/\\\/www.altercampagne.net\\\/?p=14584\"},\"author\":{\"name\":\"Samy\",\"@id\":\"https:\\\/\\\/www.altercampagne.net\\\/#\\\/schema\\\/person\\\/349e2885b46b5f4b7d0d9be5b9c8672c\"},\"headline\":\"Le CAAC : Collectif Convergence des Actions et des Alternatives Citoyennes\",\"datePublished\":\"2019-06-03T12:24:52+00:00\",\"dateModified\":\"2019-07-03T12:57:51+00:00\",\"mainEntityOfPage\":{\"@id\":\"https:\\\/\\\/www.altercampagne.net\\\/?p=14584\"},\"wordCount\":306,\"image\":{\"@id\":\"https:\\\/\\\/www.altercampagne.net\\\/?p=14584#primaryimage\"},\"thumbnailUrl\":\"https:\\\/\\\/www.altercampagne.net\\\/wp-content\\\/uploads\\\/2019\\\/07\\\/2019-08-23-CAAC-blog.jpg\",\"keywords\":[\"alternatiba\",\"pau\",\"Nouvelle-Aquitaine\",\"CAAC\"],\"articleSection\":[\"Edition 2019\",\"Nouvelle-Aquitaine\",\"Transverse\"],\"inLanguage\":\"fr-FR\"},{\"@type\":\"WebPage\",\"@id\":\"https:\\\/\\\/www.altercampagne.net\\\/?p=14584\",\"url\":\"https:\\\/\\\/www.altercampagne.net\\\/?p=14584\",\"name\":\"Le CAAC : Collectif Convergence des Actions et des Alternatives Citoyennes - AlterTour\",\"isPartOf\":{\"@id\":\"https:\\\/\\\/www.altercampagne.net\\\/#website\"},\"primaryImageOfPage\":{\"@id\":\"https:\\\/\\\/www.altercampagne.net\\\/?p=14584#primaryimage\"},\"image\":{\"@id\":\"https:\\\/\\\/www.altercampagne.net\\\/?p=14584#primaryimage\"},\"thumbnailUrl\":\"https:\\\/\\\/www.altercampagne.net\\\/wp-content\\\/uploads\\\/2019\\\/07\\\/2019-08-23-CAAC-blog.jpg\",\"datePublished\":\"2019-06-03T12:24:52+00:00\",\"dateModified\":\"2019-07-03T12:57:51+00:00\",\"author\":{\"@id\":\"https:\\\/\\\/www.altercampagne.net\\\/#\\\/schema\\\/person\\\/349e2885b46b5f4b7d0d9be5b9c8672c\"},\"breadcrumb\":{\"@id\":\"https:\\\/\\\/www.altercampagne.net\\\/?p=14584#breadcrumb\"},\"inLanguage\":\"fr-FR\",\"potentialAction\":[{\"@type\":\"ReadAction\",\"target\":[\"https:\\\/\\\/www.altercampagne.net\\\/?p=14584\"]}]},{\"@type\":\"ImageObject\",\"inLanguage\":\"fr-FR\",\"@id\":\"https:\\\/\\\/www.altercampagne.net\\\/?p=14584#primaryimage\",\"url\":\"https:\\\/\\\/www.altercampagne.net\\\/wp-content\\\/uploads\\\/2019\\\/07\\\/2019-08-23-CAAC-blog.jpg\",\"contentUrl\":\"https:\\\/\\\/www.altercampagne.net\\\/wp-content\\\/uploads\\\/2019\\\/07\\\/2019-08-23-CAAC-blog.jpg\",\"width\":686,\"height\":358},{\"@type\":\"BreadcrumbList\",\"@id\":\"https:\\\/\\\/www.altercampagne.net\\\/?p=14584#breadcrumb\",\"itemListElement\":[{\"@type\":\"ListItem\",\"position\":1,\"name\":\"Accueil\",\"item\":\"https:\\\/\\\/www.altercampagne.net\\\/\"},{\"@type\":\"ListItem\",\"position\":2,\"name\":\"Le CAAC : Collectif Convergence des Actions et des Alternatives Citoyennes\"}]},{\"@type\":\"WebSite\",\"@id\":\"https:\\\/\\\/www.altercampagne.net\\\/#website\",\"url\":\"https:\\\/\\\/www.altercampagne.net\\\/\",\"name\":\"AlterTour\",\"description\":\"Reliez les Alternatives \u00e0 v\u00e9lo\",\"potentialAction\":[{\"@type\":\"SearchAction\",\"target\":{\"@type\":\"EntryPoint\",\"urlTemplate\":\"https:\\\/\\\/www.altercampagne.net\\\/?s={search_term_string}\"},\"query-input\":{\"@type\":\"PropertyValueSpecification\",\"valueRequired\":true,\"valueName\":\"search_term_string\"}}],\"inLanguage\":\"fr-FR\"},{\"@type\":\"Person\",\"@id\":\"https:\\\/\\\/www.altercampagne.net\\\/#\\\/schema\\\/person\\\/349e2885b46b5f4b7d0d9be5b9c8672c\",\"name\":\"Samy\",\"image\":{\"@type\":\"ImageObject\",\"inLanguage\":\"fr-FR\",\"@id\":\"https:\\\/\\\/secure.gravatar.com\\\/avatar\\\/d97191fc70ef9e74c69fe5933391243affe997eefb5a8695034b51cd67d48869?s=96&d=mm&r=g\",\"url\":\"https:\\\/\\\/secure.gravatar.com\\\/avatar\\\/d97191fc70ef9e74c69fe5933391243affe997eefb5a8695034b51cd67d48869?s=96&d=mm&r=g\",\"contentUrl\":\"https:\\\/\\\/secure.gravatar.com\\\/avatar\\\/d97191fc70ef9e74c69fe5933391243affe997eefb5a8695034b51cd67d48869?s=96&d=mm&r=g\",\"caption\":\"Samy\"},\"url\":\"https:\\\/\\\/www.altercampagne.net\\\/?author=204\"}]}<\/script>\n<!-- \/ Yoast SEO plugin. -->","yoast_head_json":{"title":"Le CAAC : Collectif Convergence des Actions et des Alternatives Citoyennes - AlterTour","robots":{"index":"index","follow":"follow","max-snippet":"max-snippet:-1","max-image-preview":"max-image-preview:large","max-video-preview":"max-video-preview:-1"},"canonical":"https:\/\/www.altercampagne.net\/?p=14584","og_locale":"fr_FR","og_type":"article","og_title":"Le CAAC : Collectif Convergence des Actions et des Alternatives Citoyennes - AlterTour","og_description":"Ils auraient pu l\u2019appeler Alternatiba-Pau ou ANV-COP21-Pau mais ses fondateurs ont opt\u00e9 pour un acronyme plus local, qui sonne et qui claque : le CAAC. Ou Convergence des actions et des alternatives citoyennes. L\u2019AlterTour rencontrera le CAAC\u00a0le \u00a0le 24 ao\u00fbt \u00e0 Juran\u00e7on (64). Des ap\u00e9ros&#8230; aux actions non-violentes Cr\u00e9\u00e9 il ... Read More","og_url":"https:\/\/www.altercampagne.net\/?p=14584","og_site_name":"AlterTour","article_published_time":"2019-06-03T12:24:52+00:00","article_modified_time":"2019-07-03T12:57:51+00:00","og_image":[{"width":686,"height":358,"url":"https:\/\/www.altercampagne.net\/wp-content\/uploads\/2019\/07\/2019-08-23-CAAC-blog.jpg","type":"image\/jpeg"}],"author":"Samy","twitter_card":"summary_large_image","twitter_misc":{"\u00c9crit par":"Samy","Dur\u00e9e de lecture estim\u00e9e":"1 minute"},"schema":{"@context":"https:\/\/schema.org","@graph":[{"@type":"Article","@id":"https:\/\/www.altercampagne.net\/?p=14584#article","isPartOf":{"@id":"https:\/\/www.altercampagne.net\/?p=14584"},"author":{"name":"Samy","@id":"https:\/\/www.altercampagne.net\/#\/schema\/person\/349e2885b46b5f4b7d0d9be5b9c8672c"},"headline":"Le CAAC : Collectif Convergence des Actions et des Alternatives Citoyennes","datePublished":"2019-06-03T12:24:52+00:00","dateModified":"2019-07-03T12:57:51+00:00","mainEntityOfPage":{"@id":"https:\/\/www.altercampagne.net\/?p=14584"},"wordCount":306,"image":{"@id":"https:\/\/www.altercampagne.net\/?p=14584#primaryimage"},"thumbnailUrl":"https:\/\/www.altercampagne.net\/wp-content\/uploads\/2019\/07\/2019-08-23-CAAC-blog.jpg","keywords":["alternatiba","pau","Nouvelle-Aquitaine","CAAC"],"articleSection":["Edition 2019","Nouvelle-Aquitaine","Transverse"],"inLanguage":"fr-FR"},{"@type":"WebPage","@id":"https:\/\/www.altercampagne.net\/?p=14584","url":"https:\/\/www.altercampagne.net\/?p=14584","name":"Le CAAC : Collectif Convergence des Actions et des Alternatives Citoyennes - AlterTour","isPartOf":{"@id":"https:\/\/www.altercampagne.net\/#website"},"primaryImageOfPage":{"@id":"https:\/\/www.altercampagne.net\/?p=14584#primaryimage"},"image":{"@id":"https:\/\/www.altercampagne.net\/?p=14584#primaryimage"},"thumbnailUrl":"https:\/\/www.altercampagne.net\/wp-content\/uploads\/2019\/07\/2019-08-23-CAAC-blog.jpg","datePublished":"2019-06-03T12:24:52+00:00","dateModified":"2019-07-03T12:57:51+00:00","author":{"@id":"https:\/\/www.altercampagne.net\/#\/schema\/person\/349e2885b46b5f4b7d0d9be5b9c8672c"},"breadcrumb":{"@id":"https:\/\/www.altercampagne.net\/?p=14584#breadcrumb"},"inLanguage":"fr-FR","potentialAction":[{"@type":"ReadAction","target":["https:\/\/www.altercampagne.net\/?p=14584"]}]},{"@type":"ImageObject","inLanguage":"fr-FR","@id":"https:\/\/www.altercampagne.net\/?p=14584#primaryimage","url":"https:\/\/www.altercampagne.net\/wp-content\/uploads\/2019\/07\/2019-08-23-CAAC-blog.jpg","contentUrl":"https:\/\/www.altercampagne.net\/wp-content\/uploads\/2019\/07\/2019-08-23-CAAC-blog.jpg","width":686,"height":358},{"@type":"BreadcrumbList","@id":"https:\/\/www.altercampagne.net\/?p=14584#breadcrumb","itemListElement":[{"@type":"ListItem","position":1,"name":"Accueil","item":"https:\/\/www.altercampagne.net\/"},{"@type":"ListItem","position":2,"name":"Le CAAC : Collectif Convergence des Actions et des Alternatives Citoyennes"}]},{"@type":"WebSite","@id":"https:\/\/www.altercampagne.net\/#website","url":"https:\/\/www.altercampagne.net\/","name":"AlterTour","description":"Reliez les Alternatives \u00e0 v\u00e9lo","potentialAction":[{"@type":"SearchAction","target":{"@type":"EntryPoint","urlTemplate":"https:\/\/www.altercampagne.net\/?s={search_term_string}"},"query-input":{"@type":"PropertyValueSpecification","valueRequired":true,"valueName":"search_term_string"}}],"inLanguage":"fr-FR"},{"@type":"Person","@id":"https:\/\/www.altercampagne.net\/#\/schema\/person\/349e2885b46b5f4b7d0d9be5b9c8672c","name":"Samy","image":{"@type":"ImageObject","inLanguage":"fr-FR","@id":"https:\/\/secure.gravatar.com\/avatar\/d97191fc70ef9e74c69fe5933391243affe997eefb5a8695034b51cd67d48869?s=96&d=mm&r=g","url":"https:\/\/secure.gravatar.com\/avatar\/d97191fc70ef9e74c69fe5933391243affe997eefb5a8695034b51cd67d48869?s=96&d=mm&r=g","contentUrl":"https:\/\/secure.gravatar.com\/avatar\/d97191fc70ef9e74c69fe5933391243affe997eefb5a8695034b51cd67d48869?s=96&d=mm&r=g","caption":"Samy"},"url":"https:\/\/www.altercampagne.net\/?author=204"}]}},"_links":{"self":[{"href":"https:\/\/www.altercampagne.net\/index.php?rest_route=\/wp\/v2\/posts\/14584","targetHints":{"allow":["GET"]}}],"collection":[{"href":"https:\/\/www.altercampagne.net\/index.php?rest_route=\/wp\/v2\/posts"}],"about":[{"href":"https:\/\/www.altercampagne.net\/index.php?rest_route=\/wp\/v2\/types\/post"}],"author":[{"embeddable":true,"href":"https:\/\/www.altercampagne.net\/index.php?rest_route=\/wp\/v2\/users\/204"}],"replies":[{"embeddable":true,"href":"https:\/\/www.altercampagne.net\/index.php?rest_route=%2Fwp%2Fv2%2Fcomments&post=14584"}],"version-history":[{"count":0,"href":"https:\/\/www.altercampagne.net\/index.php?rest_route=\/wp\/v2\/posts\/14584\/revisions"}],"wp:featuredmedia":[{"embeddable":true,"href":"https:\/\/www.altercampagne.net\/index.php?rest_route=\/wp\/v2\/media\/14585"}],"wp:attachment":[{"href":"https:\/\/www.altercampagne.net\/index.php?rest_route=%2Fwp%2Fv2%2Fmedia&parent=14584"}],"wp:term":[{"taxonomy":"category","embeddable":true,"href":"https:\/\/www.altercampagne.net\/index.php?rest_route=%2Fwp%2Fv2%2Fcategories&post=14584"},{"taxonomy":"post_tag","embeddable":true,"href":"https:\/\/www.altercampagne.net\/index.php?rest_route=%2Fwp%2Fv2%2Ftags&post=14584"}],"curies":[{"name":"wp","href":"https:\/\/api.w.org\/{rel}","templated":true}]}}